{"id":10040,"date":"2016-03-28T03:11:11","date_gmt":"2016-03-28T03:11:11","guid":{"rendered":"http:\/\/www.grieta.org.mx\/?p=10040"},"modified":"2016-04-10T03:14:22","modified_gmt":"2016-04-10T03:14:22","slug":"la-amenaza-en-coapa","status":"publish","type":"post","link":"https:\/\/www.grieta.org.mx\/index.php\/2016\/03\/28\/la-amenaza-en-coapa\/","title":{"rendered":"La amenaza en Coapa"},"content":{"rendered":"<p>Reporte Indigo<\/p>\n<p><img decoding=\"async\" data-attachment-id=\"10041\" data-permalink=\"https:\/\/www.grieta.org.mx\/index.php\/2016\/03\/28\/la-amenaza-en-coapa\/coapa_df-1\/\" data-orig-file=\"https:\/\/www.grieta.org.mx\/wp-content\/uploads\/2016\/04\/coapa_df-1.jpg\" data-orig-size=\"920,610\" data-comments-opened=\"0\" data-image-meta=\"{&quot;aperture&quot;:&quot;0&quot;,&quot;credit&quot;:&quot;&quot;,&quot;camera&quot;:&quot;&quot;,&quot;caption&quot;:&quot;&quot;,&quot;created_timestamp&quot;:&quot;0&quot;,&quot;copyright&quot;:&quot;&quot;,&quot;focal_length&quot;:&quot;0&quot;,&quot;iso&quot;:&quot;0&quot;,&quot;shutter_speed&quot;:&quot;0&quot;,&quot;title&quot;:&quot;&quot;,&quot;orientation&quot;:&quot;0&quot;}\" data-image-title=\"coapa_df-1\" data-image-description=\"\" data-image-caption=\"\" data-medium-file=\"https:\/\/www.grieta.org.mx\/wp-content\/uploads\/2016\/04\/coapa_df-1-300x199.jpg\" data-large-file=\"https:\/\/www.grieta.org.mx\/wp-content\/uploads\/2016\/04\/coapa_df-1.jpg\" src=\"http:\/\/www.grieta.org.mx\/wp-content\/uploads\/2016\/04\/coapa_df-1.jpg\" alt=\"coapa_df-1\" width=\"100%\" class=\"alignnone size-full wp-image-10041\" srcset=\"https:\/\/www.grieta.org.mx\/wp-content\/uploads\/2016\/04\/coapa_df-1.jpg 920w, https:\/\/www.grieta.org.mx\/wp-content\/uploads\/2016\/04\/coapa_df-1-300x199.jpg 300w, https:\/\/www.grieta.org.mx\/wp-content\/uploads\/2016\/04\/coapa_df-1-768x509.jpg 768w\" sizes=\"(max-width: 920px) 100vw, 920px\" \/><\/p>\n<p>Vecinos de la zona piden a las autoridades de Tlalpan realizar una consulta ciudadana ante la construcci\u00f3n de un complejo comercial, que consideran podr\u00eda colapsar la vialidad<br \/>\nPor Icela Lagunas<\/p>\n<p>Vecinos pedir\u00e1n al Instituto Electoral del Distrito Federal realizar una consulta ciudadana, similar a la que se aplic\u00f3 sobre el Corredor Chapultepec<\/p>\n<p>La alerta vecinal comenz\u00f3 desde que los trabajadores de Grupo Gigante Inmobiliario comenzaron a instalar vallas met\u00e1licas para rodear el terreno<\/p>\n<p>Los vecinos de Coapa advierten que la construcci\u00f3n de un centro comercial, que ya est\u00e1 en proceso, colapsar\u00eda la zona, en la que ya desde ahora es un problema transitar en transporte p\u00fablico o veh\u00edculo particular.<\/p>\n<p>Aunque la propia empresa Grupo Gigante Inmobiliario reconoce que Acoxpa y Miramontes es un crucero de intenso tr\u00e1fico y paso obligado de los habitantes de Tlalpan y Xochimilco, ah\u00ed proyecta construir Gran Terraza Coapa, un complejo de cines, gimnasio, dos tiendas anclas y 2 mil cajones de estacionamiento.<\/p>\n<p>Grupo Gigante Inmobiliario ya la anuncia como su pr\u00f3ximo desarrollo en el predio de avenida Acoxpa n\u00famero 610 \u201cinmerso en una densa zona\u2026 el alcance del dise\u00f1o pretende instalar dos tiendas anclas, espacio para cines, \u00e1reas de fast food, gimnasio y otros\u201d en 62 mil 529 metros cuadrados de terreno, refiere la empresa en su p\u00e1gina de Internet.<\/p>\n<p>Como parte de la promoci\u00f3n que ya arranc\u00f3 para comercializar los espacios comerciales de la plaza, refiere que Gran Terraza Coapa se ubicar\u00e1 a un kil\u00f3metro de Perif\u00e9rico Sur, a 2.5 kil\u00f3metros del Estadio Azteca y a tres kil\u00f3metros de la zona tur\u00edstica de Xochimilco.<\/p>\n<p>Junto con Grupo Gigante llegar\u00e1n a la zona algunos de sus socios comerciales como Soriana, Chedraui, Liverpool, Grupo Inditex, The Home Depot, Cinemex, Cin\u00e9polis, Office Depot, The Home Store, CPK, PG Chang\u2019s, Toks, McDonalds, Starbucks, Cielito Lindo Caf\u00e9, Banamex, Banorte, HSBC, IXE, Radio Shack, entre otros.<\/p>\n<p>El abasto de agua<\/p>\n<p>La Uni\u00f3n de Vecinos Coapenses pretende frenar a tiempo el arranque de la megaobra, pues temen el colapso no s\u00f3lo de tr\u00e1nsito sino tambi\u00e9n de abasto de agua.<\/p>\n<p>Los vecinos se\u00f1alan que Grupo Gigante Inmobiliario es uno de los desarrolladores que promueven los usos mixtos para levantar torres de vivienda que incluyen centros comerciales en la planta baja, como el que est\u00e1 a punto de inaugurarse en la delegaci\u00f3n Miguel Hidalgo, donde se levanta el complejo Miyana.<\/p>\n<p>En ese desarrollo triple AAA, como lo cataloga la misma empresa, se inici\u00f3 la construcci\u00f3n de 5 torres de departamentos con un centro comercial, situado en avenida Ej\u00e9rcito Nacional, y se planea combinar diversos usos mixtos de vivienda, oficina, comercio, entretenimiento y estacionamiento que funcionar\u00e1 a un costado de plaza Antara de Polanco.<\/p>\n<p>Al no conocer a detalle la dimensi\u00f3n de la obra, los vecinos ya comenzaron a movilizarse p\u00fablicamente para exigir a las autoridades de los diferentes niveles de gobierno frenar la construcci\u00f3n.<\/p>\n<p>A la fecha nadie les ha dicho qui\u00e9n expidi\u00f3 los supuestos permisos que dicen tener para la construcci\u00f3n de Gran Terraza Coapa, por eso solicitan a la jefatura delegacional de Tlalpan, que encabeza Claudia Sheinbaum, y al Gobierno de la Ciudad de M\u00e9xico, la realizaci\u00f3n de una consulta vecinal para someter a votaci\u00f3n si los habitantes de la zona quieren o no otro centro comercial en la zona.<\/p>\n<p>La alerta vecinal comenz\u00f3 a partir de que trabajadores de Grupo Gigante Inmobiliario comenzaron la instalaci\u00f3n de diversas vallas met\u00e1licas para rodear el terreno donde funcionaba el Soriana, para comenzar la demolici\u00f3n del mismo y arrancar lo que ser\u00e1 Gran Terraza Coapa.<\/p>\n<p>La movilizaci\u00f3n<\/p>\n<p>El pr\u00f3ximo mi\u00e9rcoles la Uni\u00f3n de Vecinos Coapenses, que se integra por representantes de 17 colonias de la zona, acordaron reunirse con autoridades de la delegaci\u00f3n Tlalpan a fin de conocer qu\u00e9 documentaci\u00f3n mantienen de ese terreno los responsables de las \u00e1reas de Jur\u00eddicos y Obras.<\/p>\n<p>De manera simult\u00e1nea avanzar\u00e1n con la petici\u00f3n ante las autoridades del Instituto Electoral del Distrito Federal (IEDF) para la realizaci\u00f3n de una consulta ciudadana.<\/p>\n<p>Se apoyan en el reciente antecedente de lo que ocurri\u00f3 con la obra del Corredor Cultural Chapultepec (CCC), que se pretend\u00eda construir en este sexenio en la avenida Chapultepec de la colonia Ju\u00e1rez.<\/p>\n<p>Los vecinos de Coapa mantienen comunicaci\u00f3n con representantes vecinales de la Roma, Condesa y Ju\u00e1rez que sacaron adelante la consulta ciudadana que termin\u00f3 por derribar el pol\u00e9mico Corredor Chapultepec.<\/p>\n<p>Cabe recordar que algunos vecinos de la Ciudad de M\u00e9xico mantienen una campa\u00f1a permanente a partir de la cual rechazan las mega construcciones con la leyenda \u201cNo a los c\u00e1rteles inmobiliarios\u201d.<\/p>\n<p>As\u00ed por ejemplo, se mantiene abierto un frente vecinal en contra de la realizaci\u00f3n de diversas obras o proyectos. <\/p>\n<p>En la delegaci\u00f3n Iztacalco existe actualmente una fuerte oposici\u00f3n contra la apertura de una tienda Chedraui en la colonia Agr\u00edcola Oriental, que colapsar\u00eda las venta de un mercado tradicional en la zona.<\/p>\n<p>Otro de los frentes vecinales es contra la denominada \u201cCiudad Verde\u201d, el Programa Ecotur\u00edstico para los Pueblos Originarios de Xochimilco, Magdalena Contreras y Tlalpan que se planea detonar en las delegaciones Xochimilco, Magdalena Contreras y Tlalpan.<\/p>\n<p>El programa incluye seis proyectos detonadores de turismo en dichas delegaciones que se aterrizar\u00eda a trav\u00e9s de las secretar\u00edas de turismo local y federal y la Secretar\u00eda de Desarrollo Rural y Equidad para las Comunidades (Sederec).<\/p>\n<p>En la mayor\u00eda de los casos la reacci\u00f3n y molestia vecinal se debe a que ni el Gobierno de la Ciudad de M\u00e9xico ni los delegacionales consultan primero a la poblaci\u00f3n impactada con las obras o proyectos.<\/p>\n<p><a href=\"http:\/\/www.reporteindigo.com\/reporte\/df\/la-amenaza-en-coapa\" target=\"_blank\">http:\/\/www.reporteindigo.com\/reporte\/df\/la-amenaza-en-coapa<\/a><\/p>\n","protected":false},"excerpt":{"rendered":"<p>Reporte Indigo Vecinos de la zona piden a las autoridades de Tlalpan realizar una consulta ciudadana ante la construcci\u00f3n de un complejo comercial, que consideran podr\u00eda colapsar la vialidad Por &hellip; <a href=\"https:\/\/www.grieta.org.mx\/index.php\/2016\/03\/28\/la-amenaza-en-coapa\/\" class=\"more-link\">Leer m\u00e1s<\/a><\/p>\n","protected":false},"author":2,"featured_media":21928,"comment_status":"closed","ping_status":"closed","sticky":false,"template":"","format":"standard","meta":{"ngg_post_thumbnail":0,"_jetpack_newsletter_access":"","_jetpack_dont_email_post_to_subs":false,"_jetpack_newsletter_tier_id":0,"_jetpack_memberships_contains_paywalled_content":false,"_jetpack_memberships_contains_paid_content":false,"footnotes":""},"categories":[80],"tags":[395,582],"class_list":["post-10040","post","type-post","status-publish","format-standard","has-post-thumbnail","hentry","category-cintillo","tag-centros-comerciales","tag-tlalpan","entry"],"jetpack_featured_media_url":"https:\/\/www.grieta.org.mx\/wp-content\/uploads\/2018\/03\/14524434_1106112876131411_958039263622046936_o.jpg","jetpack_sharing_enabled":true,"jetpack_shortlink":"https:\/\/wp.me\/p7ZJR4-2BW","jetpack_likes_enabled":false,"jetpack-related-posts":[{"id":9630,"url":"https:\/\/www.grieta.org.mx\/index.php\/2016\/08\/11\/oposicion-a-la-construccion-de-centros-comerciales-en-la-ciudad-de-mexico\/","url_meta":{"origin":10040,"position":0},"title":"Oposici\u00f3n a la construcci\u00f3n de Centros Comerciales en la Ciudad de M\u00e9xico","author":"grieta","date":"11 agosto, 2016","format":false,"excerpt":"11\/08\/16. Dudan vecinos que la demolici\u00f3n del Estadio Azul sea ben\u00e9fica (CDMX) El big data 03\/08\/16. Proyecto comercial Cetram Chapultepec traer\u00e1 afectaciones sociales y ambientales Desinform\u00e9monos 30\/06\/16. Rechazan apertura de Chedraui (CDMX) El Universal 21\/04\/16. Locatarios bloquean la circulaci\u00f3n de Rojo G\u00f3mez El Universal 28\/03\/16. La amenaza en Coapa Reporte\u2026","rel":"","context":"En &quot;Ciudad de M\u00e9xico&quot;","block_context":{"text":"Ciudad de M\u00e9xico","link":"https:\/\/www.grieta.org.mx\/index.php\/category\/noticias-nacionales\/ciudad-de-mexico\/"},"img":{"alt_text":"","src":"https:\/\/i0.wp.com\/www.grieta.org.mx\/wp-content\/uploads\/2018\/03\/14524434_1106112876131411_958039263622046936_o.jpg?resize=350%2C200&ssl=1","width":350,"height":200,"srcset":"https:\/\/i0.wp.com\/www.grieta.org.mx\/wp-content\/uploads\/2018\/03\/14524434_1106112876131411_958039263622046936_o.jpg?resize=350%2C200&ssl=1 1x, https:\/\/i0.wp.com\/www.grieta.org.mx\/wp-content\/uploads\/2018\/03\/14524434_1106112876131411_958039263622046936_o.jpg?resize=525%2C300&ssl=1 1.5x, https:\/\/i0.wp.com\/www.grieta.org.mx\/wp-content\/uploads\/2018\/03\/14524434_1106112876131411_958039263622046936_o.jpg?resize=700%2C400&ssl=1 2x"},"classes":[]},{"id":9680,"url":"https:\/\/www.grieta.org.mx\/index.php\/2015\/11\/19\/construccion-de-patio-tlalpan-no-tiene-permisos-denuncian-vecinos-de-santa-ursula\/","url_meta":{"origin":10040,"position":1},"title":"Construcci\u00f3n de Patio Tlalpan no tiene permisos, denuncian vecinos de Santa \u00darsula","author":"grieta","date":"19 noviembre, 2015","format":false,"excerpt":"Diario de M\u00e9xico Maricela Paz Vecinos de San \u00darsula Xitla, de\u00a0la delegaci\u00f3n Tlalpan, que se han opuesto a la construcci\u00f3n del centro comercial Patio Tlalpan aseguraron que el proyecto no cuenta con la opini\u00f3n t\u00e9cnica de la Secretar\u00eda de Movilidad (Semovi), lo cual es grave debido a que la zona\u2026","rel":"","context":"En &quot;CINTILLO&quot;","block_context":{"text":"CINTILLO","link":"https:\/\/www.grieta.org.mx\/index.php\/category\/cintillo\/"},"img":{"alt_text":"","src":"https:\/\/i0.wp.com\/www.grieta.org.mx\/wp-content\/uploads\/2018\/03\/14524434_1106112876131411_958039263622046936_o.jpg?resize=350%2C200&ssl=1","width":350,"height":200,"srcset":"https:\/\/i0.wp.com\/www.grieta.org.mx\/wp-content\/uploads\/2018\/03\/14524434_1106112876131411_958039263622046936_o.jpg?resize=350%2C200&ssl=1 1x, https:\/\/i0.wp.com\/www.grieta.org.mx\/wp-content\/uploads\/2018\/03\/14524434_1106112876131411_958039263622046936_o.jpg?resize=525%2C300&ssl=1 1.5x, https:\/\/i0.wp.com\/www.grieta.org.mx\/wp-content\/uploads\/2018\/03\/14524434_1106112876131411_958039263622046936_o.jpg?resize=700%2C400&ssl=1 2x"},"classes":[]},{"id":9677,"url":"https:\/\/www.grieta.org.mx\/index.php\/2015\/11\/19\/vecinos-de-santa-ursula-xitla-demandan-al-gdf-detener-obras-de-centro-comercial\/","url_meta":{"origin":10040,"position":2},"title":"Vecinos de Santa \u00darsula Xitla demandan al GDF detener obras de centro comercial","author":"grieta","date":"19 noviembre, 2015","format":false,"excerpt":"SDPnoticias Patio Fuentes de Tlalpan contar\u00e1 con\u00a0una tienda de autoservicio, un complejo de salas de cine, cientos de locales comerciales y mil 800 lugares de estacionamiento que amenazan con colapsar la zona. M\u00e9xico.- Habitantes de la colonia Santa \u00darsula Xitla, en el sur de la Ciudad de M\u00e9xico, demandaron a\u2026","rel":"","context":"En &quot;CINTILLO&quot;","block_context":{"text":"CINTILLO","link":"https:\/\/www.grieta.org.mx\/index.php\/category\/cintillo\/"},"img":{"alt_text":"","src":"https:\/\/i0.wp.com\/www.grieta.org.mx\/wp-content\/uploads\/2018\/03\/14524434_1106112876131411_958039263622046936_o.jpg?resize=350%2C200&ssl=1","width":350,"height":200,"srcset":"https:\/\/i0.wp.com\/www.grieta.org.mx\/wp-content\/uploads\/2018\/03\/14524434_1106112876131411_958039263622046936_o.jpg?resize=350%2C200&ssl=1 1x, https:\/\/i0.wp.com\/www.grieta.org.mx\/wp-content\/uploads\/2018\/03\/14524434_1106112876131411_958039263622046936_o.jpg?resize=525%2C300&ssl=1 1.5x, https:\/\/i0.wp.com\/www.grieta.org.mx\/wp-content\/uploads\/2018\/03\/14524434_1106112876131411_958039263622046936_o.jpg?resize=700%2C400&ssl=1 2x"},"classes":[]},{"id":63278,"url":"https:\/\/www.grieta.org.mx\/index.php\/2022\/01\/22\/el-proyecto-estadio-azteca-significa-gentrificacion-para-los-vecinos-ciudad-de-mexico\/","url_meta":{"origin":10040,"position":3},"title":"El Proyecto Estadio Azteca significa gentrificaci\u00f3n para los vecinos (Ciudad de M\u00e9xico)","author":"grieta","date":"22 enero, 2022","format":false,"excerpt":"Texto: Arturo Contreras Camero \/ Pie de P\u00e1gina Imagen: Proyecto Estadio Azteca Bajo el pretexto de mejorar el Estadio Azteca para el mundial de 2026, Grupo Televisa quiere construir una plaza comercial con hotel que se conecte al Coloso de Santa \u00darsula. El gobierno de la Ciudad de M\u00e9xico pide\u2026","rel":"","context":"En &quot;CINTILLO&quot;","block_context":{"text":"CINTILLO","link":"https:\/\/www.grieta.org.mx\/index.php\/category\/cintillo\/"},"img":{"alt_text":"","src":"https:\/\/i0.wp.com\/www.grieta.org.mx\/wp-content\/uploads\/2022\/02\/El-Proyecto-Estadio-Azteca-significa-gentrificacion-para-los-vecinos-cdmx-feb.jpg?resize=350%2C200&ssl=1","width":350,"height":200,"srcset":"https:\/\/i0.wp.com\/www.grieta.org.mx\/wp-content\/uploads\/2022\/02\/El-Proyecto-Estadio-Azteca-significa-gentrificacion-para-los-vecinos-cdmx-feb.jpg?resize=350%2C200&ssl=1 1x, https:\/\/i0.wp.com\/www.grieta.org.mx\/wp-content\/uploads\/2022\/02\/El-Proyecto-Estadio-Azteca-significa-gentrificacion-para-los-vecinos-cdmx-feb.jpg?resize=525%2C300&ssl=1 1.5x, https:\/\/i0.wp.com\/www.grieta.org.mx\/wp-content\/uploads\/2022\/02\/El-Proyecto-Estadio-Azteca-significa-gentrificacion-para-los-vecinos-cdmx-feb.jpg?resize=700%2C400&ssl=1 2x"},"classes":[]},{"id":19305,"url":"https:\/\/www.grieta.org.mx\/index.php\/2016\/08\/11\/dudan-vecinos-que-la-demolicion-del-estadio-azul-sea-benefica-cdmx\/","url_meta":{"origin":10040,"position":4},"title":"Dudan vecinos que la demolici\u00f3n del Estadio Azul sea ben\u00e9fica (CDMX)","author":"grieta","date":"11 agosto, 2016","format":false,"excerpt":"Eduardo Su\u00e1rez Manifiestan habitantes de la zona estar en contra de una nueva plaza comercial, piden consulta popular Despu\u00e9s de que el grupo empresarial Cos\u00edo Family anunci\u00f3 la demolici\u00f3n del Estadio Azul en 2018 para construir un centro comercial y un hotel, vecinos de la Benito Ju\u00e1rez externaron opiniones encontradas.\u2026","rel":"","context":"En &quot;cdmx&quot;","block_context":{"text":"cdmx","link":"https:\/\/www.grieta.org.mx\/index.php\/category\/cdmx\/"},"img":{"alt_text":"","src":"https:\/\/i0.wp.com\/www.grieta.org.mx\/wp-content\/uploads\/2018\/03\/14524434_1106112876131411_958039263622046936_o.jpg?resize=350%2C200&ssl=1","width":350,"height":200,"srcset":"https:\/\/i0.wp.com\/www.grieta.org.mx\/wp-content\/uploads\/2018\/03\/14524434_1106112876131411_958039263622046936_o.jpg?resize=350%2C200&ssl=1 1x, https:\/\/i0.wp.com\/www.grieta.org.mx\/wp-content\/uploads\/2018\/03\/14524434_1106112876131411_958039263622046936_o.jpg?resize=525%2C300&ssl=1 1.5x, https:\/\/i0.wp.com\/www.grieta.org.mx\/wp-content\/uploads\/2018\/03\/14524434_1106112876131411_958039263622046936_o.jpg?resize=700%2C400&ssl=1 2x"},"classes":[]},{"id":9685,"url":"https:\/\/www.grieta.org.mx\/index.php\/2015\/03\/20\/sin-licencia-correspondiente-inicio-construccion-de-plaza-patio-tlalpan\/","url_meta":{"origin":10040,"position":5},"title":"Sin licencia correspondiente, inici\u00f3 construcci\u00f3n de plaza Patio Tlalpan","author":"grieta","date":"20 marzo, 2015","format":false,"excerpt":"La Jornada Por Agust\u00edn Salgado M\u00e9xico, DF. Iniciar la construcci\u00f3n de desarrollos comerciales sin contar con la autorizaci\u00f3n en materia ambiental no es cosa nueva en el Distrito Federal: la edificaci\u00f3n de Patio Tlalpan, centro comercial que tendr\u00e1 un Walmart como una de sus tiendas anclas, fue objeto, en abril\u2026","rel":"","context":"En &quot;CINTILLO&quot;","block_context":{"text":"CINTILLO","link":"https:\/\/www.grieta.org.mx\/index.php\/category\/cintillo\/"},"img":{"alt_text":"","src":"https:\/\/i0.wp.com\/www.grieta.org.mx\/wp-content\/uploads\/2018\/03\/14524434_1106112876131411_958039263622046936_o.jpg?resize=350%2C200&ssl=1","width":350,"height":200,"srcset":"https:\/\/i0.wp.com\/www.grieta.org.mx\/wp-content\/uploads\/2018\/03\/14524434_1106112876131411_958039263622046936_o.jpg?resize=350%2C200&ssl=1 1x, https:\/\/i0.wp.com\/www.grieta.org.mx\/wp-content\/uploads\/2018\/03\/14524434_1106112876131411_958039263622046936_o.jpg?resize=525%2C300&ssl=1 1.5x, https:\/\/i0.wp.com\/www.grieta.org.mx\/wp-content\/uploads\/2018\/03\/14524434_1106112876131411_958039263622046936_o.jpg?resize=700%2C400&ssl=1 2x"},"classes":[]}],"_links":{"self":[{"href":"https:\/\/www.grieta.org.mx\/index.php\/wp-json\/wp\/v2\/posts\/10040","targetHints":{"allow":["GET"]}}],"collection":[{"href":"https:\/\/www.grieta.org.mx\/index.php\/wp-json\/wp\/v2\/posts"}],"about":[{"href":"https:\/\/www.grieta.org.mx\/index.php\/wp-json\/wp\/v2\/types\/post"}],"author":[{"embeddable":true,"href":"https:\/\/www.grieta.org.mx\/index.php\/wp-json\/wp\/v2\/users\/2"}],"replies":[{"embeddable":true,"href":"https:\/\/www.grieta.org.mx\/index.php\/wp-json\/wp\/v2\/comments?post=10040"}],"version-history":[{"count":1,"href":"https:\/\/www.grieta.org.mx\/index.php\/wp-json\/wp\/v2\/posts\/10040\/revisions"}],"predecessor-version":[{"id":10042,"href":"https:\/\/www.grieta.org.mx\/index.php\/wp-json\/wp\/v2\/posts\/10040\/revisions\/10042"}],"wp:featuredmedia":[{"embeddable":true,"href":"https:\/\/www.grieta.org.mx\/index.php\/wp-json\/wp\/v2\/media\/21928"}],"wp:attachment":[{"href":"https:\/\/www.grieta.org.mx\/index.php\/wp-json\/wp\/v2\/media?parent=10040"}],"wp:term":[{"taxonomy":"category","embeddable":true,"href":"https:\/\/www.grieta.org.mx\/index.php\/wp-json\/wp\/v2\/categories?post=10040"},{"taxonomy":"post_tag","embeddable":true,"href":"https:\/\/www.grieta.org.mx\/index.php\/wp-json\/wp\/v2\/tags?post=10040"}],"curies":[{"name":"wp","href":"https:\/\/api.w.org\/{rel}","templated":true}]}}