{"id":10027,"date":"2015-11-13T19:44:57","date_gmt":"2015-11-13T19:44:57","guid":{"rendered":"http:\/\/www.grieta.org.mx\/?p=10027"},"modified":"2016-04-08T19:48:35","modified_gmt":"2016-04-08T19:48:35","slug":"policias-del-df-agreden-manifestacion-pacifica-contra-tren-interurbano","status":"publish","type":"post","link":"https:\/\/www.grieta.org.mx\/index.php\/2015\/11\/13\/policias-del-df-agreden-manifestacion-pacifica-contra-tren-interurbano\/","title":{"rendered":"Polic\u00edas del DF agreden manifestaci\u00f3n pac\u00edfica contra Tren Interurbano"},"content":{"rendered":"<p>M\u00e1sde131<\/p>\n<p>Por Fabi\u00e1n Bonilla L\u00f3pez<\/p>\n<p>13 de noviembre 2015.  Viernes de inicio del Buen Fin y la gente que vive en la zona del poniente, afectados por el Tren interurbano M\u00e9xico-Toluca, dijeron queremos \u201cvivir bien\u201d. Intentaron marchar rumbo a Los Pinos para entregar una carta al presidente y frenar el proyecto, pero los cientos de polic\u00edas les agredieron.<\/p>\n<p>Ya exist\u00eda el rumor en redes sociales y medios que habr\u00eda un corte masivo a la circulaci\u00f3n en v\u00edas importantes como Constituyentes y Vasco de Quiroga. Sin embargo, d\u00edas previos a la marcha, la Secretar\u00eda de Gobierno de la Ciudad de M\u00e9xico anunci\u00f3 que no habr\u00eda afectaciones ante esos rumores, por lo que implementar\u00edan un enorme dispositivo polic\u00edaco integrado por un cuerpo de granaderos y la polic\u00eda preventiva.<\/p>\n<p>Y as\u00ed fue.<\/p>\n<p>La situaci\u00f3n deriv\u00f3 en que los convocantes de la zona cercana a Observatorio, reunidos esta ma\u00f1ana en un parque situado sobre la avenida de Las Torres, se vieran superados por la cantidad de polic\u00eda que ocupaba toda la banqueta.<\/p>\n<p><img decoding=\"async\" data-attachment-id=\"10028\" data-permalink=\"https:\/\/www.grieta.org.mx\/index.php\/2015\/11\/13\/policias-del-df-agreden-manifestacion-pacifica-contra-tren-interurbano\/tren-interurbano-3-150x150\/\" data-orig-file=\"https:\/\/www.grieta.org.mx\/wp-content\/uploads\/2016\/04\/TREN-INTERURBANO-3-150x150.jpg\" data-orig-size=\"150,150\" data-comments-opened=\"0\" data-image-meta=\"{&quot;aperture&quot;:&quot;0&quot;,&quot;credit&quot;:&quot;&quot;,&quot;camera&quot;:&quot;&quot;,&quot;caption&quot;:&quot;&quot;,&quot;created_timestamp&quot;:&quot;0&quot;,&quot;copyright&quot;:&quot;&quot;,&quot;focal_length&quot;:&quot;0&quot;,&quot;iso&quot;:&quot;0&quot;,&quot;shutter_speed&quot;:&quot;0&quot;,&quot;title&quot;:&quot;&quot;,&quot;orientation&quot;:&quot;0&quot;}\" data-image-title=\"TREN-INTERURBANO-3-150&amp;#215;150\" data-image-description=\"\" data-image-caption=\"\" data-medium-file=\"https:\/\/www.grieta.org.mx\/wp-content\/uploads\/2016\/04\/TREN-INTERURBANO-3-150x150.jpg\" data-large-file=\"https:\/\/www.grieta.org.mx\/wp-content\/uploads\/2016\/04\/TREN-INTERURBANO-3-150x150.jpg\" src=\"http:\/\/www.grieta.org.mx\/wp-content\/uploads\/2016\/04\/TREN-INTERURBANO-3-150x150.jpg\" alt=\"TREN-INTERURBANO-3-150x150\" width=\"100%\" class=\"alignnone size-full wp-image-10028\" \/><\/p>\n<p><img decoding=\"async\" data-attachment-id=\"10029\" data-permalink=\"https:\/\/www.grieta.org.mx\/index.php\/2015\/11\/13\/policias-del-df-agreden-manifestacion-pacifica-contra-tren-interurbano\/tren-interurbano-2-150x150\/\" data-orig-file=\"https:\/\/www.grieta.org.mx\/wp-content\/uploads\/2016\/04\/TREN-INTERURBANO-2-150x150.jpg\" data-orig-size=\"150,150\" data-comments-opened=\"0\" data-image-meta=\"{&quot;aperture&quot;:&quot;0&quot;,&quot;credit&quot;:&quot;&quot;,&quot;camera&quot;:&quot;&quot;,&quot;caption&quot;:&quot;&quot;,&quot;created_timestamp&quot;:&quot;0&quot;,&quot;copyright&quot;:&quot;&quot;,&quot;focal_length&quot;:&quot;0&quot;,&quot;iso&quot;:&quot;0&quot;,&quot;shutter_speed&quot;:&quot;0&quot;,&quot;title&quot;:&quot;&quot;,&quot;orientation&quot;:&quot;0&quot;}\" data-image-title=\"TREN-INTERURBANO-2-150&amp;#215;150\" data-image-description=\"\" data-image-caption=\"\" data-medium-file=\"https:\/\/www.grieta.org.mx\/wp-content\/uploads\/2016\/04\/TREN-INTERURBANO-2-150x150.jpg\" data-large-file=\"https:\/\/www.grieta.org.mx\/wp-content\/uploads\/2016\/04\/TREN-INTERURBANO-2-150x150.jpg\" src=\"http:\/\/www.grieta.org.mx\/wp-content\/uploads\/2016\/04\/TREN-INTERURBANO-2-150x150.jpg\" alt=\"TREN-INTERURBANO-2-150x150\" width=\"100%\" class=\"alignnone size-large wp-image-10029\" \/><\/p>\n<p>Foto: Cortes\u00eda Vecinos Poniente<\/p>\n<p>Los vecinos valoraron continuar con la acci\u00f3n que ten\u00eda como objetivo marchar pac\u00edficamente a Los Pinos para entregar un pliego petitorio dirigido al Gobierno Federal, donde exponen la demanda y las razones por las que se oponen al paso del Tren Interurbano por la zona referida.<\/p>\n<p>Desde antes, los vecinos definieron que la marcha iniciar\u00eda en punto de las 7:00 am, sin embargo, la polic\u00eda del Distrito Federal se interpuso y acordon\u00f3 a los manifestantes, lo cual deriv\u00f3 en empujones y en un uso excesivo de la fuerza por parte de los granaderos.<\/p>\n<p>Lo que en un momento pensaron como una marcha pac\u00edfica, se convirti\u00f3 en una confrontaci\u00f3n desigual.<\/p>\n<p>El ciudadano Roberto Vite exig\u00eda el respeto a la libre manifestaci\u00f3n cuando fue encapsulado y metido a un veh\u00edculo de la polic\u00eda. En ese momento la gente respondi\u00f3 tratando de impedir su salida, sin embargo la fuerza polic\u00edaca fue m\u00e1s contundente. Los granaderos, bajo la \u00f3rdenes del jefe del operativo, \u00c1lvaro S\u00e1nchez Vald\u00e9z, arremetieron en varias ocasiones contra los vecinos, algunos de los cuales a\u00fan no identificados, trataron de evitar la provocaci\u00f3n y lanzaron las pocas piedras que recogieron de la banqueta.<br \/>\nMomento de la agresi\u00f3n a un vecino por parte de varios polic\u00edas. Foto: Cortes\u00eda Vecinos Poniente<\/p>\n<p>Momento de la agresi\u00f3n a un vecino por parte de varios polic\u00edas. Foto: Cortes\u00eda Vecinos Poniente<\/p>\n<p>La violencia hacia los vecinos se expres\u00f3 desde la polic\u00eda, quienes usaron los escudos como armas, dieron patadas y golpes, y lanzaron piedras tanto a hombres como a mujeres; incluso derribaron a un vecino desde una barda de m\u00e1s de 4 metros.<\/p>\n<p>Hasta la publicaci\u00f3n de esta nota, se reporta la detenci\u00f3n de por lo menos tres vecinos y una cifra inexacta de personas golpeadas. Replegados y a\u00fan indignados por la violencia, los vecinos aguardan noticias de las personas detenidas.<\/p>\n<p>El Tren Interurbano M\u00e9xico-Toluca, a cargo del Gobierno Federal, es un megaproyecto vinculado a la construcci\u00f3n de un viaducto elevado, de Perif\u00e9rico a Santa Fe, y la ampliaci\u00f3n de las l\u00edneas 9 y 12 del metro, \u00e9stas \u00faltimas obras son responsabilidad del Gobierno de la Ciudad de M\u00e9xico. Por lo tanto se convierte en una obra que tendr\u00e1 un enorme impacto en la zona de Observatorio, pues ah\u00ed llegar\u00eda el Tren y la ampliaci\u00f3n del metro, as\u00ed como la construcci\u00f3n de una plaza comercial, lo cual demanda espacio y \u00e9sta es una zona altamente poblada.<\/p>\n<p>\u201cComo vecinos nos oponemos porque la afectaci\u00f3n ser\u00e1 antes, durante y despu\u00e9s de la construcci\u00f3n de este Megaproyecto. Las afectaciones son de distinta \u00edndole que va del desalojo de viviendas, la contaminaci\u00f3n auditiva,  la afectaci\u00f3n de vaso regulador de la Presa Tacubaya y la destrucci\u00f3n de cientos de \u00e1rboles en la zona de la barranca\u201d.<\/p>\n<p><a href=\"http:\/\/www.masde131.com\/2015\/11\/policias-del-df-agreden-manifestacion-pacifica-contra-tren-interurbano\/\" target=\"_blank\">http:\/\/www.masde131.com\/2015\/11\/policias-del-df-agreden-manifestacion-pacifica-contra-tren-interurbano\/<\/a><\/p>\n","protected":false},"excerpt":{"rendered":"<p>M\u00e1sde131 Por Fabi\u00e1n Bonilla L\u00f3pez 13 de noviembre 2015. Viernes de inicio del Buen Fin y la gente que vive en la zona del poniente, afectados por el Tren interurbano &hellip; <a href=\"https:\/\/www.grieta.org.mx\/index.php\/2015\/11\/13\/policias-del-df-agreden-manifestacion-pacifica-contra-tren-interurbano\/\" class=\"more-link\">Leer m\u00e1s<\/a><\/p>\n","protected":false},"author":2,"featured_media":21928,"comment_status":"closed","ping_status":"closed","sticky":false,"template":"","format":"standard","meta":{"ngg_post_thumbnail":0,"_jetpack_newsletter_access":"","_jetpack_dont_email_post_to_subs":false,"_jetpack_newsletter_tier_id":0,"_jetpack_memberships_contains_paywalled_content":false,"_jetpack_memberships_contains_paid_content":false,"footnotes":""},"categories":[80],"tags":[597,184,130,588],"class_list":["post-10027","post","type-post","status-publish","format-standard","has-post-thumbnail","hentry","category-cintillo","tag-alvaro-obregon","tag-despojo","tag-represion","tag-tren-interurbano","entry"],"jetpack_featured_media_url":"https:\/\/www.grieta.org.mx\/wp-content\/uploads\/2018\/03\/14524434_1106112876131411_958039263622046936_o.jpg","jetpack_sharing_enabled":true,"jetpack_shortlink":"https:\/\/wp.me\/p7ZJR4-2BJ","jetpack_likes_enabled":false,"jetpack-related-posts":[{"id":9741,"url":"https:\/\/www.grieta.org.mx\/index.php\/2016\/04\/26\/oposicion-a-ampliacion-de-linea-12-del-metro\/","url_meta":{"origin":10027,"position":0},"title":"Organizaci\u00f3n contra megaproyectos en el Poniente de la Ciudad de M\u00e9xico","author":"grieta","date":"26 abril, 2016","format":false,"excerpt":"25\/04\/16. Comuneros en Cuajimalpa son golpeados por oponerse a Tren InterurbanoSomos el medio 25\/04\/16. Golpeadores revientan protesta de comuneros por la construcci\u00f3n del tren interurbano M\u00e9xico-TolucaLa Jornada 05\/04\/16. Vecinos de poniente denuncian m\u00e1s proyectos en Poniente de CDMX que se suman al tren interurbano Apia Virtual 04\/04\/16. Se oponen vecinos\u2026","rel":"","context":"En &quot;Ciudad de M\u00e9xico&quot;","block_context":{"text":"Ciudad de M\u00e9xico","link":"https:\/\/www.grieta.org.mx\/index.php\/category\/noticias-nacionales\/ciudad-de-mexico\/"},"img":{"alt_text":"","src":"https:\/\/i0.wp.com\/www.grieta.org.mx\/wp-content\/uploads\/2018\/03\/14524434_1106112876131411_958039263622046936_o.jpg?resize=350%2C200&ssl=1","width":350,"height":200,"srcset":"https:\/\/i0.wp.com\/www.grieta.org.mx\/wp-content\/uploads\/2018\/03\/14524434_1106112876131411_958039263622046936_o.jpg?resize=350%2C200&ssl=1 1x, https:\/\/i0.wp.com\/www.grieta.org.mx\/wp-content\/uploads\/2018\/03\/14524434_1106112876131411_958039263622046936_o.jpg?resize=525%2C300&ssl=1 1.5x, https:\/\/i0.wp.com\/www.grieta.org.mx\/wp-content\/uploads\/2018\/03\/14524434_1106112876131411_958039263622046936_o.jpg?resize=700%2C400&ssl=1 2x"},"classes":[]},{"id":10004,"url":"https:\/\/www.grieta.org.mx\/index.php\/2015\/10\/22\/reabren-frente-contra-tren-interurbano-mexico-toluca\/","url_meta":{"origin":10027,"position":1},"title":"Reabren frente contra Tren Interurbano M\u00e9xico-Toluca","author":"grieta","date":"22 octubre, 2015","format":false,"excerpt":"Excelsior Los inconformes se\u00f1alaron que el nuevo trazo por la zona de barrancas afectar\u00e1 decenas de viviendas Francisco Pazos Vecinos han demostrado su descontento con el proyecto del Tren Interurbano M\u00e9xico-Toluca. El debate por la construcci\u00f3n del Tren Interurbano M\u00e9xico-Toluca fue reabierto por vecinos de la zona baja de las\u2026","rel":"","context":"En &quot;CINTILLO&quot;","block_context":{"text":"CINTILLO","link":"https:\/\/www.grieta.org.mx\/index.php\/category\/cintillo\/"},"img":{"alt_text":"","src":"https:\/\/i0.wp.com\/www.grieta.org.mx\/wp-content\/uploads\/2018\/03\/14524434_1106112876131411_958039263622046936_o.jpg?resize=350%2C200&ssl=1","width":350,"height":200,"srcset":"https:\/\/i0.wp.com\/www.grieta.org.mx\/wp-content\/uploads\/2018\/03\/14524434_1106112876131411_958039263622046936_o.jpg?resize=350%2C200&ssl=1 1x, https:\/\/i0.wp.com\/www.grieta.org.mx\/wp-content\/uploads\/2018\/03\/14524434_1106112876131411_958039263622046936_o.jpg?resize=525%2C300&ssl=1 1.5x, https:\/\/i0.wp.com\/www.grieta.org.mx\/wp-content\/uploads\/2018\/03\/14524434_1106112876131411_958039263622046936_o.jpg?resize=700%2C400&ssl=1 2x"},"classes":[]},{"id":20223,"url":"https:\/\/www.grieta.org.mx\/index.php\/2016\/08\/21\/trabajadores-paran-obra-del-tren-interurbano-exigen-pago-de-salarios\/","url_meta":{"origin":10027,"position":2},"title":"Trabajadores paran obra del tren interurbano, exigen pago de salarios","author":"grieta","date":"21 agosto, 2016","format":false,"excerpt":"21\/08\/16. \u201cOHL y DAMO s\u00f3lo se echan la bolita\u201d; trabajadores exigen pago de salariosRevoluci\u00f3n 3.0 21\/08\/16. Desaparecen trabajadores obra de tren, s\u00f3lo maquinaria sin actividadTres PM","rel":"","context":"En &quot;Estado de M\u00e9xico&quot;","block_context":{"text":"Estado de M\u00e9xico","link":"https:\/\/www.grieta.org.mx\/index.php\/category\/noticias-nacionales\/estado-de-mexico\/"},"img":{"alt_text":"","src":"https:\/\/i0.wp.com\/www.grieta.org.mx\/wp-content\/uploads\/2018\/03\/14524434_1106112876131411_958039263622046936_o.jpg?resize=350%2C200&ssl=1","width":350,"height":200,"srcset":"https:\/\/i0.wp.com\/www.grieta.org.mx\/wp-content\/uploads\/2018\/03\/14524434_1106112876131411_958039263622046936_o.jpg?resize=350%2C200&ssl=1 1x, https:\/\/i0.wp.com\/www.grieta.org.mx\/wp-content\/uploads\/2018\/03\/14524434_1106112876131411_958039263622046936_o.jpg?resize=525%2C300&ssl=1 1.5x, https:\/\/i0.wp.com\/www.grieta.org.mx\/wp-content\/uploads\/2018\/03\/14524434_1106112876131411_958039263622046936_o.jpg?resize=700%2C400&ssl=1 2x"},"classes":[]},{"id":71129,"url":"https:\/\/www.grieta.org.mx\/index.php\/2025\/02\/24\/vecinos-de-el-capulin-exigen-dictamenes-de-riesgo-por-obras-del-tren-interurbano-ciudad-de-mexico\/","url_meta":{"origin":10027,"position":3},"title":"Vecinos de El Capul\u00edn exigen dict\u00e1menes de riesgo por obras del Tren Interurbano (Ciudad de M\u00e9xico)","author":"grieta","date":"24 febrero, 2025","format":false,"excerpt":"Denunciaron la omisi\u00f3n de la arquitecta Sandy Mu\u00f1oz, directora ejecutiva del Tren Interurbano \/ Foto Cortes\u00eda: vecinos El Capul\u00edn Aurelio S\u00e1nchez \/ La Prensa Habitantes de la colonia El Capul\u00edn, en la alcald\u00eda \u00c1lvaro Obreg\u00f3n, se manifestaron esta ma\u00f1ana en las oficinas de la Secretar\u00eda de Obras y Servicios de\u2026","rel":"","context":"En &quot;CINTILLO&quot;","block_context":{"text":"CINTILLO","link":"https:\/\/www.grieta.org.mx\/index.php\/category\/cintillo\/"},"img":{"alt_text":"Vecinos Capulin  (1)","src":"https:\/\/i0.wp.com\/oem.com.mx\/la-prensa\/img\/21838752\/1740397353\/BASE_LANDSCAPE\/1200\/Vecinos%20Capulin%20%20%281%29.webp?resize=350%2C200&ssl=1","width":350,"height":200,"srcset":"https:\/\/i0.wp.com\/oem.com.mx\/la-prensa\/img\/21838752\/1740397353\/BASE_LANDSCAPE\/1200\/Vecinos%20Capulin%20%20%281%29.webp?resize=350%2C200&ssl=1 1x, https:\/\/i0.wp.com\/oem.com.mx\/la-prensa\/img\/21838752\/1740397353\/BASE_LANDSCAPE\/1200\/Vecinos%20Capulin%20%20%281%29.webp?resize=525%2C300&ssl=1 1.5x, https:\/\/i0.wp.com\/oem.com.mx\/la-prensa\/img\/21838752\/1740397353\/BASE_LANDSCAPE\/1200\/Vecinos%20Capulin%20%20%281%29.webp?resize=700%2C400&ssl=1 2x, https:\/\/i0.wp.com\/oem.com.mx\/la-prensa\/img\/21838752\/1740397353\/BASE_LANDSCAPE\/1200\/Vecinos%20Capulin%20%20%281%29.webp?resize=1050%2C600&ssl=1 3x"},"classes":[]},{"id":10017,"url":"https:\/\/www.grieta.org.mx\/index.php\/2015\/10\/06\/modifican-trazo-de-tren-mexico-toluca-ante-protestas\/","url_meta":{"origin":10027,"position":4},"title":"Modifican trazo de tren M\u00e9xico-Toluca ante protestas","author":"grieta","date":"6 octubre, 2015","format":false,"excerpt":"La Jornada Por Miriam Posada Gerardo Ruiz Esparza, secretario la SCT, durante la firma de las bases de licitaci\u00f3n del Tren Interurbano M\u00e9xico-Toluca\u201a en imagen de archivo. Foto Agencia MVT M\u00e9xico, DF. El secretario de Comunicaciones y Transportes, Gerardo Ruiz Esparza, y el jefe de Gobierno del Distrito Federal, Miguel\u2026","rel":"","context":"En &quot;CINTILLO&quot;","block_context":{"text":"CINTILLO","link":"https:\/\/www.grieta.org.mx\/index.php\/category\/cintillo\/"},"img":{"alt_text":"","src":"https:\/\/i0.wp.com\/www.grieta.org.mx\/wp-content\/uploads\/2018\/03\/14524434_1106112876131411_958039263622046936_o.jpg?resize=350%2C200&ssl=1","width":350,"height":200,"srcset":"https:\/\/i0.wp.com\/www.grieta.org.mx\/wp-content\/uploads\/2018\/03\/14524434_1106112876131411_958039263622046936_o.jpg?resize=350%2C200&ssl=1 1x, https:\/\/i0.wp.com\/www.grieta.org.mx\/wp-content\/uploads\/2018\/03\/14524434_1106112876131411_958039263622046936_o.jpg?resize=525%2C300&ssl=1 1.5x, https:\/\/i0.wp.com\/www.grieta.org.mx\/wp-content\/uploads\/2018\/03\/14524434_1106112876131411_958039263622046936_o.jpg?resize=700%2C400&ssl=1 2x"},"classes":[]},{"id":71905,"url":"https:\/\/www.grieta.org.mx\/index.php\/2025\/07\/03\/vecinos-de-el-capulin-denuncian-un-ano-sin-soluciones-por-danos-del-tren-interurbano-mexico-toluca\/","url_meta":{"origin":10027,"position":5},"title":"Vecinos de El Capul\u00edn denuncian un a\u00f1o sin soluciones por da\u00f1os del Tren Interurbano M\u00e9xico-Toluca","author":"grieta","date":"3 julio, 2025","format":false,"excerpt":"Al menos 30 viviendas de la colonia El Capul\u00edn presentan da\u00f1os estructurales debido a las obras del Tren Interurbano\u00a0\/\u00a0Foto\/ Ignacio Huitzil Aurelio S\u00e1nchez \/ La Prensa Advirtieron que los apoyos mensuales podr\u00edan ser retirados por parte de la Comisi\u00f3n de Transporte Ferroviario, bajo el argumento de que deben justificar los\u2026","rel":"","context":"En &quot;CINTILLO&quot;","block_context":{"text":"CINTILLO","link":"https:\/\/www.grieta.org.mx\/index.php\/category\/cintillo\/"},"img":{"alt_text":"","src":"https:\/\/i0.wp.com\/www.grieta.org.mx\/wp-content\/uploads\/2025\/07\/Captura-de-pantalla-2025-07-03-224710.png?resize=350%2C200&ssl=1","width":350,"height":200,"srcset":"https:\/\/i0.wp.com\/www.grieta.org.mx\/wp-content\/uploads\/2025\/07\/Captura-de-pantalla-2025-07-03-224710.png?resize=350%2C200&ssl=1 1x, https:\/\/i0.wp.com\/www.grieta.org.mx\/wp-content\/uploads\/2025\/07\/Captura-de-pantalla-2025-07-03-224710.png?resize=525%2C300&ssl=1 1.5x, https:\/\/i0.wp.com\/www.grieta.org.mx\/wp-content\/uploads\/2025\/07\/Captura-de-pantalla-2025-07-03-224710.png?resize=700%2C400&ssl=1 2x"},"classes":[]}],"_links":{"self":[{"href":"https:\/\/www.grieta.org.mx\/index.php\/wp-json\/wp\/v2\/posts\/10027","targetHints":{"allow":["GET"]}}],"collection":[{"href":"https:\/\/www.grieta.org.mx\/index.php\/wp-json\/wp\/v2\/posts"}],"about":[{"href":"https:\/\/www.grieta.org.mx\/index.php\/wp-json\/wp\/v2\/types\/post"}],"author":[{"embeddable":true,"href":"https:\/\/www.grieta.org.mx\/index.php\/wp-json\/wp\/v2\/users\/2"}],"replies":[{"embeddable":true,"href":"https:\/\/www.grieta.org.mx\/index.php\/wp-json\/wp\/v2\/comments?post=10027"}],"version-history":[{"count":1,"href":"https:\/\/www.grieta.org.mx\/index.php\/wp-json\/wp\/v2\/posts\/10027\/revisions"}],"predecessor-version":[{"id":10030,"href":"https:\/\/www.grieta.org.mx\/index.php\/wp-json\/wp\/v2\/posts\/10027\/revisions\/10030"}],"wp:featuredmedia":[{"embeddable":true,"href":"https:\/\/www.grieta.org.mx\/index.php\/wp-json\/wp\/v2\/media\/21928"}],"wp:attachment":[{"href":"https:\/\/www.grieta.org.mx\/index.php\/wp-json\/wp\/v2\/media?parent=10027"}],"wp:term":[{"taxonomy":"category","embeddable":true,"href":"https:\/\/www.grieta.org.mx\/index.php\/wp-json\/wp\/v2\/categories?post=10027"},{"taxonomy":"post_tag","embeddable":true,"href":"https:\/\/www.grieta.org.mx\/index.php\/wp-json\/wp\/v2\/tags?post=10027"}],"curies":[{"name":"wp","href":"https:\/\/api.w.org\/{rel}","templated":true}]}}