{"id":10023,"date":"2015-10-05T19:40:56","date_gmt":"2015-10-05T19:40:56","guid":{"rendered":"http:\/\/www.grieta.org.mx\/?p=10023"},"modified":"2016-04-08T19:42:43","modified_gmt":"2016-04-08T19:42:43","slug":"granaderos-de-sspdf-liberan-por-segunda-ocasion-avenida-constituyentes","status":"publish","type":"post","link":"https:\/\/www.grieta.org.mx\/index.php\/2015\/10\/05\/granaderos-de-sspdf-liberan-por-segunda-ocasion-avenida-constituyentes\/","title":{"rendered":"Granaderos de SSPDF liberan por segunda ocasi\u00f3n avenida Constituyentes"},"content":{"rendered":"<p>Noticias MVS<\/p>\n<p>Los inconformes instalaron peque\u00f1as barricadas para evitar el paso de los automovilistas y autobuses de pasajeros que se dirigen hacia la estaci\u00f3n observatorio, lo que oblig\u00f3 nuevamente a la intervenci\u00f3n policial.<\/p>\n<p>Juan Carlos Alarc\u00f3n L\u00f3pez<\/p>\n<p>Por segunda ocasi\u00f3n en el d\u00eda vecinos de diferentes colonias de la zona de Observatorio y parte de \u00c1lvaro Obreg\u00f3n bloquearon ambos sentidos de la vialidad de a la avenida constituyentes a la atura de la calle Jacarandas.<\/p>\n<p>Los inconformes instalaron peque\u00f1as barricadas para evitar el paso de los automovilistas y autobuses de pasajeros que se dirigen hacia la estaci\u00f3n observatorio, lo que oblig\u00f3 nuevamente a la intervenci\u00f3n policial<\/p>\n<p>Elementos del agrupamiento de granaderos acudieron al lugar del conflicto  donde fueron recibidos a pedradas por lo que desplegaron un operativo para replegar a los vecinos y reabrir la circulaci\u00f3n.<\/p>\n<p>Los manifestantes se oponen a la construcci\u00f3n del tren interurbano cuyo proyecto prev\u00e9 un trayecto de Toluca a la ciudad de M\u00e9xico pasando por Santa Fe y Observatorio, lo que consideran  riesgoso para la estabilidad patrimonial de sus familias.<\/p>\n<p>Por la ma\u00f1ana los vecinos bloquearon la avenida  de las Torres y minas de cristo en la colonia molino de santo domingo y posteriormente, avanzaron a Constituyentes y Jacarandas donde mantuvieron un bloqueo de poco m\u00e1s de tres horas.<\/p>\n<p>Esa situaci\u00f3n origin\u00f3 la par\u00e1lisis vehicular en la carretera federal y autopista M\u00e9xico-Toluca, as\u00ed como en diferentes avenidas del poniente, principalmente en la zona de Santa Fe.<\/p>\n<p>Por esa raz\u00f3n, los granaderos de la SSPDF intervinieron para replegar a los inconformes quienes esta tarde nuevamente fueron obligados a levantar el bloqueo de la avenida Constituyentes.<\/p>\n<p><a href=\"http:\/\/www.noticiasmvs.com\/#!\/noticias\/granaderos-de-sspdf-liberan-por-segunda-ocasion-avenida-constituyentes-344\" target=\"_blank\">http:\/\/www.noticiasmvs.com\/#!\/noticias\/granaderos-de-sspdf-liberan-por-segunda-ocasion-avenida-constituyentes-344<\/a><\/p>\n","protected":false},"excerpt":{"rendered":"<p>Noticias MVS Los inconformes instalaron peque\u00f1as barricadas para evitar el paso de los automovilistas y autobuses de pasajeros que se dirigen hacia la estaci\u00f3n observatorio, lo que oblig\u00f3 nuevamente a &hellip; <a href=\"https:\/\/www.grieta.org.mx\/index.php\/2015\/10\/05\/granaderos-de-sspdf-liberan-por-segunda-ocasion-avenida-constituyentes\/\" class=\"more-link\">Leer m\u00e1s<\/a><\/p>\n","protected":false},"author":2,"featured_media":21928,"comment_status":"closed","ping_status":"closed","sticky":false,"template":"","format":"standard","meta":{"ngg_post_thumbnail":0,"_jetpack_newsletter_access":"","_jetpack_dont_email_post_to_subs":false,"_jetpack_newsletter_tier_id":0,"_jetpack_memberships_contains_paywalled_content":false,"_jetpack_memberships_contains_paid_content":false,"footnotes":""},"categories":[80],"tags":[597,588],"class_list":["post-10023","post","type-post","status-publish","format-standard","has-post-thumbnail","hentry","category-cintillo","tag-alvaro-obregon","tag-tren-interurbano","entry"],"jetpack_featured_media_url":"https:\/\/www.grieta.org.mx\/wp-content\/uploads\/2018\/03\/14524434_1106112876131411_958039263622046936_o.jpg","jetpack_sharing_enabled":true,"jetpack_shortlink":"https:\/\/wp.me\/p7ZJR4-2BF","jetpack_likes_enabled":false,"jetpack-related-posts":[{"id":10020,"url":"https:\/\/www.grieta.org.mx\/index.php\/2015\/10\/06\/ino-quieren-el-tren\/","url_meta":{"origin":10023,"position":0},"title":"iNO QUIEREN EL TREN!","author":"grieta","date":"6 octubre, 2015","format":false,"excerpt":"La Prensa Noel F. Al\u00adva\u00adra\u00addo, Ve\u00adci\u00adnos de la Co\u00adlo\u00adnia Mo\u00adli\u00adno de San\u00adto Do\u00admin\u00adgo en \u00c1l\u00adva\u00adro Obre\u00adg\u00f3n, des\u00adqui\u00adcia\u00adron ayer la cir\u00adcu\u00adla\u00adci\u00f3n ve\u00adhi\u00adcu\u00adlar por m\u00e1s de cin\u00adco ho\u00adras, al blo\u00adquear la cir\u00adcu\u00adla\u00adci\u00f3n de las ave\u00adni\u00addas de Las To\u00adrres y Ob\u00adser\u00adva\u00adto\u00adrio, as\u00ed co\u00admo Cons\u00adti\u00adtu\u00adyen\u00adtes. Ello en pro\u00adtes\u00adta por la cons\u00adtruc\u00adci\u00f3n del tren M\u00e9\u00adxi\u00adco-To\u00adlu\u00adca.\u2026","rel":"","context":"En &quot;CINTILLO&quot;","block_context":{"text":"CINTILLO","link":"https:\/\/www.grieta.org.mx\/index.php\/category\/cintillo\/"},"img":{"alt_text":"","src":"https:\/\/i0.wp.com\/www.grieta.org.mx\/wp-content\/uploads\/2018\/03\/14524434_1106112876131411_958039263622046936_o.jpg?resize=350%2C200&ssl=1","width":350,"height":200,"srcset":"https:\/\/i0.wp.com\/www.grieta.org.mx\/wp-content\/uploads\/2018\/03\/14524434_1106112876131411_958039263622046936_o.jpg?resize=350%2C200&ssl=1 1x, https:\/\/i0.wp.com\/www.grieta.org.mx\/wp-content\/uploads\/2018\/03\/14524434_1106112876131411_958039263622046936_o.jpg?resize=525%2C300&ssl=1 1.5x, https:\/\/i0.wp.com\/www.grieta.org.mx\/wp-content\/uploads\/2018\/03\/14524434_1106112876131411_958039263622046936_o.jpg?resize=700%2C400&ssl=1 2x"},"classes":[]},{"id":9999,"url":"https:\/\/www.grieta.org.mx\/index.php\/2015\/11\/14\/difunden-videos-de-agresion-de-granaderos-contra-vecinos-en-avenida-de-las-torres\/","url_meta":{"origin":10023,"position":1},"title":"Difunden videos de agresi\u00f3n de granaderos contra vecinos en Avenida de las Torres","author":"grieta","date":"14 noviembre, 2015","format":false,"excerpt":"Foto: Cuartoscuro. Por Redacci\u00f3n Luego de que vecinos chocaran con granaderos en la Avenida de las Torres, a la altura de la Bajada del Capul\u00edn en la delegaci\u00f3n \u00c1lvaro Obreg\u00f3n, este s\u00e1bado se han dado a conocer tres videos en los que se logra ver la brutalidad con la que\u2026","rel":"","context":"En &quot;CINTILLO&quot;","block_context":{"text":"CINTILLO","link":"https:\/\/www.grieta.org.mx\/index.php\/category\/cintillo\/"},"img":{"alt_text":"","src":"https:\/\/i0.wp.com\/www.grieta.org.mx\/wp-content\/uploads\/2018\/03\/14524434_1106112876131411_958039263622046936_o.jpg?resize=350%2C200&ssl=1","width":350,"height":200,"srcset":"https:\/\/i0.wp.com\/www.grieta.org.mx\/wp-content\/uploads\/2018\/03\/14524434_1106112876131411_958039263622046936_o.jpg?resize=350%2C200&ssl=1 1x, https:\/\/i0.wp.com\/www.grieta.org.mx\/wp-content\/uploads\/2018\/03\/14524434_1106112876131411_958039263622046936_o.jpg?resize=525%2C300&ssl=1 1.5x, https:\/\/i0.wp.com\/www.grieta.org.mx\/wp-content\/uploads\/2018\/03\/14524434_1106112876131411_958039263622046936_o.jpg?resize=700%2C400&ssl=1 2x"},"classes":[]},{"id":10027,"url":"https:\/\/www.grieta.org.mx\/index.php\/2015\/11\/13\/policias-del-df-agreden-manifestacion-pacifica-contra-tren-interurbano\/","url_meta":{"origin":10023,"position":2},"title":"Polic\u00edas del DF agreden manifestaci\u00f3n pac\u00edfica contra Tren Interurbano","author":"grieta","date":"13 noviembre, 2015","format":false,"excerpt":"M\u00e1sde131 Por Fabi\u00e1n Bonilla L\u00f3pez 13 de noviembre 2015. Viernes de inicio del Buen Fin y la gente que vive en la zona del poniente, afectados por el Tren interurbano M\u00e9xico-Toluca, dijeron queremos \u201cvivir bien\u201d. Intentaron marchar rumbo a Los Pinos para entregar una carta al presidente y frenar el\u2026","rel":"","context":"En &quot;CINTILLO&quot;","block_context":{"text":"CINTILLO","link":"https:\/\/www.grieta.org.mx\/index.php\/category\/cintillo\/"},"img":{"alt_text":"","src":"https:\/\/i0.wp.com\/www.grieta.org.mx\/wp-content\/uploads\/2018\/03\/14524434_1106112876131411_958039263622046936_o.jpg?resize=350%2C200&ssl=1","width":350,"height":200,"srcset":"https:\/\/i0.wp.com\/www.grieta.org.mx\/wp-content\/uploads\/2018\/03\/14524434_1106112876131411_958039263622046936_o.jpg?resize=350%2C200&ssl=1 1x, https:\/\/i0.wp.com\/www.grieta.org.mx\/wp-content\/uploads\/2018\/03\/14524434_1106112876131411_958039263622046936_o.jpg?resize=525%2C300&ssl=1 1.5x, https:\/\/i0.wp.com\/www.grieta.org.mx\/wp-content\/uploads\/2018\/03\/14524434_1106112876131411_958039263622046936_o.jpg?resize=700%2C400&ssl=1 2x"},"classes":[]},{"id":10013,"url":"https:\/\/www.grieta.org.mx\/index.php\/2015\/10\/22\/exigen-vecinos-acceder-a-proyecto-final-de-tren-mexico-toluca\/","url_meta":{"origin":10023,"position":3},"title":"Exigen vecinos acceder a proyecto final de Tren M\u00e9xico-Toluca","author":"grieta","date":"22 octubre, 2015","format":false,"excerpt":"El Universal Gerardo Su\u00e1rez Vecinos de la \u00c1lvaro Obreg\u00f3n se\u00f1alan que no han tenido acceso a informaci\u00f3n clara que les garantice que sus casas no ser\u00e1n afectadas por la construcci\u00f3n. Insistieron en estar inconformes con el cambio de trazo del tren interurbano M\u00e9xico-Toluca pues se\u00f1alaron que no han tenido acceso\u2026","rel":"","context":"En &quot;cdmx&quot;","block_context":{"text":"cdmx","link":"https:\/\/www.grieta.org.mx\/index.php\/category\/cdmx\/"},"img":{"alt_text":"","src":"https:\/\/i0.wp.com\/www.grieta.org.mx\/wp-content\/uploads\/2018\/03\/14524434_1106112876131411_958039263622046936_o.jpg?resize=350%2C200&ssl=1","width":350,"height":200,"srcset":"https:\/\/i0.wp.com\/www.grieta.org.mx\/wp-content\/uploads\/2018\/03\/14524434_1106112876131411_958039263622046936_o.jpg?resize=350%2C200&ssl=1 1x, https:\/\/i0.wp.com\/www.grieta.org.mx\/wp-content\/uploads\/2018\/03\/14524434_1106112876131411_958039263622046936_o.jpg?resize=525%2C300&ssl=1 1.5x, https:\/\/i0.wp.com\/www.grieta.org.mx\/wp-content\/uploads\/2018\/03\/14524434_1106112876131411_958039263622046936_o.jpg?resize=700%2C400&ssl=1 2x"},"classes":[]},{"id":27588,"url":"https:\/\/www.grieta.org.mx\/index.php\/2018\/11\/10\/granaderos-desalojan-y-detienen-a-20-ambientalistas-en-aguascalientes\/","url_meta":{"origin":10023,"position":4},"title":"Granaderos desalojan y detienen a 20 ambientalistas en Aguascalientes","author":"grieta","date":"10 noviembre, 2018","format":false,"excerpt":"X\u00f3chitl \u00c1lvarez\/ EL UNIVERSAL Aguascalientes.- Las primeras horas de este s\u00e1bado, granaderos de la Secretar\u00eda de Seguridad P\u00fablica del estado desalojaron y detuvieron a vecinos y ambientalistas que manten\u00edan un plant\u00f3n en la Avenida Aguascalientes, en la colonia Colinas del R\u00edo, quienes se manifestaban en contra de la construcci\u00f3n de\u2026","rel":"","context":"En &quot;Aguascalientes&quot;","block_context":{"text":"Aguascalientes","link":"https:\/\/www.grieta.org.mx\/index.php\/category\/noticias-nacionales\/aguascalientes\/"},"img":{"alt_text":"","src":"https:\/\/i0.wp.com\/www.grieta.org.mx\/wp-content\/uploads\/2018\/03\/14524434_1106112876131411_958039263622046936_o.jpg?resize=350%2C200&ssl=1","width":350,"height":200,"srcset":"https:\/\/i0.wp.com\/www.grieta.org.mx\/wp-content\/uploads\/2018\/03\/14524434_1106112876131411_958039263622046936_o.jpg?resize=350%2C200&ssl=1 1x, https:\/\/i0.wp.com\/www.grieta.org.mx\/wp-content\/uploads\/2018\/03\/14524434_1106112876131411_958039263622046936_o.jpg?resize=525%2C300&ssl=1 1.5x, https:\/\/i0.wp.com\/www.grieta.org.mx\/wp-content\/uploads\/2018\/03\/14524434_1106112876131411_958039263622046936_o.jpg?resize=700%2C400&ssl=1 2x"},"classes":[]},{"id":10004,"url":"https:\/\/www.grieta.org.mx\/index.php\/2015\/10\/22\/reabren-frente-contra-tren-interurbano-mexico-toluca\/","url_meta":{"origin":10023,"position":5},"title":"Reabren frente contra Tren Interurbano M\u00e9xico-Toluca","author":"grieta","date":"22 octubre, 2015","format":false,"excerpt":"Excelsior Los inconformes se\u00f1alaron que el nuevo trazo por la zona de barrancas afectar\u00e1 decenas de viviendas Francisco Pazos Vecinos han demostrado su descontento con el proyecto del Tren Interurbano M\u00e9xico-Toluca. El debate por la construcci\u00f3n del Tren Interurbano M\u00e9xico-Toluca fue reabierto por vecinos de la zona baja de las\u2026","rel":"","context":"En &quot;CINTILLO&quot;","block_context":{"text":"CINTILLO","link":"https:\/\/www.grieta.org.mx\/index.php\/category\/cintillo\/"},"img":{"alt_text":"","src":"https:\/\/i0.wp.com\/www.grieta.org.mx\/wp-content\/uploads\/2018\/03\/14524434_1106112876131411_958039263622046936_o.jpg?resize=350%2C200&ssl=1","width":350,"height":200,"srcset":"https:\/\/i0.wp.com\/www.grieta.org.mx\/wp-content\/uploads\/2018\/03\/14524434_1106112876131411_958039263622046936_o.jpg?resize=350%2C200&ssl=1 1x, https:\/\/i0.wp.com\/www.grieta.org.mx\/wp-content\/uploads\/2018\/03\/14524434_1106112876131411_958039263622046936_o.jpg?resize=525%2C300&ssl=1 1.5x, https:\/\/i0.wp.com\/www.grieta.org.mx\/wp-content\/uploads\/2018\/03\/14524434_1106112876131411_958039263622046936_o.jpg?resize=700%2C400&ssl=1 2x"},"classes":[]}],"_links":{"self":[{"href":"https:\/\/www.grieta.org.mx\/index.php\/wp-json\/wp\/v2\/posts\/10023","targetHints":{"allow":["GET"]}}],"collection":[{"href":"https:\/\/www.grieta.org.mx\/index.php\/wp-json\/wp\/v2\/posts"}],"about":[{"href":"https:\/\/www.grieta.org.mx\/index.php\/wp-json\/wp\/v2\/types\/post"}],"author":[{"embeddable":true,"href":"https:\/\/www.grieta.org.mx\/index.php\/wp-json\/wp\/v2\/users\/2"}],"replies":[{"embeddable":true,"href":"https:\/\/www.grieta.org.mx\/index.php\/wp-json\/wp\/v2\/comments?post=10023"}],"version-history":[{"count":1,"href":"https:\/\/www.grieta.org.mx\/index.php\/wp-json\/wp\/v2\/posts\/10023\/revisions"}],"predecessor-version":[{"id":10024,"href":"https:\/\/www.grieta.org.mx\/index.php\/wp-json\/wp\/v2\/posts\/10023\/revisions\/10024"}],"wp:featuredmedia":[{"embeddable":true,"href":"https:\/\/www.grieta.org.mx\/index.php\/wp-json\/wp\/v2\/media\/21928"}],"wp:attachment":[{"href":"https:\/\/www.grieta.org.mx\/index.php\/wp-json\/wp\/v2\/media?parent=10023"}],"wp:term":[{"taxonomy":"category","embeddable":true,"href":"https:\/\/www.grieta.org.mx\/index.php\/wp-json\/wp\/v2\/categories?post=10023"},{"taxonomy":"post_tag","embeddable":true,"href":"https:\/\/www.grieta.org.mx\/index.php\/wp-json\/wp\/v2\/tags?post=10023"}],"curies":[{"name":"wp","href":"https:\/\/api.w.org\/{rel}","templated":true}]}}