{"id":10020,"date":"2015-10-06T19:35:55","date_gmt":"2015-10-06T19:35:55","guid":{"rendered":"http:\/\/www.grieta.org.mx\/?p=10020"},"modified":"2016-04-08T19:39:46","modified_gmt":"2016-04-08T19:39:46","slug":"ino-quieren-el-tren","status":"publish","type":"post","link":"https:\/\/www.grieta.org.mx\/index.php\/2015\/10\/06\/ino-quieren-el-tren\/","title":{"rendered":"iNO QUIEREN EL TREN!"},"content":{"rendered":"<p>La Prensa<\/p>\n<p>Noel F. Al\u00adva\u00adra\u00addo,<\/p>\n<p>Ve\u00adci\u00adnos de la Co\u00adlo\u00adnia Mo\u00adli\u00adno de San\u00adto Do\u00admin\u00adgo en \u00c1l\u00adva\u00adro Obre\u00adg\u00f3n, des\u00adqui\u00adcia\u00adron ayer la cir\u00adcu\u00adla\u00adci\u00f3n ve\u00adhi\u00adcu\u00adlar por m\u00e1s de cin\u00adco ho\u00adras, al blo\u00adquear la cir\u00adcu\u00adla\u00adci\u00f3n de las ave\u00adni\u00addas de Las To\u00adrres y Ob\u00adser\u00adva\u00adto\u00adrio, as\u00ed co\u00admo Cons\u00adti\u00adtu\u00adyen\u00adtes. Ello en pro\u00adtes\u00adta por la cons\u00adtruc\u00adci\u00f3n del tren M\u00e9\u00adxi\u00adco-To\u00adlu\u00adca. En los mo\u00admen\u00adtos en que gra\u00adna\u00adde\u00adros pro\u00adce\u00add\u00edan a de\u00adsa\u00adlo\u00adjar\u00adlos de la Ave\u00adni\u00adda Cons\u00adti\u00adtu\u00adyen\u00adtes, es\u00adtos fue\u00adron agre\u00addi\u00addos con pie\u00addras y otros ob\u00adje\u00adtos con\u00adtun\u00adden\u00adtes.<\/p>\n<p>De\u00adbi\u00addo a ello, uni\u00adfor\u00adma\u00addos del Agru\u00adpa\u00admien\u00adto de Gra\u00adna\u00adde\u00adros de la Se\u00adcre\u00adta\u00adr\u00eda de Se\u00adgu\u00adri\u00addad P\u00fa\u00adbli\u00adca del Dis\u00adtri\u00adto Fe\u00adde\u00adral, im\u00adple\u00admen\u00adta\u00adron un ope\u00adra\u00adti\u00advo y en dos oca\u00adsio\u00adnes tu\u00advie\u00adron que de\u00adsa\u00adlo\u00adjar a los ma\u00adni\u00adfes\u00adtan\u00adtes pa\u00adra li\u00adbe\u00adrar esas im\u00adpor\u00adtan\u00adtes via\u00adli\u00adda\u00addes.<\/p>\n<p>Los in\u00adcon\u00adfor\u00admes, de\u00adnun\u00adcia\u00adron la ne\u00adga\u00adti\u00adva a que se con\u00adcre\u00adte el pro\u00adyec\u00adto de la cons\u00adtruc\u00adci\u00f3n del tren in\u00adte\u00adrur\u00adba\u00adno que co\u00adrre\u00adr\u00eda de la ciu\u00addad de To\u00adlu\u00adca, ca\u00adpi\u00adtal del Es\u00adta\u00addo de M\u00e9\u00adxi\u00adco, a la zo\u00adna de Ob\u00adser\u00adva\u00adto\u00adrio. Se\u00ad\u00f1a\u00adla\u00adron que la cons\u00adtruc\u00adci\u00f3n del tren M\u00e9\u00adxi\u00adco-To\u00adlu\u00adca, pro\u00advo\u00adca\u00adr\u00e1 la ex\u00adpro\u00adpia\u00adci\u00f3n de vi\u00advien\u00addas y la aper\u00adtu\u00adra de otras via\u00adli\u00adda\u00addes, as\u00ed co\u00admo de la l\u00ed\u00adnea por la que co\u00adrre\u00adr\u00eda di\u00adcho tren.<\/p>\n<p>Los ve\u00adci\u00adnos de la zo\u00adna de Ob\u00adser\u00adva\u00adto\u00adrio ase\u00adgu\u00adra\u00adron que con\u00adti\u00adnua\u00adr\u00e1n con las pro\u00adtes\u00adtas en d\u00edas sub\u00adse\u00adcuen\u00adtes has\u00adta en tan\u00adto ha\u00adya una so\u00adlu\u00adci\u00f3n fa\u00advo\u00adra\u00adble a sus pe\u00adti\u00adcio\u00adnes. En bus\u00adca de una so\u00adlu\u00adci\u00f3n, los ve\u00adci\u00adnos, sos\u00adtie\u00adnen acuer\u00addos con per\u00adso\u00adnal de en\u00adla\u00adce ins\u00adti\u00adtu\u00adcio\u00adnal y de la se\u00adcre\u00adta\u00adr\u00eda de go\u00adbier\u00adno, pa\u00adra acor\u00addar una reu\u00adni\u00f3n con au\u00adto\u00adri\u00adda\u00addes del go\u00adbier\u00adno de la CDMX, don\u00adde se plan\u00adtea\u00adr\u00e1 sus prin\u00adci\u00adpa\u00adles que\u00adjas y de\u00adman\u00addas en con\u00adtra de di\u00adcho pro\u00adyec\u00adto.<\/p>\n<p>Lue\u00adgo de ha\u00adber si\u00addo de\u00adsa\u00adlo\u00adja\u00addos de ma\u00adne\u00adra pa\u00adc\u00ed\u00adfi\u00adca, los ve\u00adci\u00adnos se ma\u00adni\u00adfes\u00adta\u00adron por se\u00adgun\u00adda oca\u00adsi\u00f3n al blo\u00adquear la Ave\u00adni\u00adda Cons\u00adti\u00adtu\u00adyen\u00adtes, en su cru\u00adce con la ca\u00adlle de Ja\u00adca\u00adran\u00addas.<\/p>\n<p>Los in\u00adcon\u00adfor\u00admes ins\u00adta\u00adla\u00adron pe\u00adque\u00ad\u00f1as ba\u00adrri\u00adca\u00addas pa\u00adra evi\u00adtar el pa\u00adso de los au\u00adto\u00admo\u00advi\u00adlis\u00adtas y au\u00adto\u00adbu\u00adses de pa\u00adsa\u00adje\u00adros que se di\u00adri\u00adgen ha\u00adcia la es\u00adta\u00adci\u00f3n Ob\u00adser\u00adva\u00adto\u00adrio del Me\u00adtro, lo que obli\u00adg\u00f3 nue\u00adva\u00admen\u00adte a la in\u00adter\u00adven\u00adci\u00f3n po\u00adli\u00adcial.<\/p>\n<p>Ah\u00ed, ele\u00admen\u00adtos del agru\u00adpa\u00admien\u00adto de gra\u00adna\u00adde\u00adros acu\u00addie\u00adron al lu\u00adgar, don\u00adde fue\u00adron re\u00adci\u00adbi\u00addos a pe\u00addra\u00addas por lo que des\u00adple\u00adga\u00adron un ope\u00adra\u00adti\u00advo pa\u00adra re\u00adple\u00adgar a los ve\u00adci\u00adnos y rea\u00adbrir la cir\u00adcu\u00adla\u00adci\u00f3n.<\/p>\n<p>Los ma\u00adni\u00adfes\u00adtan\u00adtes se opo\u00adnen a la cons\u00adtruc\u00adci\u00f3n del tren in\u00adte\u00adrur\u00adba\u00adno cu\u00adyo pro\u00adyec\u00adto pre\u00adv\u00e9 un tra\u00adyec\u00adto de To\u00adlu\u00adca a la Ciu\u00addad de M\u00e9\u00adxi\u00adco, pa\u00adsan\u00addo por San\u00adta Fe y Ob\u00adser\u00adva\u00adto\u00adrio, lo que con\u00adsi\u00adde\u00adran ries\u00adgo\u00adso pa\u00adra la es\u00adta\u00adbi\u00adli\u00addad pa\u00adtri\u00admo\u00adnial de sus fa\u00admi\u00adlias.<\/p>\n<p>An\u00adte tal si\u00adtua\u00adci\u00f3n, uni\u00adfor\u00adma\u00addos del agru\u00adpa\u00admien\u00adto de gra\u00adna\u00adde\u00adros de la SSPDF in\u00adter\u00advi\u00adnie\u00adron pa\u00adra re\u00adple\u00adgar a los in\u00adcon\u00adfor\u00admes quie\u00adnes por la tar\u00adde nue\u00adva\u00admen\u00adte fue\u00adron obli\u00adga\u00addos a le\u00advan\u00adtar el blo\u00adqueo de la Ave\u00adni\u00adda Cons\u00adti\u00adtu\u00adyen\u00adtes.<\/p>\n<p><a href=\"http:\/\/www.oem.com.mx\/laprensa\/notas\/n3967989.htm\" target=\"_blank\">http:\/\/www.oem.com.mx\/laprensa\/notas\/n3967989.htm<\/a><\/p>\n","protected":false},"excerpt":{"rendered":"<p>La Prensa Noel F. Al\u00adva\u00adra\u00addo, Ve\u00adci\u00adnos de la Co\u00adlo\u00adnia Mo\u00adli\u00adno de San\u00adto Do\u00admin\u00adgo en \u00c1l\u00adva\u00adro Obre\u00adg\u00f3n, des\u00adqui\u00adcia\u00adron ayer la cir\u00adcu\u00adla\u00adci\u00f3n ve\u00adhi\u00adcu\u00adlar por m\u00e1s de cin\u00adco ho\u00adras, al blo\u00adquear la cir\u00adcu\u00adla\u00adci\u00f3n &hellip; <a href=\"https:\/\/www.grieta.org.mx\/index.php\/2015\/10\/06\/ino-quieren-el-tren\/\" class=\"more-link\">Leer m\u00e1s<\/a><\/p>\n","protected":false},"author":2,"featured_media":21928,"comment_status":"closed","ping_status":"closed","sticky":false,"template":"","format":"standard","meta":{"ngg_post_thumbnail":0,"_jetpack_newsletter_access":"","_jetpack_dont_email_post_to_subs":false,"_jetpack_newsletter_tier_id":0,"_jetpack_memberships_contains_paywalled_content":false,"_jetpack_memberships_contains_paid_content":false,"footnotes":""},"categories":[80],"tags":[597,588],"class_list":["post-10020","post","type-post","status-publish","format-standard","has-post-thumbnail","hentry","category-cintillo","tag-alvaro-obregon","tag-tren-interurbano","entry"],"jetpack_featured_media_url":"https:\/\/www.grieta.org.mx\/wp-content\/uploads\/2018\/03\/14524434_1106112876131411_958039263622046936_o.jpg","jetpack_sharing_enabled":true,"jetpack_shortlink":"https:\/\/wp.me\/p7ZJR4-2BC","jetpack_likes_enabled":false,"jetpack-related-posts":[{"id":10023,"url":"https:\/\/www.grieta.org.mx\/index.php\/2015\/10\/05\/granaderos-de-sspdf-liberan-por-segunda-ocasion-avenida-constituyentes\/","url_meta":{"origin":10020,"position":0},"title":"Granaderos de SSPDF liberan por segunda ocasi\u00f3n avenida Constituyentes","author":"grieta","date":"5 octubre, 2015","format":false,"excerpt":"Noticias MVS Los inconformes instalaron peque\u00f1as barricadas para evitar el paso de los automovilistas y autobuses de pasajeros que se dirigen hacia la estaci\u00f3n observatorio, lo que oblig\u00f3 nuevamente a la intervenci\u00f3n policial. Juan Carlos Alarc\u00f3n L\u00f3pez Por segunda ocasi\u00f3n en el d\u00eda vecinos de diferentes colonias de la zona\u2026","rel":"","context":"En &quot;CINTILLO&quot;","block_context":{"text":"CINTILLO","link":"https:\/\/www.grieta.org.mx\/index.php\/category\/cintillo\/"},"img":{"alt_text":"","src":"https:\/\/i0.wp.com\/www.grieta.org.mx\/wp-content\/uploads\/2018\/03\/14524434_1106112876131411_958039263622046936_o.jpg?resize=350%2C200&ssl=1","width":350,"height":200,"srcset":"https:\/\/i0.wp.com\/www.grieta.org.mx\/wp-content\/uploads\/2018\/03\/14524434_1106112876131411_958039263622046936_o.jpg?resize=350%2C200&ssl=1 1x, https:\/\/i0.wp.com\/www.grieta.org.mx\/wp-content\/uploads\/2018\/03\/14524434_1106112876131411_958039263622046936_o.jpg?resize=525%2C300&ssl=1 1.5x, https:\/\/i0.wp.com\/www.grieta.org.mx\/wp-content\/uploads\/2018\/03\/14524434_1106112876131411_958039263622046936_o.jpg?resize=700%2C400&ssl=1 2x"},"classes":[]},{"id":9999,"url":"https:\/\/www.grieta.org.mx\/index.php\/2015\/11\/14\/difunden-videos-de-agresion-de-granaderos-contra-vecinos-en-avenida-de-las-torres\/","url_meta":{"origin":10020,"position":1},"title":"Difunden videos de agresi\u00f3n de granaderos contra vecinos en Avenida de las Torres","author":"grieta","date":"14 noviembre, 2015","format":false,"excerpt":"Foto: Cuartoscuro. Por Redacci\u00f3n Luego de que vecinos chocaran con granaderos en la Avenida de las Torres, a la altura de la Bajada del Capul\u00edn en la delegaci\u00f3n \u00c1lvaro Obreg\u00f3n, este s\u00e1bado se han dado a conocer tres videos en los que se logra ver la brutalidad con la que\u2026","rel":"","context":"En &quot;CINTILLO&quot;","block_context":{"text":"CINTILLO","link":"https:\/\/www.grieta.org.mx\/index.php\/category\/cintillo\/"},"img":{"alt_text":"","src":"https:\/\/i0.wp.com\/www.grieta.org.mx\/wp-content\/uploads\/2018\/03\/14524434_1106112876131411_958039263622046936_o.jpg?resize=350%2C200&ssl=1","width":350,"height":200,"srcset":"https:\/\/i0.wp.com\/www.grieta.org.mx\/wp-content\/uploads\/2018\/03\/14524434_1106112876131411_958039263622046936_o.jpg?resize=350%2C200&ssl=1 1x, https:\/\/i0.wp.com\/www.grieta.org.mx\/wp-content\/uploads\/2018\/03\/14524434_1106112876131411_958039263622046936_o.jpg?resize=525%2C300&ssl=1 1.5x, https:\/\/i0.wp.com\/www.grieta.org.mx\/wp-content\/uploads\/2018\/03\/14524434_1106112876131411_958039263622046936_o.jpg?resize=700%2C400&ssl=1 2x"},"classes":[]},{"id":10027,"url":"https:\/\/www.grieta.org.mx\/index.php\/2015\/11\/13\/policias-del-df-agreden-manifestacion-pacifica-contra-tren-interurbano\/","url_meta":{"origin":10020,"position":2},"title":"Polic\u00edas del DF agreden manifestaci\u00f3n pac\u00edfica contra Tren Interurbano","author":"grieta","date":"13 noviembre, 2015","format":false,"excerpt":"M\u00e1sde131 Por Fabi\u00e1n Bonilla L\u00f3pez 13 de noviembre 2015. Viernes de inicio del Buen Fin y la gente que vive en la zona del poniente, afectados por el Tren interurbano M\u00e9xico-Toluca, dijeron queremos \u201cvivir bien\u201d. Intentaron marchar rumbo a Los Pinos para entregar una carta al presidente y frenar el\u2026","rel":"","context":"En &quot;CINTILLO&quot;","block_context":{"text":"CINTILLO","link":"https:\/\/www.grieta.org.mx\/index.php\/category\/cintillo\/"},"img":{"alt_text":"","src":"https:\/\/i0.wp.com\/www.grieta.org.mx\/wp-content\/uploads\/2018\/03\/14524434_1106112876131411_958039263622046936_o.jpg?resize=350%2C200&ssl=1","width":350,"height":200,"srcset":"https:\/\/i0.wp.com\/www.grieta.org.mx\/wp-content\/uploads\/2018\/03\/14524434_1106112876131411_958039263622046936_o.jpg?resize=350%2C200&ssl=1 1x, https:\/\/i0.wp.com\/www.grieta.org.mx\/wp-content\/uploads\/2018\/03\/14524434_1106112876131411_958039263622046936_o.jpg?resize=525%2C300&ssl=1 1.5x, https:\/\/i0.wp.com\/www.grieta.org.mx\/wp-content\/uploads\/2018\/03\/14524434_1106112876131411_958039263622046936_o.jpg?resize=700%2C400&ssl=1 2x"},"classes":[]},{"id":9741,"url":"https:\/\/www.grieta.org.mx\/index.php\/2016\/04\/26\/oposicion-a-ampliacion-de-linea-12-del-metro\/","url_meta":{"origin":10020,"position":3},"title":"Organizaci\u00f3n contra megaproyectos en el Poniente de la Ciudad de M\u00e9xico","author":"grieta","date":"26 abril, 2016","format":false,"excerpt":"25\/04\/16. Comuneros en Cuajimalpa son golpeados por oponerse a Tren InterurbanoSomos el medio 25\/04\/16. Golpeadores revientan protesta de comuneros por la construcci\u00f3n del tren interurbano M\u00e9xico-TolucaLa Jornada 05\/04\/16. Vecinos de poniente denuncian m\u00e1s proyectos en Poniente de CDMX que se suman al tren interurbano Apia Virtual 04\/04\/16. Se oponen vecinos\u2026","rel":"","context":"En &quot;Ciudad de M\u00e9xico&quot;","block_context":{"text":"Ciudad de M\u00e9xico","link":"https:\/\/www.grieta.org.mx\/index.php\/category\/noticias-nacionales\/ciudad-de-mexico\/"},"img":{"alt_text":"","src":"https:\/\/i0.wp.com\/www.grieta.org.mx\/wp-content\/uploads\/2018\/03\/14524434_1106112876131411_958039263622046936_o.jpg?resize=350%2C200&ssl=1","width":350,"height":200,"srcset":"https:\/\/i0.wp.com\/www.grieta.org.mx\/wp-content\/uploads\/2018\/03\/14524434_1106112876131411_958039263622046936_o.jpg?resize=350%2C200&ssl=1 1x, https:\/\/i0.wp.com\/www.grieta.org.mx\/wp-content\/uploads\/2018\/03\/14524434_1106112876131411_958039263622046936_o.jpg?resize=525%2C300&ssl=1 1.5x, https:\/\/i0.wp.com\/www.grieta.org.mx\/wp-content\/uploads\/2018\/03\/14524434_1106112876131411_958039263622046936_o.jpg?resize=700%2C400&ssl=1 2x"},"classes":[]},{"id":10013,"url":"https:\/\/www.grieta.org.mx\/index.php\/2015\/10\/22\/exigen-vecinos-acceder-a-proyecto-final-de-tren-mexico-toluca\/","url_meta":{"origin":10020,"position":4},"title":"Exigen vecinos acceder a proyecto final de Tren M\u00e9xico-Toluca","author":"grieta","date":"22 octubre, 2015","format":false,"excerpt":"El Universal Gerardo Su\u00e1rez Vecinos de la \u00c1lvaro Obreg\u00f3n se\u00f1alan que no han tenido acceso a informaci\u00f3n clara que les garantice que sus casas no ser\u00e1n afectadas por la construcci\u00f3n. Insistieron en estar inconformes con el cambio de trazo del tren interurbano M\u00e9xico-Toluca pues se\u00f1alaron que no han tenido acceso\u2026","rel":"","context":"En &quot;cdmx&quot;","block_context":{"text":"cdmx","link":"https:\/\/www.grieta.org.mx\/index.php\/category\/cdmx\/"},"img":{"alt_text":"","src":"https:\/\/i0.wp.com\/www.grieta.org.mx\/wp-content\/uploads\/2018\/03\/14524434_1106112876131411_958039263622046936_o.jpg?resize=350%2C200&ssl=1","width":350,"height":200,"srcset":"https:\/\/i0.wp.com\/www.grieta.org.mx\/wp-content\/uploads\/2018\/03\/14524434_1106112876131411_958039263622046936_o.jpg?resize=350%2C200&ssl=1 1x, https:\/\/i0.wp.com\/www.grieta.org.mx\/wp-content\/uploads\/2018\/03\/14524434_1106112876131411_958039263622046936_o.jpg?resize=525%2C300&ssl=1 1.5x, https:\/\/i0.wp.com\/www.grieta.org.mx\/wp-content\/uploads\/2018\/03\/14524434_1106112876131411_958039263622046936_o.jpg?resize=700%2C400&ssl=1 2x"},"classes":[]},{"id":10004,"url":"https:\/\/www.grieta.org.mx\/index.php\/2015\/10\/22\/reabren-frente-contra-tren-interurbano-mexico-toluca\/","url_meta":{"origin":10020,"position":5},"title":"Reabren frente contra Tren Interurbano M\u00e9xico-Toluca","author":"grieta","date":"22 octubre, 2015","format":false,"excerpt":"Excelsior Los inconformes se\u00f1alaron que el nuevo trazo por la zona de barrancas afectar\u00e1 decenas de viviendas Francisco Pazos Vecinos han demostrado su descontento con el proyecto del Tren Interurbano M\u00e9xico-Toluca. El debate por la construcci\u00f3n del Tren Interurbano M\u00e9xico-Toluca fue reabierto por vecinos de la zona baja de las\u2026","rel":"","context":"En &quot;CINTILLO&quot;","block_context":{"text":"CINTILLO","link":"https:\/\/www.grieta.org.mx\/index.php\/category\/cintillo\/"},"img":{"alt_text":"","src":"https:\/\/i0.wp.com\/www.grieta.org.mx\/wp-content\/uploads\/2018\/03\/14524434_1106112876131411_958039263622046936_o.jpg?resize=350%2C200&ssl=1","width":350,"height":200,"srcset":"https:\/\/i0.wp.com\/www.grieta.org.mx\/wp-content\/uploads\/2018\/03\/14524434_1106112876131411_958039263622046936_o.jpg?resize=350%2C200&ssl=1 1x, https:\/\/i0.wp.com\/www.grieta.org.mx\/wp-content\/uploads\/2018\/03\/14524434_1106112876131411_958039263622046936_o.jpg?resize=525%2C300&ssl=1 1.5x, https:\/\/i0.wp.com\/www.grieta.org.mx\/wp-content\/uploads\/2018\/03\/14524434_1106112876131411_958039263622046936_o.jpg?resize=700%2C400&ssl=1 2x"},"classes":[]}],"_links":{"self":[{"href":"https:\/\/www.grieta.org.mx\/index.php\/wp-json\/wp\/v2\/posts\/10020","targetHints":{"allow":["GET"]}}],"collection":[{"href":"https:\/\/www.grieta.org.mx\/index.php\/wp-json\/wp\/v2\/posts"}],"about":[{"href":"https:\/\/www.grieta.org.mx\/index.php\/wp-json\/wp\/v2\/types\/post"}],"author":[{"embeddable":true,"href":"https:\/\/www.grieta.org.mx\/index.php\/wp-json\/wp\/v2\/users\/2"}],"replies":[{"embeddable":true,"href":"https:\/\/www.grieta.org.mx\/index.php\/wp-json\/wp\/v2\/comments?post=10020"}],"version-history":[{"count":1,"href":"https:\/\/www.grieta.org.mx\/index.php\/wp-json\/wp\/v2\/posts\/10020\/revisions"}],"predecessor-version":[{"id":10021,"href":"https:\/\/www.grieta.org.mx\/index.php\/wp-json\/wp\/v2\/posts\/10020\/revisions\/10021"}],"wp:featuredmedia":[{"embeddable":true,"href":"https:\/\/www.grieta.org.mx\/index.php\/wp-json\/wp\/v2\/media\/21928"}],"wp:attachment":[{"href":"https:\/\/www.grieta.org.mx\/index.php\/wp-json\/wp\/v2\/media?parent=10020"}],"wp:term":[{"taxonomy":"category","embeddable":true,"href":"https:\/\/www.grieta.org.mx\/index.php\/wp-json\/wp\/v2\/categories?post=10020"},{"taxonomy":"post_tag","embeddable":true,"href":"https:\/\/www.grieta.org.mx\/index.php\/wp-json\/wp\/v2\/tags?post=10020"}],"curies":[{"name":"wp","href":"https:\/\/api.w.org\/{rel}","templated":true}]}}