{"id":10017,"date":"2015-10-06T19:32:44","date_gmt":"2015-10-06T19:32:44","guid":{"rendered":"http:\/\/www.grieta.org.mx\/?p=10017"},"modified":"2016-04-08T19:35:12","modified_gmt":"2016-04-08T19:35:12","slug":"modifican-trazo-de-tren-mexico-toluca-ante-protestas","status":"publish","type":"post","link":"https:\/\/www.grieta.org.mx\/index.php\/2015\/10\/06\/modifican-trazo-de-tren-mexico-toluca-ante-protestas\/","title":{"rendered":"Modifican trazo de tren M\u00e9xico-Toluca ante protestas"},"content":{"rendered":"<div>\n<div>\n<div class=\"la-jornada-nitf-Byline\">La Jornada<\/div>\n<div class=\"la-jornada-nitf-Byline\"><\/div>\n<div class=\"la-jornada-nitf-Byline\">Por Miriam Posada<\/div>\n<div align=\"right\"><\/div>\n<\/div>\n<\/div>\n<div id=\"article-carousel\" class=\"article-carousel carousel slide\">\n<div class=\"carousel-inner\">\n<div class=\"item active\">\n<div class=\"item-wrapper\"><img loading=\"lazy\" decoding=\"async\" title=\"tren.jpg\" src=\"http:\/\/www.jornada.unam.mx\/ultimas\/2015\/10\/06\/tren-mexico-toluca-no-afectara-a-pobladores-sct-y-gdf-3408.html\/tren.jpg-1512.html\/@@images\/0d124869-5464-4acc-aa48-c27865b8112d.jpeg\" alt=\"tren.jpg\" width=\"620\" height=\"410\" \/><\/p>\n<div id=\"cap_add5d5db13004cb6bfb5e7a0bbe96f4c\" class=\"carousel-caption\">\n<p>Gerardo Ruiz Esparza, secretario la SCT, durante la firma de las bases de licitaci\u00f3n del Tren Interurbano M\u00e9xico-Toluca\u201a en imagen de archivo. Foto Agencia MVT<\/p>\n<\/div>\n<\/div>\n<\/div>\n<\/div>\n<\/div>\n<div class=\"la-jornada-nitf-content\">\n<p><i>M\u00e9xico, DF. <\/i>El secretario de Comunicaciones y Transportes, Gerardo Ruiz Esparza, y el jefe de Gobierno del Distrito Federal, Miguel \u00c1ngel Mancera aseguraron que la construcci\u00f3n del Tren Interurbano M\u00e9xico-Toluca no afectar\u00e1 a los pobladores que ayer se manifestaron debido a que se modific\u00f3 el trazo.<\/p>\n<p>Se\u00f1alaron que se estableci\u00f3 una mesa de di\u00e1logo con los inconformes, y destacaron que se cubrir\u00e1n las indemnizaciones que correspondan por el desarro?lo de la obra.<\/p>\n<p>Mancera dijo que el desarrollo de esta obra de infraestructura se politiz\u00f3, pero no identific\u00f3 a los grupos interesados.<\/p>\n<p>RuIz Esparza explic\u00f3 que el trazo de la ruta que seguir\u00e1 el tren se modific\u00f3 y ahora pasa por una barranca, y terrenos federales. La ruta est\u00e1 disponible en el portal de SCT.<\/p>\n<p>&nbsp;<\/p>\n<p>http:\/\/www.jornada.unam.mx\/ultimas\/2015\/10\/06\/tren-mexico-toluca-no-afectara-a-pobladores-sct-y-gdf-3408.html<\/p>\n<\/div>\n<p>&nbsp;<\/p>\n","protected":false},"excerpt":{"rendered":"<p>La Jornada Por Miriam Posada Gerardo Ruiz Esparza, secretario la SCT, durante la firma de las bases de licitaci\u00f3n del Tren Interurbano M\u00e9xico-Toluca\u201a en imagen de archivo. Foto Agencia MVT &hellip; <a href=\"https:\/\/www.grieta.org.mx\/index.php\/2015\/10\/06\/modifican-trazo-de-tren-mexico-toluca-ante-protestas\/\" class=\"more-link\">Leer m\u00e1s<\/a><\/p>\n","protected":false},"author":2,"featured_media":21928,"comment_status":"closed","ping_status":"closed","sticky":false,"template":"","format":"standard","meta":{"ngg_post_thumbnail":0,"_jetpack_newsletter_access":"","_jetpack_dont_email_post_to_subs":false,"_jetpack_newsletter_tier_id":0,"_jetpack_memberships_contains_paywalled_content":false,"_jetpack_memberships_contains_paid_content":false,"footnotes":""},"categories":[80],"tags":[597,588],"class_list":["post-10017","post","type-post","status-publish","format-standard","has-post-thumbnail","hentry","category-cintillo","tag-alvaro-obregon","tag-tren-interurbano","entry"],"jetpack_featured_media_url":"https:\/\/www.grieta.org.mx\/wp-content\/uploads\/2018\/03\/14524434_1106112876131411_958039263622046936_o.jpg","jetpack_sharing_enabled":true,"jetpack_shortlink":"https:\/\/wp.me\/p7ZJR4-2Bz","jetpack_likes_enabled":false,"jetpack-related-posts":[{"id":9741,"url":"https:\/\/www.grieta.org.mx\/index.php\/2016\/04\/26\/oposicion-a-ampliacion-de-linea-12-del-metro\/","url_meta":{"origin":10017,"position":0},"title":"Organizaci\u00f3n contra megaproyectos en el Poniente de la Ciudad de M\u00e9xico","author":"grieta","date":"26 abril, 2016","format":false,"excerpt":"25\/04\/16. Comuneros en Cuajimalpa son golpeados por oponerse a Tren InterurbanoSomos el medio 25\/04\/16. Golpeadores revientan protesta de comuneros por la construcci\u00f3n del tren interurbano M\u00e9xico-TolucaLa Jornada 05\/04\/16. Vecinos de poniente denuncian m\u00e1s proyectos en Poniente de CDMX que se suman al tren interurbano Apia Virtual 04\/04\/16. Se oponen vecinos\u2026","rel":"","context":"En &quot;Ciudad de M\u00e9xico&quot;","block_context":{"text":"Ciudad de M\u00e9xico","link":"https:\/\/www.grieta.org.mx\/index.php\/category\/noticias-nacionales\/ciudad-de-mexico\/"},"img":{"alt_text":"","src":"https:\/\/i0.wp.com\/www.grieta.org.mx\/wp-content\/uploads\/2018\/03\/14524434_1106112876131411_958039263622046936_o.jpg?resize=350%2C200&ssl=1","width":350,"height":200,"srcset":"https:\/\/i0.wp.com\/www.grieta.org.mx\/wp-content\/uploads\/2018\/03\/14524434_1106112876131411_958039263622046936_o.jpg?resize=350%2C200&ssl=1 1x, https:\/\/i0.wp.com\/www.grieta.org.mx\/wp-content\/uploads\/2018\/03\/14524434_1106112876131411_958039263622046936_o.jpg?resize=525%2C300&ssl=1 1.5x, https:\/\/i0.wp.com\/www.grieta.org.mx\/wp-content\/uploads\/2018\/03\/14524434_1106112876131411_958039263622046936_o.jpg?resize=700%2C400&ssl=1 2x"},"classes":[]},{"id":10013,"url":"https:\/\/www.grieta.org.mx\/index.php\/2015\/10\/22\/exigen-vecinos-acceder-a-proyecto-final-de-tren-mexico-toluca\/","url_meta":{"origin":10017,"position":1},"title":"Exigen vecinos acceder a proyecto final de Tren M\u00e9xico-Toluca","author":"grieta","date":"22 octubre, 2015","format":false,"excerpt":"El Universal Gerardo Su\u00e1rez Vecinos de la \u00c1lvaro Obreg\u00f3n se\u00f1alan que no han tenido acceso a informaci\u00f3n clara que les garantice que sus casas no ser\u00e1n afectadas por la construcci\u00f3n. Insistieron en estar inconformes con el cambio de trazo del tren interurbano M\u00e9xico-Toluca pues se\u00f1alaron que no han tenido acceso\u2026","rel":"","context":"En &quot;cdmx&quot;","block_context":{"text":"cdmx","link":"https:\/\/www.grieta.org.mx\/index.php\/category\/cdmx\/"},"img":{"alt_text":"","src":"https:\/\/i0.wp.com\/www.grieta.org.mx\/wp-content\/uploads\/2018\/03\/14524434_1106112876131411_958039263622046936_o.jpg?resize=350%2C200&ssl=1","width":350,"height":200,"srcset":"https:\/\/i0.wp.com\/www.grieta.org.mx\/wp-content\/uploads\/2018\/03\/14524434_1106112876131411_958039263622046936_o.jpg?resize=350%2C200&ssl=1 1x, https:\/\/i0.wp.com\/www.grieta.org.mx\/wp-content\/uploads\/2018\/03\/14524434_1106112876131411_958039263622046936_o.jpg?resize=525%2C300&ssl=1 1.5x, https:\/\/i0.wp.com\/www.grieta.org.mx\/wp-content\/uploads\/2018\/03\/14524434_1106112876131411_958039263622046936_o.jpg?resize=700%2C400&ssl=1 2x"},"classes":[]},{"id":10004,"url":"https:\/\/www.grieta.org.mx\/index.php\/2015\/10\/22\/reabren-frente-contra-tren-interurbano-mexico-toluca\/","url_meta":{"origin":10017,"position":2},"title":"Reabren frente contra Tren Interurbano M\u00e9xico-Toluca","author":"grieta","date":"22 octubre, 2015","format":false,"excerpt":"Excelsior Los inconformes se\u00f1alaron que el nuevo trazo por la zona de barrancas afectar\u00e1 decenas de viviendas Francisco Pazos Vecinos han demostrado su descontento con el proyecto del Tren Interurbano M\u00e9xico-Toluca. El debate por la construcci\u00f3n del Tren Interurbano M\u00e9xico-Toluca fue reabierto por vecinos de la zona baja de las\u2026","rel":"","context":"En &quot;CINTILLO&quot;","block_context":{"text":"CINTILLO","link":"https:\/\/www.grieta.org.mx\/index.php\/category\/cintillo\/"},"img":{"alt_text":"","src":"https:\/\/i0.wp.com\/www.grieta.org.mx\/wp-content\/uploads\/2018\/03\/14524434_1106112876131411_958039263622046936_o.jpg?resize=350%2C200&ssl=1","width":350,"height":200,"srcset":"https:\/\/i0.wp.com\/www.grieta.org.mx\/wp-content\/uploads\/2018\/03\/14524434_1106112876131411_958039263622046936_o.jpg?resize=350%2C200&ssl=1 1x, https:\/\/i0.wp.com\/www.grieta.org.mx\/wp-content\/uploads\/2018\/03\/14524434_1106112876131411_958039263622046936_o.jpg?resize=525%2C300&ssl=1 1.5x, https:\/\/i0.wp.com\/www.grieta.org.mx\/wp-content\/uploads\/2018\/03\/14524434_1106112876131411_958039263622046936_o.jpg?resize=700%2C400&ssl=1 2x"},"classes":[]},{"id":71905,"url":"https:\/\/www.grieta.org.mx\/index.php\/2025\/07\/03\/vecinos-de-el-capulin-denuncian-un-ano-sin-soluciones-por-danos-del-tren-interurbano-mexico-toluca\/","url_meta":{"origin":10017,"position":3},"title":"Vecinos de El Capul\u00edn denuncian un a\u00f1o sin soluciones por da\u00f1os del Tren Interurbano M\u00e9xico-Toluca","author":"grieta","date":"3 julio, 2025","format":false,"excerpt":"Al menos 30 viviendas de la colonia El Capul\u00edn presentan da\u00f1os estructurales debido a las obras del Tren Interurbano\u00a0\/\u00a0Foto\/ Ignacio Huitzil Aurelio S\u00e1nchez \/ La Prensa Advirtieron que los apoyos mensuales podr\u00edan ser retirados por parte de la Comisi\u00f3n de Transporte Ferroviario, bajo el argumento de que deben justificar los\u2026","rel":"","context":"En &quot;CINTILLO&quot;","block_context":{"text":"CINTILLO","link":"https:\/\/www.grieta.org.mx\/index.php\/category\/cintillo\/"},"img":{"alt_text":"","src":"https:\/\/i0.wp.com\/www.grieta.org.mx\/wp-content\/uploads\/2025\/07\/Captura-de-pantalla-2025-07-03-224710.png?resize=350%2C200&ssl=1","width":350,"height":200,"srcset":"https:\/\/i0.wp.com\/www.grieta.org.mx\/wp-content\/uploads\/2025\/07\/Captura-de-pantalla-2025-07-03-224710.png?resize=350%2C200&ssl=1 1x, https:\/\/i0.wp.com\/www.grieta.org.mx\/wp-content\/uploads\/2025\/07\/Captura-de-pantalla-2025-07-03-224710.png?resize=525%2C300&ssl=1 1.5x, https:\/\/i0.wp.com\/www.grieta.org.mx\/wp-content\/uploads\/2025\/07\/Captura-de-pantalla-2025-07-03-224710.png?resize=700%2C400&ssl=1 2x"},"classes":[]},{"id":71129,"url":"https:\/\/www.grieta.org.mx\/index.php\/2025\/02\/24\/vecinos-de-el-capulin-exigen-dictamenes-de-riesgo-por-obras-del-tren-interurbano-ciudad-de-mexico\/","url_meta":{"origin":10017,"position":4},"title":"Vecinos de El Capul\u00edn exigen dict\u00e1menes de riesgo por obras del Tren Interurbano (Ciudad de M\u00e9xico)","author":"grieta","date":"24 febrero, 2025","format":false,"excerpt":"Denunciaron la omisi\u00f3n de la arquitecta Sandy Mu\u00f1oz, directora ejecutiva del Tren Interurbano \/ Foto Cortes\u00eda: vecinos El Capul\u00edn Aurelio S\u00e1nchez \/ La Prensa Habitantes de la colonia El Capul\u00edn, en la alcald\u00eda \u00c1lvaro Obreg\u00f3n, se manifestaron esta ma\u00f1ana en las oficinas de la Secretar\u00eda de Obras y Servicios de\u2026","rel":"","context":"En &quot;CINTILLO&quot;","block_context":{"text":"CINTILLO","link":"https:\/\/www.grieta.org.mx\/index.php\/category\/cintillo\/"},"img":{"alt_text":"Vecinos Capulin  (1)","src":"https:\/\/i0.wp.com\/oem.com.mx\/la-prensa\/img\/21838752\/1740397353\/BASE_LANDSCAPE\/1200\/Vecinos%20Capulin%20%20%281%29.webp?resize=350%2C200&ssl=1","width":350,"height":200,"srcset":"https:\/\/i0.wp.com\/oem.com.mx\/la-prensa\/img\/21838752\/1740397353\/BASE_LANDSCAPE\/1200\/Vecinos%20Capulin%20%20%281%29.webp?resize=350%2C200&ssl=1 1x, https:\/\/i0.wp.com\/oem.com.mx\/la-prensa\/img\/21838752\/1740397353\/BASE_LANDSCAPE\/1200\/Vecinos%20Capulin%20%20%281%29.webp?resize=525%2C300&ssl=1 1.5x, https:\/\/i0.wp.com\/oem.com.mx\/la-prensa\/img\/21838752\/1740397353\/BASE_LANDSCAPE\/1200\/Vecinos%20Capulin%20%20%281%29.webp?resize=700%2C400&ssl=1 2x, https:\/\/i0.wp.com\/oem.com.mx\/la-prensa\/img\/21838752\/1740397353\/BASE_LANDSCAPE\/1200\/Vecinos%20Capulin%20%20%281%29.webp?resize=1050%2C600&ssl=1 3x"},"classes":[]},{"id":11381,"url":"https:\/\/www.grieta.org.mx\/index.php\/2016\/04\/25\/golpeadores-revientan-protesta-de-comuneros-por-la-construccion-del-tren-interurbano-mexico-toluca\/","url_meta":{"origin":10017,"position":5},"title":"Golpeadores revientan protesta de comuneros por la construcci\u00f3n del tren interurbano M\u00e9xico-Toluca","author":"grieta","date":"25 abril, 2016","format":false,"excerpt":"Ra\u00fal Llanos Samaniego Denunciaban el da\u00f1o que causa la obra; acusan a Gabino Sandoval de los ataques Cuando protestaban por el da\u00f1o ambiental que sufrir\u00e1 Cuajimalpa por la construcci\u00f3n de la v\u00eda del tren interurbano M\u00e9xico-Toluca, habitantes del pueblo de San Lorenzo Acopilco fueron agredidos por golpeadores, y al menos\u2026","rel":"","context":"En &quot;cdmx&quot;","block_context":{"text":"cdmx","link":"https:\/\/www.grieta.org.mx\/index.php\/category\/cdmx\/"},"img":{"alt_text":"","src":"https:\/\/i0.wp.com\/www.grieta.org.mx\/wp-content\/uploads\/2018\/03\/14524434_1106112876131411_958039263622046936_o.jpg?resize=350%2C200&ssl=1","width":350,"height":200,"srcset":"https:\/\/i0.wp.com\/www.grieta.org.mx\/wp-content\/uploads\/2018\/03\/14524434_1106112876131411_958039263622046936_o.jpg?resize=350%2C200&ssl=1 1x, https:\/\/i0.wp.com\/www.grieta.org.mx\/wp-content\/uploads\/2018\/03\/14524434_1106112876131411_958039263622046936_o.jpg?resize=525%2C300&ssl=1 1.5x, https:\/\/i0.wp.com\/www.grieta.org.mx\/wp-content\/uploads\/2018\/03\/14524434_1106112876131411_958039263622046936_o.jpg?resize=700%2C400&ssl=1 2x"},"classes":[]}],"_links":{"self":[{"href":"https:\/\/www.grieta.org.mx\/index.php\/wp-json\/wp\/v2\/posts\/10017","targetHints":{"allow":["GET"]}}],"collection":[{"href":"https:\/\/www.grieta.org.mx\/index.php\/wp-json\/wp\/v2\/posts"}],"about":[{"href":"https:\/\/www.grieta.org.mx\/index.php\/wp-json\/wp\/v2\/types\/post"}],"author":[{"embeddable":true,"href":"https:\/\/www.grieta.org.mx\/index.php\/wp-json\/wp\/v2\/users\/2"}],"replies":[{"embeddable":true,"href":"https:\/\/www.grieta.org.mx\/index.php\/wp-json\/wp\/v2\/comments?post=10017"}],"version-history":[{"count":1,"href":"https:\/\/www.grieta.org.mx\/index.php\/wp-json\/wp\/v2\/posts\/10017\/revisions"}],"predecessor-version":[{"id":10018,"href":"https:\/\/www.grieta.org.mx\/index.php\/wp-json\/wp\/v2\/posts\/10017\/revisions\/10018"}],"wp:featuredmedia":[{"embeddable":true,"href":"https:\/\/www.grieta.org.mx\/index.php\/wp-json\/wp\/v2\/media\/21928"}],"wp:attachment":[{"href":"https:\/\/www.grieta.org.mx\/index.php\/wp-json\/wp\/v2\/media?parent=10017"}],"wp:term":[{"taxonomy":"category","embeddable":true,"href":"https:\/\/www.grieta.org.mx\/index.php\/wp-json\/wp\/v2\/categories?post=10017"},{"taxonomy":"post_tag","embeddable":true,"href":"https:\/\/www.grieta.org.mx\/index.php\/wp-json\/wp\/v2\/tags?post=10017"}],"curies":[{"name":"wp","href":"https:\/\/api.w.org\/{rel}","templated":true}]}}