{"id":10008,"date":"2015-10-14T18:20:18","date_gmt":"2015-10-14T18:20:18","guid":{"rendered":"http:\/\/www.grieta.org.mx\/?p=10008"},"modified":"2016-04-08T18:26:29","modified_gmt":"2016-04-08T18:26:29","slug":"tren-mexico-toluca-cambia-de-ruta-para-rodear-santa-fe","status":"publish","type":"post","link":"https:\/\/www.grieta.org.mx\/index.php\/2015\/10\/14\/tren-mexico-toluca-cambia-de-ruta-para-rodear-santa-fe\/","title":{"rendered":"Tren M\u00e9xico-Toluca cambia de ruta para rodear Santa Fe"},"content":{"rendered":"<p>Forbes<\/p>\n<p>El proyecto alterar\u00e1 4.3 kil\u00f3metros de su ruta original, y pasar\u00e1 sobre predios federales de Tacubaya y metro Observatorio.<\/p>\n<p>El proyecto de tren M\u00e9xico-Toluca modific\u00f3 su ruta y ya no pasar\u00e1 por avenida Vasco de Quiroga, con la intenci\u00f3n de no molestar a los vecinos del pueblo de Santa Fe, as\u00ed como habitantes de \u00c1lvaro Obreg\u00f3n y Cuajimalpa, inform\u00f3 la Secretar\u00eda de Comunicaciones y Transportes (SCT) y Gobierno del Distrito Federal (GDF) en un comunicado.<\/p>\n<p>De esta forma, el tren alterar\u00e1 4.3 kil\u00f3metros de su ruta original, y pasar\u00e1 sobre barranca del r\u00edo Tacubaya y metro Observatorio.<\/p>\n<p>Los predios por donde pasar\u00e1 el tren son, en su mayor\u00eda, federales, pertenecientes a la Secretar\u00eda de la Defensa Nacional (Sedena) y la Comisi\u00f3n Nacional del Agua (Conagua), pero el documento no especific\u00f3 cu\u00e1ntos previos privados ser\u00edan afectados con el redise\u00f1o de la ruta.<\/p>\n<p>La zona de Santa Fe, que colinda con el Estado de M\u00e9xico, concentra m\u00faltiples edificios corporativos, complejos residenciales, as\u00ed como universidades privadas.<\/p>\n<p>A continuaci\u00f3n, te presentamos el mapa con la nueva ruta del tren M\u00e9xico-Toluca.<\/p>\n<p><img decoding=\"async\" data-attachment-id=\"10009\" data-permalink=\"https:\/\/www.grieta.org.mx\/index.php\/2015\/10\/14\/tren-mexico-toluca-cambia-de-ruta-para-rodear-santa-fe\/tren-mex-tol-2\/\" data-orig-file=\"https:\/\/www.grieta.org.mx\/wp-content\/uploads\/2016\/04\/TREN-MEX-TOL-2.jpg\" data-orig-size=\"3874,2240\" data-comments-opened=\"0\" data-image-meta=\"{&quot;aperture&quot;:&quot;0&quot;,&quot;credit&quot;:&quot;&quot;,&quot;camera&quot;:&quot;&quot;,&quot;caption&quot;:&quot;&quot;,&quot;created_timestamp&quot;:&quot;0&quot;,&quot;copyright&quot;:&quot;&quot;,&quot;focal_length&quot;:&quot;0&quot;,&quot;iso&quot;:&quot;0&quot;,&quot;shutter_speed&quot;:&quot;0&quot;,&quot;title&quot;:&quot;&quot;,&quot;orientation&quot;:&quot;0&quot;}\" data-image-title=\"TREN-MEX-TOL-2\" data-image-description=\"\" data-image-caption=\"\" data-medium-file=\"https:\/\/www.grieta.org.mx\/wp-content\/uploads\/2016\/04\/TREN-MEX-TOL-2-300x173.jpg\" data-large-file=\"https:\/\/www.grieta.org.mx\/wp-content\/uploads\/2016\/04\/TREN-MEX-TOL-2-1024x592.jpg\" src=\"http:\/\/www.grieta.org.mx\/wp-content\/uploads\/2016\/04\/TREN-MEX-TOL-2-1024x592.jpg\" alt=\"TREN-MEX-TOL-2\" width=\"100%\" class=\"alignnone size-large wp-image-10009\" srcset=\"https:\/\/www.grieta.org.mx\/wp-content\/uploads\/2016\/04\/TREN-MEX-TOL-2-1024x592.jpg 1024w, https:\/\/www.grieta.org.mx\/wp-content\/uploads\/2016\/04\/TREN-MEX-TOL-2-300x173.jpg 300w, https:\/\/www.grieta.org.mx\/wp-content\/uploads\/2016\/04\/TREN-MEX-TOL-2-768x444.jpg 768w\" sizes=\"(max-width: 1024px) 100vw, 1024px\" \/><\/p>\n<p>(zoom completo dar click en el siguiente link: <a href=\"http:\/\/cdn.forbes.com.mx\/2015\/10\/TREN-MEX-TOL-2.jpg\" target=\"_blank\">http:\/\/cdn.forbes.com.mx\/2015\/10\/TREN-MEX-TOL-2.jpg<\/a> )<\/p>\n<p><a href=\"http:\/\/www.forbes.com.mx\/tren-mexico-toluca-cambia-de-ruta-para-rodear-santa-fe\/\" target=\"_blank\">http:\/\/www.forbes.com.mx\/tren-mexico-toluca-cambia-de-ruta-para-rodear-santa-fe\/<\/a><\/p>\n","protected":false},"excerpt":{"rendered":"<p>Forbes El proyecto alterar\u00e1 4.3 kil\u00f3metros de su ruta original, y pasar\u00e1 sobre predios federales de Tacubaya y metro Observatorio. El proyecto de tren M\u00e9xico-Toluca modific\u00f3 su ruta y ya &hellip; <a href=\"https:\/\/www.grieta.org.mx\/index.php\/2015\/10\/14\/tren-mexico-toluca-cambia-de-ruta-para-rodear-santa-fe\/\" class=\"more-link\">Leer m\u00e1s<\/a><\/p>\n","protected":false},"author":2,"featured_media":21928,"comment_status":"closed","ping_status":"closed","sticky":false,"template":"","format":"standard","meta":{"ngg_post_thumbnail":0,"_jetpack_newsletter_access":"","_jetpack_dont_email_post_to_subs":false,"_jetpack_newsletter_tier_id":0,"_jetpack_memberships_contains_paywalled_content":false,"_jetpack_memberships_contains_paid_content":false,"footnotes":""},"categories":[80],"tags":[597,588],"class_list":["post-10008","post","type-post","status-publish","format-standard","has-post-thumbnail","hentry","category-cintillo","tag-alvaro-obregon","tag-tren-interurbano","entry"],"jetpack_featured_media_url":"https:\/\/www.grieta.org.mx\/wp-content\/uploads\/2018\/03\/14524434_1106112876131411_958039263622046936_o.jpg","jetpack_sharing_enabled":true,"jetpack_shortlink":"https:\/\/wp.me\/p7ZJR4-2Bq","jetpack_likes_enabled":false,"jetpack-related-posts":[{"id":10013,"url":"https:\/\/www.grieta.org.mx\/index.php\/2015\/10\/22\/exigen-vecinos-acceder-a-proyecto-final-de-tren-mexico-toluca\/","url_meta":{"origin":10008,"position":0},"title":"Exigen vecinos acceder a proyecto final de Tren M\u00e9xico-Toluca","author":"grieta","date":"22 octubre, 2015","format":false,"excerpt":"El Universal Gerardo Su\u00e1rez Vecinos de la \u00c1lvaro Obreg\u00f3n se\u00f1alan que no han tenido acceso a informaci\u00f3n clara que les garantice que sus casas no ser\u00e1n afectadas por la construcci\u00f3n. Insistieron en estar inconformes con el cambio de trazo del tren interurbano M\u00e9xico-Toluca pues se\u00f1alaron que no han tenido acceso\u2026","rel":"","context":"En &quot;cdmx&quot;","block_context":{"text":"cdmx","link":"https:\/\/www.grieta.org.mx\/index.php\/category\/cdmx\/"},"img":{"alt_text":"","src":"https:\/\/i0.wp.com\/www.grieta.org.mx\/wp-content\/uploads\/2018\/03\/14524434_1106112876131411_958039263622046936_o.jpg?resize=350%2C200&ssl=1","width":350,"height":200,"srcset":"https:\/\/i0.wp.com\/www.grieta.org.mx\/wp-content\/uploads\/2018\/03\/14524434_1106112876131411_958039263622046936_o.jpg?resize=350%2C200&ssl=1 1x, https:\/\/i0.wp.com\/www.grieta.org.mx\/wp-content\/uploads\/2018\/03\/14524434_1106112876131411_958039263622046936_o.jpg?resize=525%2C300&ssl=1 1.5x, https:\/\/i0.wp.com\/www.grieta.org.mx\/wp-content\/uploads\/2018\/03\/14524434_1106112876131411_958039263622046936_o.jpg?resize=700%2C400&ssl=1 2x"},"classes":[]},{"id":10004,"url":"https:\/\/www.grieta.org.mx\/index.php\/2015\/10\/22\/reabren-frente-contra-tren-interurbano-mexico-toluca\/","url_meta":{"origin":10008,"position":1},"title":"Reabren frente contra Tren Interurbano M\u00e9xico-Toluca","author":"grieta","date":"22 octubre, 2015","format":false,"excerpt":"Excelsior Los inconformes se\u00f1alaron que el nuevo trazo por la zona de barrancas afectar\u00e1 decenas de viviendas Francisco Pazos Vecinos han demostrado su descontento con el proyecto del Tren Interurbano M\u00e9xico-Toluca. El debate por la construcci\u00f3n del Tren Interurbano M\u00e9xico-Toluca fue reabierto por vecinos de la zona baja de las\u2026","rel":"","context":"En &quot;CINTILLO&quot;","block_context":{"text":"CINTILLO","link":"https:\/\/www.grieta.org.mx\/index.php\/category\/cintillo\/"},"img":{"alt_text":"","src":"https:\/\/i0.wp.com\/www.grieta.org.mx\/wp-content\/uploads\/2018\/03\/14524434_1106112876131411_958039263622046936_o.jpg?resize=350%2C200&ssl=1","width":350,"height":200,"srcset":"https:\/\/i0.wp.com\/www.grieta.org.mx\/wp-content\/uploads\/2018\/03\/14524434_1106112876131411_958039263622046936_o.jpg?resize=350%2C200&ssl=1 1x, https:\/\/i0.wp.com\/www.grieta.org.mx\/wp-content\/uploads\/2018\/03\/14524434_1106112876131411_958039263622046936_o.jpg?resize=525%2C300&ssl=1 1.5x, https:\/\/i0.wp.com\/www.grieta.org.mx\/wp-content\/uploads\/2018\/03\/14524434_1106112876131411_958039263622046936_o.jpg?resize=700%2C400&ssl=1 2x"},"classes":[]},{"id":10020,"url":"https:\/\/www.grieta.org.mx\/index.php\/2015\/10\/06\/ino-quieren-el-tren\/","url_meta":{"origin":10008,"position":2},"title":"iNO QUIEREN EL TREN!","author":"grieta","date":"6 octubre, 2015","format":false,"excerpt":"La Prensa Noel F. Al\u00adva\u00adra\u00addo, Ve\u00adci\u00adnos de la Co\u00adlo\u00adnia Mo\u00adli\u00adno de San\u00adto Do\u00admin\u00adgo en \u00c1l\u00adva\u00adro Obre\u00adg\u00f3n, des\u00adqui\u00adcia\u00adron ayer la cir\u00adcu\u00adla\u00adci\u00f3n ve\u00adhi\u00adcu\u00adlar por m\u00e1s de cin\u00adco ho\u00adras, al blo\u00adquear la cir\u00adcu\u00adla\u00adci\u00f3n de las ave\u00adni\u00addas de Las To\u00adrres y Ob\u00adser\u00adva\u00adto\u00adrio, as\u00ed co\u00admo Cons\u00adti\u00adtu\u00adyen\u00adtes. Ello en pro\u00adtes\u00adta por la cons\u00adtruc\u00adci\u00f3n del tren M\u00e9\u00adxi\u00adco-To\u00adlu\u00adca.\u2026","rel":"","context":"En &quot;CINTILLO&quot;","block_context":{"text":"CINTILLO","link":"https:\/\/www.grieta.org.mx\/index.php\/category\/cintillo\/"},"img":{"alt_text":"","src":"https:\/\/i0.wp.com\/www.grieta.org.mx\/wp-content\/uploads\/2018\/03\/14524434_1106112876131411_958039263622046936_o.jpg?resize=350%2C200&ssl=1","width":350,"height":200,"srcset":"https:\/\/i0.wp.com\/www.grieta.org.mx\/wp-content\/uploads\/2018\/03\/14524434_1106112876131411_958039263622046936_o.jpg?resize=350%2C200&ssl=1 1x, https:\/\/i0.wp.com\/www.grieta.org.mx\/wp-content\/uploads\/2018\/03\/14524434_1106112876131411_958039263622046936_o.jpg?resize=525%2C300&ssl=1 1.5x, https:\/\/i0.wp.com\/www.grieta.org.mx\/wp-content\/uploads\/2018\/03\/14524434_1106112876131411_958039263622046936_o.jpg?resize=700%2C400&ssl=1 2x"},"classes":[]},{"id":10017,"url":"https:\/\/www.grieta.org.mx\/index.php\/2015\/10\/06\/modifican-trazo-de-tren-mexico-toluca-ante-protestas\/","url_meta":{"origin":10008,"position":3},"title":"Modifican trazo de tren M\u00e9xico-Toluca ante protestas","author":"grieta","date":"6 octubre, 2015","format":false,"excerpt":"La Jornada Por Miriam Posada Gerardo Ruiz Esparza, secretario la SCT, durante la firma de las bases de licitaci\u00f3n del Tren Interurbano M\u00e9xico-Toluca\u201a en imagen de archivo. Foto Agencia MVT M\u00e9xico, DF. El secretario de Comunicaciones y Transportes, Gerardo Ruiz Esparza, y el jefe de Gobierno del Distrito Federal, Miguel\u2026","rel":"","context":"En &quot;CINTILLO&quot;","block_context":{"text":"CINTILLO","link":"https:\/\/www.grieta.org.mx\/index.php\/category\/cintillo\/"},"img":{"alt_text":"","src":"https:\/\/i0.wp.com\/www.grieta.org.mx\/wp-content\/uploads\/2018\/03\/14524434_1106112876131411_958039263622046936_o.jpg?resize=350%2C200&ssl=1","width":350,"height":200,"srcset":"https:\/\/i0.wp.com\/www.grieta.org.mx\/wp-content\/uploads\/2018\/03\/14524434_1106112876131411_958039263622046936_o.jpg?resize=350%2C200&ssl=1 1x, https:\/\/i0.wp.com\/www.grieta.org.mx\/wp-content\/uploads\/2018\/03\/14524434_1106112876131411_958039263622046936_o.jpg?resize=525%2C300&ssl=1 1.5x, https:\/\/i0.wp.com\/www.grieta.org.mx\/wp-content\/uploads\/2018\/03\/14524434_1106112876131411_958039263622046936_o.jpg?resize=700%2C400&ssl=1 2x"},"classes":[]},{"id":9741,"url":"https:\/\/www.grieta.org.mx\/index.php\/2016\/04\/26\/oposicion-a-ampliacion-de-linea-12-del-metro\/","url_meta":{"origin":10008,"position":4},"title":"Organizaci\u00f3n contra megaproyectos en el Poniente de la Ciudad de M\u00e9xico","author":"grieta","date":"26 abril, 2016","format":false,"excerpt":"25\/04\/16. Comuneros en Cuajimalpa son golpeados por oponerse a Tren InterurbanoSomos el medio 25\/04\/16. Golpeadores revientan protesta de comuneros por la construcci\u00f3n del tren interurbano M\u00e9xico-TolucaLa Jornada 05\/04\/16. Vecinos de poniente denuncian m\u00e1s proyectos en Poniente de CDMX que se suman al tren interurbano Apia Virtual 04\/04\/16. Se oponen vecinos\u2026","rel":"","context":"En &quot;Ciudad de M\u00e9xico&quot;","block_context":{"text":"Ciudad de M\u00e9xico","link":"https:\/\/www.grieta.org.mx\/index.php\/category\/noticias-nacionales\/ciudad-de-mexico\/"},"img":{"alt_text":"","src":"https:\/\/i0.wp.com\/www.grieta.org.mx\/wp-content\/uploads\/2018\/03\/14524434_1106112876131411_958039263622046936_o.jpg?resize=350%2C200&ssl=1","width":350,"height":200,"srcset":"https:\/\/i0.wp.com\/www.grieta.org.mx\/wp-content\/uploads\/2018\/03\/14524434_1106112876131411_958039263622046936_o.jpg?resize=350%2C200&ssl=1 1x, https:\/\/i0.wp.com\/www.grieta.org.mx\/wp-content\/uploads\/2018\/03\/14524434_1106112876131411_958039263622046936_o.jpg?resize=525%2C300&ssl=1 1.5x, https:\/\/i0.wp.com\/www.grieta.org.mx\/wp-content\/uploads\/2018\/03\/14524434_1106112876131411_958039263622046936_o.jpg?resize=700%2C400&ssl=1 2x"},"classes":[]},{"id":10023,"url":"https:\/\/www.grieta.org.mx\/index.php\/2015\/10\/05\/granaderos-de-sspdf-liberan-por-segunda-ocasion-avenida-constituyentes\/","url_meta":{"origin":10008,"position":5},"title":"Granaderos de SSPDF liberan por segunda ocasi\u00f3n avenida Constituyentes","author":"grieta","date":"5 octubre, 2015","format":false,"excerpt":"Noticias MVS Los inconformes instalaron peque\u00f1as barricadas para evitar el paso de los automovilistas y autobuses de pasajeros que se dirigen hacia la estaci\u00f3n observatorio, lo que oblig\u00f3 nuevamente a la intervenci\u00f3n policial. Juan Carlos Alarc\u00f3n L\u00f3pez Por segunda ocasi\u00f3n en el d\u00eda vecinos de diferentes colonias de la zona\u2026","rel":"","context":"En &quot;CINTILLO&quot;","block_context":{"text":"CINTILLO","link":"https:\/\/www.grieta.org.mx\/index.php\/category\/cintillo\/"},"img":{"alt_text":"","src":"https:\/\/i0.wp.com\/www.grieta.org.mx\/wp-content\/uploads\/2018\/03\/14524434_1106112876131411_958039263622046936_o.jpg?resize=350%2C200&ssl=1","width":350,"height":200,"srcset":"https:\/\/i0.wp.com\/www.grieta.org.mx\/wp-content\/uploads\/2018\/03\/14524434_1106112876131411_958039263622046936_o.jpg?resize=350%2C200&ssl=1 1x, https:\/\/i0.wp.com\/www.grieta.org.mx\/wp-content\/uploads\/2018\/03\/14524434_1106112876131411_958039263622046936_o.jpg?resize=525%2C300&ssl=1 1.5x, https:\/\/i0.wp.com\/www.grieta.org.mx\/wp-content\/uploads\/2018\/03\/14524434_1106112876131411_958039263622046936_o.jpg?resize=700%2C400&ssl=1 2x"},"classes":[]}],"_links":{"self":[{"href":"https:\/\/www.grieta.org.mx\/index.php\/wp-json\/wp\/v2\/posts\/10008","targetHints":{"allow":["GET"]}}],"collection":[{"href":"https:\/\/www.grieta.org.mx\/index.php\/wp-json\/wp\/v2\/posts"}],"about":[{"href":"https:\/\/www.grieta.org.mx\/index.php\/wp-json\/wp\/v2\/types\/post"}],"author":[{"embeddable":true,"href":"https:\/\/www.grieta.org.mx\/index.php\/wp-json\/wp\/v2\/users\/2"}],"replies":[{"embeddable":true,"href":"https:\/\/www.grieta.org.mx\/index.php\/wp-json\/wp\/v2\/comments?post=10008"}],"version-history":[{"count":1,"href":"https:\/\/www.grieta.org.mx\/index.php\/wp-json\/wp\/v2\/posts\/10008\/revisions"}],"predecessor-version":[{"id":10010,"href":"https:\/\/www.grieta.org.mx\/index.php\/wp-json\/wp\/v2\/posts\/10008\/revisions\/10010"}],"wp:featuredmedia":[{"embeddable":true,"href":"https:\/\/www.grieta.org.mx\/index.php\/wp-json\/wp\/v2\/media\/21928"}],"wp:attachment":[{"href":"https:\/\/www.grieta.org.mx\/index.php\/wp-json\/wp\/v2\/media?parent=10008"}],"wp:term":[{"taxonomy":"category","embeddable":true,"href":"https:\/\/www.grieta.org.mx\/index.php\/wp-json\/wp\/v2\/categories?post=10008"},{"taxonomy":"post_tag","embeddable":true,"href":"https:\/\/www.grieta.org.mx\/index.php\/wp-json\/wp\/v2\/tags?post=10008"}],"curies":[{"name":"wp","href":"https:\/\/api.w.org\/{rel}","templated":true}]}}