{"id":917,"count":5,"description":"","link":"https:\/\/www.grieta.org.mx\/index.php\/category\/temas-nacionales\/privatizacion-de-la-educacion-publica-analisis\/","name":"Crisis de la educaci\u00f3n p\u00fablica An\u00e1lisis","slug":"privatizacion-de-la-educacion-publica-analisis","taxonomy":"category","parent":83,"meta":[],"_links":{"self":[{"href":"https:\/\/www.grieta.org.mx\/index.php\/wp-json\/wp\/v2\/categories\/917","targetHints":{"allow":["GET"]}}],"collection":[{"href":"https:\/\/www.grieta.org.mx\/index.php\/wp-json\/wp\/v2\/categories"}],"about":[{"href":"https:\/\/www.grieta.org.mx\/index.php\/wp-json\/wp\/v2\/taxonomies\/category"}],"up":[{"embeddable":true,"href":"https:\/\/www.grieta.org.mx\/index.php\/wp-json\/wp\/v2\/categories\/83"}],"wp:post_type":[{"href":"https:\/\/www.grieta.org.mx\/index.php\/wp-json\/wp\/v2\/posts?categories=917"}],"curies":[{"name":"wp","href":"https:\/\/api.w.org\/{rel}","templated":true}]}}