{"id":2241,"count":9,"description":"","link":"https:\/\/www.grieta.org.mx\/index.php\/category\/noticias-nacionales\/queretaro\/reforma-educativa-y-evaluacion-al-desempeno-en-queretaro\/","name":"Reforma educativa y evaluaci\u00f3n al desempe\u00f1o en Quer\u00e9taro","slug":"reforma-educativa-y-evaluacion-al-desempeno-en-queretaro","taxonomy":"category","parent":27,"meta":[],"_links":{"self":[{"href":"https:\/\/www.grieta.org.mx\/index.php\/wp-json\/wp\/v2\/categories\/2241","targetHints":{"allow":["GET"]}}],"collection":[{"href":"https:\/\/www.grieta.org.mx\/index.php\/wp-json\/wp\/v2\/categories"}],"about":[{"href":"https:\/\/www.grieta.org.mx\/index.php\/wp-json\/wp\/v2\/taxonomies\/category"}],"up":[{"embeddable":true,"href":"https:\/\/www.grieta.org.mx\/index.php\/wp-json\/wp\/v2\/categories\/27"}],"wp:post_type":[{"href":"https:\/\/www.grieta.org.mx\/index.php\/wp-json\/wp\/v2\/posts?categories=2241"}],"curies":[{"name":"wp","href":"https:\/\/api.w.org\/{rel}","templated":true}]}}