{"id":9932,"date":"2016-04-06T01:20:34","date_gmt":"2016-04-06T01:20:34","guid":{"rendered":"http:\/\/www.grieta.org.mx\/?p=9932"},"modified":"2018-04-11T12:06:43","modified_gmt":"2018-04-11T17:06:43","slug":"se-lava-las-manos-la-empresa-comercializadora-petrolera-del-golfo-se-deslinda-de-los-pagos-de-mas-de-100-trabajadores-y-deja-todo-en-manos-de-la-outsourcing-kaf","status":"publish","type":"post","link":"http:\/\/www.grieta.org.mx\/index.php\/2016\/04\/06\/se-lava-las-manos-la-empresa-comercializadora-petrolera-del-golfo-se-deslinda-de-los-pagos-de-mas-de-100-trabajadores-y-deja-todo-en-manos-de-la-outsourcing-kaf\/","title":{"rendered":"\u201cSe lava las manos\u201d.  La empresa Comercializadora Petrolera del Golfo se deslinda de los pagos de m\u00e1s de 100 trabajadores y deja todo en manos de la outsourcing KAF"},"content":{"rendered":"<p> Campeche 6 de abril de  2016.- La empresa Comercializadora Petrolera del Golfo se deslinda de los pagos de m\u00e1s de 100 trabajadores y deja todo en manos de la outsourcing KAF, la cual mantiene en estado de alerta a nueve trabajadores por recesi\u00f3n de contrato, durante una junta de acuerdos entre la delegada de la STPS, Rita Dolores del R\u00edo Avila, el delgado de INFONAVIT y un representante del IMSS, as\u00ed como de la PROFEDET.<\/p>\n<p>A la junta, pactada desde el pasado viernes, asistieron cinco representantes de los 105 empleados de la empresa Comercializadora Petrolera del Golfo para darle seguimiento a su situaci\u00f3n laboral.<br \/>\nEn dicha reuni\u00f3n \u00e9stos entregaron una lista con los nombres de aproximadamente 90 trabajadores, los cuales se mantienen en el estatus de desempleados, de acuerdo a los informes, incluyendo en s\u00ed a trabajadores que a\u00fan se encontraban de vacaciones y de igual manera los est\u00e1n despidiendo.<\/p>\n<p>El argumento que la empresa les ha dado a los trabajadores es que ya no tienen los recursos para mantenerlos en la planilla laboral, situaci\u00f3n por la cual la outsourcing KAF decidi\u00f3 prescindir de sus servicios con la justificante que la empresa no hab\u00eda hecho los pagos correspondientes y \u00e9stos no pod\u00edan pertenecer m\u00e1s a su plantilla, situaci\u00f3n que mantiene confundidos a los trabajadores, pues por ambos lados se echan culpa y mientras a \u00e9stos no les pagan sus cuatro quincenas atrasadas y no los quieren liquidar conforme a la ley.<\/p>\n<p>De los 105 primeros con este problema, hay nueve trabajadores que se encuentran en un grave problema con el tiempo, pues el 17 de febrero fue el \u00faltimo pago que recibieron, por lo que de igual manera, ante el Instituto Mexicano del Seguro Social e INFONAVIT fue el \u00faltimo pago de la cuota patronal, poniendo en riesgo toda acci\u00f3n legal que se pueda efectuar en contra de la empresa por parte de las dependencias federales que pudieran ayudar o en su caso retrasar la situaci\u00f3n para los mismos.<\/p>\n<p>Del R\u00edo Avila se\u00f1al\u00f3 que es prioridad de la STPS, en conjunto con la Procuradur\u00eda Federal para la Defensa de los Trabajadores, acelerar el proceso primeramente de estos nueve empleados que est\u00e1n pronto a perder dicha liga con las instancias federales, ya que mencion\u00f3 el ejemplo que uno de los trabajadores que tiene un grave problema con la salud de su peque\u00f1a y con este despido afecta directamente el plan que ten\u00eda para su econom\u00eda y por ende para la seguridad de la peque\u00f1a que sufre la enfermedad de c\u00e1ncer.<\/p>\n<p>En el caso del IMSS y el INFONAVIT se buscar\u00e1 que estos trabajadores no pierdan dicha acreditaci\u00f3n como trabajadores de la empresa, estrategia que pudiera darle m\u00e1s tiempo a la PROFEDET y la STPS de actuar a favor de los 105 trabajadores que hoy son v\u00edctimas de los p\u00e9simos manejos del sector petrolero y de la insensibilidad de una empresa que no quiere hacerse responsables de sus obligaciones como contratadora de servicios.<\/p>\n<p>Ser\u00e1 en los pr\u00f3ximos d\u00edas cuando la STPS busque un acercamiento directo con Miguel Maldonado Rull\u00e1n, due\u00f1o de la empresa Comercializadora Petrolera del Golfo, en compa\u00f1\u00eda de su hijo y apoderado legal Daniel Maldonado y del hermano del primero Sergio Guti\u00e9rrez Rull\u00e1n, y de ser posible representantes de la misma outsourcing KAF, para buscar una soluci\u00f3n que ponga en primer plano el beneficio de los trabajadores y en segundo plano la estabilidad de la empresa que aparentemente con la situaci\u00f3n debe estar en planes de cerrar sus servicios. (Por Esto, foto de archivo)<\/p>\n<p><a href=\"http:\/\/www.desdeelbalcon.com\/se-lava-las-manos\/#.VwcIIXAkkzF\" target=\"_blank\">http:\/\/www.desdeelbalcon.com\/se-lava-las-manos\/#.VwcIIXAkkzF<\/a><\/p>\n","protected":false},"excerpt":{"rendered":"<p>Campeche 6 de abril de 2016.- La empresa Comercializadora Petrolera del Golfo se deslinda de los pagos de m\u00e1s de 100 trabajadores y deja todo en manos de la outsourcing &hellip; <a href=\"http:\/\/www.grieta.org.mx\/index.php\/2016\/04\/06\/se-lava-las-manos-la-empresa-comercializadora-petrolera-del-golfo-se-deslinda-de-los-pagos-de-mas-de-100-trabajadores-y-deja-todo-en-manos-de-la-outsourcing-kaf\/\" class=\"more-link\">Leer m\u00e1s<\/a><\/p>\n","protected":false},"author":2,"featured_media":21928,"comment_status":"closed","ping_status":"closed","sticky":false,"template":"","format":"standard","meta":{"ngg_post_thumbnail":0,"_jetpack_newsletter_access":"","_jetpack_dont_email_post_to_subs":false,"_jetpack_newsletter_tier_id":0,"_jetpack_memberships_contains_paywalled_content":false,"_jetpack_memberships_contains_paid_content":false,"footnotes":""},"categories":[123,11,80,1040],"tags":[105],"class_list":{"0":"post-9932","1":"post","2":"type-post","3":"status-publish","4":"format-standard","5":"has-post-thumbnail","6":"hentry","7":"category-campeche","9":"category-cintillo","10":"category-conflictos-laborales-en-campeche","11":"tag-derechos-laborales","12":"entry"},"jetpack_featured_media_url":"http:\/\/www.grieta.org.mx\/wp-content\/uploads\/2018\/03\/14524434_1106112876131411_958039263622046936_o.jpg","jetpack_sharing_enabled":true,"jetpack_shortlink":"https:\/\/wp.me\/p7ZJR4-2Ac","jetpack_likes_enabled":false,"jetpack-related-posts":[{"id":9598,"url":"http:\/\/www.grieta.org.mx\/index.php\/2016\/09\/10\/conflictos-laborales-en-campeche\/","url_meta":{"origin":9932,"position":0},"title":"Conflictos laborales en Campeche","author":"grieta","date":"10 septiembre, 2016","format":false,"excerpt":"10\/09\/16. Despiden a obreros de PASA por protestar (Campeche) Tribuna 09\/09\/16. Jubilados exigen pago de bonos (Campeche) Tribuna 06\/09\/16. Paran otra vez los polic\u00edas; sin bono (Campeche) Tribuna 30\/08\/16. Bloquean Planta de Nitr\u00f3geno Cantarell (Campeche) Tribuna 20\/08\/16. Paralizan labores en Cobacam (Campeche) Tribuna 12\/08\/16. Plantean demandas empleados del INAH (Campeche)\u2026","rel":"","context":"En &quot;Campeche&quot;","block_context":{"text":"Campeche","link":"http:\/\/www.grieta.org.mx\/index.php\/category\/noticias-nacionales\/campeche\/"},"img":{"alt_text":"","src":"https:\/\/i0.wp.com\/www.grieta.org.mx\/wp-content\/uploads\/2018\/03\/14524434_1106112876131411_958039263622046936_o.jpg?resize=350%2C200","width":350,"height":200,"srcset":"https:\/\/i0.wp.com\/www.grieta.org.mx\/wp-content\/uploads\/2018\/03\/14524434_1106112876131411_958039263622046936_o.jpg?resize=350%2C200 1x, https:\/\/i0.wp.com\/www.grieta.org.mx\/wp-content\/uploads\/2018\/03\/14524434_1106112876131411_958039263622046936_o.jpg?resize=525%2C300 1.5x, https:\/\/i0.wp.com\/www.grieta.org.mx\/wp-content\/uploads\/2018\/03\/14524434_1106112876131411_958039263622046936_o.jpg?resize=700%2C400 2x"},"classes":[]},{"id":15969,"url":"http:\/\/www.grieta.org.mx\/index.php\/2016\/07\/05\/denuncia-formal-campeche\/","url_meta":{"origin":9932,"position":1},"title":"Denuncia formal (Campeche)","author":"grieta","date":"5 julio, 2016","format":false,"excerpt":"Ante el incumplimiento de acuerdos, ex empleados demandar\u00e1n a la Comercializadora Petrolera del Golfo, con apoyo de la Profedet (Luis E. S\u00e1nchez Barrientos) CAMPECHE, Cam., 5 de julio.- Por incumplimiento en los acuerdos para el pago de su liquidaci\u00f3n a ex trabajadores por parte de la empresa Comercializadora Petrolera del\u2026","rel":"","context":"En &quot;campeche&quot;","block_context":{"text":"campeche","link":"http:\/\/www.grieta.org.mx\/index.php\/category\/campeche\/"},"img":{"alt_text":"","src":"https:\/\/i0.wp.com\/www.grieta.org.mx\/wp-content\/uploads\/2018\/03\/14524434_1106112876131411_958039263622046936_o.jpg?resize=350%2C200","width":350,"height":200,"srcset":"https:\/\/i0.wp.com\/www.grieta.org.mx\/wp-content\/uploads\/2018\/03\/14524434_1106112876131411_958039263622046936_o.jpg?resize=350%2C200 1x, https:\/\/i0.wp.com\/www.grieta.org.mx\/wp-content\/uploads\/2018\/03\/14524434_1106112876131411_958039263622046936_o.jpg?resize=525%2C300 1.5x, https:\/\/i0.wp.com\/www.grieta.org.mx\/wp-content\/uploads\/2018\/03\/14524434_1106112876131411_958039263622046936_o.jpg?resize=700%2C400 2x"},"classes":[]},{"id":10408,"url":"http:\/\/www.grieta.org.mx\/index.php\/2016\/04\/13\/bloqueo\/","url_meta":{"origin":9932,"position":2},"title":"Bloqueo","author":"grieta","date":"13 abril, 2016","format":false,"excerpt":"Por tercera ocasi\u00f3n, ex trabajadores de la Comercializadora Petrolera del Golfo cerraron ayer los accesos al muelle de Seybaplaya, debido al incumplimiento de pagos de las liquidaciones y quincenas \/ La STPS no hace nada al respecto para presionar a la empresa para que realice los pagos, afirman los ex\u2026","rel":"","context":"En &quot;campeche&quot;","block_context":{"text":"campeche","link":"http:\/\/www.grieta.org.mx\/index.php\/category\/campeche\/"},"img":{"alt_text":"","src":"https:\/\/i0.wp.com\/www.grieta.org.mx\/wp-content\/uploads\/2018\/03\/14524434_1106112876131411_958039263622046936_o.jpg?resize=350%2C200","width":350,"height":200,"srcset":"https:\/\/i0.wp.com\/www.grieta.org.mx\/wp-content\/uploads\/2018\/03\/14524434_1106112876131411_958039263622046936_o.jpg?resize=350%2C200 1x, https:\/\/i0.wp.com\/www.grieta.org.mx\/wp-content\/uploads\/2018\/03\/14524434_1106112876131411_958039263622046936_o.jpg?resize=525%2C300 1.5x, https:\/\/i0.wp.com\/www.grieta.org.mx\/wp-content\/uploads\/2018\/03\/14524434_1106112876131411_958039263622046936_o.jpg?resize=700%2C400 2x"},"classes":[]},{"id":10390,"url":"http:\/\/www.grieta.org.mx\/index.php\/2016\/04\/13\/culpan-empresa-a-pemex-por-no-pagar-a-despedidos\/","url_meta":{"origin":9932,"position":3},"title":"Culpan empresa a Pemex, por no pagar a despedidos","author":"grieta","date":"13 abril, 2016","format":false,"excerpt":"Por Ronny Aguilar CAMPECHE, Cam. 13 de abril del 2016.- El abogado de la empresa Excel Consultores S.A. de C.V. outsourcing de la compa\u00f1\u00eda de la familia de Mario Avila Lizarraga, Comercializadora Petrolera del Golfo, quien d\u00edas pasados despidi\u00f3 a m\u00e1s de 100 trabajadores, se\u00f1al\u00f3 que no se le pudo\u2026","rel":"","context":"En &quot;campeche&quot;","block_context":{"text":"campeche","link":"http:\/\/www.grieta.org.mx\/index.php\/category\/campeche\/"},"img":{"alt_text":"","src":"https:\/\/i0.wp.com\/www.grieta.org.mx\/wp-content\/uploads\/2018\/03\/14524434_1106112876131411_958039263622046936_o.jpg?resize=350%2C200","width":350,"height":200,"srcset":"https:\/\/i0.wp.com\/www.grieta.org.mx\/wp-content\/uploads\/2018\/03\/14524434_1106112876131411_958039263622046936_o.jpg?resize=350%2C200 1x, https:\/\/i0.wp.com\/www.grieta.org.mx\/wp-content\/uploads\/2018\/03\/14524434_1106112876131411_958039263622046936_o.jpg?resize=525%2C300 1.5x, https:\/\/i0.wp.com\/www.grieta.org.mx\/wp-content\/uploads\/2018\/03\/14524434_1106112876131411_958039263622046936_o.jpg?resize=700%2C400 2x"},"classes":[]},{"id":1761,"url":"http:\/\/www.grieta.org.mx\/index.php\/2016\/02\/07\/incendio-en-plataforma-de-pemex-de-abkatun-deja-tres-muertos\/","url_meta":{"origin":9932,"position":4},"title":"Incendio en plataforma de Pemex de Abkat\u00fan deja tres muertos","author":"grieta","date":"7 febrero, 2016","format":false,"excerpt":"Un incendio registrado en el \u00e1rea de comprensi\u00f3n de la plataforma de Petr\u00f3leos Mexicanos de Abkat\u00fan A, en el Golfo de M\u00e9xico, cobr\u00f3 la vida de tres trabajadores. CIUDAD DE M\u00c9XICO.- Petr\u00f3leos Mexicanos dio a conocer que tres trabajadores fallecieron y al menos siete m\u00e1s resultaron heridos en un incendio\u2026","rel":"","context":"En &quot;campeche&quot;","block_context":{"text":"campeche","link":"http:\/\/www.grieta.org.mx\/index.php\/category\/campeche\/"},"img":{"alt_text":"","src":"https:\/\/i0.wp.com\/www.grieta.org.mx\/wp-content\/uploads\/2018\/03\/14524434_1106112876131411_958039263622046936_o.jpg?resize=350%2C200","width":350,"height":200,"srcset":"https:\/\/i0.wp.com\/www.grieta.org.mx\/wp-content\/uploads\/2018\/03\/14524434_1106112876131411_958039263622046936_o.jpg?resize=350%2C200 1x, https:\/\/i0.wp.com\/www.grieta.org.mx\/wp-content\/uploads\/2018\/03\/14524434_1106112876131411_958039263622046936_o.jpg?resize=525%2C300 1.5x, https:\/\/i0.wp.com\/www.grieta.org.mx\/wp-content\/uploads\/2018\/03\/14524434_1106112876131411_958039263622046936_o.jpg?resize=700%2C400 2x"},"classes":[]},{"id":1742,"url":"http:\/\/www.grieta.org.mx\/index.php\/2015\/05\/05\/otro-accidente-en-la-sonda-de-campeche-confirma-pemex-2-muertos-y-mas-de-100-evacuados-por-percance-en-plataforma-troll-solution\/","url_meta":{"origin":9932,"position":5},"title":"Otro Accidente en la Sonda de Campeche: Confirma Pemex 2 muertos y m\u00e1s de 100 evacuados por percance en plataforma \u2018Troll Solution\u2019","author":"grieta","date":"5 mayo, 2015","format":false,"excerpt":"La plataforma Troll Solution, instalada frente a costas de Campeche en el Golfo de M\u00e9xico, habr\u00eda sufrido un accidente este martes por el que se lade\u00f3, inform\u00f3 Petr\u00f3leos Mexicanos (Pemex). Dos personas murieron tras el incidente, confirm\u00f3 la paraestatal en su cuenta de Twitter. En su cuenta de Twitter, la\u2026","rel":"","context":"En &quot;campeche&quot;","block_context":{"text":"campeche","link":"http:\/\/www.grieta.org.mx\/index.php\/category\/campeche\/"},"img":{"alt_text":"","src":"https:\/\/i0.wp.com\/www.grieta.org.mx\/wp-content\/uploads\/2018\/03\/14524434_1106112876131411_958039263622046936_o.jpg?resize=350%2C200","width":350,"height":200,"srcset":"https:\/\/i0.wp.com\/www.grieta.org.mx\/wp-content\/uploads\/2018\/03\/14524434_1106112876131411_958039263622046936_o.jpg?resize=350%2C200 1x, https:\/\/i0.wp.com\/www.grieta.org.mx\/wp-content\/uploads\/2018\/03\/14524434_1106112876131411_958039263622046936_o.jpg?resize=525%2C300 1.5x, https:\/\/i0.wp.com\/www.grieta.org.mx\/wp-content\/uploads\/2018\/03\/14524434_1106112876131411_958039263622046936_o.jpg?resize=700%2C400 2x"},"classes":[]}],"_links":{"self":[{"href":"http:\/\/www.grieta.org.mx\/index.php\/wp-json\/wp\/v2\/posts\/9932","targetHints":{"allow":["GET"]}}],"collection":[{"href":"http:\/\/www.grieta.org.mx\/index.php\/wp-json\/wp\/v2\/posts"}],"about":[{"href":"http:\/\/www.grieta.org.mx\/index.php\/wp-json\/wp\/v2\/types\/post"}],"author":[{"embeddable":true,"href":"http:\/\/www.grieta.org.mx\/index.php\/wp-json\/wp\/v2\/users\/2"}],"replies":[{"embeddable":true,"href":"http:\/\/www.grieta.org.mx\/index.php\/wp-json\/wp\/v2\/comments?post=9932"}],"version-history":[{"count":1,"href":"http:\/\/www.grieta.org.mx\/index.php\/wp-json\/wp\/v2\/posts\/9932\/revisions"}],"predecessor-version":[{"id":9936,"href":"http:\/\/www.grieta.org.mx\/index.php\/wp-json\/wp\/v2\/posts\/9932\/revisions\/9936"}],"wp:featuredmedia":[{"embeddable":true,"href":"http:\/\/www.grieta.org.mx\/index.php\/wp-json\/wp\/v2\/media\/21928"}],"wp:attachment":[{"href":"http:\/\/www.grieta.org.mx\/index.php\/wp-json\/wp\/v2\/media?parent=9932"}],"wp:term":[{"taxonomy":"category","embeddable":true,"href":"http:\/\/www.grieta.org.mx\/index.php\/wp-json\/wp\/v2\/categories?post=9932"},{"taxonomy":"post_tag","embeddable":true,"href":"http:\/\/www.grieta.org.mx\/index.php\/wp-json\/wp\/v2\/tags?post=9932"}],"curies":[{"name":"wp","href":"https:\/\/api.w.org\/{rel}","templated":true}]}}