{"id":9811,"date":"2016-03-30T00:57:02","date_gmt":"2016-03-30T00:57:02","guid":{"rendered":"http:\/\/www.grieta.org.mx\/?p=9811"},"modified":"2016-04-06T01:00:22","modified_gmt":"2016-04-06T01:00:22","slug":"estalla-huelga-en-cecyteg-en-guanajuato-maestros-exigen-mejores-salarios-y-condiciones-dignas-de-trabajo","status":"publish","type":"post","link":"http:\/\/www.grieta.org.mx\/index.php\/2016\/03\/30\/estalla-huelga-en-cecyteg-en-guanajuato-maestros-exigen-mejores-salarios-y-condiciones-dignas-de-trabajo\/","title":{"rendered":"Estalla huelga en Cecyteg en Guanajuato, maestros exigen mejores salarios y condiciones dignas de trabajo"},"content":{"rendered":"<p>Jorge Hern\u00e1ndez, Le\u00f3n, Gto.<\/p>\n<p><img loading=\"lazy\" decoding=\"async\" data-attachment-id=\"9814\" data-permalink=\"http:\/\/www.grieta.org.mx\/index.php\/2016\/03\/30\/estalla-huelga-en-cecyteg-en-guanajuato-maestros-exigen-mejores-salarios-y-condiciones-dignas-de-trabajo\/photo_2016-03-30_12-38-29\/\" data-orig-file=\"http:\/\/www.grieta.org.mx\/wp-content\/uploads\/2016\/04\/photo_2016-03-30_12-38-29.jpg\" data-orig-size=\"1040,780\" data-comments-opened=\"0\" data-image-meta=\"{&quot;aperture&quot;:&quot;0&quot;,&quot;credit&quot;:&quot;&quot;,&quot;camera&quot;:&quot;&quot;,&quot;caption&quot;:&quot;&quot;,&quot;created_timestamp&quot;:&quot;0&quot;,&quot;copyright&quot;:&quot;&quot;,&quot;focal_length&quot;:&quot;0&quot;,&quot;iso&quot;:&quot;0&quot;,&quot;shutter_speed&quot;:&quot;0&quot;,&quot;title&quot;:&quot;&quot;,&quot;orientation&quot;:&quot;0&quot;}\" data-image-title=\"photo_2016-03-30_12-38-29\" data-image-description=\"\" data-image-caption=\"\" data-medium-file=\"http:\/\/www.grieta.org.mx\/wp-content\/uploads\/2016\/04\/photo_2016-03-30_12-38-29-300x225.jpg\" data-large-file=\"http:\/\/www.grieta.org.mx\/wp-content\/uploads\/2016\/04\/photo_2016-03-30_12-38-29-1024x768.jpg\" src=\"http:\/\/www.grieta.org.mx\/wp-content\/uploads\/2016\/04\/photo_2016-03-30_12-38-29-1024x768.jpg\" alt=\"photo_2016-03-30_12-38-29\" width=\"1024\" height=\"768\" class=\"alignnone size-large wp-image-9814\" srcset=\"http:\/\/www.grieta.org.mx\/wp-content\/uploads\/2016\/04\/photo_2016-03-30_12-38-29-1024x768.jpg 1024w, http:\/\/www.grieta.org.mx\/wp-content\/uploads\/2016\/04\/photo_2016-03-30_12-38-29-300x225.jpg 300w, http:\/\/www.grieta.org.mx\/wp-content\/uploads\/2016\/04\/photo_2016-03-30_12-38-29-768x576.jpg 768w, http:\/\/www.grieta.org.mx\/wp-content\/uploads\/2016\/04\/photo_2016-03-30_12-38-29.jpg 1040w\" sizes=\"auto, (max-width: 1024px) 100vw, 1024px\" \/><\/p>\n<p>Miembros del Sindicato de trabajadores del Colegio de Estudios Cient\u00edficos y Tecnol\u00f3gicos del Estado de Guanajuato (STESCECyTEG) estallaron la huelga en los 56 planteles del estado.<\/p>\n<p>Hortensia Granados, Secretaria General del Sindicato, acompa\u00f1ada de 20 personas m\u00e1s del Comit\u00e9 Ejecutivo Sindical, se reunieron en las instalaciones generales ubicadas sobre la calle Mar de Timor, en la colonia Jardines de la Pradera, en Le\u00f3n.<\/p>\n<p>Los manifestantes colocaron la emblem\u00e1tica manta roja con negro en las puertas de las instalaciones.<\/p>\n<p>La secretaria asegur\u00f3 que la huelga es para salvaguardar a la instituci\u00f3n.<\/p>\n<p>Asimismo, explic\u00f3 que esta acci\u00f3n en son con el fin de hacer de la instituci\u00f3n una de primer mundo, adem\u00e1s de se\u00f1alar que buscar\u00e1n la destituci\u00f3n de la directora geberal de CECyTEG, Virginia Aguilera Santoyo.<\/p>\n<p>    \u201cQue se tenga un interlocutor que tenga capacidad, que tenga idoneidad para poder resolver todos los asuntos de la instituci\u00f3n. En este momento cada vez va en deterioro de los derechos de todos los trabajadores, el abuso de la gente de oficinas generales sobre los dem\u00e1s que laboramos\u201d, dijo Hortensia Granados.<\/p>\n<p>Responsabiliza a Virginia Aguilera si alumnos no tienen clases<\/p>\n<p>La secretaria Hortensia Granados asegur\u00f3 que la huelga no va a afectar a los estudiantes debido a que en estos momentos se encuentran en periodo vacacional, sin embargo, en caso de que los alumnos pierdan sus clases, la directora Virginia Aguilera ser\u00e1 la responsable.<\/p>\n<p>    \u201cResponsabilizo a esta persona (Virginia Aguilera) que ha defraudado al se\u00f1or gobernador su confianza porque no ha tenido en ning\u00fan momento el menor inter\u00e9s por esta instituci\u00f3n\u201d, dijo Hortensia.<\/p>\n<p>Postura de la SEP<\/p>\n<p>Pos su parte, la Secretar\u00eda de Educaci\u00f3n, en comunicado de prensa, se\u00f1ala que la negativa de llegar a un acuerdo por parte de Hortensia Granados Avil\u00e9s se debi\u00f3 a que sus peticiones personales no fueron aceptadas, las cuales estaban por encima de la demanda inicial de emplazamiento a huelga que fue el incremento salarial.<\/p>\n<p>Las autoridades se\u00f1alaron que esta huelga afectar\u00e1 a m\u00e1s de 35 mil alumnos.<\/p>\n<p>El comunicado apunta:<\/p>\n<p>\u201cCabe se\u00f1alar que el punto toral de este emplazamiento es el incremento salarial, el cual es de competencia federal, y solicitar dar cumplimiento a la cl\u00e1usula 48 del Contrato Colectivo de Trabajo (CCT) que otorga a los cuatro miembros del comit\u00e9 sindical PERMISO PERMANENTE CON GOCE INTEGRO DE SUELDO, (equivalente a 40 horas) para atender asuntos sindicales y no frente a grupo.<\/p>\n<p>\u201c(Hortensia Granados) tambi\u00e9n solicit\u00f3 la reinstalaci\u00f3n del maestro Agust\u00edn Arellano Rivera, a quien se rescindi\u00f3 su contrato por ausentarse de sus labores de manera injustificada (acumul\u00f3 4 inasistencias continuas) y del trabajador Miguel N\u00fa\u00f1ez L\u00f3pez, quien laboraba en el plantel Salvatierra, y que concluy\u00f3 su contrato en agosto de 2015\u201d.<\/p>\n<p><a href=\"http:\/\/zonafranca.mx\/551074-2\/\" target=\"_blank\">http:\/\/zonafranca.mx\/551074-2\/<\/a><\/p>\n","protected":false},"excerpt":{"rendered":"<p>Jorge Hern\u00e1ndez, Le\u00f3n, Gto. Miembros del Sindicato de trabajadores del Colegio de Estudios Cient\u00edficos y Tecnol\u00f3gicos del Estado de Guanajuato (STESCECyTEG) estallaron la huelga en los 56 planteles del estado. &hellip; <a href=\"http:\/\/www.grieta.org.mx\/index.php\/2016\/03\/30\/estalla-huelga-en-cecyteg-en-guanajuato-maestros-exigen-mejores-salarios-y-condiciones-dignas-de-trabajo\/\" class=\"more-link\">Leer m\u00e1s<\/a><\/p>\n","protected":false},"author":2,"featured_media":21928,"comment_status":"closed","ping_status":"closed","sticky":false,"template":"","format":"standard","meta":{"ngg_post_thumbnail":0,"_jetpack_newsletter_access":"","_jetpack_dont_email_post_to_subs":false,"_jetpack_newsletter_tier_id":0,"_jetpack_memberships_contains_paywalled_content":false,"_jetpack_memberships_contains_paid_content":false,"footnotes":""},"categories":[80],"tags":[],"class_list":["post-9811","post","type-post","status-publish","format-standard","has-post-thumbnail","hentry","category-cintillo","entry"],"jetpack_featured_media_url":"http:\/\/www.grieta.org.mx\/wp-content\/uploads\/2018\/03\/14524434_1106112876131411_958039263622046936_o.jpg","jetpack_sharing_enabled":true,"jetpack_shortlink":"https:\/\/wp.me\/p7ZJR4-2yf","jetpack_likes_enabled":false,"jetpack-related-posts":[{"id":64087,"url":"http:\/\/www.grieta.org.mx\/index.php\/2022\/04\/20\/sinttia-nuevo-sindicato-de-general-motors-en-silao-emplazara-a-huelga\/","url_meta":{"origin":9811,"position":0},"title":"SINTTIA, nuevo sindicato de General Motors en Silao emplazar\u00e1 a Huelga","author":"grieta","date":"20 abril, 2022","format":false,"excerpt":"Con informaci\u00f3n de El Debate, 20 de abril de 2022 Le\u00f3n, Guanajuato.- La relaci\u00f3n entre General Motors en Silao, Guanajuato y el Sindicato Independiente Nacional de Trabajadores y Trabajadoras de la Industria Automotriz (SINTTIA) sigue dando de qu\u00e9 hablar, ambas organizaciones sostuvieron hoy una reuni\u00f3n frente a un juez para\u2026","rel":"","context":"En &quot;CINTILLO&quot;","block_context":{"text":"CINTILLO","link":"http:\/\/www.grieta.org.mx\/index.php\/category\/cintillo\/"},"img":{"alt_text":"","src":"https:\/\/i0.wp.com\/www.grieta.org.mx\/wp-content\/uploads\/2022\/04\/https-_www.debate.com_.mx___export_1650472510148_sites_debate_img_2022_04_20_gm.jpg_346753400.jpg?resize=350%2C200","width":350,"height":200},"classes":[]},{"id":10244,"url":"http:\/\/www.grieta.org.mx\/index.php\/2016\/03\/15\/insistira-uaq-en-declarar-inexistente-la-huelga-preparan-amparo\/","url_meta":{"origin":9811,"position":1},"title":"Insistir\u00e1 UAQ en declarar inexistente la huelga; preparan amparo","author":"grieta","date":"15 marzo, 2016","format":false,"excerpt":"Redacci\u00f3n\/Quadrat\u00edn El abogado general de la Universidad, Oscar Guerra Becerra, coment\u00f3 que las autoridades universitarias preparan una nueva propuesta para que los trabajadores tomen una decisi\u00f3n. QUER\u00c9TARO, Qro., 15 de marzo de 2016.- Luego de que la Junta Local de Conciliaci\u00f3n y Arbitraje declarara leg\u00edtima la huelga del Sindicato de\u2026","rel":"","context":"En &quot;CINTILLO&quot;","block_context":{"text":"CINTILLO","link":"http:\/\/www.grieta.org.mx\/index.php\/category\/cintillo\/"},"img":{"alt_text":"","src":"https:\/\/i0.wp.com\/www.grieta.org.mx\/wp-content\/uploads\/2018\/03\/14524434_1106112876131411_958039263622046936_o.jpg?resize=350%2C200","width":350,"height":200,"srcset":"https:\/\/i0.wp.com\/www.grieta.org.mx\/wp-content\/uploads\/2018\/03\/14524434_1106112876131411_958039263622046936_o.jpg?resize=350%2C200 1x, https:\/\/i0.wp.com\/www.grieta.org.mx\/wp-content\/uploads\/2018\/03\/14524434_1106112876131411_958039263622046936_o.jpg?resize=525%2C300 1.5x, https:\/\/i0.wp.com\/www.grieta.org.mx\/wp-content\/uploads\/2018\/03\/14524434_1106112876131411_958039263622046936_o.jpg?resize=700%2C400 2x"},"classes":[]},{"id":12959,"url":"http:\/\/www.grieta.org.mx\/index.php\/2016\/05\/25\/niegan-amparo-al-sueum-la-huelga-sera-a-puertas-abiertas\/","url_meta":{"origin":9811,"position":2},"title":"Niegan amparo al SUEUM; la huelga ser\u00e1 a puertas abiertas","author":"grieta","date":"25 mayo, 2016","format":false,"excerpt":"Roberto Perfino Morelia, Michoac\u00e1n.- La juez neg\u00f3 al Sindicato \u00danico de Empleados de la Universidad Michoacana (SUEUM) la suspensi\u00f3n del acto reclamado en el amparo contra la huelga de puertas abiertas, por lo que las instalaciones de la m\u00e1xima casa de estudios seguir\u00e1n abiertas a los docentes y universitarios. El\u2026","rel":"","context":"En &quot;CINTILLO&quot;","block_context":{"text":"CINTILLO","link":"http:\/\/www.grieta.org.mx\/index.php\/category\/cintillo\/"},"img":{"alt_text":"","src":"https:\/\/i0.wp.com\/www.grieta.org.mx\/wp-content\/uploads\/2018\/03\/14524434_1106112876131411_958039263622046936_o.jpg?resize=350%2C200","width":350,"height":200,"srcset":"https:\/\/i0.wp.com\/www.grieta.org.mx\/wp-content\/uploads\/2018\/03\/14524434_1106112876131411_958039263622046936_o.jpg?resize=350%2C200 1x, https:\/\/i0.wp.com\/www.grieta.org.mx\/wp-content\/uploads\/2018\/03\/14524434_1106112876131411_958039263622046936_o.jpg?resize=525%2C300 1.5x, https:\/\/i0.wp.com\/www.grieta.org.mx\/wp-content\/uploads\/2018\/03\/14524434_1106112876131411_958039263622046936_o.jpg?resize=700%2C400 2x"},"classes":[]},{"id":10240,"url":"http:\/\/www.grieta.org.mx\/index.php\/2016\/03\/22\/junta-de-conciliacion-y-arbitraje-resuelve-levantamiento-de-la-huelga-en-la-uaq\/","url_meta":{"origin":9811,"position":3},"title":"Junta de Conciliaci\u00f3n y Arbitraje resuelve levantamiento de la huelga en la UAQ","author":"grieta","date":"22 marzo, 2016","format":false,"excerpt":"Diego Armando Rivera\/AM Quer\u00e9taro A trav\u00e9s de un comunicado, el gobierno estatal inform\u00f3 que \u201ceste 22 de marzo, la Junta de Conciliaci\u00f3n y Arbitraje (JCA) de la Secretar\u00eda del Trabajo resolvi\u00f3, a petici\u00f3n de parte del Sindicato de Trabajadores y Empleados de la Universidad Aut\u00f3noma de Quer\u00e9taro (STEUAQ), levantar la\u2026","rel":"","context":"En &quot;CINTILLO&quot;","block_context":{"text":"CINTILLO","link":"http:\/\/www.grieta.org.mx\/index.php\/category\/cintillo\/"},"img":{"alt_text":"","src":"https:\/\/i0.wp.com\/www.grieta.org.mx\/wp-content\/uploads\/2018\/03\/14524434_1106112876131411_958039263622046936_o.jpg?resize=350%2C200","width":350,"height":200,"srcset":"https:\/\/i0.wp.com\/www.grieta.org.mx\/wp-content\/uploads\/2018\/03\/14524434_1106112876131411_958039263622046936_o.jpg?resize=350%2C200 1x, https:\/\/i0.wp.com\/www.grieta.org.mx\/wp-content\/uploads\/2018\/03\/14524434_1106112876131411_958039263622046936_o.jpg?resize=525%2C300 1.5x, https:\/\/i0.wp.com\/www.grieta.org.mx\/wp-content\/uploads\/2018\/03\/14524434_1106112876131411_958039263622046936_o.jpg?resize=700%2C400 2x"},"classes":[]},{"id":4933,"url":"http:\/\/www.grieta.org.mx\/index.php\/2016\/03\/04\/estalla-la-huelga-en-la-uaq\/","url_meta":{"origin":9811,"position":4},"title":"Estalla la huelga en la UAQ","author":"grieta","date":"4 marzo, 2016","format":false,"excerpt":"Ulises Villar\/Quadrat\u00edn QUER\u00c9TARO, Qro., 4 de marzo de 2016.- En punto de las 12:00 horas, integrantes del Sindicato de Trabajadores y Empleados de la Universidad Aut\u00f3noma de Quer\u00e9taro (STEUAQ) comenzaron a colocar las banderas de huelga en las instalaciones de la m\u00e1xima casa de estudios, luego de que se cumpliera\u2026","rel":"","context":"En &quot;CINTILLO&quot;","block_context":{"text":"CINTILLO","link":"http:\/\/www.grieta.org.mx\/index.php\/category\/cintillo\/"},"img":{"alt_text":"","src":"https:\/\/i0.wp.com\/www.grieta.org.mx\/wp-content\/uploads\/2018\/03\/14524434_1106112876131411_958039263622046936_o.jpg?resize=350%2C200","width":350,"height":200,"srcset":"https:\/\/i0.wp.com\/www.grieta.org.mx\/wp-content\/uploads\/2018\/03\/14524434_1106112876131411_958039263622046936_o.jpg?resize=350%2C200 1x, https:\/\/i0.wp.com\/www.grieta.org.mx\/wp-content\/uploads\/2018\/03\/14524434_1106112876131411_958039263622046936_o.jpg?resize=525%2C300 1.5x, https:\/\/i0.wp.com\/www.grieta.org.mx\/wp-content\/uploads\/2018\/03\/14524434_1106112876131411_958039263622046936_o.jpg?resize=700%2C400 2x"},"classes":[]},{"id":50482,"url":"http:\/\/www.grieta.org.mx\/index.php\/2020\/06\/01\/empleados-de-kasai-convocan-a-huelga-tras-negarles-caja-de-ahorro-y-utilidades-guanajuato\/","url_meta":{"origin":9811,"position":5},"title":"Empleados de Kasai convocan a huelga tras negarles caja de ahorro y utilidades (Guanajuato)","author":"grieta","date":"1 junio, 2020","format":false,"excerpt":"Alfonsina \u00c1vila \/ Xona Franca, 1 de junio de 2020 Le\u00f3n, Gto. Tras la denuncia p\u00fablica que m\u00e1s de una centena de trabajadores de la empresa Kasai realiz\u00f3 a las puertas de la dirigencia estatal de la CTM en Guanajuato, estos optaron por convocar a una huelga justo frente a\u2026","rel":"","context":"En &quot;CINTILLO&quot;","block_context":{"text":"CINTILLO","link":"http:\/\/www.grieta.org.mx\/index.php\/category\/cintillo\/"},"img":{"alt_text":"","src":"https:\/\/i0.wp.com\/www.grieta.org.mx\/wp-content\/uploads\/2020\/06\/photo5661511897316435899.jpg?resize=350%2C200","width":350,"height":200,"srcset":"https:\/\/i0.wp.com\/www.grieta.org.mx\/wp-content\/uploads\/2020\/06\/photo5661511897316435899.jpg?resize=350%2C200 1x, https:\/\/i0.wp.com\/www.grieta.org.mx\/wp-content\/uploads\/2020\/06\/photo5661511897316435899.jpg?resize=525%2C300 1.5x, https:\/\/i0.wp.com\/www.grieta.org.mx\/wp-content\/uploads\/2020\/06\/photo5661511897316435899.jpg?resize=700%2C400 2x, https:\/\/i0.wp.com\/www.grieta.org.mx\/wp-content\/uploads\/2020\/06\/photo5661511897316435899.jpg?resize=1050%2C600 3x"},"classes":[]}],"_links":{"self":[{"href":"http:\/\/www.grieta.org.mx\/index.php\/wp-json\/wp\/v2\/posts\/9811","targetHints":{"allow":["GET"]}}],"collection":[{"href":"http:\/\/www.grieta.org.mx\/index.php\/wp-json\/wp\/v2\/posts"}],"about":[{"href":"http:\/\/www.grieta.org.mx\/index.php\/wp-json\/wp\/v2\/types\/post"}],"author":[{"embeddable":true,"href":"http:\/\/www.grieta.org.mx\/index.php\/wp-json\/wp\/v2\/users\/2"}],"replies":[{"embeddable":true,"href":"http:\/\/www.grieta.org.mx\/index.php\/wp-json\/wp\/v2\/comments?post=9811"}],"version-history":[{"count":1,"href":"http:\/\/www.grieta.org.mx\/index.php\/wp-json\/wp\/v2\/posts\/9811\/revisions"}],"predecessor-version":[{"id":9815,"href":"http:\/\/www.grieta.org.mx\/index.php\/wp-json\/wp\/v2\/posts\/9811\/revisions\/9815"}],"wp:featuredmedia":[{"embeddable":true,"href":"http:\/\/www.grieta.org.mx\/index.php\/wp-json\/wp\/v2\/media\/21928"}],"wp:attachment":[{"href":"http:\/\/www.grieta.org.mx\/index.php\/wp-json\/wp\/v2\/media?parent=9811"}],"wp:term":[{"taxonomy":"category","embeddable":true,"href":"http:\/\/www.grieta.org.mx\/index.php\/wp-json\/wp\/v2\/categories?post=9811"},{"taxonomy":"post_tag","embeddable":true,"href":"http:\/\/www.grieta.org.mx\/index.php\/wp-json\/wp\/v2\/tags?post=9811"}],"curies":[{"name":"wp","href":"https:\/\/api.w.org\/{rel}","templated":true}]}}