{"id":9710,"date":"2015-03-08T02:38:48","date_gmt":"2015-03-08T02:38:48","guid":{"rendered":"http:\/\/www.grieta.org.mx\/?p=9710"},"modified":"2016-04-04T02:40:44","modified_gmt":"2016-04-04T02:40:44","slug":"madres-de-los-43-normalistas-protestan-por-los-feminicidios-y-convocan-a-la-unidad","status":"publish","type":"post","link":"http:\/\/www.grieta.org.mx\/index.php\/2015\/03\/08\/madres-de-los-43-normalistas-protestan-por-los-feminicidios-y-convocan-a-la-unidad\/","title":{"rendered":"Madres de los 43 normalistas protestan por los feminicidios y convocan a la unidad"},"content":{"rendered":"<p>Somos el medio<\/p>\n<p>\u201cLa lucha de la mujer, es la lucha de las madres de Ayotzinapa\u201d<\/p>\n<p>por Perseo Greco<\/p>\n<p>M\u00e9xico, DF, 7 de marzo 2015.- Madres de los 43 normalistas desaparecidos de Ayotzinapa se reunieron en la Secci\u00f3n 9 de la Coordinadora Nacional de Trabajadores de la Educaci\u00f3n (CNTE), para denunciar su inconformidad sobre la situaci\u00f3n de discriminaci\u00f3n, violencia, feminicidios y la desaparici\u00f3n de mujeres en M\u00e9xico.<\/p>\n<p>El foro \u201cMujeres y Ayotzinapa\u201d fue convocado por la CNTE, participaron algunos colectivos como Pan y Rosas, Nuestras Hijas de Regreso a Casa, estudiantes de normales rurales de Oaxaca, la Coordinadora 1\u00ba de Diciembre, el Frente Amplio de Comunidades Marginadas del Estado de Oaxaca y Abogados Independientes.<\/p>\n<p>\u201cManual para la Carro\u00f1a de Carre\u00f1o\u201d fue el t\u00edtulo de la obra teatral con la que inici\u00f3 este evento a cargo del colectivo Cabaret Misterio, donde se denuncia con s\u00e1tira y humor negro la situaci\u00f3n de desigualdad social, violencia de g\u00e9nero y discriminaci\u00f3n sexual.<\/p>\n<p>\u201cA las madres de los 43 normalistas les dedicamos esta obra, a las mujeres asesinadas de Ju\u00e1rez y a todas las mujeres violentadas por esta cultura que nos impone el gobierno\u201d, coment\u00f3 Mercedes Hern\u00e1ndez, miembro del colectivo Cabaret.<\/p>\n<p>Se pidi\u00f3 la liberaci\u00f3n de la profesores Sara Altamirano, de Nestora Salgado, integrante de la Coordinadora Regional de Autoridades Comunitarias del Estado de Guerrero, y de Jaquelin Santana, estudiante de la Universidad Nacional Aut\u00f3noma de M\u00e9xico; todas ellas encarceladas por su activismo pol\u00edtico.<\/p>\n<p>\u201cExigimos alto a los feminicidios, no queremos ser objetos desechables, pues somos de carne y hueso\u201d, mencion\u00f3 Alejandra Torres, integrante de Pan y Rosas.<\/p>\n<p>Una de las participantes en el foro, Norma Andrade, denunci\u00f3 que: \u201cEl agresor de mi hija Alejandra fue por un funcionario p\u00fablico y no s\u00f3lo la asesin\u00f3 a ella, tambi\u00e9n a cinco chicas m\u00e1s. Yo he sufrido dos intentos de asesinato por denunciar e investigar a los culpables\u201d para finalizar dijo \u201cno podemos ser activistas en las redes, con un compartir no solucionaremos nada. Tenemos que salir a las calles, tenemos que unirnos y sumarnos a la lucha de todas las mujeres.\u201d<\/p>\n<p>\u201cYa son cinco meses y no sabemos nada de ellos. Si nos quieren matar que nos maten, pero seguiremos luchando por nuestros hijos, por los 43. Sabemos que ellos est\u00e1n vivos\u201d, coment\u00f3 Carmen, madre de Jorge An\u00edbal Cruz Mendoza, uno de los normalistas desaparecidos.<\/p>\n<p>Para finalizar el evento, se invit\u00f3 a participar este domingo 8 de marzo, a las 12:00 horas, a un acto pol\u00edtico-cultural en la explanada del Palacio de Bellas Artes y a una movilizaci\u00f3n a las 15:00 horas, que partir\u00e1 del \u00c1ngel de la Independencia al Monumento a la Madre; en acci\u00f3n por el D\u00eda Internacional de la Mujer, en protesta por los feminicidios y la desaparici\u00f3n de los 43 normalistas de Ayotzinapa.<\/p>\n<p><a href=\"http:\/\/www.somoselmedio.org\/article\/madres-de-los-43-normalistas-protestan-por-los-feminicidios-y-convocan-la-unidad\" target=\"_blank\">http:\/\/www.somoselmedio.org\/article\/madres-de-los-43-normalistas-protestan-por-los-feminicidios-y-convocan-la-unidad<\/a><\/p>\n","protected":false},"excerpt":{"rendered":"<p>Somos el medio \u201cLa lucha de la mujer, es la lucha de las madres de Ayotzinapa\u201d por Perseo Greco M\u00e9xico, DF, 7 de marzo 2015.- Madres de los 43 normalistas &hellip; <a href=\"http:\/\/www.grieta.org.mx\/index.php\/2015\/03\/08\/madres-de-los-43-normalistas-protestan-por-los-feminicidios-y-convocan-a-la-unidad\/\" class=\"more-link\">Leer m\u00e1s<\/a><\/p>\n","protected":false},"author":2,"featured_media":21928,"comment_status":"closed","ping_status":"closed","sticky":false,"template":"","format":"standard","meta":{"ngg_post_thumbnail":0,"_jetpack_newsletter_access":"","_jetpack_dont_email_post_to_subs":false,"_jetpack_newsletter_tier_id":0,"_jetpack_memberships_contains_paywalled_content":false,"_jetpack_memberships_contains_paid_content":false,"footnotes":""},"categories":[80],"tags":[229],"class_list":["post-9710","post","type-post","status-publish","format-standard","has-post-thumbnail","hentry","category-cintillo","tag-solidaridad-con-ayotzinapa","entry"],"jetpack_featured_media_url":"http:\/\/www.grieta.org.mx\/wp-content\/uploads\/2018\/03\/14524434_1106112876131411_958039263622046936_o.jpg","jetpack_sharing_enabled":true,"jetpack_shortlink":"https:\/\/wp.me\/p7ZJR4-2wC","jetpack_likes_enabled":false,"jetpack-related-posts":[{"id":4109,"url":"http:\/\/www.grieta.org.mx\/index.php\/2015\/11\/17\/4109\/","url_meta":{"origin":9710,"position":0},"title":"Movilizaciones por Ayotzinapa en Oaxaca","author":"grieta","date":"17 noviembre, 2015","format":false,"excerpt":"17\/11\/15. Normalistas marchan para repudiar represi\u00f3n contra estudiantes de Ayotzinapa P\u00e1gina 3 28\/10\/15. Normalistas realizan pintas frente al cuartel de infanter\u00eda Istmo Press 28\/09\/15. UCIZONI marcha por los 43 desparecidos de Ayotzinapa El Imparcial 26\/09\/15. Marcha magisterio de Oaxaca por Ayotzinapa NoticiasNet 25\/09\/15. Estudiantes zapotecas en desfile exigen con pancartas\u2026","rel":"","context":"En &quot;Desaparecidos&quot;","block_context":{"text":"Desaparecidos","link":"http:\/\/www.grieta.org.mx\/index.php\/category\/temas-nacionales\/desaparecidos\/"},"img":{"alt_text":"","src":"https:\/\/i0.wp.com\/www.grieta.org.mx\/wp-content\/uploads\/2018\/03\/14524434_1106112876131411_958039263622046936_o.jpg?resize=350%2C200","width":350,"height":200,"srcset":"https:\/\/i0.wp.com\/www.grieta.org.mx\/wp-content\/uploads\/2018\/03\/14524434_1106112876131411_958039263622046936_o.jpg?resize=350%2C200 1x, https:\/\/i0.wp.com\/www.grieta.org.mx\/wp-content\/uploads\/2018\/03\/14524434_1106112876131411_958039263622046936_o.jpg?resize=525%2C300 1.5x, https:\/\/i0.wp.com\/www.grieta.org.mx\/wp-content\/uploads\/2018\/03\/14524434_1106112876131411_958039263622046936_o.jpg?resize=700%2C400 2x"},"classes":[]},{"id":9694,"url":"http:\/\/www.grieta.org.mx\/index.php\/2016\/07\/31\/movilizaciones-por-ayotzinapa-en-la-ciudad-de-mexico\/","url_meta":{"origin":9710,"position":1},"title":"Movilizaciones por Ayotzinapa en la Ciudad de M\u00e9xico","author":"grieta","date":"31 julio, 2016","format":false,"excerpt":"27\/07\/16. 22 meses de exigir justicia para Ayotzinapa (CDMX)Ke Huelga Radio 07\/07\/16. Padres y madres de los normalistas instalan plant\u00f3n frente a la SRESomos el medio 27\/06\/16. 21 Meses sin ellos y el oportunismo beligeranteRadio Zapote 26\/04\/16. \u00a1GIEI, s\u00ed! \u00a1Pe\u00f1a, no!.. La exigencia a 19 meses de AyotzinapaM\u00e1s de 131\u2026","rel":"","context":"En &quot;Ciudad de M\u00e9xico&quot;","block_context":{"text":"Ciudad de M\u00e9xico","link":"http:\/\/www.grieta.org.mx\/index.php\/category\/noticias-nacionales\/ciudad-de-mexico\/"},"img":{"alt_text":"","src":"https:\/\/i0.wp.com\/www.grieta.org.mx\/wp-content\/uploads\/2018\/03\/14524434_1106112876131411_958039263622046936_o.jpg?resize=350%2C200","width":350,"height":200,"srcset":"https:\/\/i0.wp.com\/www.grieta.org.mx\/wp-content\/uploads\/2018\/03\/14524434_1106112876131411_958039263622046936_o.jpg?resize=350%2C200 1x, https:\/\/i0.wp.com\/www.grieta.org.mx\/wp-content\/uploads\/2018\/03\/14524434_1106112876131411_958039263622046936_o.jpg?resize=525%2C300 1.5x, https:\/\/i0.wp.com\/www.grieta.org.mx\/wp-content\/uploads\/2018\/03\/14524434_1106112876131411_958039263622046936_o.jpg?resize=700%2C400 2x"},"classes":[]},{"id":72250,"url":"http:\/\/www.grieta.org.mx\/index.php\/2025\/08\/27\/madres-y-padres-de-los-43-normalistas-exigen-a-claudia-sheinbaum-verdad-y-justicia-a-11-anos-de-ayotzinapa\/","url_meta":{"origin":9710,"position":2},"title":"Madres y padres de los 43 normalistas exigen a Claudia Sheinbaum verdad y justicia a 11 a\u00f1os de Ayotzinapa","author":"grieta","date":"27 agosto, 2025","format":false,"excerpt":"Por\u00a0Redacci\u00f3n\u00a0\/\u00a0@Somoselmedio Madres, padres y estudiantes exigen justicia y castigo a los responsables de la desaparici\u00f3n forzada de los 43 de Ayotzinapa, a 11 a\u00f1os de la tragedia. Denuncian la falta de avances en las investigaciones y la protecci\u00f3n del Ej\u00e9rcito por tres gobiernos. Ciudad de M\u00e9xico, 26 de agosto de\u2026","rel":"","context":"En &quot;CINTILLO&quot;","block_context":{"text":"CINTILLO","link":"http:\/\/www.grieta.org.mx\/index.php\/category\/cintillo\/"},"img":{"alt_text":"","src":"https:\/\/i0.wp.com\/www.grieta.org.mx\/wp-content\/uploads\/2025\/08\/Captura-de-pantalla-2025-08-28-215352.png?resize=350%2C200","width":350,"height":200},"classes":[]},{"id":5690,"url":"http:\/\/www.grieta.org.mx\/index.php\/2015\/03\/28\/pueblos-indigenas-del-cni-en-jalisco-reciben-a-normalistas-y-madres-de-los-desaparecidos-de-ayotzinapa\/","url_meta":{"origin":9710,"position":3},"title":"Pueblos Ind\u00edgenas del CNI en Jalisco reciben a normalistas y madres de los desaparecidos de Ayotzinapa.","author":"grieta","date":"28 marzo, 2015","format":false,"excerpt":"28\/03\/15. Las madres del los 43 en Ayotitl\u00e1n, Jalisco.Radio Zapote 25\/03\/15. Familiares de normalistas de Ayotzinapa recorren Jalisco M\u00e1s por m\u00e1s GDL-Cr\u00f3nica de Sociales 23\/03\/15. Normalistas y madres de Ayotzinapa marchar\u00e1n en\u00a0GuadalajaraRevista N\u00f3mada","rel":"","context":"En &quot;Jalisco&quot;","block_context":{"text":"Jalisco","link":"http:\/\/www.grieta.org.mx\/index.php\/category\/noticias-nacionales\/jalisco\/"},"img":{"alt_text":"","src":"https:\/\/i0.wp.com\/www.grieta.org.mx\/wp-content\/uploads\/2018\/03\/14524434_1106112876131411_958039263622046936_o.jpg?resize=350%2C200","width":350,"height":200,"srcset":"https:\/\/i0.wp.com\/www.grieta.org.mx\/wp-content\/uploads\/2018\/03\/14524434_1106112876131411_958039263622046936_o.jpg?resize=350%2C200 1x, https:\/\/i0.wp.com\/www.grieta.org.mx\/wp-content\/uploads\/2018\/03\/14524434_1106112876131411_958039263622046936_o.jpg?resize=525%2C300 1.5x, https:\/\/i0.wp.com\/www.grieta.org.mx\/wp-content\/uploads\/2018\/03\/14524434_1106112876131411_958039263622046936_o.jpg?resize=700%2C400 2x"},"classes":[]},{"id":69814,"url":"http:\/\/www.grieta.org.mx\/index.php\/2024\/09\/18\/a-10-anos-de-la-desaparicion-madres-y-padres-de-normalistas-de-ayotzinapa-inician-jornada-de-lucha\/","url_meta":{"origin":9710,"position":4},"title":"A 10 a\u00f1os de la desaparici\u00f3n, madres y padres de normalistas de Ayotzinapa inician jornada de lucha","author":"Admin","date":"18 septiembre, 2024","format":false,"excerpt":"Por: Luis Daniel Nava \/ Proceso CHILPANCINGO, Gro. (apro).- A ocho d\u00edas de cumplirse 10 a\u00f1os de la desaparici\u00f3n de sus hijos, las madres y padres de los 43 estudiantes de Ayotzinapa encabezaron una marcha con la iniciaron la jornada de lucha \u201cSin tregua, ni cuartel\u201d por la presentaci\u00f3n, justicia\u2026","rel":"","context":"En &quot;Caso Ayotzinapa&quot;","block_context":{"text":"Caso Ayotzinapa","link":"http:\/\/www.grieta.org.mx\/index.php\/category\/noticias-nacionales\/guerrero\/caso-ayotzinapa\/"},"img":{"alt_text":"","src":"https:\/\/i0.wp.com\/www.grieta.org.mx\/wp-content\/uploads\/2024\/09\/Captura-de-Pantalla-2024-09-24-a-las-10.06.57.jpg?resize=350%2C200","width":350,"height":200,"srcset":"https:\/\/i0.wp.com\/www.grieta.org.mx\/wp-content\/uploads\/2024\/09\/Captura-de-Pantalla-2024-09-24-a-las-10.06.57.jpg?resize=350%2C200 1x, https:\/\/i0.wp.com\/www.grieta.org.mx\/wp-content\/uploads\/2024\/09\/Captura-de-Pantalla-2024-09-24-a-las-10.06.57.jpg?resize=525%2C300 1.5x, https:\/\/i0.wp.com\/www.grieta.org.mx\/wp-content\/uploads\/2024\/09\/Captura-de-Pantalla-2024-09-24-a-las-10.06.57.jpg?resize=700%2C400 2x, https:\/\/i0.wp.com\/www.grieta.org.mx\/wp-content\/uploads\/2024\/09\/Captura-de-Pantalla-2024-09-24-a-las-10.06.57.jpg?resize=1050%2C600 3x, https:\/\/i0.wp.com\/www.grieta.org.mx\/wp-content\/uploads\/2024\/09\/Captura-de-Pantalla-2024-09-24-a-las-10.06.57.jpg?resize=1400%2C800 4x"},"classes":[]},{"id":5705,"url":"http:\/\/www.grieta.org.mx\/index.php\/2015\/03\/24\/normalistas-y-madres-de-ayotzinapa-marcharan-en-guadalajara\/","url_meta":{"origin":9710,"position":5},"title":"Normalistas y madres de Ayotzinapa marchar\u00e1n en Guadalajara","author":"grieta","date":"24 marzo, 2015","format":false,"excerpt":"Redacci\u00f3nN\u00f3mada.- Los estudiantes de la Normal Rural Isidro Burgos subrayan la importancia de unificar las luchas y no dejar a los padres de familia solos con su dolor. Invitan a participar en la marcha del jueves 26 de marzo que conmemora seis meses del asesinato de tres estudiantes y la\u2026","rel":"","context":"En &quot;CINTILLO&quot;","block_context":{"text":"CINTILLO","link":"http:\/\/www.grieta.org.mx\/index.php\/category\/cintillo\/"},"img":{"alt_text":"","src":"https:\/\/i0.wp.com\/www.grieta.org.mx\/wp-content\/uploads\/2018\/03\/14524434_1106112876131411_958039263622046936_o.jpg?resize=350%2C200","width":350,"height":200,"srcset":"https:\/\/i0.wp.com\/www.grieta.org.mx\/wp-content\/uploads\/2018\/03\/14524434_1106112876131411_958039263622046936_o.jpg?resize=350%2C200 1x, https:\/\/i0.wp.com\/www.grieta.org.mx\/wp-content\/uploads\/2018\/03\/14524434_1106112876131411_958039263622046936_o.jpg?resize=525%2C300 1.5x, https:\/\/i0.wp.com\/www.grieta.org.mx\/wp-content\/uploads\/2018\/03\/14524434_1106112876131411_958039263622046936_o.jpg?resize=700%2C400 2x"},"classes":[]}],"_links":{"self":[{"href":"http:\/\/www.grieta.org.mx\/index.php\/wp-json\/wp\/v2\/posts\/9710","targetHints":{"allow":["GET"]}}],"collection":[{"href":"http:\/\/www.grieta.org.mx\/index.php\/wp-json\/wp\/v2\/posts"}],"about":[{"href":"http:\/\/www.grieta.org.mx\/index.php\/wp-json\/wp\/v2\/types\/post"}],"author":[{"embeddable":true,"href":"http:\/\/www.grieta.org.mx\/index.php\/wp-json\/wp\/v2\/users\/2"}],"replies":[{"embeddable":true,"href":"http:\/\/www.grieta.org.mx\/index.php\/wp-json\/wp\/v2\/comments?post=9710"}],"version-history":[{"count":1,"href":"http:\/\/www.grieta.org.mx\/index.php\/wp-json\/wp\/v2\/posts\/9710\/revisions"}],"predecessor-version":[{"id":9711,"href":"http:\/\/www.grieta.org.mx\/index.php\/wp-json\/wp\/v2\/posts\/9710\/revisions\/9711"}],"wp:featuredmedia":[{"embeddable":true,"href":"http:\/\/www.grieta.org.mx\/index.php\/wp-json\/wp\/v2\/media\/21928"}],"wp:attachment":[{"href":"http:\/\/www.grieta.org.mx\/index.php\/wp-json\/wp\/v2\/media?parent=9710"}],"wp:term":[{"taxonomy":"category","embeddable":true,"href":"http:\/\/www.grieta.org.mx\/index.php\/wp-json\/wp\/v2\/categories?post=9710"},{"taxonomy":"post_tag","embeddable":true,"href":"http:\/\/www.grieta.org.mx\/index.php\/wp-json\/wp\/v2\/tags?post=9710"}],"curies":[{"name":"wp","href":"https:\/\/api.w.org\/{rel}","templated":true}]}}