{"id":9694,"date":"2016-07-31T18:40:37","date_gmt":"2016-07-31T23:40:37","guid":{"rendered":"http:\/\/www.grieta.org.mx\/?p=9694"},"modified":"2016-08-01T00:42:13","modified_gmt":"2016-08-01T05:42:13","slug":"movilizaciones-por-ayotzinapa-en-la-ciudad-de-mexico","status":"publish","type":"post","link":"http:\/\/www.grieta.org.mx\/index.php\/2016\/07\/31\/movilizaciones-por-ayotzinapa-en-la-ciudad-de-mexico\/","title":{"rendered":"Movilizaciones por Ayotzinapa en la Ciudad de M\u00e9xico"},"content":{"rendered":"<p><strong>27\/07\/16. <\/strong><a href=\"http:\/\/www.grieta.org.mx\/index.php\/2016\/07\/27\/22-meses-de-exigir-justicia-para-ayotzinapa-cdmx\/\" target=\"_blank\">22 meses de exigir justicia para Ayotzinapa (CDMX)<\/a><br \/><em>Ke Huelga Radio<\/em><br  \/><\/p>\n<p><strong>07\/07\/16. <\/strong><a href=\"http:\/\/www.grieta.org.mx\/index.php\/2016\/07\/07\/padres-y-madres-de-los-normalistas-instalan-planton-frente-a-la-sre\/\" target=\"_blank\">Padres y madres de los normalistas instalan plant\u00f3n frente a la SRE<\/a><br \/><em>Somos el medio<\/em><br  \/><\/p>\n<p><strong>27\/06\/16. <\/strong><a href=\"http:\/\/www.grieta.org.mx\/index.php\/2016\/06\/27\/21-meses-sin-ellos-y-el-oportunismo-beligerante\/\" target=\"_blank\">21 Meses sin ellos y el oportunismo beligerante<\/a><br \/><em>Radio Zapote<\/em><br  \/><\/p>\n<p><strong>26\/04\/16. <\/strong><a href=\"http:\/\/www.grieta.org.mx\/index.php\/2016\/04\/26\/giei-si-pena-no-la-exigencia-a-19-meses-de-ayotzinapa\/\" target=\"_blank\">\u00a1GIEI, s\u00ed! \u00a1Pe\u00f1a, no!.. La exigencia a 19 meses de Ayotzinapa<\/a><br \/><em>M\u00e1s de 131<\/em><br  \/><\/p>\n<p><strong>26\/04\/16. <\/strong><a href=\"http:\/\/www.grieta.org.mx\/index.php\/2016\/04\/26\/ayotzinapa-19-meses-sin-justicia\/\" target=\"_blank\">Ayotzinapa 19 meses sin justicia<\/a><br \/>\n<em>Somos el medio<\/em><\/p>\n<p><strong>26\/04\/16. <\/strong><a href=\"http:\/\/www.grieta.org.mx\/index.php\/2016\/04\/27\/marcha-de-padres-de-los-43-exigen-a-pena-dar-la-cara\/\" target=\"_blank\">Marcha de padres de los 43; exigen a Pe\u00f1a \u201cdar la cara\u201d<\/a><br \/>\n<em>Apia Virtual<\/em><\/p>\n<p><strong>16\/04\/16. <\/strong><a href=\"http:\/\/www.grieta.org.mx\/index.php\/2016\/04\/16\/padres-de-los-43-se-encadenan-en-las-rejas-de-la-secretaria-de-gobernacion\/\" target=\"_blank\">Padres de los 43 se encadenan en las rejas de la Secretar\u00eda de Gobernaci\u00f3n<\/a><br \/>\n<em>La Jornada<\/em><\/p>\n<p><strong>27\/01\/16. <\/strong><a href=\"http:\/\/www.grieta.org.mx\/index.php\/2016\/01\/27\/viuda-de-normalista-protesta-con-feretro-vacio-frente-a-pgr\/\" target=\"_blank\">Viuda de normalista protesta con f\u00e9retro vaci\u00f3 frente a PGR<\/a><br \/>\n<em>Somos el medio<\/em><\/p>\n<p><strong>11\/01\/16. <\/strong><a href=\"http:\/\/www.grieta.org.mx\/index.php\/2016\/01\/11\/en-nueve-dias-tres-agresiones-contra-el-planton-por-los-43-y-los-presos-politicos-de-la-pgr\/\" target=\"_blank\">En nueve d\u00edas, tres agresiones contra el \u201cPlant\u00f3n por los 43 y los presos pol\u00edticos\u201d de la PGR<\/a><br \/>\n<em>Desinform\u00e9monos<\/em><\/p>\n<p><strong>01\/12\/15. <\/strong><a href=\"http:\/\/www.grieta.org.mx\/index.php\/2015\/12\/01\/la-lucha-no-termina-advierten-padres-de-los-43-al-levantar-el-planton-de-reforma\/\" target=\"_blank\">La lucha no termina, advierten padres de los 43 al levantar el plant\u00f3n de reforma<\/a><br \/>\n<em>Desinform\u00e9monos<\/em><\/p>\n<p><strong>26\/11\/15. <\/strong><a href=\"http:\/\/www.grieta.org.mx\/index.php\/2015\/11\/26\/padres-de-ayotzinapa-instalan-planton-indefinido-en-chivatito-exigen-nombrar-a-nuevo-fiscal\/\" target=\"_blank\">Padres de Ayotzinapa instalan plant\u00f3n indefinido en Chivatito; exigen nombrar a nuevo fiscal<\/a><br \/>\n<em>Animal Pol\u00edtico<\/em><\/p>\n<p><strong>26\/10\/15. <\/strong><a href=\"http:\/\/www.grieta.org.mx\/index.php\/2015\/10\/26\/a-13-meses-de-desapariciones-padres-de-ayotzinapa-piden-que-militares-sean-investigados\/\" target=\"_blank\">A 13 meses de desapariciones, padres de Ayotzinapa piden que militares sean investigados<\/a><br \/>\n<em>24 Horas<\/em><\/p>\n<p><strong>27\/09\/15. <\/strong><a href=\"http:\/\/www.grieta.org.mx\/index.php\/2015\/09\/27\/no-habra-olvido-claman-miles-a-un-ano-de-la-tragedia-en-iguala\/\" target=\"_blank\">No habr\u00e1 olvido, claman miles a un a\u00f1o de la tragedia en Iguala<\/a><br \/>\n<em>La Jornada<\/em><\/p>\n<p><strong>25\/09\/15. <\/strong><a href=\"http:\/\/www.grieta.org.mx\/index.php\/2015\/09\/25\/finaliza-el-ayuno-43x43\/\" target=\"_blank\">Finaliza el ayuno 43X43<\/a><br \/>\n<em>Somos el medio<\/em><\/p>\n<p><strong>24\/09\/15. <\/strong><a href=\"http:\/\/www.grieta.org.mx\/index.php\/2015\/09\/24\/padres-de-ayotzinapa-inician-ayuno-de-43-horas\/\" target=\"_blank\">Padres de Ayotzinapa inician ayuno de 43 horas<\/a><br \/>\n<em>Somos el medio<\/em><\/p>\n<p><strong>24\/09\/15. <\/strong><a href=\"http:\/\/www.grieta.org.mx\/index.php\/2015\/09\/24\/familias-de-ayotzinapa-presentan-8-exigencias-a-pena-nieto\/\" target=\"_blank\">8 exigencias esenciales de madres, padres y estudiantes de Ayotzinapa a Pe\u00f1a Nieto<\/a><br \/>\n<em>Somos el medio<\/em><\/p>\n<p><strong>22\/09\/15. <\/strong><a href=\"http:\/\/www.grieta.org.mx\/index.php\/2015\/09\/22\/uam-iztapalapa-realiza-jornada-por-ayotzinapa\/\" target=\"_blank\">UAM-Iztapalapa realiza jornada por Ayotzinapa<\/a><br \/>\n<em>Somos el medio<\/em><\/p>\n<p><strong>28\/04\/15. <\/strong><a href=\"http:\/\/www.grieta.org.mx\/index.php\/2015\/04\/28\/ayotzinapa-la-lucha-que-no-tiene-pausa-siete-meses-de-esperanza\/\" target=\"_blank\">Ayotzinapa: La lucha que no tiene pausa\u2026 siete meses de esperanza<\/a><br \/>\n<em>M\u00e1s de 131<\/em><\/p>\n<p><strong>27\/04\/15. <\/strong><a href=\"http:\/\/www.grieta.org.mx\/index.php\/2015\/04\/27\/colocan-antimonumento-43-en-reforma-por-normalistas-de-ayotzinapa\/\" target=\"_blank\">Colocan &#8216;antimonumento&#8217; 43 en Reforma por normalistas de Ayotzinapa<\/a><br \/>\n<em>Excelsior<\/em><\/p>\n<p><strong>26\/05\/15. <\/strong><a href=\"http:\/\/www.grieta.org.mx\/index.php\/2015\/04\/26\/realizan-en-reforma-evento-cultural-voces-por-ayotzinapa\/\" target=\"_blank\">Realizan en Reforma evento cultural \u201cVoces por Ayotzinapa\u201d<\/a><br \/>\n<em>El Universal<\/em><\/p>\n<p><strong>28\/03\/2015. <\/strong><a href=\"http:\/\/www.grieta.org.mx\/index.php\/2015\/03\/28\/nosotros-no-nos-rendimos-por-nuestros-hijos-daremos-la-vida\/\" target=\"_blank\">Nosotros no nos rendimos, por nuestros hijos daremos la vida<\/a><br \/>\n<em>Regeneraci\u00f3n Radio<\/em><\/p>\n<p><strong>27\/03\/2015. <\/strong><a href=\"http:\/\/www.grieta.org.mx\/index.php\/2015\/03\/27\/fotogaleria-a-seis-meses-de-ayotzinapa\/\" target=\"_blank\">#FOTOGALER\u00cdA: A SEIS MESES DE AYOTZINAPA<\/a><br \/>\n<em>M\u00e1s de 131<\/em><\/p>\n<p><strong>08\/03\/2015. <\/strong><a href=\"http:\/\/www.grieta.org.mx\/index.php\/2015\/03\/08\/mamas-de-43-normalistas-marchan-al-monumento-a-la-madre\/\" target=\"_blank\">Mam\u00e1s de 43 normalistas marchan al Monumento a la Madre<\/a><br \/>\n<em>Excelsior<\/em><\/p>\n<p><strong>07\/03\/2015. <\/strong><a href=\"http:\/\/www.grieta.org.mx\/index.php\/2015\/03\/08\/madres-de-los-43-normalistas-protestan-por-los-feminicidios-y-convocan-a-la-unidad\/\" target=\"_blank\">Madres de los 43 normalistas protestan por los feminicidios y convocan a la unidad<\/a><br \/>\n<em>Somos el medio<\/em><\/p>\n<p><strong>26\/02\/2015. <\/strong><a href=\"http:\/\/www.grieta.org.mx\/index.php\/2015\/02\/26\/marchas-bloqueos-y-detenidos-durante-la-jornada-de-accion-por-ayotzinapa\/\" target=\"_blank\">Marchas, bloqueos y detenidos durante la jornada de Acci\u00f3n por Ayotzinapa<\/a><br \/>\n<em>Proceso<\/em><\/p>\n<p><strong>26\/02\/2015. <\/strong><a href=\"http:\/\/www.grieta.org.mx\/index.php\/2015\/02\/26\/miles-marchan-en-paz-por-los-43-en-el-df-policias-y-jovenes-se-enfrentan-al-final\/\" target=\"_blank\">Miles marchan en paz por los 43 en el DF; polic\u00edas y j\u00f3venes se enfrentan al final<\/a><br \/>\n<em>Sin embargo<\/em><\/p>\n<blockquote class=\"wp-embedded-content\" data-secret=\"arFKtBvCLt\"><p><a href=\"http:\/\/www.grieta.org.mx\/index.php\/2015\/02\/20\/padres-de-los-43-normalistas-desparecidos-visitan-ciudad-universitaria\/\">Padres de los 43 normalistas desparecidos visitan Ciudad Universitaria<\/a><\/p><\/blockquote>\n<p><iframe loading=\"lazy\" class=\"wp-embedded-content\" sandbox=\"allow-scripts\" security=\"restricted\" style=\"position: absolute; clip: rect(1px, 1px, 1px, 1px);\" title=\"&#8220;Padres de los 43 normalistas desparecidos visitan Ciudad Universitaria&#8221; &#8212; Grieta | Medio para armar\" src=\"http:\/\/www.grieta.org.mx\/index.php\/2015\/02\/20\/padres-de-los-43-normalistas-desparecidos-visitan-ciudad-universitaria\/embed\/#?secret=arFKtBvCLt\" data-secret=\"arFKtBvCLt\" width=\"600\" height=\"338\" frameborder=\"0\" marginwidth=\"0\" marginheight=\"0\" scrolling=\"no\"><\/iframe><br \/>\n<strong>28\/01\/2015. <\/strong><a href=\"http:\/\/www.grieta.org.mx\/index.php\/2015\/01\/28\/cuatro-meses-no-olvidamos-no-perdonamos\/\" target=\"_blank\">Cuatro meses: no olvidamos, no perdonamos<\/a><br \/>\n<em>Proyecto Ambulante<\/em><\/p>\n","protected":false},"excerpt":{"rendered":"<p>27\/07\/16. 22 meses de exigir justicia para Ayotzinapa (CDMX)Ke Huelga Radio 07\/07\/16. Padres y madres de los normalistas instalan plant\u00f3n frente a la SRESomos el medio 27\/06\/16. 21 Meses sin &hellip; <a href=\"http:\/\/www.grieta.org.mx\/index.php\/2016\/07\/31\/movilizaciones-por-ayotzinapa-en-la-ciudad-de-mexico\/\" class=\"more-link\">Leer m\u00e1s<\/a><\/p>\n","protected":false},"author":2,"featured_media":21928,"comment_status":"closed","ping_status":"closed","sticky":false,"template":"","format":"standard","meta":{"ngg_post_thumbnail":0,"_jetpack_newsletter_access":"","_jetpack_dont_email_post_to_subs":false,"_jetpack_newsletter_tier_id":0,"_jetpack_memberships_contains_paywalled_content":false,"_jetpack_memberships_contains_paid_content":false,"footnotes":""},"categories":[14,2],"tags":[],"class_list":["post-9694","post","type-post","status-publish","format-standard","has-post-thumbnail","hentry","category-ciudad-de-mexico","category-noticias-nacionales","entry"],"jetpack_featured_media_url":"http:\/\/www.grieta.org.mx\/wp-content\/uploads\/2018\/03\/14524434_1106112876131411_958039263622046936_o.jpg","jetpack_sharing_enabled":true,"jetpack_shortlink":"https:\/\/wp.me\/p7ZJR4-2wm","jetpack_likes_enabled":false,"jetpack-related-posts":[{"id":18340,"url":"http:\/\/www.grieta.org.mx\/index.php\/2016\/07\/27\/22-meses-de-exigir-justicia-para-ayotzinapa-cdmx\/","url_meta":{"origin":9694,"position":0},"title":"22 meses de exigir justicia para Ayotzinapa (CDMX)","author":"grieta","date":"27 julio, 2016","format":false,"excerpt":"Este 26 de julio, se cumplieron 22 meses de los hechos violentos en Iguala, Guerrero, en donde 43 estudiantes fueron desaparecidos y asesinados. La Acci\u00f3n Global por Ayotzinapa n\u00famero 22 se realiz\u00f3 en Ciudad Monstruo con una marcha que parti\u00f3 del Plant\u00f3n de la PGR al antimonumento por los 43,\u2026","rel":"","context":"En &quot;cdmx&quot;","block_context":{"text":"cdmx","link":"http:\/\/www.grieta.org.mx\/index.php\/category\/cdmx\/"},"img":{"alt_text":"","src":"https:\/\/i0.wp.com\/www.grieta.org.mx\/wp-content\/uploads\/2018\/03\/14524434_1106112876131411_958039263622046936_o.jpg?resize=350%2C200","width":350,"height":200,"srcset":"https:\/\/i0.wp.com\/www.grieta.org.mx\/wp-content\/uploads\/2018\/03\/14524434_1106112876131411_958039263622046936_o.jpg?resize=350%2C200 1x, https:\/\/i0.wp.com\/www.grieta.org.mx\/wp-content\/uploads\/2018\/03\/14524434_1106112876131411_958039263622046936_o.jpg?resize=525%2C300 1.5x, https:\/\/i0.wp.com\/www.grieta.org.mx\/wp-content\/uploads\/2018\/03\/14524434_1106112876131411_958039263622046936_o.jpg?resize=700%2C400 2x"},"classes":[]},{"id":50030,"url":"http:\/\/www.grieta.org.mx\/index.php\/2020\/05\/26\/exigen-justicia-para-los-43-normalistas-a-68-meses-de-su-desaparicion-ciudad-de-mexico\/","url_meta":{"origin":9694,"position":1},"title":"Exigen justicia para los 43 normalistas a 68 meses de su desaparici\u00f3n (Ciudad de M\u00e9xico)","author":"grieta","date":"26 mayo, 2020","format":false,"excerpt":"Foto: David Deolarte \/ La Prensa Andrea P\u00e9rez \/ La Prensa Con pintas conmemorativas y carteles con las fotos de los 43, padres de familia protestaron en el antimonumento A 68 meses de la desaparici\u00f3n de los 43 estudiantes de la Normal de Ayotzinapa, un grupo de activistas y familiares\u2026","rel":"","context":"En &quot;CINTILLO&quot;","block_context":{"text":"CINTILLO","link":"http:\/\/www.grieta.org.mx\/index.php\/category\/cintillo\/"},"img":{"alt_text":"","src":"https:\/\/i0.wp.com\/www.grieta.org.mx\/wp-content\/uploads\/2020\/05\/Exigen-justicia-para-los-43-normalistas-a-68-meses-de-su-desaparici%C3%B3n-cdmx-may.jpg?resize=350%2C200","width":350,"height":200,"srcset":"https:\/\/i0.wp.com\/www.grieta.org.mx\/wp-content\/uploads\/2020\/05\/Exigen-justicia-para-los-43-normalistas-a-68-meses-de-su-desaparici%C3%B3n-cdmx-may.jpg?resize=350%2C200 1x, https:\/\/i0.wp.com\/www.grieta.org.mx\/wp-content\/uploads\/2020\/05\/Exigen-justicia-para-los-43-normalistas-a-68-meses-de-su-desaparici%C3%B3n-cdmx-may.jpg?resize=525%2C300 1.5x, https:\/\/i0.wp.com\/www.grieta.org.mx\/wp-content\/uploads\/2020\/05\/Exigen-justicia-para-los-43-normalistas-a-68-meses-de-su-desaparici%C3%B3n-cdmx-may.jpg?resize=700%2C400 2x"},"classes":[]},{"id":4191,"url":"http:\/\/www.grieta.org.mx\/index.php\/2015\/09\/27\/movilizaciones-por-ayotzinapa-en-nayarit\/","url_meta":{"origin":9694,"position":2},"title":"Movilizaciones por Ayotzinapa en Nayarit","author":"grieta","date":"27 septiembre, 2015","format":false,"excerpt":"27\/09\/15. \u00a1Vivos se los llevaron, vivos los queremos! Independiente 26\/05\/15. Vetan acceso a la UAN a manifestantes que conmemoraban sucesos de Ayotzinapa Nayarit en L\u00ednea 27\/03\/15. Exigen justicia a seis meses de la desaparici\u00f3n forzada de los normalistas de Ayotzinapa P\u00e1gina 24 23\/03\/15. 1er Festival Cultural por la Vida: 10ma\u2026","rel":"","context":"En &quot;Desaparecidos&quot;","block_context":{"text":"Desaparecidos","link":"http:\/\/www.grieta.org.mx\/index.php\/category\/temas-nacionales\/desaparecidos\/"},"img":{"alt_text":"","src":"https:\/\/i0.wp.com\/www.grieta.org.mx\/wp-content\/uploads\/2018\/03\/14524434_1106112876131411_958039263622046936_o.jpg?resize=350%2C200","width":350,"height":200,"srcset":"https:\/\/i0.wp.com\/www.grieta.org.mx\/wp-content\/uploads\/2018\/03\/14524434_1106112876131411_958039263622046936_o.jpg?resize=350%2C200 1x, https:\/\/i0.wp.com\/www.grieta.org.mx\/wp-content\/uploads\/2018\/03\/14524434_1106112876131411_958039263622046936_o.jpg?resize=525%2C300 1.5x, https:\/\/i0.wp.com\/www.grieta.org.mx\/wp-content\/uploads\/2018\/03\/14524434_1106112876131411_958039263622046936_o.jpg?resize=700%2C400 2x"},"classes":[]},{"id":8945,"url":"http:\/\/www.grieta.org.mx\/index.php\/2015\/02\/26\/marcharan-hoy-trabajadores-del-imss-a-5-meses-del-caso-ayotzinapa\/","url_meta":{"origin":9694,"position":3},"title":"Marchar\u00e1n hoy trabajadores del IMSS, a 5 meses del caso Ayotzinapa","author":"Admin","date":"26 febrero, 2015","format":false,"excerpt":"A cinco meses de la desaparici\u00f3n de los 43 normalistas de Ayotzinapa, se prev\u00e9 una manifestaci\u00f3n en la Ciudad de M\u00e9xico denominada \u201c\u2019Acci\u00f3n Global por Ayotzinapa\u201d, en la que se espera la participaci\u00f3n de algunos de los padres, organizaciones civiles y estudiantes. Antes, a las 14:30 horas, un grupo de\u2026","rel":"","context":"En &quot;CINTILLO&quot;","block_context":{"text":"CINTILLO","link":"http:\/\/www.grieta.org.mx\/index.php\/category\/cintillo\/"},"img":{"alt_text":"","src":"https:\/\/i0.wp.com\/www.grieta.org.mx\/wp-content\/uploads\/2018\/03\/14524434_1106112876131411_958039263622046936_o.jpg?resize=350%2C200","width":350,"height":200,"srcset":"https:\/\/i0.wp.com\/www.grieta.org.mx\/wp-content\/uploads\/2018\/03\/14524434_1106112876131411_958039263622046936_o.jpg?resize=350%2C200 1x, https:\/\/i0.wp.com\/www.grieta.org.mx\/wp-content\/uploads\/2018\/03\/14524434_1106112876131411_958039263622046936_o.jpg?resize=525%2C300 1.5x, https:\/\/i0.wp.com\/www.grieta.org.mx\/wp-content\/uploads\/2018\/03\/14524434_1106112876131411_958039263622046936_o.jpg?resize=700%2C400 2x"},"classes":[]},{"id":11370,"url":"http:\/\/www.grieta.org.mx\/index.php\/2016\/04\/26\/ayotzinapa-19-meses-sin-justicia\/","url_meta":{"origin":9694,"position":4},"title":"Ayotzinapa 19 meses sin justicia","author":"grieta","date":"26 abril, 2016","format":false,"excerpt":"Mario Marlo Arturo Lara Los padres y madres de los estudiantes denunciaron la estrategia que ha implementado el gobierno para dividirlos Ciudad de M\u00e9xico 26 de abril 2016.- M\u00e1s de tres mil personas se dieron cita en el \u00c1ngel de la Independencia para acompa\u00f1ar a los padres y madres de\u2026","rel":"","context":"En &quot;cdmx&quot;","block_context":{"text":"cdmx","link":"http:\/\/www.grieta.org.mx\/index.php\/category\/cdmx\/"},"img":{"alt_text":"","src":"https:\/\/i0.wp.com\/www.grieta.org.mx\/wp-content\/uploads\/2018\/03\/14524434_1106112876131411_958039263622046936_o.jpg?resize=350%2C200","width":350,"height":200,"srcset":"https:\/\/i0.wp.com\/www.grieta.org.mx\/wp-content\/uploads\/2018\/03\/14524434_1106112876131411_958039263622046936_o.jpg?resize=350%2C200 1x, https:\/\/i0.wp.com\/www.grieta.org.mx\/wp-content\/uploads\/2018\/03\/14524434_1106112876131411_958039263622046936_o.jpg?resize=525%2C300 1.5x, https:\/\/i0.wp.com\/www.grieta.org.mx\/wp-content\/uploads\/2018\/03\/14524434_1106112876131411_958039263622046936_o.jpg?resize=700%2C400 2x"},"classes":[]},{"id":6031,"url":"http:\/\/www.grieta.org.mx\/index.php\/2015\/09\/27\/movilizaciones-por-ayotzinapa-en-aguascalientes\/","url_meta":{"origin":9694,"position":5},"title":"Movilizaciones por Ayotzinapa en Aguascalientes","author":"grieta","date":"27 septiembre, 2015","format":false,"excerpt":"27\/09\/15. Exigen Justicia a un a\u00f1o de la Desaparici\u00f3n de los 43 Estudiantes Normalistas de AyotzinapaP\u00e1gina 24 27\/03\/15. Exigen Justicia a Seis Meses de la Desaparici\u00f3n Forzada de los Normalistas de Ayotzinapa P\u00e1gina 24 27\/02\/15. Despu\u00e9s de Ayotzinapa \u201cSigue Reinando la Corrupci\u00f3n y la Impunidad\u201d en M\u00e9xico P\u00e1gina 24","rel":"","context":"En &quot;Aguascalientes&quot;","block_context":{"text":"Aguascalientes","link":"http:\/\/www.grieta.org.mx\/index.php\/category\/noticias-nacionales\/aguascalientes\/"},"img":{"alt_text":"","src":"https:\/\/i0.wp.com\/www.grieta.org.mx\/wp-content\/uploads\/2018\/03\/14524434_1106112876131411_958039263622046936_o.jpg?resize=350%2C200","width":350,"height":200,"srcset":"https:\/\/i0.wp.com\/www.grieta.org.mx\/wp-content\/uploads\/2018\/03\/14524434_1106112876131411_958039263622046936_o.jpg?resize=350%2C200 1x, https:\/\/i0.wp.com\/www.grieta.org.mx\/wp-content\/uploads\/2018\/03\/14524434_1106112876131411_958039263622046936_o.jpg?resize=525%2C300 1.5x, https:\/\/i0.wp.com\/www.grieta.org.mx\/wp-content\/uploads\/2018\/03\/14524434_1106112876131411_958039263622046936_o.jpg?resize=700%2C400 2x"},"classes":[]}],"_links":{"self":[{"href":"http:\/\/www.grieta.org.mx\/index.php\/wp-json\/wp\/v2\/posts\/9694","targetHints":{"allow":["GET"]}}],"collection":[{"href":"http:\/\/www.grieta.org.mx\/index.php\/wp-json\/wp\/v2\/posts"}],"about":[{"href":"http:\/\/www.grieta.org.mx\/index.php\/wp-json\/wp\/v2\/types\/post"}],"author":[{"embeddable":true,"href":"http:\/\/www.grieta.org.mx\/index.php\/wp-json\/wp\/v2\/users\/2"}],"replies":[{"embeddable":true,"href":"http:\/\/www.grieta.org.mx\/index.php\/wp-json\/wp\/v2\/comments?post=9694"}],"version-history":[{"count":1,"href":"http:\/\/www.grieta.org.mx\/index.php\/wp-json\/wp\/v2\/posts\/9694\/revisions"}],"predecessor-version":[{"id":18349,"href":"http:\/\/www.grieta.org.mx\/index.php\/wp-json\/wp\/v2\/posts\/9694\/revisions\/18349"}],"wp:featuredmedia":[{"embeddable":true,"href":"http:\/\/www.grieta.org.mx\/index.php\/wp-json\/wp\/v2\/media\/21928"}],"wp:attachment":[{"href":"http:\/\/www.grieta.org.mx\/index.php\/wp-json\/wp\/v2\/media?parent=9694"}],"wp:term":[{"taxonomy":"category","embeddable":true,"href":"http:\/\/www.grieta.org.mx\/index.php\/wp-json\/wp\/v2\/categories?post=9694"},{"taxonomy":"post_tag","embeddable":true,"href":"http:\/\/www.grieta.org.mx\/index.php\/wp-json\/wp\/v2\/tags?post=9694"}],"curies":[{"name":"wp","href":"https:\/\/api.w.org\/{rel}","templated":true}]}}