{"id":9598,"date":"2016-09-10T01:41:12","date_gmt":"2016-09-10T06:41:12","guid":{"rendered":"http:\/\/www.grieta.org.mx\/?p=9598"},"modified":"2016-09-13T13:14:44","modified_gmt":"2016-09-13T18:14:44","slug":"conflictos-laborales-en-campeche","status":"publish","type":"post","link":"http:\/\/www.grieta.org.mx\/index.php\/2016\/09\/10\/conflictos-laborales-en-campeche\/","title":{"rendered":"Conflictos laborales en Campeche"},"content":{"rendered":"<p><strong>10\/09\/16. <\/strong><a href=\"http:\/\/www.grieta.org.mx\/index.php\/2016\/09\/10\/despiden-a-obreros-de-pasa-por-protestar-campeche\/\">Despiden a obreros de PASA por protestar (Campeche)<\/a><br \/>\n<em>Tribuna<\/em><\/p>\n<p><strong>09\/09\/16. <\/strong><a href=\"http:\/\/www.grieta.org.mx\/index.php\/2016\/09\/09\/jubilados-exigen-pago-de-bonos-campeche\/\">Jubilados exigen pago de bonos (Campeche)<\/a><br \/>\n<em>Tribuna<\/em><\/p>\n<p><strong>06\/09\/16. <\/strong><a href=\"http:\/\/www.grieta.org.mx\/index.php\/2016\/09\/06\/paran-otra-vez-los-policias-sin-bono-campeche\/\">Paran otra vez los polic\u00edas; sin bono  (Campeche)<\/a><br \/>\n<em>Tribuna<\/em><\/p>\n<p><strong>30\/08\/16. <\/strong><a href=\"http:\/\/www.grieta.org.mx\/index.php\/2016\/08\/30\/bloquean-planta-de-nitrogeno-cantarell-campeche\/\">Bloquean Planta de Nitr\u00f3geno Cantarell (Campeche)<\/a><br \/>\n<em>Tribuna<\/em><\/p>\n<p><strong>20\/08\/16. <\/strong><a href=\"http:\/\/www.grieta.org.mx\/index.php\/2016\/08\/20\/paralizan-labores-en-cobacam-campeche\/\">Paralizan labores en Cobacam  (Campeche)<\/a><br \/>\n<em>Tribuna<\/em><\/p>\n<p><strong>12\/08\/16. <\/strong><a href=\"http:\/\/www.grieta.org.mx\/index.php\/2016\/08\/12\/plantean-demandas-empleados-del-inah-campeche\/\">Plantean demandas empleados del INAH (Campeche)<\/a><br \/>\n<em>Tribuna<\/em><\/p>\n<p><strong>19\/07\/16. <\/strong><a href=\"http:\/\/www.grieta.org.mx\/index.php\/2016\/07\/19\/arman-protesta-para-exigir-sus-liquidaciones-campeche\/\">Arman protesta para exigir sus liquidaciones (Campeche)<\/a><br \/>\n<em>El Expreso de Campeche<\/em><\/p>\n<p><strong>05\/07\/16. <\/strong><a href=\"http:\/\/www.grieta.org.mx\/index.php\/2016\/07\/05\/denuncia-formal-campeche\/\">Denuncia formal (Campeche)<\/a><br \/>\n<em>Por esto<\/em><\/p>\n<p><strong>24\/06\/16. <\/strong><a href=\"http:\/\/www.grieta.org.mx\/index.php\/2016\/06\/24\/paran-siete-horas-obreros-de-la-cotemar-campeche\/\">Paran siete horas obreros de la Cotemar (Campeche)<\/a><br \/>\n<em>Tribuna<\/em><\/p>\n<p><strong>15\/06\/16. <\/strong><a href=\"http:\/\/www.grieta.org.mx\/index.php\/2016\/06\/15\/siguen-los-despidos-masivos-en-pemex-campeche\/\">Siguen los despidos masivos en Pemex (Campeche)<\/a><br \/>\n<em>Tribuna<\/em><\/p>\n<p><strong>11\/06\/16. <\/strong><a href=\"http:\/\/www.grieta.org.mx\/index.php\/2016\/06\/11\/mas-despidos-campeche\/\">M\u00e1s despidos (Campeche)<\/a><br \/>\n<em>Tribuna<\/em><\/p>\n<p><strong>28\/05\/16. <\/strong><a href=\"http:\/\/www.grieta.org.mx\/index.php\/2016\/05\/28\/paran-labores-los-obreros-de-pasa-campeche\/\">Paran labores los obreros de PASA<\/a><br \/>\n<em>Tribuna<\/em><\/p>\n<p><strong>13\/05\/16. <\/strong><a href=\"http:\/\/www.grieta.org.mx\/index.php\/2016\/05\/13\/emplazan-a-huelga-a-evya-viola-contrato-campeche\/\">Emplazan a huelga a Evya; viola contrato<\/a><br \/>\n<em>Tribuna<\/em><\/p>\n<p><strong>06\/05\/16. <\/strong><a href=\"http:\/\/www.grieta.org.mx\/index.php\/2016\/05\/06\/evya-despide-a-mas-de-3000-trabajadores-sin-liquidacion\/\">Evya despide a m\u00e1s de 3,000 trabajadores, sin liquidaci\u00f3n<\/a><br \/>\n<em>P\u00e1gin@bierta<\/em><\/p>\n<p><strong>13\/04\/16. <\/strong><a href=\"http:\/\/www.grieta.org.mx\/index.php\/2016\/04\/13\/bloqueo\/\">Bloqueo<\/a><br \/>\n<em>Por esto<\/em><\/p>\n<p><strong>13\/04\/16. <\/strong><a href=\"http:\/\/www.grieta.org.mx\/index.php\/2016\/04\/13\/culpan-empresa-a-pemex-por-no-pagar-a-despedidos\/\">Culpan empresa a Pemex, por no pagar a despedidos<\/a><br \/>\n<em>P\u00e1gin@bierta<\/em><\/p>\n<p><strong>06\/04\/16. <\/strong><a href=\"http:\/\/www.grieta.org.mx\/index.php\/2016\/04\/06\/se-lava-las-manos-la-empresa-comercializadora-petrolera-del-golfo-se-deslinda-de-los-pagos-de-mas-de-100-trabajadores-y-deja-todo-en-manos-de-la-outsourcing-kaf\/\">\u201cSe lava las manos\u201d.  La empresa Comercializadora Petrolera del Golfo se deslinda de los pagos de m\u00e1s de 100 trabajadores y deja todo en manos de la outsourcing KAF<\/a><br \/>\n<em>Desde el Balc\u00f3n<\/em><\/p>\n<p><strong>05\/04\/16. <\/strong><a href=\"http:\/\/www.grieta.org.mx\/index.php\/2016\/04\/05\/representantes-de-empresa-de-exfuncionario-de-pemex-evaden-demandas-laborales\/\">Representantes de empresa de exfuncionario de Pemex evaden demandas laborales <\/a><br \/>\n<em>Proceso<\/em><\/p>\n<p><strong>01\/04\/16. <\/strong><a href=\"http:\/\/www.grieta.org.mx\/index.php\/2016\/04\/01\/despiden-a-105-trabajadores-petroleros-mas-sin-liquidacion\/\">Despiden a 105 trabajadores petroleros m\u00e1s, sin liquidaci\u00f3n<\/a><br \/>\n<em>P\u00e1gin@bierta<\/em><\/p>\n","protected":false},"excerpt":{"rendered":"<p>10\/09\/16. Despiden a obreros de PASA por protestar (Campeche) Tribuna 09\/09\/16. Jubilados exigen pago de bonos (Campeche) Tribuna 06\/09\/16. Paran otra vez los polic\u00edas; sin bono (Campeche) Tribuna 30\/08\/16. Bloquean &hellip; <a href=\"http:\/\/www.grieta.org.mx\/index.php\/2016\/09\/10\/conflictos-laborales-en-campeche\/\" class=\"more-link\">Leer m\u00e1s<\/a><\/p>\n","protected":false},"author":2,"featured_media":21928,"comment_status":"closed","ping_status":"closed","sticky":false,"template":"","format":"standard","meta":{"ngg_post_thumbnail":0,"_jetpack_newsletter_access":"","_jetpack_dont_email_post_to_subs":false,"_jetpack_newsletter_tier_id":0,"_jetpack_memberships_contains_paywalled_content":false,"_jetpack_memberships_contains_paid_content":false,"footnotes":""},"categories":[11,2],"tags":[],"class_list":["post-9598","post","type-post","status-publish","format-standard","has-post-thumbnail","hentry","category-campeche","category-noticias-nacionales","entry"],"jetpack_featured_media_url":"http:\/\/www.grieta.org.mx\/wp-content\/uploads\/2018\/03\/14524434_1106112876131411_958039263622046936_o.jpg","jetpack_sharing_enabled":true,"jetpack_shortlink":"https:\/\/wp.me\/p7ZJR4-2uO","jetpack_likes_enabled":false,"jetpack-related-posts":[{"id":19178,"url":"http:\/\/www.grieta.org.mx\/index.php\/2016\/08\/12\/enfrentamiento-entre-policias-y-pobladores-de-xbacab-campeche\/","url_meta":{"origin":9598,"position":0},"title":"Enfrentamiento entre polic\u00edas y pobladores de Xbacab (Campeche)","author":"grieta","date":"12 agosto, 2016","format":false,"excerpt":"12\/08\/16. Habitantes de Xbacab claman justicia jur\u00eddica (Campeche) Tribuna 11\/08\/16. Protestan pobladores de Xbacab en Palacio Municipal de Champot\u00f3n (Campeche) P\u00e1gin@bierta 11\/08\/16. Arbitrariedades en detenciones de acusados de secuestro (Campeche) P\u00e1gin@bierta 10\/08\/16. Acto de corrupci\u00f3n policiaca provoc\u00f3 brutal represi\u00f3n en Xbacab P\u00e1gin@bierta 10\/08\/16. Exigen liberar a detenidos de la comunidad\u2026","rel":"","context":"En &quot;Campeche&quot;","block_context":{"text":"Campeche","link":"http:\/\/www.grieta.org.mx\/index.php\/category\/noticias-nacionales\/campeche\/"},"img":{"alt_text":"","src":"https:\/\/i0.wp.com\/www.grieta.org.mx\/wp-content\/uploads\/2018\/03\/14524434_1106112876131411_958039263622046936_o.jpg?resize=350%2C200","width":350,"height":200,"srcset":"https:\/\/i0.wp.com\/www.grieta.org.mx\/wp-content\/uploads\/2018\/03\/14524434_1106112876131411_958039263622046936_o.jpg?resize=350%2C200 1x, https:\/\/i0.wp.com\/www.grieta.org.mx\/wp-content\/uploads\/2018\/03\/14524434_1106112876131411_958039263622046936_o.jpg?resize=525%2C300 1.5x, https:\/\/i0.wp.com\/www.grieta.org.mx\/wp-content\/uploads\/2018\/03\/14524434_1106112876131411_958039263622046936_o.jpg?resize=700%2C400 2x"},"classes":[]},{"id":17953,"url":"http:\/\/www.grieta.org.mx\/index.php\/2016\/07\/26\/violencia-contra-periodistas-en-campeche\/","url_meta":{"origin":9598,"position":1},"title":"Violencia contra periodistas en Campeche","author":"grieta","date":"26 julio, 2016","format":false,"excerpt":"26\/06\/16. Reportero denuncia agresi\u00f3n (Campeche) Tribuna","rel":"","context":"En &quot;Campeche&quot;","block_context":{"text":"Campeche","link":"http:\/\/www.grieta.org.mx\/index.php\/category\/noticias-nacionales\/campeche\/"},"img":{"alt_text":"","src":"https:\/\/i0.wp.com\/www.grieta.org.mx\/wp-content\/uploads\/2018\/03\/14524434_1106112876131411_958039263622046936_o.jpg?resize=350%2C200","width":350,"height":200,"srcset":"https:\/\/i0.wp.com\/www.grieta.org.mx\/wp-content\/uploads\/2018\/03\/14524434_1106112876131411_958039263622046936_o.jpg?resize=350%2C200 1x, https:\/\/i0.wp.com\/www.grieta.org.mx\/wp-content\/uploads\/2018\/03\/14524434_1106112876131411_958039263622046936_o.jpg?resize=525%2C300 1.5x, https:\/\/i0.wp.com\/www.grieta.org.mx\/wp-content\/uploads\/2018\/03\/14524434_1106112876131411_958039263622046936_o.jpg?resize=700%2C400 2x"},"classes":[]},{"id":1472,"url":"http:\/\/www.grieta.org.mx\/index.php\/2015\/11\/21\/mas-presencia-y-abusos-de-autoridad-por-parte-de-la-pf-y-el-ejercito-en-campeche\/","url_meta":{"origin":9598,"position":2},"title":"M\u00e1s presencia y abusos de autoridad por parte de la PF y el ej\u00e9rcito en Campeche","author":"grieta","date":"21 noviembre, 2015","format":false,"excerpt":"21\/11\/15 Refuerzan seguridad mediante retenes y orientan al turismoTribuna 17\/11\/15 Reforzar\u00e1n retenes en la ciudadTribuna 20\/08\/15 Denuncian abuso polic\u00edaco en Campeche.Por esto 19\/07\/15 Refuerzan seguridad en Campeche por alerta nacional.El Financiero 14\/07\/15 Vigilan frontera Campeche-Guatemala.Carmen Hoy 11\/07\/15 Terror y miedo por militares de Quintana Roo.Carmen hoy","rel":"","context":"En &quot;Campeche&quot;","block_context":{"text":"Campeche","link":"http:\/\/www.grieta.org.mx\/index.php\/category\/noticias-nacionales\/campeche\/"},"img":{"alt_text":"","src":"https:\/\/i0.wp.com\/www.grieta.org.mx\/wp-content\/uploads\/2018\/03\/14524434_1106112876131411_958039263622046936_o.jpg?resize=350%2C200","width":350,"height":200,"srcset":"https:\/\/i0.wp.com\/www.grieta.org.mx\/wp-content\/uploads\/2018\/03\/14524434_1106112876131411_958039263622046936_o.jpg?resize=350%2C200 1x, https:\/\/i0.wp.com\/www.grieta.org.mx\/wp-content\/uploads\/2018\/03\/14524434_1106112876131411_958039263622046936_o.jpg?resize=525%2C300 1.5x, https:\/\/i0.wp.com\/www.grieta.org.mx\/wp-content\/uploads\/2018\/03\/14524434_1106112876131411_958039263622046936_o.jpg?resize=700%2C400 2x"},"classes":[]},{"id":15403,"url":"http:\/\/www.grieta.org.mx\/index.php\/2016\/06\/23\/movilizaciones-contra-la-reforma-al-sector-salud-en-campeche\/","url_meta":{"origin":9598,"position":3},"title":"Movilizaciones contra la reforma al sector salud en Campeche","author":"grieta","date":"23 junio, 2016","format":false,"excerpt":"23\/06\/16. Parar\u00edan m\u00e9dicos servicios de salud (Campeche) Tribuna 22\/06\/16. Se movilizan trabajadores contra la Reforma a la Salud P\u00e1gin@bierta","rel":"","context":"En &quot;Campeche&quot;","block_context":{"text":"Campeche","link":"http:\/\/www.grieta.org.mx\/index.php\/category\/noticias-nacionales\/campeche\/"},"img":{"alt_text":"","src":"https:\/\/i0.wp.com\/www.grieta.org.mx\/wp-content\/uploads\/2018\/03\/14524434_1106112876131411_958039263622046936_o.jpg?resize=350%2C200","width":350,"height":200,"srcset":"https:\/\/i0.wp.com\/www.grieta.org.mx\/wp-content\/uploads\/2018\/03\/14524434_1106112876131411_958039263622046936_o.jpg?resize=350%2C200 1x, https:\/\/i0.wp.com\/www.grieta.org.mx\/wp-content\/uploads\/2018\/03\/14524434_1106112876131411_958039263622046936_o.jpg?resize=525%2C300 1.5x, https:\/\/i0.wp.com\/www.grieta.org.mx\/wp-content\/uploads\/2018\/03\/14524434_1106112876131411_958039263622046936_o.jpg?resize=700%2C400 2x"},"classes":[]},{"id":2909,"url":"http:\/\/www.grieta.org.mx\/index.php\/2016\/08\/16\/trabajadores-de-la-empresa-oceanografia-exigen-su-liquidacion-en-yucatan\/","url_meta":{"origin":9598,"position":4},"title":"Trabajadores de la empresa \u201cOceanograf\u00eda\u201d exigen su liquidaci\u00f3n.","author":"grieta","date":"16 agosto, 2016","format":false,"excerpt":"16\/08\/16. Exobreros de naviera exigen cese de P\u00e9rez (Campeche)Tribuna 11\/08\/16. Afectados 4,500; no los liquid\u00f3 Oceanograf\u00eda (Campeche)Tribuna 25\/09\/15. Campeche: exigen trabajadores de Oceanograf\u00eda pago quincenal.La Jornada 18\/05\/15. Ex empleados de Oceanograf\u00eda exigen el pago de sus salarios en Yucat\u00e1n.El diario de Yucat\u00e1n 29\/01\/15. 32 detenidos en desalojo de ex empleados\u2026","rel":"","context":"En &quot;Campeche&quot;","block_context":{"text":"Campeche","link":"http:\/\/www.grieta.org.mx\/index.php\/category\/noticias-nacionales\/campeche\/"},"img":{"alt_text":"","src":"https:\/\/i0.wp.com\/www.grieta.org.mx\/wp-content\/uploads\/2018\/03\/14524434_1106112876131411_958039263622046936_o.jpg?resize=350%2C200","width":350,"height":200,"srcset":"https:\/\/i0.wp.com\/www.grieta.org.mx\/wp-content\/uploads\/2018\/03\/14524434_1106112876131411_958039263622046936_o.jpg?resize=350%2C200 1x, https:\/\/i0.wp.com\/www.grieta.org.mx\/wp-content\/uploads\/2018\/03\/14524434_1106112876131411_958039263622046936_o.jpg?resize=525%2C300 1.5x, https:\/\/i0.wp.com\/www.grieta.org.mx\/wp-content\/uploads\/2018\/03\/14524434_1106112876131411_958039263622046936_o.jpg?resize=700%2C400 2x"},"classes":[]},{"id":2963,"url":"http:\/\/www.grieta.org.mx\/index.php\/2016\/09\/06\/lucha-contra-la-cfe-en-campeche-cfe-se-queja-de-perdidas-millonarias-en-la-peninsula\/","url_meta":{"origin":9598,"position":5},"title":"Lucha contra la CFE en Campeche","author":"grieta","date":"6 septiembre, 2016","format":false,"excerpt":"06\/09\/16. Se manifiestan contra CFE con mu\u00f1ecos y pancartas (Campeche) Tribuna 02\/04\/16. Hostigan CFE y gobiernos a Movimiento de Resistencia Civil en Candelaria P\u00e1gin@bierta 26\/10\/15. P\u00e9rdidas de $1,000 millones por robo de electricidad en Yucat\u00e1n, Campeche y QR La Jornada 20\/04\/15. Hostigamiento, provocaci\u00f3n y amenazas de la Comisi\u00f3n Federal de\u2026","rel":"","context":"En &quot;16. Pueblo Maya&quot;","block_context":{"text":"16. Pueblo Maya","link":"http:\/\/www.grieta.org.mx\/index.php\/category\/espejos-de-la-resistencia\/16-pueblo-maya\/"},"img":{"alt_text":"","src":"https:\/\/i0.wp.com\/www.grieta.org.mx\/wp-content\/uploads\/2018\/03\/14524434_1106112876131411_958039263622046936_o.jpg?resize=350%2C200","width":350,"height":200,"srcset":"https:\/\/i0.wp.com\/www.grieta.org.mx\/wp-content\/uploads\/2018\/03\/14524434_1106112876131411_958039263622046936_o.jpg?resize=350%2C200 1x, https:\/\/i0.wp.com\/www.grieta.org.mx\/wp-content\/uploads\/2018\/03\/14524434_1106112876131411_958039263622046936_o.jpg?resize=525%2C300 1.5x, https:\/\/i0.wp.com\/www.grieta.org.mx\/wp-content\/uploads\/2018\/03\/14524434_1106112876131411_958039263622046936_o.jpg?resize=700%2C400 2x"},"classes":[]}],"_links":{"self":[{"href":"http:\/\/www.grieta.org.mx\/index.php\/wp-json\/wp\/v2\/posts\/9598","targetHints":{"allow":["GET"]}}],"collection":[{"href":"http:\/\/www.grieta.org.mx\/index.php\/wp-json\/wp\/v2\/posts"}],"about":[{"href":"http:\/\/www.grieta.org.mx\/index.php\/wp-json\/wp\/v2\/types\/post"}],"author":[{"embeddable":true,"href":"http:\/\/www.grieta.org.mx\/index.php\/wp-json\/wp\/v2\/users\/2"}],"replies":[{"embeddable":true,"href":"http:\/\/www.grieta.org.mx\/index.php\/wp-json\/wp\/v2\/comments?post=9598"}],"version-history":[{"count":1,"href":"http:\/\/www.grieta.org.mx\/index.php\/wp-json\/wp\/v2\/posts\/9598\/revisions"}],"predecessor-version":[{"id":21570,"href":"http:\/\/www.grieta.org.mx\/index.php\/wp-json\/wp\/v2\/posts\/9598\/revisions\/21570"}],"wp:featuredmedia":[{"embeddable":true,"href":"http:\/\/www.grieta.org.mx\/index.php\/wp-json\/wp\/v2\/media\/21928"}],"wp:attachment":[{"href":"http:\/\/www.grieta.org.mx\/index.php\/wp-json\/wp\/v2\/media?parent=9598"}],"wp:term":[{"taxonomy":"category","embeddable":true,"href":"http:\/\/www.grieta.org.mx\/index.php\/wp-json\/wp\/v2\/categories?post=9598"},{"taxonomy":"post_tag","embeddable":true,"href":"http:\/\/www.grieta.org.mx\/index.php\/wp-json\/wp\/v2\/tags?post=9598"}],"curies":[{"name":"wp","href":"https:\/\/api.w.org\/{rel}","templated":true}]}}