{"id":9594,"date":"2016-03-27T16:31:19","date_gmt":"2016-03-27T16:31:19","guid":{"rendered":"http:\/\/www.grieta.org.mx\/?p=9594"},"modified":"2016-04-02T16:33:44","modified_gmt":"2016-04-02T16:33:44","slug":"y-ahora-los-policias-bloquean-manantial-de-zacualpan","status":"publish","type":"post","link":"http:\/\/www.grieta.org.mx\/index.php\/2016\/03\/27\/y-ahora-los-policias-bloquean-manantial-de-zacualpan\/","title":{"rendered":"Y ahora, los polic\u00edas bloquean manantial de Zacualpan"},"content":{"rendered":"<p>Redacci\u00f3n Perriodismo<\/p>\n<p>Aunque el viernes se dijeron \u201cneutrales\u201d en el conflicto de Zacualpan, elementos de la Polic\u00eda Estatal impidieron hoy el acceso de turistas al balneario Ojo de Agua.<\/p>\n<p>A trav\u00e9s de un comunicado de prensa, el Consejo Ind\u00edgena por la Defensa del Territorio de Zacualpan (CIDTZ) inform\u00f3 que esta ma\u00f1ana las dos partes en conflicto se reunieron sin lograr acuerdos.<\/p>\n<p>\u201cTras la reuni\u00f3n, los dos grupos decidieron retirarse de las posiciones que guardaban a lo largo del camino (de acceso al manantial), logrando as\u00ed garantizar el libre tr\u00e1nsito para los turistas y para los habitantes de la comunidad ind\u00edgena\u201d, explicaron.<\/p>\n<p>\u201cCon el argumento de que \u201chay broncas\u201d, elementos de la Polic\u00eda Estatal Acreditada, de Procuraci\u00f3n de justica y del C4, montados en los veh\u00edculos con placas FF-61-955, FTG-21-16, 14-29 y un veh\u00edculo sin placas (\u2026) detienen a los visitantes y los obligan a dar vuelta atr\u00e1s para as\u00ed impedirles ingresar a los manantiales de Zacualpan\u201d, a\u00f1adieron.<\/p>\n<p>Para el CIDTZ, el Gobierno del Estado busca generar desesperaci\u00f3n en ellos para responder las agresiones y \u201cutilizar su aparato represor\u201d para actuar en su contra.<\/p>\n<p>\u201cResistiremos y no caeremos en la provocaci\u00f3n\u201d, precisaron.<\/p>\n<p><a href=\"http:\/\/www.perriodismo.com.mx\/2016\/03\/27\/y-ahora-los-policias-bloquean-manantial-de-zacualpan\/\" target=\"_blank\">http:\/\/www.perriodismo.com.mx\/2016\/03\/27\/y-ahora-los-policias-bloquean-manantial-de-zacualpan\/<\/a><\/p>\n","protected":false},"excerpt":{"rendered":"<p>Redacci\u00f3n Perriodismo Aunque el viernes se dijeron \u201cneutrales\u201d en el conflicto de Zacualpan, elementos de la Polic\u00eda Estatal impidieron hoy el acceso de turistas al balneario Ojo de Agua. A &hellip; <a href=\"http:\/\/www.grieta.org.mx\/index.php\/2016\/03\/27\/y-ahora-los-policias-bloquean-manantial-de-zacualpan\/\" class=\"more-link\">Leer m\u00e1s<\/a><\/p>\n","protected":false},"author":2,"featured_media":21928,"comment_status":"closed","ping_status":"closed","sticky":false,"template":"","format":"standard","meta":{"ngg_post_thumbnail":0,"_jetpack_newsletter_access":"","_jetpack_dont_email_post_to_subs":false,"_jetpack_newsletter_tier_id":0,"_jetpack_memberships_contains_paywalled_content":false,"_jetpack_memberships_contains_paid_content":false,"footnotes":""},"categories":[80,108],"tags":[227,226],"class_list":["post-9594","post","type-post","status-publish","format-standard","has-post-thumbnail","hentry","category-cintillo","category-colima","tag-14-zacualpan","tag-mineria-en-zacualpan","entry"],"jetpack_featured_media_url":"http:\/\/www.grieta.org.mx\/wp-content\/uploads\/2018\/03\/14524434_1106112876131411_958039263622046936_o.jpg","jetpack_sharing_enabled":true,"jetpack_shortlink":"https:\/\/wp.me\/p7ZJR4-2uK","jetpack_likes_enabled":false,"jetpack-related-posts":[{"id":9591,"url":"http:\/\/www.grieta.org.mx\/index.php\/2016\/03\/25\/quiere-nacho-remover-a-presidente-de-zacualpan\/","url_meta":{"origin":9594,"position":0},"title":"Quiere Nacho remover a presidente de Zacualpan","author":"grieta","date":"25 marzo, 2016","format":false,"excerpt":"Redacci\u00f3n Perriodismo El gobierno de Ignacio Peralta S\u00e1nchez busca la renuncia de Taurino Rinc\u00f3n Lorenzo como presidente del Comisariado de Bienes Comunales de Zacualpan. A trav\u00e9s de un comunicado, el Consejo Ind\u00edgena por la Defensa del Territorio de Zacualpan (CIDTZ) denunci\u00f3 que Agust\u00edn Morales Anguiano, secretario de Desarrollo Rural, les\u2026","rel":"","context":"En &quot;CINTILLO&quot;","block_context":{"text":"CINTILLO","link":"http:\/\/www.grieta.org.mx\/index.php\/category\/cintillo\/"},"img":{"alt_text":"","src":"https:\/\/i0.wp.com\/www.grieta.org.mx\/wp-content\/uploads\/2018\/03\/14524434_1106112876131411_958039263622046936_o.jpg?resize=350%2C200","width":350,"height":200,"srcset":"https:\/\/i0.wp.com\/www.grieta.org.mx\/wp-content\/uploads\/2018\/03\/14524434_1106112876131411_958039263622046936_o.jpg?resize=350%2C200 1x, https:\/\/i0.wp.com\/www.grieta.org.mx\/wp-content\/uploads\/2018\/03\/14524434_1106112876131411_958039263622046936_o.jpg?resize=525%2C300 1.5x, https:\/\/i0.wp.com\/www.grieta.org.mx\/wp-content\/uploads\/2018\/03\/14524434_1106112876131411_958039263622046936_o.jpg?resize=700%2C400 2x"},"classes":[]},{"id":2664,"url":"http:\/\/www.grieta.org.mx\/index.php\/2014\/12\/30\/grupo-ligado-al-pri-mantiene-encerrados-a-comuneros-de-zacualpan-en-manantial-ojo-de-agua\/","url_meta":{"origin":9594,"position":1},"title":"Grupo ligado al PRI mantiene \u2018encerrados\u2019 a comuneros de Zacualpan en manantial Ojo de Agua","author":"grieta","date":"30 diciembre, 2014","format":false,"excerpt":"Por: Redacci\u00f3n Colima 3.0 \/ 30 diciembre, 2014 Entre forcejeos y gritos, el comisariado de Bienes Comunales de la comunidad ind\u00edgena de Zacualpan, encabezado por Taurino Rinc\u00f3n Lorenzo, junto con habitantes miembros del Consejo Ind\u00edgena por la Defensa del Territorio de Zacualpan (CIDTZ), recuperaron las instalaciones del parque ecotur\u00edstico Ojo\u2026","rel":"","context":"En &quot;CINTILLO&quot;","block_context":{"text":"CINTILLO","link":"http:\/\/www.grieta.org.mx\/index.php\/category\/cintillo\/"},"img":{"alt_text":"","src":"https:\/\/i0.wp.com\/www.grieta.org.mx\/wp-content\/uploads\/2018\/03\/14524434_1106112876131411_958039263622046936_o.jpg?resize=350%2C200","width":350,"height":200,"srcset":"https:\/\/i0.wp.com\/www.grieta.org.mx\/wp-content\/uploads\/2018\/03\/14524434_1106112876131411_958039263622046936_o.jpg?resize=350%2C200 1x, https:\/\/i0.wp.com\/www.grieta.org.mx\/wp-content\/uploads\/2018\/03\/14524434_1106112876131411_958039263622046936_o.jpg?resize=525%2C300 1.5x, https:\/\/i0.wp.com\/www.grieta.org.mx\/wp-content\/uploads\/2018\/03\/14524434_1106112876131411_958039263622046936_o.jpg?resize=700%2C400 2x"},"classes":[]},{"id":2672,"url":"http:\/\/www.grieta.org.mx\/index.php\/2014\/03\/16\/iniciomineria-zacualpan-zacualpan-colima-represion-a-indigenas-que-defienden-el-agua-de-la-depredacion-de-mina\/","url_meta":{"origin":9594,"position":2},"title":"#Zacualpan #Colima represi\u00f3n a ind\u00edgenas que defienden el agua de la depredaci\u00f3n de mina.","author":"grieta","date":"16 marzo, 2014","format":false,"excerpt":"Publicado el marzo 16, 2014 por c1dmx Medios Independientes Desaloja ?#?Gobierno? de ?#?Colima? ?#?M\u00e9xico? a ind\u00edgenas que se oponen a instalaci\u00f3n de mina Desde las 6.30 horas de este jueves, alrededor de 200 comuneros de Zacualpan, poblaci\u00f3n nahua del municipio de Comala, cerraron las bombas de agua del Manantial de\u2026","rel":"","context":"En &quot;CINTILLO&quot;","block_context":{"text":"CINTILLO","link":"http:\/\/www.grieta.org.mx\/index.php\/category\/cintillo\/"},"img":{"alt_text":"","src":"https:\/\/i0.wp.com\/www.grieta.org.mx\/wp-content\/uploads\/2018\/03\/14524434_1106112876131411_958039263622046936_o.jpg?resize=350%2C200","width":350,"height":200,"srcset":"https:\/\/i0.wp.com\/www.grieta.org.mx\/wp-content\/uploads\/2018\/03\/14524434_1106112876131411_958039263622046936_o.jpg?resize=350%2C200 1x, https:\/\/i0.wp.com\/www.grieta.org.mx\/wp-content\/uploads\/2018\/03\/14524434_1106112876131411_958039263622046936_o.jpg?resize=525%2C300 1.5x, https:\/\/i0.wp.com\/www.grieta.org.mx\/wp-content\/uploads\/2018\/03\/14524434_1106112876131411_958039263622046936_o.jpg?resize=700%2C400 2x"},"classes":[]},{"id":9733,"url":"http:\/\/www.grieta.org.mx\/index.php\/2016\/04\/01\/protestan-en-zacualpan-contra-nuevo-presidente-de-junta-municipal\/","url_meta":{"origin":9594,"position":3},"title":"Protestan en Zacualpan contra nuevo presidente de Junta Municipal","author":"grieta","date":"1 abril, 2016","format":false,"excerpt":"Redacci\u00f3n Perriodismo Alrededor de 30 mujeres del Consejo Ind\u00edgena por la Defensa del Territorio de Zacualpan (CIDTZ) protestaron esta ma\u00f1ana contra Daniel Aranda V\u00e1zquez, nuevo presidente de la Junta Municipal. En el lugar estuvieron presentes aproximadamente una veintena de elementos de la Polic\u00eda Estatal. Daniel Aranda sustituye a Enrique Carpio\u2026","rel":"","context":"En &quot;CINTILLO&quot;","block_context":{"text":"CINTILLO","link":"http:\/\/www.grieta.org.mx\/index.php\/category\/cintillo\/"},"img":{"alt_text":"","src":"https:\/\/i0.wp.com\/www.grieta.org.mx\/wp-content\/uploads\/2018\/03\/14524434_1106112876131411_958039263622046936_o.jpg?resize=350%2C200","width":350,"height":200,"srcset":"https:\/\/i0.wp.com\/www.grieta.org.mx\/wp-content\/uploads\/2018\/03\/14524434_1106112876131411_958039263622046936_o.jpg?resize=350%2C200 1x, https:\/\/i0.wp.com\/www.grieta.org.mx\/wp-content\/uploads\/2018\/03\/14524434_1106112876131411_958039263622046936_o.jpg?resize=525%2C300 1.5x, https:\/\/i0.wp.com\/www.grieta.org.mx\/wp-content\/uploads\/2018\/03\/14524434_1106112876131411_958039263622046936_o.jpg?resize=700%2C400 2x"},"classes":[]},{"id":6095,"url":"http:\/\/www.grieta.org.mx\/index.php\/2016\/03\/26\/vuelve-la-violencia-a-zacualpan-rema-pide-intervencion-de-organismos-de-derechos-humanos\/","url_meta":{"origin":9594,"position":4},"title":"Vuelve la violencia a Zacualpan; Rema pide intervenci\u00f3n de organismos de derechos humanos","author":"grieta","date":"26 marzo, 2016","format":false,"excerpt":"Colima, M\u00e9xico, Avanzada (26\/03\/2016).- Siete integrantes del Consejo Ind\u00edgena por la Defensa del Territorio de Zacualpan (CIDTZ) resultaron heridos tras un ataque con piedras perpetrado por seguidores del priista Carlos Guzm\u00e1n Teodoro, expresidente de Bienes Comunales de esa poblaci\u00f3n, denunci\u00f3 la Red Mexicana de Afectados por la Miner\u00eda (Rema). De\u2026","rel":"","context":"En &quot;CINTILLO&quot;","block_context":{"text":"CINTILLO","link":"http:\/\/www.grieta.org.mx\/index.php\/category\/cintillo\/"},"img":{"alt_text":"","src":"https:\/\/i0.wp.com\/www.grieta.org.mx\/wp-content\/uploads\/2018\/03\/14524434_1106112876131411_958039263622046936_o.jpg?resize=350%2C200","width":350,"height":200,"srcset":"https:\/\/i0.wp.com\/www.grieta.org.mx\/wp-content\/uploads\/2018\/03\/14524434_1106112876131411_958039263622046936_o.jpg?resize=350%2C200 1x, https:\/\/i0.wp.com\/www.grieta.org.mx\/wp-content\/uploads\/2018\/03\/14524434_1106112876131411_958039263622046936_o.jpg?resize=525%2C300 1.5x, https:\/\/i0.wp.com\/www.grieta.org.mx\/wp-content\/uploads\/2018\/03\/14524434_1106112876131411_958039263622046936_o.jpg?resize=700%2C400 2x"},"classes":[]},{"id":70600,"url":"http:\/\/www.grieta.org.mx\/index.php\/2024\/11\/25\/ya-no-creemos-en-el-gobierno-de-indira-denuncian-hostigamiento-de-militares-en-zacualpan-colima\/","url_meta":{"origin":9594,"position":5},"title":"\u201cYa no creemos en el gobierno de Indira\u201d; denuncian hostigamiento de militares en Zacualpan (Colima)","author":"grieta","date":"25 noviembre, 2024","format":false,"excerpt":"Imagen: Diario Avanzada Juan Gabriel Moctezuma Castellanos \/ Diario Avanzada Colima, M\u00e9xico, Avanzada (25\/11\/2024).- La comunidad ind\u00edgena de Zacualpan, en el municipio de Comala, anunci\u00f3 que mantendr\u00e1 apagados los motores que bombean agua del manantial local hasta que la gobernadora Indira Vizca\u00edno acuda personalmente para atender sus demandas y responder\u2026","rel":"","context":"En &quot;CINTILLO&quot;","block_context":{"text":"CINTILLO","link":"http:\/\/www.grieta.org.mx\/index.php\/category\/cintillo\/"},"img":{"alt_text":"","src":"https:\/\/i0.wp.com\/www.grieta.org.mx\/wp-content\/uploads\/2024\/12\/img_0347-1.jpg?resize=350%2C200","width":350,"height":200,"srcset":"https:\/\/i0.wp.com\/www.grieta.org.mx\/wp-content\/uploads\/2024\/12\/img_0347-1.jpg?resize=350%2C200 1x, https:\/\/i0.wp.com\/www.grieta.org.mx\/wp-content\/uploads\/2024\/12\/img_0347-1.jpg?resize=525%2C300 1.5x, https:\/\/i0.wp.com\/www.grieta.org.mx\/wp-content\/uploads\/2024\/12\/img_0347-1.jpg?resize=700%2C400 2x, https:\/\/i0.wp.com\/www.grieta.org.mx\/wp-content\/uploads\/2024\/12\/img_0347-1.jpg?resize=1050%2C600 3x"},"classes":[]}],"_links":{"self":[{"href":"http:\/\/www.grieta.org.mx\/index.php\/wp-json\/wp\/v2\/posts\/9594","targetHints":{"allow":["GET"]}}],"collection":[{"href":"http:\/\/www.grieta.org.mx\/index.php\/wp-json\/wp\/v2\/posts"}],"about":[{"href":"http:\/\/www.grieta.org.mx\/index.php\/wp-json\/wp\/v2\/types\/post"}],"author":[{"embeddable":true,"href":"http:\/\/www.grieta.org.mx\/index.php\/wp-json\/wp\/v2\/users\/2"}],"replies":[{"embeddable":true,"href":"http:\/\/www.grieta.org.mx\/index.php\/wp-json\/wp\/v2\/comments?post=9594"}],"version-history":[{"count":1,"href":"http:\/\/www.grieta.org.mx\/index.php\/wp-json\/wp\/v2\/posts\/9594\/revisions"}],"predecessor-version":[{"id":9595,"href":"http:\/\/www.grieta.org.mx\/index.php\/wp-json\/wp\/v2\/posts\/9594\/revisions\/9595"}],"wp:featuredmedia":[{"embeddable":true,"href":"http:\/\/www.grieta.org.mx\/index.php\/wp-json\/wp\/v2\/media\/21928"}],"wp:attachment":[{"href":"http:\/\/www.grieta.org.mx\/index.php\/wp-json\/wp\/v2\/media?parent=9594"}],"wp:term":[{"taxonomy":"category","embeddable":true,"href":"http:\/\/www.grieta.org.mx\/index.php\/wp-json\/wp\/v2\/categories?post=9594"},{"taxonomy":"post_tag","embeddable":true,"href":"http:\/\/www.grieta.org.mx\/index.php\/wp-json\/wp\/v2\/tags?post=9594"}],"curies":[{"name":"wp","href":"https:\/\/api.w.org\/{rel}","templated":true}]}}