{"id":9575,"date":"2015-10-27T03:12:59","date_gmt":"2015-10-27T03:12:59","guid":{"rendered":"http:\/\/www.grieta.org.mx\/?p=9575"},"modified":"2016-04-02T03:15:51","modified_gmt":"2016-04-02T03:15:51","slug":"alerta-de-comuneros-y-comuneras-de-los-nueve-pueblos-de-milpa-alta","status":"publish","type":"post","link":"http:\/\/www.grieta.org.mx\/index.php\/2015\/10\/27\/alerta-de-comuneros-y-comuneras-de-los-nueve-pueblos-de-milpa-alta\/","title":{"rendered":"ALERTA DE COMUNEROS Y COMUNERAS DE LOS NUEVE PUEBLOS DE MILPA ALTA"},"content":{"rendered":"<p>REPRESENTACI\u00d3N GENERAL DE BIENES COMUNALES\u00a0DE MILPA ALTA Y PUEBLOS ANEXOS<\/p>\n<p>A L E R T A\u00a0<\/p>\n<p>COMUNEROS Y COMUNERAS DE<br \/>\nLOS NUEVE PUEBLOS DE MILPA ALTA<\/p>\n<p>POBLACI\u00d3N EN GENERAL<\/p>\n<p>El gobierno Federal, el gobierno del Distrito Federal y la jefatura delegacional en Milpa Alta pretenden imponer proyectos en nuestras tierras comunales, que implicar\u00edan la p\u00e9rdida del dominio, posesi\u00f3n, uso y disfrute de nuestra propiedad comunal de Milpa Alta y pueblos anexos que nos pertenece desde tiempos prehisp\u00e1nicos.<\/p>\n<p>La primera acci\u00f3n que pretenden realizar es establecer una base naval de la marina (unidad\u00a0de inteligencia y almac\u00e9n) en nuestras tierras comunales y para ello emitieron sorpresivamente un acuerdo \u2013realizado por debajo del agua y a espaldas del pueblo- publicado en el Diario Oficial de la Federaci\u00f3n el d\u00eda 8 de Octubre de 2015.<\/p>\n<p>El sitio donde pretenden establecer la base naval se ubica en un terreno de San Bartolom\u00e9 Xicomulco que es parte de nuestras tierras comunales que fueron tituladas y confirmadas a\u00a0los nueve pueblos de Milpa Alta como propiedad comunal, por resoluci\u00f3n presidencial de\u00a0fecha 23 de abril de 1952.<\/p>\n<p>Esta unidad militar pretende facilitar la imposici\u00f3n, con uso de la fuerza, de proyectos que convienen a intereses externos a la comunidad de Milpa Alta, como el proyecto ARCO SUR, otro\u00a0proyecto de muerte: una autopista de cuota, de seis carriles, que pretende pasar a unos 500 metros arriba de los pueblos de San Pablo Oztotepec, San Lorenzo Tlacoyucan y Santa Ana Tlacotenco, y que de hacerlo, lo har\u00eda da\u00f1ando importantes ecosistemas naturales que se encuentran dentro de tierras comunales.<\/p>\n<p>El ARCO SUR abrir\u00e1 las puertas a inversionistas extranjeros para que impongan en tierra\u00a0comunal proyectos inmobiliarios, tur\u00edsticos, industriales y comerciales, en detrimento de nuestras tierras y recursos naturales que hist\u00f3ricamente hemos conservado.<br \/>\nAnte esta problem\u00e1tica, el gobierno delegacional en Milpa Alta ha mostrado un total desconocimiento de la naturaleza jur\u00eddica de la Comunidad Milpa Alta, y no ha expresado una posici\u00f3n clara ante la actual amenaza, pues dice no conocer la problem\u00e1tica.<\/p>\n<p>Por su parte, el gobierno del Distrito Federal busca infundir miedo a los milpaltenses, mediante granaderos que rondan los pueblos, para que no protesten ante el despojo. Esto ahora se refuerza con fuerzas de la Marina que ya se han hecho presentes en Villa Milpa Alta y otros pueblos, sin informar a la poblaci\u00f3n ni a las autoridades comunales por qu\u00e9 los militares se\u00a0 encuentran fuera de sus bases y qu\u00e9 objetivos buscan en la tierra comunal de Milpa Alta. <\/p>\n<p>Nuestras tierras comunales est\u00e1n en peligro ante esta nueva embestida del gobierno federal coludido con el Gobierno del Distrito Federal y la jefatura delegacional de Milpa Alta.<br \/>\nFrente a esta embestida del gobierno, llamamos a todas las comuneras y comuneros de<br \/>\nMilpa Alta y los Pueblos Anexos a la organizaci\u00f3n y defensa de la tierra, tal como se ha<br \/>\nhecho en hist\u00f3ricamente.<\/p>\n<p>Llamamos al pueblo hermano de San Bartolom\u00e9 Xicomulco a prepararse y resistir, con el<br \/>\ncompromiso que la lucha la vamos a dar todos juntos y VAMOS A VENCER, porque nos<br \/>\nasiste la raz\u00f3n y el derecho.<\/p>\n<p>La comunidad de Milpa Alta existe desde antes de la creaci\u00f3n de estado mexicano. Las<br \/>\ntierras son de nuestra propiedad y nuestra comunidad nunca permitir\u00e1 que se establezcan<br \/>\nen su territorio cuarteles militares y proyectos de muerte.<\/p>\n<p>Conforme a la Constituci\u00f3n y los Convenios internacionales, el estado mexicano no puede<br \/>\nimponer en nuestras tierras cuarteles ni proyectos que afecten a la poblaci\u00f3n. Ellos saben<br \/>\nque la Constituci\u00f3n y los tratados internacionales nos amparan, por eso quieren imponer<br \/>\nproyectos a la fuerza, como los proyectos carreteros, industriales e inmobiliarios.<br \/>\nDefendimos nuestra tierra de los espa\u00f1oles, de los liberales de la reforma, de los<br \/>\nhacendados del porfiriato, de la papelera Loreto y Pe\u00f1a Pobre y lo haremos de quien<br \/>\nquiera despojarnos.<\/p>\n<p>Si es necesario morir, moriremos, pero nuestra tierra no ser\u00e1 cuartel.<\/p>\n<p>\u00a1FUERA GRANADEROS DE MILPA ALTA! \u00a1FUERA MARINA! \u00a1FUERA EJ\u00c9RCITO!<\/p>\n<p>Fuera represores. Fuera porros, fuera provocadores pagados por el gobierno.<\/p>\n<p>Bienvenida la organizaci\u00f3n comunitaria.<\/p>\n<p>Bienvenida la resistencia.<\/p>\n<p>\u00a1VIVA MILPA ALTA, VIVA MALACACHTEPEC MOMOXCO!<\/p>\n<p>OCTUBRE DE 2015<br \/>\nREPRESENTACI\u00d3N GENERAL DE BIENES COMUNALES<br \/>\nDE MILPA ALTA Y PUEBLOS ANEXOS<\/p>\n<p><a href=\"http:\/\/www.slideshare.net\/AxolotlAxolotl\/alerta-cuartel-xicomulco\" target=\"_blank\">http:\/\/www.slideshare.net\/AxolotlAxolotl\/alerta-cuartel-xicomulco<\/a><\/p>\n","protected":false},"excerpt":{"rendered":"<p>REPRESENTACI\u00d3N GENERAL DE BIENES COMUNALES\u00a0DE MILPA ALTA Y PUEBLOS ANEXOS A L E R T A\u00a0 COMUNEROS Y COMUNERAS DE LOS NUEVE PUEBLOS DE MILPA ALTA POBLACI\u00d3N EN GENERAL El &hellip; <a href=\"http:\/\/www.grieta.org.mx\/index.php\/2015\/10\/27\/alerta-de-comuneros-y-comuneras-de-los-nueve-pueblos-de-milpa-alta\/\" class=\"more-link\">Leer m\u00e1s<\/a><\/p>\n","protected":false},"author":2,"featured_media":21928,"comment_status":"closed","ping_status":"closed","sticky":false,"template":"","format":"standard","meta":{"ngg_post_thumbnail":0,"_jetpack_newsletter_access":"","_jetpack_dont_email_post_to_subs":false,"_jetpack_newsletter_tier_id":0,"_jetpack_memberships_contains_paywalled_content":false,"_jetpack_memberships_contains_paid_content":false,"footnotes":""},"categories":[80],"tags":[184,338,579],"class_list":["post-9575","post","type-post","status-publish","format-standard","has-post-thumbnail","hentry","category-cintillo","tag-despojo","tag-milpa-alta","tag-xicomulco","entry"],"jetpack_featured_media_url":"http:\/\/www.grieta.org.mx\/wp-content\/uploads\/2018\/03\/14524434_1106112876131411_958039263622046936_o.jpg","jetpack_sharing_enabled":true,"jetpack_shortlink":"https:\/\/wp.me\/p7ZJR4-2ur","jetpack_likes_enabled":false,"jetpack-related-posts":[{"id":4152,"url":"http:\/\/www.grieta.org.mx\/index.php\/2016\/03\/21\/denuncias-de-despojo-y-proteccion-de-tierras-por-comuneros-de-milpa-alta\/","url_meta":{"origin":9575,"position":0},"title":"Denuncias de despojo y protecci\u00f3n de tierras por comuneros de Milpa Alta","author":"grieta","date":"21 marzo, 2016","format":false,"excerpt":"10\/03\/16. Guardia Forestal, defensa del pulm\u00f3n de la Ciudad de M\u00e9xicoDesinform\u00e9monos 25\/01\/16. La Marina insiste en levantar un cuartel sobre las tierras que quitan la sed a la Ciudad de M\u00e9xicoDesinform\u00e9monos 17\/01\/16. Crean en Xicomulco movimiento de resistencia contra la urbanizaci\u00f3nLa Jornada 21\/12\/15. Rechazan en Ciudad de M\u00e9xico la construcci\u00f3n\u2026","rel":"","context":"En &quot;Ciudad de M\u00e9xico&quot;","block_context":{"text":"Ciudad de M\u00e9xico","link":"http:\/\/www.grieta.org.mx\/index.php\/category\/noticias-nacionales\/ciudad-de-mexico\/"},"img":{"alt_text":"","src":"https:\/\/i0.wp.com\/www.grieta.org.mx\/wp-content\/uploads\/2018\/03\/14524434_1106112876131411_958039263622046936_o.jpg?resize=350%2C200","width":350,"height":200,"srcset":"https:\/\/i0.wp.com\/www.grieta.org.mx\/wp-content\/uploads\/2018\/03\/14524434_1106112876131411_958039263622046936_o.jpg?resize=350%2C200 1x, https:\/\/i0.wp.com\/www.grieta.org.mx\/wp-content\/uploads\/2018\/03\/14524434_1106112876131411_958039263622046936_o.jpg?resize=525%2C300 1.5x, https:\/\/i0.wp.com\/www.grieta.org.mx\/wp-content\/uploads\/2018\/03\/14524434_1106112876131411_958039263622046936_o.jpg?resize=700%2C400 2x"},"classes":[]},{"id":9566,"url":"http:\/\/www.grieta.org.mx\/index.php\/2016\/01\/17\/crean-en-xicomulco-movimiento-de-resistencia-contra-la-urbanizacion\/","url_meta":{"origin":9575,"position":1},"title":"Crean en Xicomulco movimiento de resistencia contra la urbanizaci\u00f3n","author":"grieta","date":"17 enero, 2016","format":false,"excerpt":"La Jornada Los habitantes se oponen a la construcci\u00f3n de una base de la Marina; traer\u00e1 violencia, dicen Advierten que esta instalaci\u00f3n facilitar\u00e1 el proyecto del Arco Sur, que da\u00f1ar\u00e1 sus tierras Los residentes de San Bartalom\u00e9 Xicomulco cuelgan en puertas, ventanas, muros y alambrados carteles en los que expresan\u2026","rel":"","context":"En &quot;CINTILLO&quot;","block_context":{"text":"CINTILLO","link":"http:\/\/www.grieta.org.mx\/index.php\/category\/cintillo\/"},"img":{"alt_text":"","src":"https:\/\/i0.wp.com\/www.grieta.org.mx\/wp-content\/uploads\/2018\/03\/14524434_1106112876131411_958039263622046936_o.jpg?resize=350%2C200","width":350,"height":200,"srcset":"https:\/\/i0.wp.com\/www.grieta.org.mx\/wp-content\/uploads\/2018\/03\/14524434_1106112876131411_958039263622046936_o.jpg?resize=350%2C200 1x, https:\/\/i0.wp.com\/www.grieta.org.mx\/wp-content\/uploads\/2018\/03\/14524434_1106112876131411_958039263622046936_o.jpg?resize=525%2C300 1.5x, https:\/\/i0.wp.com\/www.grieta.org.mx\/wp-content\/uploads\/2018\/03\/14524434_1106112876131411_958039263622046936_o.jpg?resize=700%2C400 2x"},"classes":[]},{"id":10060,"url":"http:\/\/www.grieta.org.mx\/index.php\/2016\/01\/17\/crean-en-xicomulco-movimiento-de-resistencia-contra-la-urbanizacion-2\/","url_meta":{"origin":9575,"position":2},"title":"Crean en Xicomulco movimiento de resistencia contra la urbanizaci\u00f3n","author":"grieta","date":"17 enero, 2016","format":false,"excerpt":"La Jornada Josefina Quintero M. Los habitantes se oponen a la construcci\u00f3n de una base de la Marina; \"traer\u00e1 violencia\", dicen Advierten que esta instalaci\u00f3n facilitar\u00e1 el proyecto del Arco Sur, que da\u00f1ar\u00e1 sus tierras Los residentes de San Bartalom\u00e9 Xicomulco cuelgan en puertas, ventanas, muros y alambrados carteles en\u2026","rel":"","context":"En &quot;CINTILLO&quot;","block_context":{"text":"CINTILLO","link":"http:\/\/www.grieta.org.mx\/index.php\/category\/cintillo\/"},"img":{"alt_text":"","src":"https:\/\/i0.wp.com\/www.grieta.org.mx\/wp-content\/uploads\/2018\/03\/14524434_1106112876131411_958039263622046936_o.jpg?resize=350%2C200","width":350,"height":200,"srcset":"https:\/\/i0.wp.com\/www.grieta.org.mx\/wp-content\/uploads\/2018\/03\/14524434_1106112876131411_958039263622046936_o.jpg?resize=350%2C200 1x, https:\/\/i0.wp.com\/www.grieta.org.mx\/wp-content\/uploads\/2018\/03\/14524434_1106112876131411_958039263622046936_o.jpg?resize=525%2C300 1.5x, https:\/\/i0.wp.com\/www.grieta.org.mx\/wp-content\/uploads\/2018\/03\/14524434_1106112876131411_958039263622046936_o.jpg?resize=700%2C400 2x"},"classes":[]},{"id":9572,"url":"http:\/\/www.grieta.org.mx\/index.php\/2015\/12\/14\/nuestra-tierra-no-sera-cuartel-comuneros-de-milpa-alta\/","url_meta":{"origin":9575,"position":3},"title":"\u201cNuestra tierra no ser\u00e1 cuartel\u201d: Comuneros de Milpa Alta","author":"grieta","date":"14 diciembre, 2015","format":false,"excerpt":"Punto por punto Advierten que no permitir\u00e1n que se construya una base naval en el pueblo de San Bartolom\u00e9 Xicomulco Nora Nancy Gaspar Res\u00e9ndiz Desde la orilla de la carretera, que divide en dos una loma repleta de verdes \u00e1rboles, se observan a lo lejos cuatro habitaciones con fachada blanca,\u2026","rel":"","context":"En &quot;CINTILLO&quot;","block_context":{"text":"CINTILLO","link":"http:\/\/www.grieta.org.mx\/index.php\/category\/cintillo\/"},"img":{"alt_text":"","src":"https:\/\/i0.wp.com\/www.grieta.org.mx\/wp-content\/uploads\/2018\/03\/14524434_1106112876131411_958039263622046936_o.jpg?resize=350%2C200","width":350,"height":200,"srcset":"https:\/\/i0.wp.com\/www.grieta.org.mx\/wp-content\/uploads\/2018\/03\/14524434_1106112876131411_958039263622046936_o.jpg?resize=350%2C200 1x, https:\/\/i0.wp.com\/www.grieta.org.mx\/wp-content\/uploads\/2018\/03\/14524434_1106112876131411_958039263622046936_o.jpg?resize=525%2C300 1.5x, https:\/\/i0.wp.com\/www.grieta.org.mx\/wp-content\/uploads\/2018\/03\/14524434_1106112876131411_958039263622046936_o.jpg?resize=700%2C400 2x"},"classes":[]},{"id":9562,"url":"http:\/\/www.grieta.org.mx\/index.php\/2016\/01\/25\/la-marina-insiste-en-levantar-un-cuartel-sobre-las-tierras-que-quitan-la-sed-a-la-ciudad-de-mexico\/","url_meta":{"origin":9575,"position":4},"title":"La Marina insiste en levantar un cuartel sobre las tierras que quitan la sed a la Ciudad de M\u00e9xico","author":"grieta","date":"25 enero, 2016","format":false,"excerpt":"Desinform\u00e9monos Eliana Gilet Milpa Alta, Ciudad de M\u00e9xico. El traspaso a la Secretar\u00eda de Marina de un predio de 7 mil metros en la delegaci\u00f3n Milpa Alta, la zona rural de la reci\u00e9n nombrada Ciudad de M\u00e9xico, puso en alerta a la comunidad de San Bartolo. Un arco de piedra\u2026","rel":"","context":"En &quot;CINTILLO&quot;","block_context":{"text":"CINTILLO","link":"http:\/\/www.grieta.org.mx\/index.php\/category\/cintillo\/"},"img":{"alt_text":"","src":"https:\/\/i0.wp.com\/www.grieta.org.mx\/wp-content\/uploads\/2018\/03\/14524434_1106112876131411_958039263622046936_o.jpg?resize=350%2C200","width":350,"height":200,"srcset":"https:\/\/i0.wp.com\/www.grieta.org.mx\/wp-content\/uploads\/2018\/03\/14524434_1106112876131411_958039263622046936_o.jpg?resize=350%2C200 1x, https:\/\/i0.wp.com\/www.grieta.org.mx\/wp-content\/uploads\/2018\/03\/14524434_1106112876131411_958039263622046936_o.jpg?resize=525%2C300 1.5x, https:\/\/i0.wp.com\/www.grieta.org.mx\/wp-content\/uploads\/2018\/03\/14524434_1106112876131411_958039263622046936_o.jpg?resize=700%2C400 2x"},"classes":[]},{"id":9551,"url":"http:\/\/www.grieta.org.mx\/index.php\/2016\/03\/10\/guardia-forestal-defensa-del-pulmon-de-la-ciudad-de-mexico-2\/","url_meta":{"origin":9575,"position":5},"title":"Guardia Forestal, defensa del pulm\u00f3n de la Ciudad de M\u00e9xico","author":"grieta","date":"10 marzo, 2016","format":false,"excerpt":"Desinform\u00e9monos Prometeo Lucero \u201cEl uniforme da presencia, se impone\u201d, cuenta Rosario Gonz\u00e1lez, una de las mujeres de la brigada de vigilancia Ocelotl. Vestida de negro, con gorra y botas, acompa\u00f1a a los vigilantes a patrullar los cerros de Milpa Alta. Sus compa\u00f1eros visten adem\u00e1s un pantal\u00f3n camuflado y gorra; algunos\u2026","rel":"","context":"En &quot;CINTILLO&quot;","block_context":{"text":"CINTILLO","link":"http:\/\/www.grieta.org.mx\/index.php\/category\/cintillo\/"},"img":{"alt_text":"","src":"https:\/\/i0.wp.com\/www.grieta.org.mx\/wp-content\/uploads\/2018\/03\/14524434_1106112876131411_958039263622046936_o.jpg?resize=350%2C200","width":350,"height":200,"srcset":"https:\/\/i0.wp.com\/www.grieta.org.mx\/wp-content\/uploads\/2018\/03\/14524434_1106112876131411_958039263622046936_o.jpg?resize=350%2C200 1x, https:\/\/i0.wp.com\/www.grieta.org.mx\/wp-content\/uploads\/2018\/03\/14524434_1106112876131411_958039263622046936_o.jpg?resize=525%2C300 1.5x, https:\/\/i0.wp.com\/www.grieta.org.mx\/wp-content\/uploads\/2018\/03\/14524434_1106112876131411_958039263622046936_o.jpg?resize=700%2C400 2x"},"classes":[]}],"_links":{"self":[{"href":"http:\/\/www.grieta.org.mx\/index.php\/wp-json\/wp\/v2\/posts\/9575","targetHints":{"allow":["GET"]}}],"collection":[{"href":"http:\/\/www.grieta.org.mx\/index.php\/wp-json\/wp\/v2\/posts"}],"about":[{"href":"http:\/\/www.grieta.org.mx\/index.php\/wp-json\/wp\/v2\/types\/post"}],"author":[{"embeddable":true,"href":"http:\/\/www.grieta.org.mx\/index.php\/wp-json\/wp\/v2\/users\/2"}],"replies":[{"embeddable":true,"href":"http:\/\/www.grieta.org.mx\/index.php\/wp-json\/wp\/v2\/comments?post=9575"}],"version-history":[{"count":1,"href":"http:\/\/www.grieta.org.mx\/index.php\/wp-json\/wp\/v2\/posts\/9575\/revisions"}],"predecessor-version":[{"id":9576,"href":"http:\/\/www.grieta.org.mx\/index.php\/wp-json\/wp\/v2\/posts\/9575\/revisions\/9576"}],"wp:featuredmedia":[{"embeddable":true,"href":"http:\/\/www.grieta.org.mx\/index.php\/wp-json\/wp\/v2\/media\/21928"}],"wp:attachment":[{"href":"http:\/\/www.grieta.org.mx\/index.php\/wp-json\/wp\/v2\/media?parent=9575"}],"wp:term":[{"taxonomy":"category","embeddable":true,"href":"http:\/\/www.grieta.org.mx\/index.php\/wp-json\/wp\/v2\/categories?post=9575"},{"taxonomy":"post_tag","embeddable":true,"href":"http:\/\/www.grieta.org.mx\/index.php\/wp-json\/wp\/v2\/tags?post=9575"}],"curies":[{"name":"wp","href":"https:\/\/api.w.org\/{rel}","templated":true}]}}