{"id":9572,"date":"2015-12-14T03:08:12","date_gmt":"2015-12-14T03:08:12","guid":{"rendered":"http:\/\/www.grieta.org.mx\/?p=9572"},"modified":"2016-04-02T03:11:29","modified_gmt":"2016-04-02T03:11:29","slug":"nuestra-tierra-no-sera-cuartel-comuneros-de-milpa-alta","status":"publish","type":"post","link":"http:\/\/www.grieta.org.mx\/index.php\/2015\/12\/14\/nuestra-tierra-no-sera-cuartel-comuneros-de-milpa-alta\/","title":{"rendered":"\u201cNuestra tierra no ser\u00e1 cuartel\u201d: Comuneros de Milpa Alta"},"content":{"rendered":"<p>Punto por punto<\/p>\n<p>Advierten que no permitir\u00e1n que se construya una base naval en el pueblo de San Bartolom\u00e9 Xicomulco<\/p>\n<p>Nora Nancy Gaspar Res\u00e9ndiz<\/p>\n<p>Desde la orilla de la carretera, que divide en dos una loma repleta de verdes \u00e1rboles, se observan a lo lejos cuatro habitaciones con fachada blanca, las cuales est\u00e1n dentro de un predio que mide aproximadamente siete mil metros cuadrados, y est\u00e1 delimitado por una valla de alambre.<\/p>\n<p>A su alrededor apenas se logran distinguir algunas casas dispersas entre tanta vegetaci\u00f3n, la cual forma parte del paisaje en el pueblo de San Bartolom\u00e9 Xicomulco.<\/p>\n<p>En dicho terreno la Secretar\u00eda de Marina (Semar) planea construir una unidad con instalaciones de inteligencia y bodegas para el resguardo de material naval, hecho que los comuneros consideran como \u201cUn acto de provocaci\u00f3n a los pueblos de Milpa Alta\u201d.<\/p>\n<p>El decreto que se public\u00f3 en el Diario Oficial de la Federaci\u00f3n (DOF) el 8 de octubre de 2015 cay\u00f3 por sorpresa entre comunidad, ya que ninguna autoridad les hab\u00eda informado sobre la intenci\u00f3n de construir ah\u00ed una base naval.<\/p>\n<p>En ese sorpresivo decreto tambi\u00e9n se menciona que desde 1961 ese terreno fue vendido por un particular a la Secretar\u00eda de Comunicaciones y Transportes (SCT).<\/p>\n<p>Esta propiedad, incluida en el inventario del Sistema de Informaci\u00f3n Inmobiliaria Federal y Paraestatal y en el Registro Federal Inmobiliario, cuenta con una superficie de siete mil 361.67 metros cuadrados y se utiliz\u00f3 por muchos a\u00f1os como bodega por la SCT, despu\u00e9s como base de lanzamiento de equipos satelitales para la UNAM y ahora es cedido a la Secretar\u00eda de Marina por parte del Instituto de Administraci\u00f3n y Aval\u00faos de Bienes Nacionales<\/p>\n<p>\u201cSI ES NECESARIO MORIR, MORIREMOS\u201d<\/p>\n<p>Sin embargo, integrantes de la Representaci\u00f3n General de Bienes Comunales de Milpa Alta sostienen que se trata de un despojo.<\/p>\n<p>La advertencia, contenida en un comunicado, es muy clara \u201cSi es necesario morir, moriremos, pero nuestra tierra no ser\u00e1 cuartel\u201d<\/p>\n<p>Don Estanislao Garc\u00eda, parte del equipo de esa representaci\u00f3n, explica a la reportera que San Bartolom\u00e9 Xicomulco es un pueblo originario que pertenece a las tierras comunales de Milpa Alta, ratificadas como tales en 1952 por el entonces presidente de Miguel Alem\u00e1n Vald\u00e9s y protegido por la Ley Agraria de 1934. Por lo tanto, dice,\u00a0 la compra-venta de 1961 es ilegal.<\/p>\n<p>Tambi\u00e9n argumenta que si el proyecto que pretende llevar a cabo la Secretar\u00eda de Marina se llega a concretar, se ver\u00eda afectado todo el Distrito Federal, y en especial las regiones sur y oriente, as\u00ed como el estado de M\u00e9xico y el norte de Morelos, porque la zona es parte importante en el abastecimiento de agua potable para ciudad.<\/p>\n<p>Durante el recorrido que Puntoporpunto realiz\u00f3 por la zona, se observ\u00f3 que se trata de un lugar con prominente vegetaci\u00f3n, poseedor de una extensa zona dedicada al cultivo de nopal.<br \/>\nLa zona est\u00e1 catalogada como \u00e1rea comunitaria de conservaci\u00f3n ecol\u00f3gica y, de acuerdo con diversas fuentes oficiales consultadas, s\u00f3lo se permiten actividades que preserven la biodiversidad y que contribuyan a la recarga de mantos acu\u00edferos.<\/p>\n<p>Los representantes de los comuneros comentan que al enterarse de la intenci\u00f3n de construir una Base Naval se acercaron al jefe delegacional de Milpa Alta, Jorge Alvarado Galicia, quien evit\u00f3 expresar alguna opini\u00f3n, ya que dijo desconocer la problem\u00e1tica.<\/p>\n<p>Sin embargo, los comuneros tomaron medidas de inmediato para evitar el despojo, y advierten que llegar\u00e1n \u201chasta las \u00faltimas consecuencias, y que no ceder\u00e1n ante nada\u201d.<\/p>\n<p>PRESENTAN AMPARO<\/p>\n<p>Como primera medida, los comuneros interpusieron una demanda de amparo contra la Secretar\u00eda de Desarrollo Agrario Territorial y Urbano (Sedatu) por violar el estatuto de tierra comunal de la zona.<\/p>\n<p>Diputados locales del partido Movimiento Ciudadano propusieron un punto de acuerdo ante la Asamblea Legislativa del Distrito Federal (ALDF), el cual fue aprobado. Por tal motivo, el \u00f3rgano legislativo solicit\u00f3 al Gobierno del Distrito Federal y a la Secretar\u00eda de Marina un informe al respecto.<\/p>\n<p>El diario digital Puntoporpunto solicito la posici\u00f3n oficial de la Secretar\u00eda de Marina a trav\u00e9s del \u00e1rea de Comunicaci\u00f3n Social. Sin embargo, hasta el momento de la publicaci\u00f3n de este trabajo la dependencia no hab\u00eda respondido la solicitud.<\/p>\n<p>Por ahora los pobladores esperan la resoluci\u00f3n sobre la demanda de amparo interpuesto para determinar las acciones a seguir. Llevan 40 a\u00f1os luchando por su tierra y esta vez, dicen, no ser\u00e1 la excepci\u00f3n.<\/p>\n<p>Los comuneros de Milpa Alta comentan que aunque han tenido comunicaci\u00f3n con los ejidatarios de San Salvador Atenco, no est\u00e1n de acuerdo en el m\u00e9todo que ellos utilizan para defender la tierra, ya que han descuidado el \u00e1mbito legal.<\/p>\n<p>Los milpaltenses aseguran que lucharan siempre, en primer lugar, por la v\u00eda legal, \u201camparados por la Constituci\u00f3n\u201d y apeg\u00e1ndose a la Ley Agraria, pero que de no obtener respuesta convocaran a un movimiento social, e incluso acudir\u00e1n a instancias internacionales, porque como dicen, \u201cEl territorio es la esencia de los pueblos originarios\u201d.<\/p>\n<p><a href=\"http:\/\/www.puntoporpunto.com\/noticias\/politica\/nuestra-tierra-no-sera-cuartel-comuneros-de-milpa-alta\/\" target=\"_blank\">www.puntoporpunto.com\/noticias\/politica\/nuestra-tierra-no-sera-cuartel-comuneros-de-milpa-alta\/<\/a><\/p>\n","protected":false},"excerpt":{"rendered":"<p>Punto por punto Advierten que no permitir\u00e1n que se construya una base naval en el pueblo de San Bartolom\u00e9 Xicomulco Nora Nancy Gaspar Res\u00e9ndiz Desde la orilla de la carretera, &hellip; <a href=\"http:\/\/www.grieta.org.mx\/index.php\/2015\/12\/14\/nuestra-tierra-no-sera-cuartel-comuneros-de-milpa-alta\/\" class=\"more-link\">Leer m\u00e1s<\/a><\/p>\n","protected":false},"author":2,"featured_media":21928,"comment_status":"closed","ping_status":"closed","sticky":false,"template":"","format":"standard","meta":{"ngg_post_thumbnail":0,"_jetpack_newsletter_access":"","_jetpack_dont_email_post_to_subs":false,"_jetpack_newsletter_tier_id":0,"_jetpack_memberships_contains_paywalled_content":false,"_jetpack_memberships_contains_paid_content":false,"footnotes":""},"categories":[80],"tags":[184,338],"class_list":["post-9572","post","type-post","status-publish","format-standard","has-post-thumbnail","hentry","category-cintillo","tag-despojo","tag-milpa-alta","entry"],"jetpack_featured_media_url":"http:\/\/www.grieta.org.mx\/wp-content\/uploads\/2018\/03\/14524434_1106112876131411_958039263622046936_o.jpg","jetpack_sharing_enabled":true,"jetpack_shortlink":"https:\/\/wp.me\/p7ZJR4-2uo","jetpack_likes_enabled":false,"jetpack-related-posts":[{"id":9575,"url":"http:\/\/www.grieta.org.mx\/index.php\/2015\/10\/27\/alerta-de-comuneros-y-comuneras-de-los-nueve-pueblos-de-milpa-alta\/","url_meta":{"origin":9572,"position":0},"title":"ALERTA DE COMUNEROS Y COMUNERAS DE LOS NUEVE PUEBLOS DE MILPA ALTA","author":"grieta","date":"27 octubre, 2015","format":false,"excerpt":"REPRESENTACI\u00d3N GENERAL DE BIENES COMUNALES\u00a0DE MILPA ALTA Y PUEBLOS ANEXOS A L E R T A\u00a0 COMUNEROS Y COMUNERAS DE LOS NUEVE PUEBLOS DE MILPA ALTA POBLACI\u00d3N EN GENERAL El gobierno Federal, el gobierno del Distrito Federal y la jefatura delegacional en Milpa Alta pretenden imponer proyectos en nuestras tierras\u2026","rel":"","context":"En &quot;CINTILLO&quot;","block_context":{"text":"CINTILLO","link":"http:\/\/www.grieta.org.mx\/index.php\/category\/cintillo\/"},"img":{"alt_text":"","src":"https:\/\/i0.wp.com\/www.grieta.org.mx\/wp-content\/uploads\/2018\/03\/14524434_1106112876131411_958039263622046936_o.jpg?resize=350%2C200","width":350,"height":200,"srcset":"https:\/\/i0.wp.com\/www.grieta.org.mx\/wp-content\/uploads\/2018\/03\/14524434_1106112876131411_958039263622046936_o.jpg?resize=350%2C200 1x, https:\/\/i0.wp.com\/www.grieta.org.mx\/wp-content\/uploads\/2018\/03\/14524434_1106112876131411_958039263622046936_o.jpg?resize=525%2C300 1.5x, https:\/\/i0.wp.com\/www.grieta.org.mx\/wp-content\/uploads\/2018\/03\/14524434_1106112876131411_958039263622046936_o.jpg?resize=700%2C400 2x"},"classes":[]},{"id":9566,"url":"http:\/\/www.grieta.org.mx\/index.php\/2016\/01\/17\/crean-en-xicomulco-movimiento-de-resistencia-contra-la-urbanizacion\/","url_meta":{"origin":9572,"position":1},"title":"Crean en Xicomulco movimiento de resistencia contra la urbanizaci\u00f3n","author":"grieta","date":"17 enero, 2016","format":false,"excerpt":"La Jornada Los habitantes se oponen a la construcci\u00f3n de una base de la Marina; traer\u00e1 violencia, dicen Advierten que esta instalaci\u00f3n facilitar\u00e1 el proyecto del Arco Sur, que da\u00f1ar\u00e1 sus tierras Los residentes de San Bartalom\u00e9 Xicomulco cuelgan en puertas, ventanas, muros y alambrados carteles en los que expresan\u2026","rel":"","context":"En &quot;CINTILLO&quot;","block_context":{"text":"CINTILLO","link":"http:\/\/www.grieta.org.mx\/index.php\/category\/cintillo\/"},"img":{"alt_text":"","src":"https:\/\/i0.wp.com\/www.grieta.org.mx\/wp-content\/uploads\/2018\/03\/14524434_1106112876131411_958039263622046936_o.jpg?resize=350%2C200","width":350,"height":200,"srcset":"https:\/\/i0.wp.com\/www.grieta.org.mx\/wp-content\/uploads\/2018\/03\/14524434_1106112876131411_958039263622046936_o.jpg?resize=350%2C200 1x, https:\/\/i0.wp.com\/www.grieta.org.mx\/wp-content\/uploads\/2018\/03\/14524434_1106112876131411_958039263622046936_o.jpg?resize=525%2C300 1.5x, https:\/\/i0.wp.com\/www.grieta.org.mx\/wp-content\/uploads\/2018\/03\/14524434_1106112876131411_958039263622046936_o.jpg?resize=700%2C400 2x"},"classes":[]},{"id":10060,"url":"http:\/\/www.grieta.org.mx\/index.php\/2016\/01\/17\/crean-en-xicomulco-movimiento-de-resistencia-contra-la-urbanizacion-2\/","url_meta":{"origin":9572,"position":2},"title":"Crean en Xicomulco movimiento de resistencia contra la urbanizaci\u00f3n","author":"grieta","date":"17 enero, 2016","format":false,"excerpt":"La Jornada Josefina Quintero M. Los habitantes se oponen a la construcci\u00f3n de una base de la Marina; \"traer\u00e1 violencia\", dicen Advierten que esta instalaci\u00f3n facilitar\u00e1 el proyecto del Arco Sur, que da\u00f1ar\u00e1 sus tierras Los residentes de San Bartalom\u00e9 Xicomulco cuelgan en puertas, ventanas, muros y alambrados carteles en\u2026","rel":"","context":"En &quot;CINTILLO&quot;","block_context":{"text":"CINTILLO","link":"http:\/\/www.grieta.org.mx\/index.php\/category\/cintillo\/"},"img":{"alt_text":"","src":"https:\/\/i0.wp.com\/www.grieta.org.mx\/wp-content\/uploads\/2018\/03\/14524434_1106112876131411_958039263622046936_o.jpg?resize=350%2C200","width":350,"height":200,"srcset":"https:\/\/i0.wp.com\/www.grieta.org.mx\/wp-content\/uploads\/2018\/03\/14524434_1106112876131411_958039263622046936_o.jpg?resize=350%2C200 1x, https:\/\/i0.wp.com\/www.grieta.org.mx\/wp-content\/uploads\/2018\/03\/14524434_1106112876131411_958039263622046936_o.jpg?resize=525%2C300 1.5x, https:\/\/i0.wp.com\/www.grieta.org.mx\/wp-content\/uploads\/2018\/03\/14524434_1106112876131411_958039263622046936_o.jpg?resize=700%2C400 2x"},"classes":[]},{"id":4152,"url":"http:\/\/www.grieta.org.mx\/index.php\/2016\/03\/21\/denuncias-de-despojo-y-proteccion-de-tierras-por-comuneros-de-milpa-alta\/","url_meta":{"origin":9572,"position":3},"title":"Denuncias de despojo y protecci\u00f3n de tierras por comuneros de Milpa Alta","author":"grieta","date":"21 marzo, 2016","format":false,"excerpt":"10\/03\/16. Guardia Forestal, defensa del pulm\u00f3n de la Ciudad de M\u00e9xicoDesinform\u00e9monos 25\/01\/16. La Marina insiste en levantar un cuartel sobre las tierras que quitan la sed a la Ciudad de M\u00e9xicoDesinform\u00e9monos 17\/01\/16. Crean en Xicomulco movimiento de resistencia contra la urbanizaci\u00f3nLa Jornada 21\/12\/15. Rechazan en Ciudad de M\u00e9xico la construcci\u00f3n\u2026","rel":"","context":"En &quot;Ciudad de M\u00e9xico&quot;","block_context":{"text":"Ciudad de M\u00e9xico","link":"http:\/\/www.grieta.org.mx\/index.php\/category\/noticias-nacionales\/ciudad-de-mexico\/"},"img":{"alt_text":"","src":"https:\/\/i0.wp.com\/www.grieta.org.mx\/wp-content\/uploads\/2018\/03\/14524434_1106112876131411_958039263622046936_o.jpg?resize=350%2C200","width":350,"height":200,"srcset":"https:\/\/i0.wp.com\/www.grieta.org.mx\/wp-content\/uploads\/2018\/03\/14524434_1106112876131411_958039263622046936_o.jpg?resize=350%2C200 1x, https:\/\/i0.wp.com\/www.grieta.org.mx\/wp-content\/uploads\/2018\/03\/14524434_1106112876131411_958039263622046936_o.jpg?resize=525%2C300 1.5x, https:\/\/i0.wp.com\/www.grieta.org.mx\/wp-content\/uploads\/2018\/03\/14524434_1106112876131411_958039263622046936_o.jpg?resize=700%2C400 2x"},"classes":[]},{"id":9569,"url":"http:\/\/www.grieta.org.mx\/index.php\/2015\/12\/21\/rechazan-en-ciudad-de-mexico-la-construccion-de-cuartel-de-la-marina\/","url_meta":{"origin":9572,"position":4},"title":"Rechazan en Ciudad de M\u00e9xico la construcci\u00f3n de cuartel de la Marina","author":"grieta","date":"21 diciembre, 2015","format":false,"excerpt":"Telesur Corresponsal: Fernando Camacho Los habitantes del pueblo San Bartolom\u00e9 Chicomulco, ubicado en la zona sur de la Ciudad de M\u00e9xico se han manifestado en contra del proyecto que prev\u00e9 la construcci\u00f3n de un cuartel de la Marina Armada de M\u00e9xico. Sus argumentos van de la posible inseguridad y contaminaci\u00f3n\u2026","rel":"","context":"En &quot;CINTILLO&quot;","block_context":{"text":"CINTILLO","link":"http:\/\/www.grieta.org.mx\/index.php\/category\/cintillo\/"},"img":{"alt_text":"","src":"https:\/\/i0.wp.com\/www.grieta.org.mx\/wp-content\/uploads\/2018\/03\/14524434_1106112876131411_958039263622046936_o.jpg?resize=350%2C200","width":350,"height":200,"srcset":"https:\/\/i0.wp.com\/www.grieta.org.mx\/wp-content\/uploads\/2018\/03\/14524434_1106112876131411_958039263622046936_o.jpg?resize=350%2C200 1x, https:\/\/i0.wp.com\/www.grieta.org.mx\/wp-content\/uploads\/2018\/03\/14524434_1106112876131411_958039263622046936_o.jpg?resize=525%2C300 1.5x, https:\/\/i0.wp.com\/www.grieta.org.mx\/wp-content\/uploads\/2018\/03\/14524434_1106112876131411_958039263622046936_o.jpg?resize=700%2C400 2x"},"classes":[]},{"id":9551,"url":"http:\/\/www.grieta.org.mx\/index.php\/2016\/03\/10\/guardia-forestal-defensa-del-pulmon-de-la-ciudad-de-mexico-2\/","url_meta":{"origin":9572,"position":5},"title":"Guardia Forestal, defensa del pulm\u00f3n de la Ciudad de M\u00e9xico","author":"grieta","date":"10 marzo, 2016","format":false,"excerpt":"Desinform\u00e9monos Prometeo Lucero \u201cEl uniforme da presencia, se impone\u201d, cuenta Rosario Gonz\u00e1lez, una de las mujeres de la brigada de vigilancia Ocelotl. Vestida de negro, con gorra y botas, acompa\u00f1a a los vigilantes a patrullar los cerros de Milpa Alta. Sus compa\u00f1eros visten adem\u00e1s un pantal\u00f3n camuflado y gorra; algunos\u2026","rel":"","context":"En &quot;CINTILLO&quot;","block_context":{"text":"CINTILLO","link":"http:\/\/www.grieta.org.mx\/index.php\/category\/cintillo\/"},"img":{"alt_text":"","src":"https:\/\/i0.wp.com\/www.grieta.org.mx\/wp-content\/uploads\/2018\/03\/14524434_1106112876131411_958039263622046936_o.jpg?resize=350%2C200","width":350,"height":200,"srcset":"https:\/\/i0.wp.com\/www.grieta.org.mx\/wp-content\/uploads\/2018\/03\/14524434_1106112876131411_958039263622046936_o.jpg?resize=350%2C200 1x, https:\/\/i0.wp.com\/www.grieta.org.mx\/wp-content\/uploads\/2018\/03\/14524434_1106112876131411_958039263622046936_o.jpg?resize=525%2C300 1.5x, https:\/\/i0.wp.com\/www.grieta.org.mx\/wp-content\/uploads\/2018\/03\/14524434_1106112876131411_958039263622046936_o.jpg?resize=700%2C400 2x"},"classes":[]}],"_links":{"self":[{"href":"http:\/\/www.grieta.org.mx\/index.php\/wp-json\/wp\/v2\/posts\/9572","targetHints":{"allow":["GET"]}}],"collection":[{"href":"http:\/\/www.grieta.org.mx\/index.php\/wp-json\/wp\/v2\/posts"}],"about":[{"href":"http:\/\/www.grieta.org.mx\/index.php\/wp-json\/wp\/v2\/types\/post"}],"author":[{"embeddable":true,"href":"http:\/\/www.grieta.org.mx\/index.php\/wp-json\/wp\/v2\/users\/2"}],"replies":[{"embeddable":true,"href":"http:\/\/www.grieta.org.mx\/index.php\/wp-json\/wp\/v2\/comments?post=9572"}],"version-history":[{"count":1,"href":"http:\/\/www.grieta.org.mx\/index.php\/wp-json\/wp\/v2\/posts\/9572\/revisions"}],"predecessor-version":[{"id":9573,"href":"http:\/\/www.grieta.org.mx\/index.php\/wp-json\/wp\/v2\/posts\/9572\/revisions\/9573"}],"wp:featuredmedia":[{"embeddable":true,"href":"http:\/\/www.grieta.org.mx\/index.php\/wp-json\/wp\/v2\/media\/21928"}],"wp:attachment":[{"href":"http:\/\/www.grieta.org.mx\/index.php\/wp-json\/wp\/v2\/media?parent=9572"}],"wp:term":[{"taxonomy":"category","embeddable":true,"href":"http:\/\/www.grieta.org.mx\/index.php\/wp-json\/wp\/v2\/categories?post=9572"},{"taxonomy":"post_tag","embeddable":true,"href":"http:\/\/www.grieta.org.mx\/index.php\/wp-json\/wp\/v2\/tags?post=9572"}],"curies":[{"name":"wp","href":"https:\/\/api.w.org\/{rel}","templated":true}]}}