{"id":9569,"date":"2015-12-21T03:04:58","date_gmt":"2015-12-21T03:04:58","guid":{"rendered":"http:\/\/www.grieta.org.mx\/?p=9569"},"modified":"2016-04-02T03:06:59","modified_gmt":"2016-04-02T03:06:59","slug":"rechazan-en-ciudad-de-mexico-la-construccion-de-cuartel-de-la-marina","status":"publish","type":"post","link":"http:\/\/www.grieta.org.mx\/index.php\/2015\/12\/21\/rechazan-en-ciudad-de-mexico-la-construccion-de-cuartel-de-la-marina\/","title":{"rendered":"Rechazan en Ciudad de M\u00e9xico la construcci\u00f3n de cuartel de la Marina"},"content":{"rendered":"<p>Telesur<\/p>\n<p>Corresponsal: Fernando Camacho<\/p>\n<p>Los habitantes del pueblo San Bartolom\u00e9 Chicomulco, ubicado en la zona sur de la Ciudad de M\u00e9xico se han manifestado en contra del proyecto que prev\u00e9 la construcci\u00f3n de un cuartel de la Marina Armada de M\u00e9xico. Sus argumentos van de la posible inseguridad y contaminaci\u00f3n que traer\u00eda ese y otros megaproyectos en la zona. teleSUR<\/p>\n<p><a href=\"https:\/\/www.youtube.com\/watch?v=umG23XQ0qBA&#038;feature=player_embedded\" target=\"_blank\">https:\/\/www.youtube.com\/watch?v=umG23XQ0qBA&#038;feature=player_embedded<\/a><\/p>\n<p><a href=\"http:\/\/videos.telesurtv.net\/video\/486527\/rechazan-en-ciudad-de-mexico-la-construccion-de-cuartel-de-la-marina\" target=\"_blank\">http:\/\/videos.telesurtv.net\/video\/486527\/rechazan-en-ciudad-de-mexico-la-construccion-de-cuartel-de-la-marina<\/a><\/p>\n","protected":false},"excerpt":{"rendered":"<p>Telesur Corresponsal: Fernando Camacho Los habitantes del pueblo San Bartolom\u00e9 Chicomulco, ubicado en la zona sur de la Ciudad de M\u00e9xico se han manifestado en contra del proyecto que prev\u00e9 &hellip; <a href=\"http:\/\/www.grieta.org.mx\/index.php\/2015\/12\/21\/rechazan-en-ciudad-de-mexico-la-construccion-de-cuartel-de-la-marina\/\" class=\"more-link\">Leer m\u00e1s<\/a><\/p>\n","protected":false},"author":2,"featured_media":21928,"comment_status":"closed","ping_status":"closed","sticky":false,"template":"","format":"standard","meta":{"ngg_post_thumbnail":0,"_jetpack_newsletter_access":"","_jetpack_dont_email_post_to_subs":false,"_jetpack_newsletter_tier_id":0,"_jetpack_memberships_contains_paywalled_content":false,"_jetpack_memberships_contains_paid_content":false,"footnotes":""},"categories":[80],"tags":[184,338],"class_list":["post-9569","post","type-post","status-publish","format-standard","has-post-thumbnail","hentry","category-cintillo","tag-despojo","tag-milpa-alta","entry"],"jetpack_featured_media_url":"http:\/\/www.grieta.org.mx\/wp-content\/uploads\/2018\/03\/14524434_1106112876131411_958039263622046936_o.jpg","jetpack_sharing_enabled":true,"jetpack_shortlink":"https:\/\/wp.me\/p7ZJR4-2ul","jetpack_likes_enabled":false,"jetpack-related-posts":[{"id":4152,"url":"http:\/\/www.grieta.org.mx\/index.php\/2016\/03\/21\/denuncias-de-despojo-y-proteccion-de-tierras-por-comuneros-de-milpa-alta\/","url_meta":{"origin":9569,"position":0},"title":"Denuncias de despojo y protecci\u00f3n de tierras por comuneros de Milpa Alta","author":"grieta","date":"21 marzo, 2016","format":false,"excerpt":"10\/03\/16. Guardia Forestal, defensa del pulm\u00f3n de la Ciudad de M\u00e9xicoDesinform\u00e9monos 25\/01\/16. La Marina insiste en levantar un cuartel sobre las tierras que quitan la sed a la Ciudad de M\u00e9xicoDesinform\u00e9monos 17\/01\/16. Crean en Xicomulco movimiento de resistencia contra la urbanizaci\u00f3nLa Jornada 21\/12\/15. Rechazan en Ciudad de M\u00e9xico la construcci\u00f3n\u2026","rel":"","context":"En &quot;Ciudad de M\u00e9xico&quot;","block_context":{"text":"Ciudad de M\u00e9xico","link":"http:\/\/www.grieta.org.mx\/index.php\/category\/noticias-nacionales\/ciudad-de-mexico\/"},"img":{"alt_text":"","src":"https:\/\/i0.wp.com\/www.grieta.org.mx\/wp-content\/uploads\/2018\/03\/14524434_1106112876131411_958039263622046936_o.jpg?resize=350%2C200","width":350,"height":200,"srcset":"https:\/\/i0.wp.com\/www.grieta.org.mx\/wp-content\/uploads\/2018\/03\/14524434_1106112876131411_958039263622046936_o.jpg?resize=350%2C200 1x, https:\/\/i0.wp.com\/www.grieta.org.mx\/wp-content\/uploads\/2018\/03\/14524434_1106112876131411_958039263622046936_o.jpg?resize=525%2C300 1.5x, https:\/\/i0.wp.com\/www.grieta.org.mx\/wp-content\/uploads\/2018\/03\/14524434_1106112876131411_958039263622046936_o.jpg?resize=700%2C400 2x"},"classes":[]},{"id":31583,"url":"http:\/\/www.grieta.org.mx\/index.php\/2019\/04\/02\/buscaran-desaparecidos-en-cuartel-de-la-marina-en-nuevo-laredo-tamaulipas\/","url_meta":{"origin":9569,"position":1},"title":"Buscar\u00e1n desaparecidos en cuartel de la Marina en Nuevo Laredo (Tamaulipas)","author":"grieta","date":"2 abril, 2019","format":false,"excerpt":"El Bravo El cuartel oper\u00f3 durante varios meses en el cruce de la calle Arteaga y avenida Leona Vicario, en la colonia Victoria. Personal de la Fiscal\u00eda General de Justicia de Tamaulipas (FGJE) realizar\u00e1 una inspecci\u00f3n con un binomio canino en lo que fue un cuartel que us\u00f3 personal de\u2026","rel":"","context":"En &quot;CINTILLO&quot;","block_context":{"text":"CINTILLO","link":"http:\/\/www.grieta.org.mx\/index.php\/category\/cintillo\/"},"img":{"alt_text":"","src":"https:\/\/i0.wp.com\/www.grieta.org.mx\/wp-content\/uploads\/2019\/04\/Buscar%C3%A1n-desaparecidos-en-cuartel-de-la-Marina-en-Nuevo-Laredo-tama-abr.jpg?resize=350%2C200","width":350,"height":200,"srcset":"https:\/\/i0.wp.com\/www.grieta.org.mx\/wp-content\/uploads\/2019\/04\/Buscar%C3%A1n-desaparecidos-en-cuartel-de-la-Marina-en-Nuevo-Laredo-tama-abr.jpg?resize=350%2C200 1x, https:\/\/i0.wp.com\/www.grieta.org.mx\/wp-content\/uploads\/2019\/04\/Buscar%C3%A1n-desaparecidos-en-cuartel-de-la-Marina-en-Nuevo-Laredo-tama-abr.jpg?resize=525%2C300 1.5x"},"classes":[]},{"id":9630,"url":"http:\/\/www.grieta.org.mx\/index.php\/2016\/08\/11\/oposicion-a-la-construccion-de-centros-comerciales-en-la-ciudad-de-mexico\/","url_meta":{"origin":9569,"position":2},"title":"Oposici\u00f3n a la construcci\u00f3n de Centros Comerciales en la Ciudad de M\u00e9xico","author":"grieta","date":"11 agosto, 2016","format":false,"excerpt":"11\/08\/16. Dudan vecinos que la demolici\u00f3n del Estadio Azul sea ben\u00e9fica (CDMX) El big data 03\/08\/16. Proyecto comercial Cetram Chapultepec traer\u00e1 afectaciones sociales y ambientales Desinform\u00e9monos 30\/06\/16. Rechazan apertura de Chedraui (CDMX) El Universal 21\/04\/16. Locatarios bloquean la circulaci\u00f3n de Rojo G\u00f3mez El Universal 28\/03\/16. La amenaza en Coapa Reporte\u2026","rel":"","context":"En &quot;Ciudad de M\u00e9xico&quot;","block_context":{"text":"Ciudad de M\u00e9xico","link":"http:\/\/www.grieta.org.mx\/index.php\/category\/noticias-nacionales\/ciudad-de-mexico\/"},"img":{"alt_text":"","src":"https:\/\/i0.wp.com\/www.grieta.org.mx\/wp-content\/uploads\/2018\/03\/14524434_1106112876131411_958039263622046936_o.jpg?resize=350%2C200","width":350,"height":200,"srcset":"https:\/\/i0.wp.com\/www.grieta.org.mx\/wp-content\/uploads\/2018\/03\/14524434_1106112876131411_958039263622046936_o.jpg?resize=350%2C200 1x, https:\/\/i0.wp.com\/www.grieta.org.mx\/wp-content\/uploads\/2018\/03\/14524434_1106112876131411_958039263622046936_o.jpg?resize=525%2C300 1.5x, https:\/\/i0.wp.com\/www.grieta.org.mx\/wp-content\/uploads\/2018\/03\/14524434_1106112876131411_958039263622046936_o.jpg?resize=700%2C400 2x"},"classes":[]},{"id":9562,"url":"http:\/\/www.grieta.org.mx\/index.php\/2016\/01\/25\/la-marina-insiste-en-levantar-un-cuartel-sobre-las-tierras-que-quitan-la-sed-a-la-ciudad-de-mexico\/","url_meta":{"origin":9569,"position":3},"title":"La Marina insiste en levantar un cuartel sobre las tierras que quitan la sed a la Ciudad de M\u00e9xico","author":"grieta","date":"25 enero, 2016","format":false,"excerpt":"Desinform\u00e9monos Eliana Gilet Milpa Alta, Ciudad de M\u00e9xico. El traspaso a la Secretar\u00eda de Marina de un predio de 7 mil metros en la delegaci\u00f3n Milpa Alta, la zona rural de la reci\u00e9n nombrada Ciudad de M\u00e9xico, puso en alerta a la comunidad de San Bartolo. Un arco de piedra\u2026","rel":"","context":"En &quot;CINTILLO&quot;","block_context":{"text":"CINTILLO","link":"http:\/\/www.grieta.org.mx\/index.php\/category\/cintillo\/"},"img":{"alt_text":"","src":"https:\/\/i0.wp.com\/www.grieta.org.mx\/wp-content\/uploads\/2018\/03\/14524434_1106112876131411_958039263622046936_o.jpg?resize=350%2C200","width":350,"height":200,"srcset":"https:\/\/i0.wp.com\/www.grieta.org.mx\/wp-content\/uploads\/2018\/03\/14524434_1106112876131411_958039263622046936_o.jpg?resize=350%2C200 1x, https:\/\/i0.wp.com\/www.grieta.org.mx\/wp-content\/uploads\/2018\/03\/14524434_1106112876131411_958039263622046936_o.jpg?resize=525%2C300 1.5x, https:\/\/i0.wp.com\/www.grieta.org.mx\/wp-content\/uploads\/2018\/03\/14524434_1106112876131411_958039263622046936_o.jpg?resize=700%2C400 2x"},"classes":[]},{"id":58903,"url":"http:\/\/www.grieta.org.mx\/index.php\/2021\/04\/19\/vecinos-de-azcapotzalco-protestan-contra-construccion-de-mega-obras-ciudad-de-mexico\/","url_meta":{"origin":9569,"position":4},"title":"Vecinos de Azcapotzalco protestan contra construcci\u00f3n de mega obras (Ciudad de M\u00e9xico)","author":"grieta","date":"19 abril, 2021","format":false,"excerpt":"Ram\u00f3n Ram\u00edrez \/ Milenio Foto tomada de: Milenio Acusan que la alcald\u00eda ha realizado cambios de uso de suelo con el objetivo de permitir la construcci\u00f3n de obras que salen del n\u00famero de pisos.\u00a0 Vecinos de varias colonias en la alcald\u00eda Azcapotzalco bloquean la vialidad del Eje 3 norte Cuitl\u00e1huac\u2026","rel":"","context":"En &quot;CINTILLO&quot;","block_context":{"text":"CINTILLO","link":"http:\/\/www.grieta.org.mx\/index.php\/category\/cintillo\/"},"img":{"alt_text":"","src":"https:\/\/i0.wp.com\/www.grieta.org.mx\/wp-content\/uploads\/2021\/04\/Vecinos-de-Azcapotzalco-protestan-contra-construccion-de-mega-obras-cdmx-abr.jpg?resize=350%2C200","width":350,"height":200,"srcset":"https:\/\/i0.wp.com\/www.grieta.org.mx\/wp-content\/uploads\/2021\/04\/Vecinos-de-Azcapotzalco-protestan-contra-construccion-de-mega-obras-cdmx-abr.jpg?resize=350%2C200 1x, https:\/\/i0.wp.com\/www.grieta.org.mx\/wp-content\/uploads\/2021\/04\/Vecinos-de-Azcapotzalco-protestan-contra-construccion-de-mega-obras-cdmx-abr.jpg?resize=525%2C300 1.5x, https:\/\/i0.wp.com\/www.grieta.org.mx\/wp-content\/uploads\/2021\/04\/Vecinos-de-Azcapotzalco-protestan-contra-construccion-de-mega-obras-cdmx-abr.jpg?resize=700%2C400 2x"},"classes":[]},{"id":15053,"url":"http:\/\/www.grieta.org.mx\/index.php\/2016\/05\/26\/matehuala-tendra-cuartel-militar\/","url_meta":{"origin":9569,"position":5},"title":"Matehuala Tendr\u00e1 Cuartel Militar","author":"grieta","date":"26 mayo, 2016","format":false,"excerpt":"La Jornada Samuel Estrada El presidente municipal de Matehuala, Everardo Nava Gomez inform\u00f3 que ya est\u00e1n las pl\u00e1ticas avanzadas para que el ayuntamiento pueda donar un terreno a la Secretar\u00eda de la Defensa Nacional (Sedena) para la construcci\u00f3n de un cuartel militar en el municipio. que servir\u00e1 para tener presencia\u2026","rel":"","context":"En &quot;CINTILLO&quot;","block_context":{"text":"CINTILLO","link":"http:\/\/www.grieta.org.mx\/index.php\/category\/cintillo\/"},"img":{"alt_text":"","src":"https:\/\/i0.wp.com\/www.grieta.org.mx\/wp-content\/uploads\/2018\/03\/14524434_1106112876131411_958039263622046936_o.jpg?resize=350%2C200","width":350,"height":200,"srcset":"https:\/\/i0.wp.com\/www.grieta.org.mx\/wp-content\/uploads\/2018\/03\/14524434_1106112876131411_958039263622046936_o.jpg?resize=350%2C200 1x, https:\/\/i0.wp.com\/www.grieta.org.mx\/wp-content\/uploads\/2018\/03\/14524434_1106112876131411_958039263622046936_o.jpg?resize=525%2C300 1.5x, https:\/\/i0.wp.com\/www.grieta.org.mx\/wp-content\/uploads\/2018\/03\/14524434_1106112876131411_958039263622046936_o.jpg?resize=700%2C400 2x"},"classes":[]}],"_links":{"self":[{"href":"http:\/\/www.grieta.org.mx\/index.php\/wp-json\/wp\/v2\/posts\/9569","targetHints":{"allow":["GET"]}}],"collection":[{"href":"http:\/\/www.grieta.org.mx\/index.php\/wp-json\/wp\/v2\/posts"}],"about":[{"href":"http:\/\/www.grieta.org.mx\/index.php\/wp-json\/wp\/v2\/types\/post"}],"author":[{"embeddable":true,"href":"http:\/\/www.grieta.org.mx\/index.php\/wp-json\/wp\/v2\/users\/2"}],"replies":[{"embeddable":true,"href":"http:\/\/www.grieta.org.mx\/index.php\/wp-json\/wp\/v2\/comments?post=9569"}],"version-history":[{"count":1,"href":"http:\/\/www.grieta.org.mx\/index.php\/wp-json\/wp\/v2\/posts\/9569\/revisions"}],"predecessor-version":[{"id":9570,"href":"http:\/\/www.grieta.org.mx\/index.php\/wp-json\/wp\/v2\/posts\/9569\/revisions\/9570"}],"wp:featuredmedia":[{"embeddable":true,"href":"http:\/\/www.grieta.org.mx\/index.php\/wp-json\/wp\/v2\/media\/21928"}],"wp:attachment":[{"href":"http:\/\/www.grieta.org.mx\/index.php\/wp-json\/wp\/v2\/media?parent=9569"}],"wp:term":[{"taxonomy":"category","embeddable":true,"href":"http:\/\/www.grieta.org.mx\/index.php\/wp-json\/wp\/v2\/categories?post=9569"},{"taxonomy":"post_tag","embeddable":true,"href":"http:\/\/www.grieta.org.mx\/index.php\/wp-json\/wp\/v2\/tags?post=9569"}],"curies":[{"name":"wp","href":"https:\/\/api.w.org\/{rel}","templated":true}]}}