{"id":9540,"date":"2015-09-02T01:14:39","date_gmt":"2015-09-02T01:14:39","guid":{"rendered":"http:\/\/www.grieta.org.mx\/?p=9540"},"modified":"2016-04-02T01:19:36","modified_gmt":"2016-04-02T01:19:36","slug":"allanan-domicilio-de-reporteras-de-contralinea","status":"publish","type":"post","link":"http:\/\/www.grieta.org.mx\/index.php\/2015\/09\/02\/allanan-domicilio-de-reporteras-de-contralinea\/","title":{"rendered":"Allanan domicilio de reporteras de Contral\u00ednea"},"content":{"rendered":"<p>Contral\u00ednea<\/p>\n<p>Redacci\u00f3n<\/p>\n<p>El martes 8 de septiembre, el domicilio de las periodistas Elva Mendoza (reportera deContral\u00ednea) y Flor Goche (colaboradora deContral\u00ednea\u00a0y reportera de\u00a0Desinform\u00e9monos) fue allanado.<\/p>\n<p>Sujetos desconocidos ingresaron en el transcurso del d\u00eda sin que se haya determinado a\u00fan la hora. No se encontraba nadie en el domicilio. Los desconocidos ingresaron sin forzar las chapas de la puerta.<\/p>\n<p>Del departamento, ubicado en la delegaci\u00f3n Cuauht\u00e9moc de la Ciudad de M\u00e9xico, fue sustra\u00eddo equipo de c\u00f3mputo y documentaci\u00f3n period\u00edstica. Objetos de valor (como pantallas, multifuncionales y dinero) permanecen intactos.<\/p>\n<p>Junto con todo el equipo de la revista\u00a0Contral\u00ednea, ambas periodistas cuentan con medidas cautelares dictadas por la Comisi\u00f3n Interamericana de Derechos Humanos. En julio de 2014, ingresaron al Mecanismo de Protecci\u00f3n de Periodistas y Defensores de Derechos Humanos de la Secretar\u00eda de Gobernaci\u00f3n.<\/p>\n<p>La abogada Karla Michel Salas, presidenta de la Asociaci\u00f3n de Abogados Democr\u00e1ticos, dar\u00e1 seguimiento al caso.<br \/>\n\u00a0<br \/>\n<a href=\"http:\/\/contralinea.info\/archivo-revista\/index.php\/2015\/09\/09\/allanan-domicilio-de-reporteras-de-contralinea\/\" target=\"_blank\">contralinea.info\/archivo-revista\/index.php\/2015\/09\/09\/allanan-domicilio-de-reporteras-de-contralinea\/<\/a><\/p>\n","protected":false},"excerpt":{"rendered":"<p>Contral\u00ednea Redacci\u00f3n El martes 8 de septiembre, el domicilio de las periodistas Elva Mendoza (reportera deContral\u00ednea) y Flor Goche (colaboradora deContral\u00ednea\u00a0y reportera de\u00a0Desinform\u00e9monos) fue allanado. Sujetos desconocidos ingresaron en el &hellip; <a href=\"http:\/\/www.grieta.org.mx\/index.php\/2015\/09\/02\/allanan-domicilio-de-reporteras-de-contralinea\/\" class=\"more-link\">Leer m\u00e1s<\/a><\/p>\n","protected":false},"author":2,"featured_media":21928,"comment_status":"closed","ping_status":"closed","sticky":false,"template":"","format":"standard","meta":{"ngg_post_thumbnail":0,"_jetpack_newsletter_access":"","_jetpack_dont_email_post_to_subs":false,"_jetpack_newsletter_tier_id":0,"_jetpack_memberships_contains_paywalled_content":false,"_jetpack_memberships_contains_paid_content":false,"footnotes":""},"categories":[88],"tags":[120],"class_list":["post-9540","post","type-post","status-publish","format-standard","has-post-thumbnail","hentry","category-violencia-contra-periodistas","tag-violencia-contra-periodistas","entry"],"jetpack_featured_media_url":"http:\/\/www.grieta.org.mx\/wp-content\/uploads\/2018\/03\/14524434_1106112876131411_958039263622046936_o.jpg","jetpack_sharing_enabled":true,"jetpack_shortlink":"https:\/\/wp.me\/p7ZJR4-2tS","jetpack_likes_enabled":false,"jetpack-related-posts":[{"id":9586,"url":"http:\/\/www.grieta.org.mx\/index.php\/2016\/06\/26\/violencia-contra-periodistas-en-la-ciudad-de-mexico-2\/","url_meta":{"origin":9540,"position":0},"title":"Violencia contra periodistas en la Ciudad de M\u00e9xico","author":"grieta","date":"26 junio, 2016","format":false,"excerpt":"24\/06\/16. Allanan y roban domicilio de fotoperiodista de Proceso en la Ciudad de M\u00e9xicoArt\u00edculo 19 08\/05\/16. Detiene polic\u00eda a periodista en la Ciudad de M\u00e9xicoSomos Mass 99 20\/03\/16. Incremento de violencia contra la prensa en 2015: Art. 19Somos el medio 11\/02\/16. Periodistas se manifiestan contra gobierno de VeracruzSomos el medio\u2026","rel":"","context":"En &quot;Ciudad de M\u00e9xico&quot;","block_context":{"text":"Ciudad de M\u00e9xico","link":"http:\/\/www.grieta.org.mx\/index.php\/category\/noticias-nacionales\/ciudad-de-mexico\/"},"img":{"alt_text":"","src":"https:\/\/i0.wp.com\/www.grieta.org.mx\/wp-content\/uploads\/2018\/03\/14524434_1106112876131411_958039263622046936_o.jpg?resize=350%2C200","width":350,"height":200,"srcset":"https:\/\/i0.wp.com\/www.grieta.org.mx\/wp-content\/uploads\/2018\/03\/14524434_1106112876131411_958039263622046936_o.jpg?resize=350%2C200 1x, https:\/\/i0.wp.com\/www.grieta.org.mx\/wp-content\/uploads\/2018\/03\/14524434_1106112876131411_958039263622046936_o.jpg?resize=525%2C300 1.5x, https:\/\/i0.wp.com\/www.grieta.org.mx\/wp-content\/uploads\/2018\/03\/14524434_1106112876131411_958039263622046936_o.jpg?resize=700%2C400 2x"},"classes":[]},{"id":14617,"url":"http:\/\/www.grieta.org.mx\/index.php\/2016\/06\/20\/reportera-de-tamaulipas-muere-a-manos-de-grupo-armado\/","url_meta":{"origin":9540,"position":1},"title":"Reportera de Tamaulipas muere a manos de grupo armado","author":"grieta","date":"20 junio, 2016","format":false,"excerpt":"Victor Cluna\/Somos el Medio Hombres armados que viajaban en otro autom\u00f3vil abrieron fuego en su contra. Lunes 20, junio 2016. Durante las primeras horas de este lunes en Ciudad Victoria, Tamaulipas, la reportera Zamira Esther Bautista fue asesinada a manos de un comando armado, mientras esta se encontraba dentro de\u2026","rel":"","context":"En &quot;CINTILLO&quot;","block_context":{"text":"CINTILLO","link":"http:\/\/www.grieta.org.mx\/index.php\/category\/cintillo\/"},"img":{"alt_text":"","src":"https:\/\/i0.wp.com\/www.grieta.org.mx\/wp-content\/uploads\/2016\/06\/Ataques-prensa.jpg?resize=350%2C200","width":350,"height":200,"srcset":"https:\/\/i0.wp.com\/www.grieta.org.mx\/wp-content\/uploads\/2016\/06\/Ataques-prensa.jpg?resize=350%2C200 1x, https:\/\/i0.wp.com\/www.grieta.org.mx\/wp-content\/uploads\/2016\/06\/Ataques-prensa.jpg?resize=525%2C300 1.5x, https:\/\/i0.wp.com\/www.grieta.org.mx\/wp-content\/uploads\/2016\/06\/Ataques-prensa.jpg?resize=700%2C400 2x"},"classes":[]},{"id":9532,"url":"http:\/\/www.grieta.org.mx\/index.php\/2015\/11\/21\/allanan-domicilio-de-la-periodista-gloria-munoz-ramirez-fundadora-de-desinformemonos\/","url_meta":{"origin":9540,"position":2},"title":"Allanan domicilio de la periodista Gloria Mu\u00f1oz Ram\u00edrez, fundadora de Desinform\u00e9monos","author":"grieta","date":"21 noviembre, 2015","format":false,"excerpt":"Somos el medio Gloria Mu\u00f1oz es fundadora de la web desinformemonos.org y columnista de La Jornada por Redacci\u00f3n La periodista mexicana, fue v\u00edctima de allanamiento en su domicilio la tarde de este viernes 20 de noviembre. El pasado jueves, el sitio de noticias \u201cDesinform\u00e9monos\u201d, fue v\u00edctima del robo de informaci\u00f3n\u2026","rel":"","context":"En &quot;CINTILLO&quot;","block_context":{"text":"CINTILLO","link":"http:\/\/www.grieta.org.mx\/index.php\/category\/cintillo\/"},"img":{"alt_text":"","src":"https:\/\/i0.wp.com\/www.grieta.org.mx\/wp-content\/uploads\/2018\/03\/14524434_1106112876131411_958039263622046936_o.jpg?resize=350%2C200","width":350,"height":200,"srcset":"https:\/\/i0.wp.com\/www.grieta.org.mx\/wp-content\/uploads\/2018\/03\/14524434_1106112876131411_958039263622046936_o.jpg?resize=350%2C200 1x, https:\/\/i0.wp.com\/www.grieta.org.mx\/wp-content\/uploads\/2018\/03\/14524434_1106112876131411_958039263622046936_o.jpg?resize=525%2C300 1.5x, https:\/\/i0.wp.com\/www.grieta.org.mx\/wp-content\/uploads\/2018\/03\/14524434_1106112876131411_958039263622046936_o.jpg?resize=700%2C400 2x"},"classes":[]},{"id":69934,"url":"http:\/\/www.grieta.org.mx\/index.php\/2024\/09\/23\/subanla-periodista-denuncia-agresion-fisica-de-policias-en-colima\/","url_meta":{"origin":9540,"position":3},"title":"\u201c\u00a1S\u00fabanla!\u201d: periodista denuncia agresi\u00f3n f\u00edsica de polic\u00edas en Colima","author":"grieta","date":"23 septiembre, 2024","format":false,"excerpt":"Imagen: Diario Avanzada Redacci\u00f3n \/ Diario Avanzada Colima, M\u00e9xico, Avanzada (23\/09\/2024).- \u00c1ngeles \u00c1valos, reportera de \u201cnota roja\u201d con m\u00e1s de una d\u00e9cada cubriendo la fuente policiaca en Colima, fue agredida por elementos policiales cuando regresaba a su casa tras comprar cigarros la noche de ayer. En un video que comparti\u00f3\u2026","rel":"","context":"En &quot;CINTILLO&quot;","block_context":{"text":"CINTILLO","link":"http:\/\/www.grieta.org.mx\/index.php\/category\/cintillo\/"},"img":{"alt_text":"","src":"https:\/\/i0.wp.com\/www.grieta.org.mx\/wp-content\/uploads\/2024\/10\/img_4656-1.jpg?resize=350%2C200","width":350,"height":200,"srcset":"https:\/\/i0.wp.com\/www.grieta.org.mx\/wp-content\/uploads\/2024\/10\/img_4656-1.jpg?resize=350%2C200 1x, https:\/\/i0.wp.com\/www.grieta.org.mx\/wp-content\/uploads\/2024\/10\/img_4656-1.jpg?resize=525%2C300 1.5x, https:\/\/i0.wp.com\/www.grieta.org.mx\/wp-content\/uploads\/2024\/10\/img_4656-1.jpg?resize=700%2C400 2x"},"classes":[]},{"id":6137,"url":"http:\/\/www.grieta.org.mx\/index.php\/2016\/02\/08\/hombres-armados-secuestran-a-la-reportera-anabel-flores-salazar-en-veracruz\/","url_meta":{"origin":9540,"position":4},"title":"Hombres armados secuestran a la reportera Anabel Flores Salazar, en Veracruz","author":"Admin","date":"8 febrero, 2016","format":false,"excerpt":"La reportera Anabel Flores Salazar secuestrada este lunes por hombres armados que llegaron a su casa, confirm\u00f3 el gobierno de Veracruz. \u201cDesde las primeras horas del d\u00eda de hoy se activaron los protocolos para la b\u00fasqueda y localizaci\u00f3n de la reportera Anabel Flores Salazar\u201d, inform\u00f3 a trav\u00e9s de su cuenta\u2026","rel":"","context":"En &quot;CINTILLO&quot;","block_context":{"text":"CINTILLO","link":"http:\/\/www.grieta.org.mx\/index.php\/category\/cintillo\/"},"img":{"alt_text":"","src":"https:\/\/i0.wp.com\/www.grieta.org.mx\/wp-content\/uploads\/2018\/03\/14524434_1106112876131411_958039263622046936_o.jpg?resize=350%2C200","width":350,"height":200,"srcset":"https:\/\/i0.wp.com\/www.grieta.org.mx\/wp-content\/uploads\/2018\/03\/14524434_1106112876131411_958039263622046936_o.jpg?resize=350%2C200 1x, https:\/\/i0.wp.com\/www.grieta.org.mx\/wp-content\/uploads\/2018\/03\/14524434_1106112876131411_958039263622046936_o.jpg?resize=525%2C300 1.5x, https:\/\/i0.wp.com\/www.grieta.org.mx\/wp-content\/uploads\/2018\/03\/14524434_1106112876131411_958039263622046936_o.jpg?resize=700%2C400 2x"},"classes":[]},{"id":9354,"url":"http:\/\/www.grieta.org.mx\/index.php\/2016\/02\/11\/periodistas-se-manifiestan-contra-gobierno-de-veracruz\/","url_meta":{"origin":9540,"position":5},"title":"Periodistas se manifiestan contra gobierno de Veracruz","author":"grieta","date":"11 febrero, 2016","format":false,"excerpt":"Somos el medio No se mata la verdad matando periodistas Autor(es): Mario Marlo Eduardo Blas Covarrubias CDMX 11 febrero 2016.- Una vez m\u00e1s, representantes de los medios de comunicaci\u00f3n entre fot\u00f3grafos, reporteros y camar\u00f3grafos, se dieron cita en la representaci\u00f3n de Veracruz para manifestarse contra la impunidad, omisi\u00f3n y violencia\u2026","rel":"","context":"En &quot;CINTILLO&quot;","block_context":{"text":"CINTILLO","link":"http:\/\/www.grieta.org.mx\/index.php\/category\/cintillo\/"},"img":{"alt_text":"","src":"https:\/\/i0.wp.com\/www.grieta.org.mx\/wp-content\/uploads\/2018\/03\/14524434_1106112876131411_958039263622046936_o.jpg?resize=350%2C200","width":350,"height":200,"srcset":"https:\/\/i0.wp.com\/www.grieta.org.mx\/wp-content\/uploads\/2018\/03\/14524434_1106112876131411_958039263622046936_o.jpg?resize=350%2C200 1x, https:\/\/i0.wp.com\/www.grieta.org.mx\/wp-content\/uploads\/2018\/03\/14524434_1106112876131411_958039263622046936_o.jpg?resize=525%2C300 1.5x, https:\/\/i0.wp.com\/www.grieta.org.mx\/wp-content\/uploads\/2018\/03\/14524434_1106112876131411_958039263622046936_o.jpg?resize=700%2C400 2x"},"classes":[]}],"_links":{"self":[{"href":"http:\/\/www.grieta.org.mx\/index.php\/wp-json\/wp\/v2\/posts\/9540","targetHints":{"allow":["GET"]}}],"collection":[{"href":"http:\/\/www.grieta.org.mx\/index.php\/wp-json\/wp\/v2\/posts"}],"about":[{"href":"http:\/\/www.grieta.org.mx\/index.php\/wp-json\/wp\/v2\/types\/post"}],"author":[{"embeddable":true,"href":"http:\/\/www.grieta.org.mx\/index.php\/wp-json\/wp\/v2\/users\/2"}],"replies":[{"embeddable":true,"href":"http:\/\/www.grieta.org.mx\/index.php\/wp-json\/wp\/v2\/comments?post=9540"}],"version-history":[{"count":1,"href":"http:\/\/www.grieta.org.mx\/index.php\/wp-json\/wp\/v2\/posts\/9540\/revisions"}],"predecessor-version":[{"id":9541,"href":"http:\/\/www.grieta.org.mx\/index.php\/wp-json\/wp\/v2\/posts\/9540\/revisions\/9541"}],"wp:featuredmedia":[{"embeddable":true,"href":"http:\/\/www.grieta.org.mx\/index.php\/wp-json\/wp\/v2\/media\/21928"}],"wp:attachment":[{"href":"http:\/\/www.grieta.org.mx\/index.php\/wp-json\/wp\/v2\/media?parent=9540"}],"wp:term":[{"taxonomy":"category","embeddable":true,"href":"http:\/\/www.grieta.org.mx\/index.php\/wp-json\/wp\/v2\/categories?post=9540"},{"taxonomy":"post_tag","embeddable":true,"href":"http:\/\/www.grieta.org.mx\/index.php\/wp-json\/wp\/v2\/tags?post=9540"}],"curies":[{"name":"wp","href":"https:\/\/api.w.org\/{rel}","templated":true}]}}