{"id":9486,"date":"2015-03-18T21:23:45","date_gmt":"2015-03-18T21:23:45","guid":{"rendered":"http:\/\/www.grieta.org.mx\/?p=9486"},"modified":"2016-04-01T21:27:02","modified_gmt":"2016-04-01T21:27:02","slug":"9486","status":"publish","type":"post","link":"http:\/\/www.grieta.org.mx\/index.php\/2015\/03\/18\/9486\/","title":{"rendered":"Las empresas que pretenden despojarnos de recursos y del territorio no pasar\u00e1n, advierten comunidades"},"content":{"rendered":"<p>marzo 18, 2015<br \/>\nBlanche Petrich, Puebla<\/p>\n<p>L\u00edderes comunitarios, campesinos y defensores del medio ambiente de la Sierra Norte de Puebla advirtieron que frente a las reformas energ\u00e9tica, de miner\u00eda y la inminente Ley Nacional de Aguas, las empresas que pretenden despojarlos de su territorio y sus recursos \u201cno pasar\u00e1n\u201d, durante la s\u00e9ptima asamblea de pueblos serranos en defensa del territorio y la naturaleza, que se realiz\u00f3 el domingo 15 en la comunidad cuetzalteca de Pepexta.<\/p>\n<p>El movimiento de organizaciones y pueblos n\u00e1uat, totonacos y mestizos de la regi\u00f3n en rechazo a las concesiones que el gobierno federal ha otorgado a negocios privados \u2013principalmente hidromineros\u2013 abarca ya la participaci\u00f3n de cerca de 90 pueblos de siete municipios poblanos y tres veracruzanos, colindantes con la zona.<\/p>\n<p>Pepexta se ubica en el coraz\u00f3n de este bosque mes\u00f3filo de monta\u00f1a, de los m\u00e1s amenazados del pa\u00eds. Desde noviembre pasado, cuando se empezaron a conocer los megaproyectos corporativos, se activ\u00f3 la movilizaci\u00f3n. A partir de ese momento se organiza un encuentro cada dos meses en distintas comunidades.<\/p>\n<p>Entre otros avances lograron que la presidencias municipales de Cuetzalan y Tuzamapan de Galeana declararan estas entidades territorios libres de miner\u00eda, hidroel\u00e9ctricas y explotaciones petroleras. Tambi\u00e9n decidieron la adhesi\u00f3n de los 90 pueblos, que abarcan siete municipios poblanos, a la demanda que fue presentada por integrantes del Comit\u00e9 de Ordenamiento Territorial Integral de Cuetzalan (COTIC) a la Secretar\u00eda del Medio Ambiente y Recursos Naturales (Semarnat) por presentar manifestaciones de impacto ambiental \u201cplagadas de errores, datos viejos y omisiones\u201d.<\/p>\n<p>Firmaron lista de asistencia m\u00e1s de tres mil delegados de 89 pueblos, entre autoridades, jueces de paz, l\u00edderes agrarios, comit\u00e9s de gesti\u00f3n del agua y representantes de cooperativas de siete municipios con la vista puesta a frenar la m\u00e1s reciente amenaza: los cuatro proyectos que la Semarnat concedi\u00f3 a la constructora Ingenieros Civiles Asociados (ICA) y de la cual inform\u00f3 en su Gaceta en diciembre pasado: cuatro hidroel\u00e9ctricas, presentadas como obras independientes y \u201cminihidroel\u00e9ctricas\u201d, bautizadas con nombres en orden alfab\u00e9tico y raros: \u201cAna\u201d, \u201cBoca\u201d, \u201cConde\u201d y \u201cDiego\u201d.<\/p>\n<p>Seg\u00fan los estudios realizados por el Comit\u00e9 de Ordenamiento Territorial Integral de Cuetzalan y el Centro Universitario para la Preservaci\u00f3n de Desastres Regionales de la Universidad Aut\u00f3noma de Puebla (Cupreder\/ UAP) las hidroel\u00e9ctricas concesionadas no son menores ni inofensivas, sino obras de gran envergadura vinculadas a la extracci\u00f3n minera de El Aret\u00f3n y Minera Sunshine, de los consorcios Grupo Ferrominero y Autl\u00e1n, y con severos impactos ambientales en la zona.<\/p>\n<p>Leonardo Dur\u00e1n, del comit\u00e9 t\u00e9cnico de Cotic y de la Cooperativa Tosepan\u2013Titataniske (unidos venceremos, en la lengua n\u00e1uat\u2013maseual que se habla en esos pueblos) explic\u00f3 las afectaciones a la vida econ\u00f3mica y cultural que implicar\u00eda. El r\u00edo Apulco, que corre por 114 kil\u00f3metros desde Tlaxcala y en la selva alta poblana se alimenta de decenas de cascadas y manantiales para ir a desembocar como afluente del r\u00edo Tecolutla, ser\u00eda desviado de su cauce \u2013entubado o represado\u2013 en cuatro puntos diferentes, afectando directamente 27 kil\u00f3metros. El impacto acumulado de las cuatro hidroel\u00e9ctricas, que empiezan en Tetela de Ocampo y Xochiapulco y terminan en Zacapoaxtla, Cuetzalan y Tlatlauitepec, afectar\u00e1n la vida natural del 45 por ciento del r\u00edo, hoy rico en flora y fauna.<\/p>\n<p>Bajo la sombra de un f\u00f3sil viviente<\/p>\n<p>En la asamblea fueron distribuidos miles de ejemplares del peri\u00f3dico comunitario Kuojtakiloyan (que significa \u201cel monte donde producimos\u201d o \u201cnuestro bosque \u00fatil\u201d) donde los delegados pod\u00edan ver gr\u00e1ficamente en el mapa el paso de las corporaciones privadas por sus tierras.<\/p>\n<p>En la tarima del gran centro comunitario de Pepexta fue colocada una enorme pesma; as\u00ed le llaman a los helechos arborescentes gigantes, que datan de 300 millones de a\u00f1os. En estos parajes hay bosques enteros de estas joyas bot\u00e1nicas y otras muchas, y los animales y personas que las pueblan. Los oradores hablaron desde ah\u00ed, bajo el penacho de esta especie que es considerada un f\u00f3sil viviente, para simbolizar su determinaci\u00f3n en defensa de su territorio, del agua y de su identidad ind\u00edgena. La manta que presidi\u00f3 la asamblea rezaba: \u201cLos serranos defendemos nuestra cultura y nuestra naturaleza\u201d. Los discursos fueron biling\u00fces. La participaci\u00f3n de pueblos totonacos en este movimiento todav\u00eda es minoritario.<\/p>\n<p>Rufina Villa Hern\u00e1ndez, secretar\u00eda del Comit\u00e9 del Ordenamiento Ecol\u00f3gico de Cuetzalan, hizo el recuento de las seis asambleas anteriores, donde se ha ido definiendo la agenda estrat\u00e9gica contra lo que llam\u00f3 \u201clos proyectos de muerte\u201d. Asegur\u00f3: \u201cVamos a sacar de nuestros lugares a cualquiera que venga a entrometer nuestra forma de vida de ind\u00edgenas maseaules. Esto alcanza mucho m\u00e1s all\u00e1 de nuestro municipio: lo que afecta a unos nos afecta a todos\u201d.<\/p>\n<p>La inminencia de una reforma a la ley federal del agua imprimi\u00f3 a muchas de las intervenciones un ingrediente adicional de alarma. En Puebla  ya fueron aprobadas las reformas que favorecen la privatizaci\u00f3n del l\u00edquido. \u201cNos preocupa lo que vemos venir. Tenemos que estar alertas porque por ahora los diputados federales pararon los cambios en la ley del agua pero pasando las elecciones lo van a retomar.  \u00bfY entonces qu\u00e9 va a pasar? \u00bfVamos a dejar que otros vengan y nos tomen nuestra propia agua?\u201d.<\/p>\n<p>Luis Enrique Fern\u00e1ndez, presidente del \u00f3rgano t\u00e9cnico del Cotic, explic\u00f3 que las concesiones otorgadas a empresas privadas para el uso del r\u00edo Apulco privilegian a los negocios por encima del derecho humano m\u00e1s elemental, que es el del acceso al agua.<\/p>\n<p>En Cuetzalan, como en otros municipios, se han organizado los Consejos Maseuales del Agua como parte de un importante tejido organizativo. Sus representantes, electos en asamblea, son responsables de la gesti\u00f3n de los recursos acu\u00edferos. En la asamblea se resolvi\u00f3 replicar esta experiencia como una forma de resistir el despojo y \u201cpara hacer resistencia\u201d. Cupreder ofrece asesor\u00eda para estos organismos.<\/p>\n<p>En este tema, como entre los dem\u00e1s, se subray\u00f3 la divisi\u00f3n entre los coyomes \u2013los no ind\u00edgenas, en este caso los diputados poblanos que aprobaron las leyes de privatizaci\u00f3n del agua y los legisladores federales que se aprestan a hacer lo mismo\u2013 y los maseuales, que proponen un manejo del recurso con respeto a las mayor\u00edas.<\/p>\n<p>La invitaci\u00f3n a conocer y extender este modelo de movilizaci\u00f3n se hizo extensivo a las comunidades totonacas de la sierra que habitan hacia el norte de Veracruz. En las cercan\u00edas de Poza Rica, seg\u00fan las previsiones de las rondas 0 y 1 de la nueva ley de energ\u00e9ticos, se considera la asignaci\u00f3n de contratos a empresas privadas en un 30 por ciento de su territorio.<\/p>\n<p>Por \u00faltimo, en la agenda de los movimientos serranos \u2013que no solo colindan con \u201cterritorio Zeta\u201d por el lado de Veracruz, sino que han experimentado en los \u00faltimos a\u00f1os un ascenso de ataques de la delincuencia com\u00fan a niveles no conocidos hasta ahora\u2013 tambi\u00e9n figura el de la autodefensa pac\u00edfica.<\/p>\n<p>El joven Francisco G\u00f3mez explic\u00f3 lo que han avanzado los comit\u00e9s comunitarios en este rubro. \u201cVemos que las autoridades de los tres niveles est\u00e1n muy lejos de estar interesados en proteger a la poblaci\u00f3n que dicen representar. Entonces lo vamos a hacer nosotros, en forma pac\u00edfica y organizada. Se decidi\u00f3 una depuraci\u00f3n de polic\u00edas de polic\u00edas y topiles en los pueblos.<\/p>\n<p><a href=\"http:\/\/www.lajornadadeoriente.com.mx\/2015\/03\/18\/las-empresas-que-pretenden-despojarnos-de-recursos-y-del-territorio-no-pasaran-advierten-comunidades\/\" target=\"_blank\">http:\/\/www.lajornadadeoriente.com.mx\/2015\/03\/18\/las-empresas-que-pretenden-despojarnos-de-recursos-y-del-territorio-no-pasaran-advierten-comunidades\/<\/a><\/p>\n","protected":false},"excerpt":{"rendered":"<p>marzo 18, 2015 Blanche Petrich, Puebla L\u00edderes comunitarios, campesinos y defensores del medio ambiente de la Sierra Norte de Puebla advirtieron que frente a las reformas energ\u00e9tica, de miner\u00eda y &hellip; <a href=\"http:\/\/www.grieta.org.mx\/index.php\/2015\/03\/18\/9486\/\" class=\"more-link\">Leer m\u00e1s<\/a><\/p>\n","protected":false},"author":2,"featured_media":21928,"comment_status":"closed","ping_status":"closed","sticky":false,"template":"","format":"standard","meta":{"ngg_post_thumbnail":0,"_jetpack_newsletter_access":"","_jetpack_dont_email_post_to_subs":false,"_jetpack_newsletter_tier_id":0,"_jetpack_memberships_contains_paywalled_content":false,"_jetpack_memberships_contains_paid_content":false,"footnotes":""},"categories":[80],"tags":[273,109],"class_list":["post-9486","post","type-post","status-publish","format-standard","has-post-thumbnail","hentry","category-cintillo","tag-fracking","tag-mineria","entry"],"jetpack_featured_media_url":"http:\/\/www.grieta.org.mx\/wp-content\/uploads\/2018\/03\/14524434_1106112876131411_958039263622046936_o.jpg","jetpack_sharing_enabled":true,"jetpack_shortlink":"https:\/\/wp.me\/s7ZJR4-9486","jetpack_likes_enabled":false,"jetpack-related-posts":[{"id":7644,"url":"http:\/\/www.grieta.org.mx\/index.php\/2016\/08\/22\/conflictos-mineros-en-puebla\/","url_meta":{"origin":9486,"position":0},"title":"Conflictos mineros en Puebla","author":"grieta","date":"22 agosto, 2016","format":false,"excerpt":"22\/08\/16. Ejidatarios antorchistas liberan acceso a mina La Campa, en Chietla (Puebla) Municipios Puebla 16\/08\/16. Temen ejidatarios de Chietla nuevo intento de desalojo por bloqueo en mina La Campa (Puebla) Municipios Puebla 06\/01\/16. Puebla, entre los estados con m\u00e1s ataques a ambientalistas Proceso 18\/12\/15. 440 concesiones mineras devastan el 66%\u2026","rel":"","context":"En &quot;Puebla&quot;","block_context":{"text":"Puebla","link":"http:\/\/www.grieta.org.mx\/index.php\/category\/noticias-nacionales\/puebla\/"},"img":{"alt_text":"","src":"https:\/\/i0.wp.com\/www.grieta.org.mx\/wp-content\/uploads\/2018\/03\/14524434_1106112876131411_958039263622046936_o.jpg?resize=350%2C200","width":350,"height":200,"srcset":"https:\/\/i0.wp.com\/www.grieta.org.mx\/wp-content\/uploads\/2018\/03\/14524434_1106112876131411_958039263622046936_o.jpg?resize=350%2C200 1x, https:\/\/i0.wp.com\/www.grieta.org.mx\/wp-content\/uploads\/2018\/03\/14524434_1106112876131411_958039263622046936_o.jpg?resize=525%2C300 1.5x, https:\/\/i0.wp.com\/www.grieta.org.mx\/wp-content\/uploads\/2018\/03\/14524434_1106112876131411_958039263622046936_o.jpg?resize=700%2C400 2x"},"classes":[]},{"id":25337,"url":"http:\/\/www.grieta.org.mx\/index.php\/2018\/07\/30\/hidroelectricas-y-mineras-amenazan-a-pueblos-indigenas-puebla\/","url_meta":{"origin":9486,"position":1},"title":"Hidroel\u00e9ctricas y mineras amenazan a pueblos ind\u00edgenas (Puebla)","author":"grieta","date":"30 julio, 2018","format":false,"excerpt":"Javier Hern\u00e1ndez\/ Colombia Informa Ante el avance de proyectos mineros e hidroel\u00e9ctricos; ind\u00edgenas nahuas y totonacos de la Sierra Norte de Puebla en M\u00e9xico se movilizan en la capital del estado. Desde los primeros a\u00f1os de la d\u00e9cada en curso, tras percatarse de la magnitud de proyectos de miner\u00eda a\u2026","rel":"","context":"En &quot;26. Sierra Puebla&quot;","block_context":{"text":"26. Sierra Puebla","link":"http:\/\/www.grieta.org.mx\/index.php\/category\/espejos-de-la-resistencia\/26-sierra-puebla\/"},"img":{"alt_text":"","src":"https:\/\/i0.wp.com\/www.grieta.org.mx\/wp-content\/uploads\/2018\/08\/Nahuas-y-totonacos-2.jpg?resize=350%2C200","width":350,"height":200,"srcset":"https:\/\/i0.wp.com\/www.grieta.org.mx\/wp-content\/uploads\/2018\/08\/Nahuas-y-totonacos-2.jpg?resize=350%2C200 1x, https:\/\/i0.wp.com\/www.grieta.org.mx\/wp-content\/uploads\/2018\/08\/Nahuas-y-totonacos-2.jpg?resize=525%2C300 1.5x, https:\/\/i0.wp.com\/www.grieta.org.mx\/wp-content\/uploads\/2018\/08\/Nahuas-y-totonacos-2.jpg?resize=700%2C400 2x"},"classes":[]},{"id":7648,"url":"http:\/\/www.grieta.org.mx\/index.php\/2015\/12\/18\/440-concesiones-mineras-devastan-el-66-del-territorio-de-sierra-norte-en-puebla\/","url_meta":{"origin":9486,"position":2},"title":"440 concesiones mineras devastan el 66% del territorio de Sierra Norte en Puebla","author":"grieta","date":"18 diciembre, 2015","format":false,"excerpt":"diciembre 18, 2016 Regeneraci\u00f3n Las empresas extractivas son una mafia organizada para saquear los territorios y en ese af\u00e1n han violado la totalidad de los derechos humanos de los pueblos, asegur\u00f3 FUNDAR, Centro de An\u00e1lisis e Investigaci\u00f3n A.C., durante el Foro por el Derecho a la Vida y el Territorio\u2026","rel":"","context":"En &quot;CINTILLO&quot;","block_context":{"text":"CINTILLO","link":"http:\/\/www.grieta.org.mx\/index.php\/category\/cintillo\/"},"img":{"alt_text":"","src":"https:\/\/i0.wp.com\/www.grieta.org.mx\/wp-content\/uploads\/2018\/03\/14524434_1106112876131411_958039263622046936_o.jpg?resize=350%2C200","width":350,"height":200,"srcset":"https:\/\/i0.wp.com\/www.grieta.org.mx\/wp-content\/uploads\/2018\/03\/14524434_1106112876131411_958039263622046936_o.jpg?resize=350%2C200 1x, https:\/\/i0.wp.com\/www.grieta.org.mx\/wp-content\/uploads\/2018\/03\/14524434_1106112876131411_958039263622046936_o.jpg?resize=525%2C300 1.5x, https:\/\/i0.wp.com\/www.grieta.org.mx\/wp-content\/uploads\/2018\/03\/14524434_1106112876131411_958039263622046936_o.jpg?resize=700%2C400 2x"},"classes":[]},{"id":63137,"url":"http:\/\/www.grieta.org.mx\/index.php\/2022\/01\/19\/defensores-de-la-tierra-contra-mineria-en-morelos-denuncian-intento-de-eliminar-comunidades-por-explotacion\/","url_meta":{"origin":9486,"position":3},"title":"Defensores de la tierra contra miner\u00eda en Morelos denuncian intento de eliminar comunidades por explotaci\u00f3n","author":"grieta","date":"19 enero, 2022","format":false,"excerpt":"Ignacio Garc\u00eda \/ Los \u00c1ngeles Press \u00a0 Alejandra Domingo y Javier Hern\u00e1ndez, defensores de la tierra contra la miner\u00eda en Morelos, denunciaron que las principales empresas mineras que pretenden operar en diferentes regiones de la entidad eliminar\u00e1n diferentes comunidades con la explotaci\u00f3n de los recursos naturales. Desde 2013 hay una\u2026","rel":"","context":"En &quot;CINTILLO&quot;","block_context":{"text":"CINTILLO","link":"http:\/\/www.grieta.org.mx\/index.php\/category\/cintillo\/"},"img":{"alt_text":"","src":"https:\/\/i0.wp.com\/www.grieta.org.mx\/wp-content\/uploads\/2022\/01\/tetlama.jpg?resize=350%2C200","width":350,"height":200},"classes":[]},{"id":26955,"url":"http:\/\/www.grieta.org.mx\/index.php\/2018\/09\/30\/amparan-a-indigenas-contra-mineras-en-sierra-norte-de-puebla\/","url_meta":{"origin":9486,"position":4},"title":"Amparan a ind\u00edgenas contra mineras en Sierra Norte de Puebla","author":"grieta","date":"30 septiembre, 2018","format":false,"excerpt":"Leticia \u00c1nimas Vargas \/ Municipios Puebla Cuetzalan, Pue.- Un juez federal otorg\u00f3 un amparo a integrantes del pueblo maseual (nahua) de la Sierra Nororiental de Puebla en contra de las concesiones mineras Atexcaco I, Atexcaco II y Macuilquila, de Minera Autl\u00e1n, que afectan territorio de los municipios de Tlatlauquitepec, Yaon\u00e1huac\u2026","rel":"","context":"En &quot;26. Sierra Puebla&quot;","block_context":{"text":"26. Sierra Puebla","link":"http:\/\/www.grieta.org.mx\/index.php\/category\/espejos-de-la-resistencia\/26-sierra-puebla\/"},"img":{"alt_text":"","src":"https:\/\/i0.wp.com\/www.grieta.org.mx\/wp-content\/uploads\/2018\/10\/minas_1_2_0.jpg?resize=350%2C200","width":350,"height":200,"srcset":"https:\/\/i0.wp.com\/www.grieta.org.mx\/wp-content\/uploads\/2018\/10\/minas_1_2_0.jpg?resize=350%2C200 1x, https:\/\/i0.wp.com\/www.grieta.org.mx\/wp-content\/uploads\/2018\/10\/minas_1_2_0.jpg?resize=525%2C300 1.5x"},"classes":[]},{"id":39284,"url":"http:\/\/www.grieta.org.mx\/index.php\/2019\/09\/19\/los-pueblos-totonacos-que-defienden-su-rio-contra-walmart-documental-puebla\/","url_meta":{"origin":9486,"position":5},"title":"Los pueblos totonacos que defienden su r\u00edo contra Walmart (Documental) (Puebla)","author":"Admin","date":"19 septiembre, 2019","format":false,"excerpt":"EDUCA \/ Kaos en la Red En julio del 2019, las comunidades totonacas firmaron una petici\u00f3n para exigir que se cancele el Proyecto Hidroel\u00e9ctrico Puebla 1, que fue autorizado por el Estado Mexicano. Un nuevo documental resume la cosmovisi\u00f3n de los pueblos totonacos de la Sierra de Puebla de Ahuacatl\u00e1n\u2026","rel":"","context":"En &quot;26. Sierra Puebla&quot;","block_context":{"text":"26. Sierra Puebla","link":"http:\/\/www.grieta.org.mx\/index.php\/category\/espejos-de-la-resistencia\/26-sierra-puebla\/"},"img":{"alt_text":"","src":"https:\/\/i0.wp.com\/www.grieta.org.mx\/wp-content\/uploads\/2019\/09\/hidro-300x200.jpg?resize=350%2C200","width":350,"height":200,"srcset":"https:\/\/i0.wp.com\/www.grieta.org.mx\/wp-content\/uploads\/2019\/09\/hidro-300x200.jpg?resize=350%2C200 1x, https:\/\/i0.wp.com\/www.grieta.org.mx\/wp-content\/uploads\/2019\/09\/hidro-300x200.jpg?resize=525%2C300 1.5x, https:\/\/i0.wp.com\/www.grieta.org.mx\/wp-content\/uploads\/2019\/09\/hidro-300x200.jpg?resize=700%2C400 2x"},"classes":[]}],"_links":{"self":[{"href":"http:\/\/www.grieta.org.mx\/index.php\/wp-json\/wp\/v2\/posts\/9486","targetHints":{"allow":["GET"]}}],"collection":[{"href":"http:\/\/www.grieta.org.mx\/index.php\/wp-json\/wp\/v2\/posts"}],"about":[{"href":"http:\/\/www.grieta.org.mx\/index.php\/wp-json\/wp\/v2\/types\/post"}],"author":[{"embeddable":true,"href":"http:\/\/www.grieta.org.mx\/index.php\/wp-json\/wp\/v2\/users\/2"}],"replies":[{"embeddable":true,"href":"http:\/\/www.grieta.org.mx\/index.php\/wp-json\/wp\/v2\/comments?post=9486"}],"version-history":[{"count":1,"href":"http:\/\/www.grieta.org.mx\/index.php\/wp-json\/wp\/v2\/posts\/9486\/revisions"}],"predecessor-version":[{"id":9489,"href":"http:\/\/www.grieta.org.mx\/index.php\/wp-json\/wp\/v2\/posts\/9486\/revisions\/9489"}],"wp:featuredmedia":[{"embeddable":true,"href":"http:\/\/www.grieta.org.mx\/index.php\/wp-json\/wp\/v2\/media\/21928"}],"wp:attachment":[{"href":"http:\/\/www.grieta.org.mx\/index.php\/wp-json\/wp\/v2\/media?parent=9486"}],"wp:term":[{"taxonomy":"category","embeddable":true,"href":"http:\/\/www.grieta.org.mx\/index.php\/wp-json\/wp\/v2\/categories?post=9486"},{"taxonomy":"post_tag","embeddable":true,"href":"http:\/\/www.grieta.org.mx\/index.php\/wp-json\/wp\/v2\/tags?post=9486"}],"curies":[{"name":"wp","href":"https:\/\/api.w.org\/{rel}","templated":true}]}}