{"id":9467,"date":"2015-03-23T19:55:34","date_gmt":"2015-03-23T19:55:34","guid":{"rendered":"http:\/\/www.grieta.org.mx\/?p=9467"},"modified":"2016-04-01T20:06:34","modified_gmt":"2016-04-01T20:06:34","slug":"la-participacion-en-la-evaluacion-de-impacto-ambiental-el-rechazo-al-complejo-hidroelectrico-que-ica-pretende-en-el-rio-apulco","status":"publish","type":"post","link":"http:\/\/www.grieta.org.mx\/index.php\/2015\/03\/23\/la-participacion-en-la-evaluacion-de-impacto-ambiental-el-rechazo-al-complejo-hidroelectrico-que-ica-pretende-en-el-rio-apulco\/","title":{"rendered":"La participaci\u00f3n en la Evaluaci\u00f3n de Impacto Ambiental, el rechazo al complejo hidroel\u00e9ctrico que ICA pretende en el R\u00edo Apulco"},"content":{"rendered":"<p>marzo 23, 2015<br \/>\nLeonardo Dur\u00e1n Olg\u00fain<\/p>\n<p><img loading=\"lazy\" decoding=\"async\" data-attachment-id=\"9469\" data-permalink=\"http:\/\/www.grieta.org.mx\/index.php\/2015\/03\/23\/la-participacion-en-la-evaluacion-de-impacto-ambiental-el-rechazo-al-complejo-hidroelectrico-que-ica-pretende-en-el-rio-apulco\/mapa-condenados-de-la-sierra-e1427131656590\/\" data-orig-file=\"http:\/\/www.grieta.org.mx\/wp-content\/uploads\/2015\/03\/Mapa-condenados-de-la-sierra-e1427131656590.png\" data-orig-size=\"580,359\" data-comments-opened=\"0\" data-image-meta=\"{&quot;aperture&quot;:&quot;0&quot;,&quot;credit&quot;:&quot;&quot;,&quot;camera&quot;:&quot;&quot;,&quot;caption&quot;:&quot;&quot;,&quot;created_timestamp&quot;:&quot;0&quot;,&quot;copyright&quot;:&quot;&quot;,&quot;focal_length&quot;:&quot;0&quot;,&quot;iso&quot;:&quot;0&quot;,&quot;shutter_speed&quot;:&quot;0&quot;,&quot;title&quot;:&quot;&quot;,&quot;orientation&quot;:&quot;0&quot;}\" data-image-title=\"Mapa-condenados-de-la-sierra-e1427131656590\" data-image-description=\"\" data-image-caption=\"\" data-medium-file=\"http:\/\/www.grieta.org.mx\/wp-content\/uploads\/2015\/03\/Mapa-condenados-de-la-sierra-e1427131656590-300x186.png\" data-large-file=\"http:\/\/www.grieta.org.mx\/wp-content\/uploads\/2015\/03\/Mapa-condenados-de-la-sierra-e1427131656590.png\" src=\"http:\/\/www.grieta.org.mx\/wp-content\/uploads\/2015\/03\/Mapa-condenados-de-la-sierra-e1427131656590.png\" alt=\"Mapa-condenados-de-la-sierra-e1427131656590\" width=\"580\" height=\"359\" class=\"alignnone size-full wp-image-9469\" srcset=\"http:\/\/www.grieta.org.mx\/wp-content\/uploads\/2015\/03\/Mapa-condenados-de-la-sierra-e1427131656590.png 580w, http:\/\/www.grieta.org.mx\/wp-content\/uploads\/2015\/03\/Mapa-condenados-de-la-sierra-e1427131656590-300x186.png 300w\" sizes=\"auto, (max-width: 580px) 100vw, 580px\" \/><\/p>\n<p>Con el paso de los d\u00edas, el fen\u00f3meno hidro-minero va mostrando con mayor intensidad las intenciones de las grandes compa\u00f1\u00edas por apoderarse de los recursos de la Sierra Norte de Puebla. Con el paso de los d\u00edas, desde los pueblos de la Sierra Norte de Puebla se van tejiendo las estrategias por la defensa de su territorio, mostrando cada vez m\u00e1s \u00edmpetu, m\u00e1s fuerza y mayor organizaci\u00f3n, en torno a su autodeterminaci\u00f3n por decir no a los proyectos de muerte.<\/p>\n<p>En el caso de las hidroel\u00e9ctricas, hasta finales del 2014 se hab\u00edan identificado la intensi\u00f3n de establecer al menos 10 proyectos sobre las cuencas de los r\u00edos Apulco, Zempoala y Ajajalpan, proyectos que desde las instancias de gobierno y desde las empresas que desean imponerlos, son calificados como \u201cminihidroel\u00e9ctricos\u201d y de \u201cgeneraci\u00f3n de energ\u00eda limpia\u201d. La cuenca del R\u00edo Apulco es la que hasta el momento se ha visto m\u00e1s impactada con la presencia de proyectos hidroel\u00e9ctricos. En esta cuenca se ubica la Central Hidroel\u00e9ctrica Atexcaco, (operada por Compa\u00f1\u00eda de Energ\u00eda Mexicana y controlada por Minera Autl\u00e1n), el \u00fanico proyecto que han podido imponer en esta nueva oleada de hidroel\u00e9ctricas. Tambi\u00e9n se ubica la Presa la Soledad (operada por la Comisi\u00f3n Federal de Electricidad), que desde hace 50 a\u00f1os irrumpi\u00f3 sobre el cauce del R\u00edo Apulco para la generaci\u00f3n de energ\u00eda el\u00e9ctrica.<\/p>\n<p>Pero la ambici\u00f3n por establecer nuevas hidroel\u00e9ctricas contin\u00faa, ahora con proyectos que tienen en la mira el tramo del R\u00edo Apulco que comprende entre las comunidades de Tecuilco en el municipio Tetela, hasta Tacopizacta en Cuetzalan. Justo en el tramo m\u00e1s conservado y con mayor caudal del R\u00edo Apulco. A lo largo de a\u00f1o y medio, los territorios de las comunidades que se ubican en este tramo han presenciado la incursi\u00f3n de empresas que se han presentado para explorar la zona, en aras de establecer m\u00e1s hidroel\u00e9ctricas. En Julio del 2013 se ingres\u00f3 ante la SEMARNAT el proyecto \u201cHidroel\u00e9ctrico Gaya\u201d (presentado por la empresa Hidroel\u00e9ctrica Gaya S.A. de C.V.), que pretend\u00eda establecerse en territorios de San Juan Tahitic, comunidad del municipio de Zacapoaxtla. Con una manifestaci\u00f3n de impacto ambiental sumamente deficiente en cuanto a la informaci\u00f3n del proyecto, la SEMARNAT tard\u00f3 cerca de 8 meses en emitir su resolutivo y en Mayo del 2014 concluy\u00f3 su evaluaci\u00f3n, negando la autorizaci\u00f3n al proyecto. Adem\u00e1s, la presencia de este proyecto gener\u00f3 una importante movilizaci\u00f3n desde un amplio grupo de habitantes de la comunidad, que se movilizaron en rechazo a la hidroel\u00e9ctrica. Paralelamente, en el primer semestre del 2014 se tuvo la incursi\u00f3n de personas que se identificaron como empleados de la empresa Grupo Constructor Olcle, quienes realizaban actividades de prospecci\u00f3n y acercamiento para la construcci\u00f3n de una hidroel\u00e9ctrica entre las comunidades de Cuauximaloyan, municipio de Xoxchiapulco y Tecuilco, municipio de Tetela. La simple presencia de estas personas gener\u00f3 rechazo en ambas comunidades, hecho que se manifest\u00f3 con especial fuerza en la comunidad de Cuauximalayan, quienes encararon directamente al personal enviado por la empresa para expresarles su oposici\u00f3n al proyecto.<\/p>\n<p>El final del 2014 y el inicio del 2015 fueron testigos de la presentaci\u00f3n de nuevos proyectos hidroel\u00e9ctricos, que reeditando los anteriormente presentados, muestran ahora un plan m\u00e1s ambicioso para establecer un complejo de 4 centrales hidroel\u00e9ctricas. El 25 de Noviembre del 2014 ingresaron ante la SEMARNAT las manifestaciones de impacto ambiental para los proyectos hidroel\u00e9ctricos Ana, Boca, Conde y Diego. Este hecho signific\u00f3 el sumar a Ingenieros Civiles y Asociados (ICA) a la lista de las empresas que pretenden el despojo de los bienes en los territorios de la Sierra Norte de Puebla, quien presenta a su filial Controladora de Operaciones de Infraestructura S.A. de C.V., como la promovente de dichos proyectos. ICA es una de las mayores constructoras de obra p\u00fablica en el pa\u00eds, que entre su repertorio de obras figuran autopistas, l\u00edneas de metro, aeropuertos, puertos y varias presas. La incursi\u00f3n de ICA significa la llegada de una compa\u00f1\u00eda acostumbrada a hacer negocios con el gobierno, que adem\u00e1s se ha involucrado en la construcci\u00f3n de las hidroel\u00e9ctricas m\u00e1s pol\u00e9micas. Pero la incursi\u00f3n de estos proyectos por parte de ICA, ha significado tambi\u00e9n la movilizaci\u00f3n de los pueblos que han expresado su rechazo a estas hidroel\u00e9ctricas, presentando argumentos ante el procedimiento de evaluaci\u00f3n de impacto ambiental que la SEMARNAT est\u00e1 realizando.<\/p>\n<p>La informaci\u00f3n presentada en las manifestaciones de impacto ambiental, muestra que estos proyectos conforman un sistema de centrales hidroel\u00e9ctricas interconectadas entre s\u00ed. Este sistema de centrales hidroel\u00e9ctricas inicia con el proyecto hidroel\u00e9ctrico Ana, que pretende represar el r\u00edo entre las comunidades de Cuauximaloyan y Tecuilco. Posteriormente, pasando la carretera Zacapoaxtla \u2013 Cuetzalan, ubican el proyecto Boca. Aguas abajo sobre el territorio de San Juan Tahitic, se pretende el proyecto Conde. Por \u00faltimo, este sistema de centrales hidroel\u00e9ctricas culmina con el proyecto Diego, que concluye a la altura de la comunidad de Tacopizacta.<\/p>\n<p>Con base en un an\u00e1lisis cartogr\u00e1fico, se calcula que este sistema de centrales hidroel\u00e9ctricas pretende abarcar un tramo del r\u00edo que mide cerca de 26.5 km. Esto representa una fuerte amenaza para el r\u00edo, pues significa la afectaci\u00f3n directa de cerca de la cuarta parte del total del de su cauce. Pero adem\u00e1s, las manifestaciones de impacto ambiental demuestran que este sistema de centrales hidroel\u00e9ctricas estar\u00eda integrado a un plan m\u00e1s amplio para construir infraestructura de generaci\u00f3n de energ\u00eda el\u00e9ctrica. Especialmente importante resulta la menci\u00f3n por construir una subestaci\u00f3n en Cuetzalan (al lado de la zona urbana de la cabecera municipal), a donde se entregar\u00eda la electricidad generada por el sistema de centrales hidroel\u00e9ctricas, que ser\u00eda concentrada en la casa de m\u00e1quinas del proyecto Diego, para posteriormente conducirlo sobre una l\u00ednea de transmisi\u00f3n de aproximadamente 7 Km. Dicha l\u00ednea de transmisi\u00f3n se  proyecta construir sobre las zonas m\u00e1s conservadas del municipio de Cuetzalan, en donde se encuentran los manantiales que surten de agua a la poblaci\u00f3n.<\/p>\n<p>Por si fuera poco, estos proyectos hidroel\u00e9ctricos se encuentran en una zona que generar\u00eda impactos acumulados con proyectos que se han construido en el pasado o que se podr\u00eda construir en el futuro. Aguas debajo del \u00e1rea establecida para el proyecto Diego, inicia la presa hidroel\u00e9ctrica La Soledad, obra que ya altera por completo el cauce del R\u00edo Apulco, pero que sumado a la longitud del sistema de centrales hidroel\u00e9ctricas que se pretenden establecer, incrementar\u00eda el impacto afectando de manera directa en un tramo de m\u00e1s de 50 Km, lo que representar\u00eda la alteraci\u00f3n del 45 % del cauce del R\u00edo Apulco. Sumado a lo anterior, este sistema de centrales hidroel\u00e9ctricas inicia a unos cuantos kil\u00f3metros de las concesiones mineras que detentan compa\u00f1\u00edas como Almaden Minerals, Frisco y JDC Minerals y concluye al pie de las concesiones que posee Minera Autl\u00e1n.<\/p>\n<p>Sin embargo, pese a que es evidente que estos proyectos forman parte de un mismo plan, la filial de ICA present\u00f3 una manifestaci\u00f3n de impacto ambiental por cada una de las hidroel\u00e9ctricas, como si se tratasen de proyectos aislados. En un sentido similar, la SEMARNAT public\u00f3 de manera desfasada estos proyectos en su Gaceta Ecol\u00f3gica (el 27 de Noviembre del 2014 public\u00f3 el proyecto Boca y los tres restantes se publicaron hasta el 8 de Enero del 2015). Desde que se tuvo noticias de estos proyectos, los pueblos hicieron llegar sus voces en el proceso de evaluaci\u00f3n de impacto ambiental de la SEMARNAT, para argumentar su rechazo a estos proyectos.<\/p>\n<p>A pocos d\u00edas de que en la Gaceta Ecol\u00f3gica apareci\u00f3 la primera publicaci\u00f3n de estos proyectos, m\u00e1s de 150 ciudadanos de los municipios de Xochiapulco, Zacapoaxtla y Xochitl\u00e1n enviaron documentos a la SEMARNAT solicit\u00e1ndole informaci\u00f3n. Conociendo la publicaci\u00f3n completa de estos proyectos en la Gaceta Ecol\u00f3gica, m\u00e1s de 2,000 personas de los municipios de Cuetzalan, Tlatlauquitepec y Yahonauc, dirigieron a la SEMARNAT un documento para exigirle que no autorizara dichos proyectos, petici\u00f3n que sustentan en su calidad de integrantes de un pueblo ind\u00edgena, a quienes la Constituci\u00f3n Mexicana y los Acuerdos Internacionales les reconoce su derecho a la autodeterminaci\u00f3n en su territorio. Adicionalmente, desde los municipios de Cuetzalan y Tetela de Ocampo se formularon solicitudes para que la SEMARNAT abriera a consulta p\u00fablica estos proyectos, autorizando la SEMARNAT la consulta para 3 de los 4 proyectos.<\/p>\n<p>En el proceso de consulta p\u00fablica, participaron m\u00e1s de 15 personas con conocimientos en la materia (entre ellos bi\u00f3logos, ingenieros, abogados, antrop\u00f3logos y ambientalistas), que revisaron las manifestaciones de impacto ambiental para analizar los proyectos (que en total contienen m\u00e1s de 2,500 p\u00e1ginas). De estas revisiones, se presentaron a la SEMARNAT documentos de an\u00e1lisis, en los que se presentan los argumentos por los cuales no deber\u00edan ser aprobados dichos proyectos. Algunos de estos argumentos se\u00f1alan que los documentos presentan informaci\u00f3n deficiente, err\u00f3nea y sin sustento, adem\u00e1s de que desde\u00f1an los lineamientos para los ordenamientos ecol\u00f3gicos y los programas de desarrollo urbano que apliquen (algo que en Cuetzalan est\u00e1 muy bien especificado). Se argumenta tambi\u00e9n, que este sistema de centrales hidroel\u00e9ctricas se pretende establecer en una zona de importancia para la conversaci\u00f3n de la bioidiversidad, en la cual se encuentran especies de plantas y animales que est\u00e1n en peligro de extinci\u00f3n. Pero sobre todo, el argumento m\u00e1s fuerte refiere a la incompatibilidad de tener m\u00e1s proyectos hidroel\u00e9ctricos en el R\u00edo Apulco, que de establecerse, ocasionar\u00edan desequilibrios ecol\u00f3gicos graves.<\/p>\n<p>Hasta el momento, se ha dado el sustento a la SEMARNAT para no aprobar m\u00e1s proyectos hidroel\u00e9ctricos en el R\u00edo Apulco (tanto los que presenta ahora ICA, como cualquier otro que se pretenda en el futuro). En este sentido, vale la pena hacer menci\u00f3n de las lamentables y desafortunadas declaraciones hechas en d\u00edas pasados por Daniela Migoya Mastretta, Delegada de la SEMARNAT en el Estado de Puebla, seg\u00fan lo dan a conocer diferentes medios poblanos. Al respecto, se ha publicado que la funcionaria declar\u00f3 que no se han mostrado quejas o denuncias en contra de la instalaci\u00f3n de las hidroel\u00e9ctricas pretendidas por ICA, y que nadie ha dado observaciones t\u00e9cnicas en el proceso de consulta p\u00fablica de la SEMARNAT. Estas declaraciones son una falta a la verdad, pues a esta instituci\u00f3n se le han hecho llegar dichas posturas por escrito (as\u00ed lo demuestran los acuses de recibido en los documentos entregados a la Direcci\u00f3n de Impacto y Riesgo Ambiental). Quiz\u00e1 la Delegada est\u00e9 bastante desinformada de estos procesos, lo que evidenciar\u00eda su falta de responsabilidad en su funci\u00f3n como representante de la SEMARNAT en la entidad. O quiz\u00e1, la Delegada est\u00e9 mintiendo intencionalmente. Y de ello quedan las siguientes dudas: \u00bfqu\u00e9 necesidad tiene Daniela Migoya de emitir estas declaraciones? \u00bfa qu\u00e9 intenciones responde la Delegada al faltar a la verdad?<\/p>\n<p>Desde los pueblos ind\u00edgenas se han articulado las acciones necesarias para expresar el  rechazo a los proyectos hidroel\u00e9ctricos de ICA, haciendo uso de los cauces institucionales. La SEMARNAT y todas las instituciones de gobierno, deben cumplir la obligaci\u00f3n que el Estado Mexicano tiene en respetar, y hacer respetar, el derecho de los pueblos ind\u00edgenas a la autodeterminaci\u00f3n sobre su territorio.<\/p>\n<p><a href=\"http:\/\/www.lajornadadeoriente.com.mx\/2015\/03\/23\/la-participacion-en-la-evaluacion-de-impacto-ambiental-el-rechazo-al-complejo-hidroelectrico-que-ica-pretende-en-el-rio-apulco\/\" target=\"_blank\">http:\/\/www.lajornadadeoriente.com.mx\/2015\/03\/23\/la-participacion-en-la-evaluacion-de-impacto-ambiental-el-rechazo-al-complejo-hidroelectrico-que-ica-pretende-en-el-rio-apulco\/<\/a><\/p>\n","protected":false},"excerpt":{"rendered":"<p>marzo 23, 2015 Leonardo Dur\u00e1n Olg\u00fain Con el paso de los d\u00edas, el fen\u00f3meno hidro-minero va mostrando con mayor intensidad las intenciones de las grandes compa\u00f1\u00edas por apoderarse de los &hellip; <a href=\"http:\/\/www.grieta.org.mx\/index.php\/2015\/03\/23\/la-participacion-en-la-evaluacion-de-impacto-ambiental-el-rechazo-al-complejo-hidroelectrico-que-ica-pretende-en-el-rio-apulco\/\" class=\"more-link\">Leer m\u00e1s<\/a><\/p>\n","protected":false},"author":2,"featured_media":21928,"comment_status":"closed","ping_status":"closed","sticky":false,"template":"","format":"standard","meta":{"ngg_post_thumbnail":0,"_jetpack_newsletter_access":"","_jetpack_dont_email_post_to_subs":false,"_jetpack_newsletter_tier_id":0,"_jetpack_memberships_contains_paywalled_content":false,"_jetpack_memberships_contains_paid_content":false,"footnotes":""},"categories":[80],"tags":[273,109],"class_list":["post-9467","post","type-post","status-publish","format-standard","has-post-thumbnail","hentry","category-cintillo","tag-fracking","tag-mineria","entry"],"jetpack_featured_media_url":"http:\/\/www.grieta.org.mx\/wp-content\/uploads\/2018\/03\/14524434_1106112876131411_958039263622046936_o.jpg","jetpack_sharing_enabled":true,"jetpack_shortlink":"https:\/\/wp.me\/p7ZJR4-2sH","jetpack_likes_enabled":false,"jetpack-related-posts":[{"id":3808,"url":"http:\/\/www.grieta.org.mx\/index.php\/2012\/12\/18\/preparan-ocho-proyectos-hidroelectricos-en-la-sierra-norte-de-puebla-unitierra\/","url_meta":{"origin":9467,"position":0},"title":"Preparan ocho proyectos hidroel\u00e9ctricos en la Sierra Norte de Puebla: Unitierra","author":"grieta","date":"18 diciembre, 2012","format":false,"excerpt":"Arturo Alfaro Gal\u00e1n\/ Afectados Ambientales La Universidad de la Tierra (Unitierra) en Puebla revel\u00f3 que en Puebla existen ocho proyectos para la construcci\u00f3n de hidroel\u00e9ctricas en la Sierra Norte de la entidad, las cuales afectar\u00e1n dr\u00e1sticamente el medioambiente y la forma de vida de una decena de comunidades. Los proyectos\u2026","rel":"","context":"En &quot;CINTILLO&quot;","block_context":{"text":"CINTILLO","link":"http:\/\/www.grieta.org.mx\/index.php\/category\/cintillo\/"},"img":{"alt_text":"","src":"https:\/\/i0.wp.com\/www.grieta.org.mx\/wp-content\/uploads\/2018\/03\/14524434_1106112876131411_958039263622046936_o.jpg?resize=350%2C200","width":350,"height":200,"srcset":"https:\/\/i0.wp.com\/www.grieta.org.mx\/wp-content\/uploads\/2018\/03\/14524434_1106112876131411_958039263622046936_o.jpg?resize=350%2C200 1x, https:\/\/i0.wp.com\/www.grieta.org.mx\/wp-content\/uploads\/2018\/03\/14524434_1106112876131411_958039263622046936_o.jpg?resize=525%2C300 1.5x, https:\/\/i0.wp.com\/www.grieta.org.mx\/wp-content\/uploads\/2018\/03\/14524434_1106112876131411_958039263622046936_o.jpg?resize=700%2C400 2x"},"classes":[]},{"id":9500,"url":"http:\/\/www.grieta.org.mx\/index.php\/2015\/03\/09\/en-san-juan-tahitic-rechazan-las-cuatro-hidroelectricas-que-proyecta-ica-en-la-sierra-norte\/","url_meta":{"origin":9467,"position":1},"title":"En San Juan Tahitic rechazan las cuatro hidroel\u00e9ctricas que proyecta ICA en la Sierra Norte","author":"grieta","date":"9 marzo, 2015","format":false,"excerpt":"marzo 09, 2015 Mart\u00edn Hern\u00e1ndez Alc\u00e1ntara, Puebla Pobladores de San Juan Tahitic, perteneciente al municipio de Zacapoaxtla, expresaron el d\u00eda de ayer en una asamblea informativa su rechazo absoluto a los proyectos de cuatro hidroel\u00e9ctricas en los m\u00e1rgenes del r\u00edo Apulco, promovidos la empresa por Controladora de Infraestructuras y Operaciones\u2026","rel":"","context":"En &quot;26. Sierra Puebla&quot;","block_context":{"text":"26. Sierra Puebla","link":"http:\/\/www.grieta.org.mx\/index.php\/category\/espejos-de-la-resistencia\/26-sierra-puebla\/"},"img":{"alt_text":"","src":"https:\/\/i0.wp.com\/www.grieta.org.mx\/wp-content\/uploads\/2018\/03\/14524434_1106112876131411_958039263622046936_o.jpg?resize=350%2C200","width":350,"height":200,"srcset":"https:\/\/i0.wp.com\/www.grieta.org.mx\/wp-content\/uploads\/2018\/03\/14524434_1106112876131411_958039263622046936_o.jpg?resize=350%2C200 1x, https:\/\/i0.wp.com\/www.grieta.org.mx\/wp-content\/uploads\/2018\/03\/14524434_1106112876131411_958039263622046936_o.jpg?resize=525%2C300 1.5x, https:\/\/i0.wp.com\/www.grieta.org.mx\/wp-content\/uploads\/2018\/03\/14524434_1106112876131411_958039263622046936_o.jpg?resize=700%2C400 2x"},"classes":[]},{"id":7623,"url":"http:\/\/www.grieta.org.mx\/index.php\/2015\/11\/23\/hidroelectricas-mineria-y-fracking-en-la-sierra-norte-de-puebla\/","url_meta":{"origin":9467,"position":2},"title":"Hidroel\u00e9ctricas, miner\u00eda y fracking en la Sierra Norte de Puebla","author":"grieta","date":"23 noviembre, 2015","format":false,"excerpt":"noviembre 23, 2015 Leticia \u00c1nimas, Huauchinango, Puebla En la Sierra Norte poblana existen diez proyectos para hidroel\u00e9ctricas en los r\u00edos Apulco, Zempoala, Ateno y Ajajalpan. Estos son: Puebla 1; San Antonio; Atexcaco; Xochimalpa; Gaya y Pilotos 1; Boca, Diego, Conde y Ana, concesionados a las empresas Grupo M\u00e9xico, Generadora Hidroel\u00e9ctrica\u2026","rel":"","context":"En &quot;26. Sierra Puebla&quot;","block_context":{"text":"26. Sierra Puebla","link":"http:\/\/www.grieta.org.mx\/index.php\/category\/espejos-de-la-resistencia\/26-sierra-puebla\/"},"img":{"alt_text":"","src":"https:\/\/i0.wp.com\/www.grieta.org.mx\/wp-content\/uploads\/2018\/03\/14524434_1106112876131411_958039263622046936_o.jpg?resize=350%2C200","width":350,"height":200,"srcset":"https:\/\/i0.wp.com\/www.grieta.org.mx\/wp-content\/uploads\/2018\/03\/14524434_1106112876131411_958039263622046936_o.jpg?resize=350%2C200 1x, https:\/\/i0.wp.com\/www.grieta.org.mx\/wp-content\/uploads\/2018\/03\/14524434_1106112876131411_958039263622046936_o.jpg?resize=525%2C300 1.5x, https:\/\/i0.wp.com\/www.grieta.org.mx\/wp-content\/uploads\/2018\/03\/14524434_1106112876131411_958039263622046936_o.jpg?resize=700%2C400 2x"},"classes":[]},{"id":23399,"url":"http:\/\/www.grieta.org.mx\/index.php\/2018\/06\/01\/ejecutan-al-segundo-activista-de-la-sierra-norte-en-menos-de-un-mes-puebla\/","url_meta":{"origin":9467,"position":3},"title":"Ejecutan al segundo activista de la Sierra Norte en menos de un mes (Puebla)","author":"grieta","date":"1 junio, 2018","format":false,"excerpt":"Zacapoaxtla, Pue.- Se llamaba Adri\u00e1n Tihuilit y era defensor de la Tierra y los bienes comunes en San Juan Tahictic, la comunidad que se ha opuesto a la construcci\u00f3n de la hidroel\u00e9ctrica Gaya en las aguas del r\u00edo Apulco. Ayer fue encontrado su cad\u00e1ver con un disparo en la cabeza\u2026","rel":"","context":"En &quot;26. Sierra Puebla&quot;","block_context":{"text":"26. Sierra Puebla","link":"http:\/\/www.grieta.org.mx\/index.php\/category\/espejos-de-la-resistencia\/26-sierra-puebla\/"},"img":{"alt_text":"","src":"https:\/\/i0.wp.com\/www.grieta.org.mx\/wp-content\/uploads\/2018\/06\/activista_3.jpg?resize=350%2C200","width":350,"height":200,"srcset":"https:\/\/i0.wp.com\/www.grieta.org.mx\/wp-content\/uploads\/2018\/06\/activista_3.jpg?resize=350%2C200 1x, https:\/\/i0.wp.com\/www.grieta.org.mx\/wp-content\/uploads\/2018\/06\/activista_3.jpg?resize=525%2C300 1.5x"},"classes":[]},{"id":33300,"url":"http:\/\/www.grieta.org.mx\/index.php\/2019\/05\/10\/asesinan-a-opositor-de-hidroelectrica-en-zacapoaxtla-puebla\/","url_meta":{"origin":9467,"position":4},"title":"Asesinan a opositor de hidroel\u00e9ctrica en Zacapoaxtla (Puebla)","author":"Admin","date":"10 mayo, 2019","format":false,"excerpt":"GABRIELA HERN\u00c1NDEZ \/ Proceso PUEBLA, Pue. (apro).- Leonel D\u00edaz Urbano, activista opositor al proyecto de la construcci\u00f3n de una hidroel\u00e9ctrica sobre el r\u00edo Apulco, fue asesinado a balazos la noche del 9 de mayo. Seg\u00fan los reportes policiacos, D\u00edaz Urbano fue asesinado aparentemente mientras dorm\u00eda en su domicilio en la\u2026","rel":"","context":"En &quot;26. Sierra Puebla&quot;","block_context":{"text":"26. Sierra Puebla","link":"http:\/\/www.grieta.org.mx\/index.php\/category\/espejos-de-la-resistencia\/26-sierra-puebla\/"},"img":{"alt_text":"","src":"https:\/\/i0.wp.com\/www.grieta.org.mx\/wp-content\/uploads\/2019\/05\/vivenda1-1078x709.jpg?resize=350%2C200","width":350,"height":200,"srcset":"https:\/\/i0.wp.com\/www.grieta.org.mx\/wp-content\/uploads\/2019\/05\/vivenda1-1078x709.jpg?resize=350%2C200 1x, https:\/\/i0.wp.com\/www.grieta.org.mx\/wp-content\/uploads\/2019\/05\/vivenda1-1078x709.jpg?resize=525%2C300 1.5x, https:\/\/i0.wp.com\/www.grieta.org.mx\/wp-content\/uploads\/2019\/05\/vivenda1-1078x709.jpg?resize=700%2C400 2x, https:\/\/i0.wp.com\/www.grieta.org.mx\/wp-content\/uploads\/2019\/05\/vivenda1-1078x709.jpg?resize=1050%2C600 3x"},"classes":[]},{"id":23404,"url":"http:\/\/www.grieta.org.mx\/index.php\/2018\/06\/03\/el-homicidio-de-dos-opositores-de-megaproyectos-indigna-a-ongs-y-activistas-que-pasa-en-puebla\/","url_meta":{"origin":9467,"position":5},"title":"El homicidio de dos opositores de megaproyectos indigna a ONGs y activistas: \u00bfQu\u00e9 pasa en Puebla?","author":"grieta","date":"3 junio, 2018","format":false,"excerpt":"La organizaci\u00f3n Servicios y Asesor\u00edas para la Paz inform\u00f3 que de julio de 2016 y hasta diciembre de 2017 ocurrieron ocho agresiones contra personas, comunidades u organizaciones defensoras del medio ambiente en Puebla, ataques que colocaron a la entidad en la segunda con m\u00e1s casos de este tipo a nivel\u2026","rel":"","context":"En &quot;26. Sierra Puebla&quot;","block_context":{"text":"26. Sierra Puebla","link":"http:\/\/www.grieta.org.mx\/index.php\/category\/espejos-de-la-resistencia\/26-sierra-puebla\/"},"img":{"alt_text":"","src":"https:\/\/i0.wp.com\/www.grieta.org.mx\/wp-content\/uploads\/2018\/06\/defensores.jpg?resize=350%2C200","width":350,"height":200,"srcset":"https:\/\/i0.wp.com\/www.grieta.org.mx\/wp-content\/uploads\/2018\/06\/defensores.jpg?resize=350%2C200 1x, https:\/\/i0.wp.com\/www.grieta.org.mx\/wp-content\/uploads\/2018\/06\/defensores.jpg?resize=525%2C300 1.5x, https:\/\/i0.wp.com\/www.grieta.org.mx\/wp-content\/uploads\/2018\/06\/defensores.jpg?resize=700%2C400 2x, https:\/\/i0.wp.com\/www.grieta.org.mx\/wp-content\/uploads\/2018\/06\/defensores.jpg?resize=1050%2C600 3x"},"classes":[]}],"_links":{"self":[{"href":"http:\/\/www.grieta.org.mx\/index.php\/wp-json\/wp\/v2\/posts\/9467","targetHints":{"allow":["GET"]}}],"collection":[{"href":"http:\/\/www.grieta.org.mx\/index.php\/wp-json\/wp\/v2\/posts"}],"about":[{"href":"http:\/\/www.grieta.org.mx\/index.php\/wp-json\/wp\/v2\/types\/post"}],"author":[{"embeddable":true,"href":"http:\/\/www.grieta.org.mx\/index.php\/wp-json\/wp\/v2\/users\/2"}],"replies":[{"embeddable":true,"href":"http:\/\/www.grieta.org.mx\/index.php\/wp-json\/wp\/v2\/comments?post=9467"}],"version-history":[{"count":1,"href":"http:\/\/www.grieta.org.mx\/index.php\/wp-json\/wp\/v2\/posts\/9467\/revisions"}],"predecessor-version":[{"id":9470,"href":"http:\/\/www.grieta.org.mx\/index.php\/wp-json\/wp\/v2\/posts\/9467\/revisions\/9470"}],"wp:featuredmedia":[{"embeddable":true,"href":"http:\/\/www.grieta.org.mx\/index.php\/wp-json\/wp\/v2\/media\/21928"}],"wp:attachment":[{"href":"http:\/\/www.grieta.org.mx\/index.php\/wp-json\/wp\/v2\/media?parent=9467"}],"wp:term":[{"taxonomy":"category","embeddable":true,"href":"http:\/\/www.grieta.org.mx\/index.php\/wp-json\/wp\/v2\/categories?post=9467"},{"taxonomy":"post_tag","embeddable":true,"href":"http:\/\/www.grieta.org.mx\/index.php\/wp-json\/wp\/v2\/tags?post=9467"}],"curies":[{"name":"wp","href":"https:\/\/api.w.org\/{rel}","templated":true}]}}