{"id":945,"date":"2015-12-01T22:18:15","date_gmt":"2015-12-01T22:18:15","guid":{"rendered":"http:\/\/50.22.11.12\/~grietaor\/?p=945"},"modified":"2016-03-02T22:20:29","modified_gmt":"2016-03-02T22:20:29","slug":"foro-regional-en-defensa-de-la-gestion-comunitaria-del-agua-y-contra-su-privatizacion","status":"publish","type":"post","link":"http:\/\/www.grieta.org.mx\/index.php\/2015\/12\/01\/foro-regional-en-defensa-de-la-gestion-comunitaria-del-agua-y-contra-su-privatizacion\/","title":{"rendered":"Foro regional en defensa de la gesti\u00f3n comunitaria del agua y contra su privatizaci\u00f3n"},"content":{"rendered":"<p>Lizette Santana<\/p>\n<p>El 14 de noviembre de 2015, en Tecamac, se reunieron pueblos y comunidades del Estado de M\u00e9xico para conocer el papel de los sistemas comunitarios de agua potable en la Iniciativa Ciudadana creada por la Coordinadora Nacional Agua para Tod@s, Agua para la Vida. Asistieron especialmente los representantes de los sistemas de agua comunitarios, as\u00ed como miembros de organizaciones sociales y de Derechos Humanos con la intenci\u00f3n de plantear propuestas que pudieran ser integradas a la iniciativa. A su vez, se discuti\u00f3 la necesidad de crear procesos de organizaci\u00f3n y capacitaci\u00f3n para la defensa y gesti\u00f3n t\u00e9cnica-administrativa de los sistemas comunitarios de agua potable.<\/p>\n<p>Para inaugurar el evento, luchadores sociales del Consejo de Pueblos de Morelos y del Frente de Pueblos en Defensa de la Tierra recordaron la importancia de reconocer y defender el agua como parte de la herencia del General Emiliano Zapata, mediante la organizaci\u00f3n de los pueblos solidarios.<\/p>\n<p>Las agresiones sufridas, tanto en Morelos en el proceso de defensa del agua como en San Salvador Atenco en contra del aeropuerto, desde 2006, fueron una primera manifestaci\u00f3n del atroz escenario que se vislumbra en todo el territorio mexicano. Como testimonio de ello, Jos\u00e9 Antonio Lara Duque \u2014coordinador general del Centro de Derechos Humanos Zeferino Ladrillero (CDHZL)\u2014 explic\u00f3 que durante la gesti\u00f3n de Eruviel \u00c1vila como gobernador del Estado de M\u00e9xico han registrado m\u00e1s de 150 agresiones contra defensores de Derechos Humanos.<\/p>\n<p>El escenario actual de la entidad es uno de los m\u00e1s sanguinarios, pues no s\u00f3lo se viven agresiones f\u00edsicas y amenazas directas a luchadores sociales, sino tambi\u00e9n cientos de asesinatos, feminicidios, desapariciones forzadas y el avasallante despojo de los bienes comunes de los pueblos. Por ello, se espera pr\u00f3ximamente la visita del Comisionado de la ONU para dar fe de la insoportable situaci\u00f3n y se\u00f1alar los abusos de poder. No obstante, el CDHZL insta a que sean los propios actores locales quienes se manifiesten, organicen y defiendan sus derechos contra la represi\u00f3n generalizada, puesto que la labor institucional, en muchos casos, en lugar de centrarse en la defensa legitima de los derechos humanos se ha inclinado hacia el poder.<\/p>\n<p>Por ello se reivindica \u00abEl fuego de la digna resistencia\u00bb, una plataforma organizativa de los pueblos mexiquenses contra esta serie de agravios a la integridad y la vida de su gente, lema y consigna con los que se da la palabra al Dr. Mateo Mart\u00ednez Urbina, de Tec\u00e1mac, quien narra el proceso hist\u00f3rico de los sistemas comunitarios de agua, la forma en que han adquirido personalidad jur\u00eddica y capacidad de gesti\u00f3n, administraci\u00f3n y suministro del vital l\u00edquido en su localidad. La gesti\u00f3n comunitaria para la defensa del agua y el territorio es una necesidad urgente para todos nuestros pueblos, especialmente ahora que se trata de privatizar, acaparar y despojar mediante la industrializaci\u00f3n y la urbanizaci\u00f3n desmesurada.<\/p>\n<p>Al medio d\u00eda, lleg\u00f3 la hora de presentar el video enviado por Oscar Olivera, l\u00edder social que encabez\u00f3 la lucha contra privatizaci\u00f3n del servicio de agua potable en la Ciudad de Cochabamba, Bolivia, en 2000, quien asegur\u00f3 que es indispensable recuperar la confianza, la alegr\u00eda, la transparencia, la reciprocidad y la lucha permanente en el trabajo colectivo de los grupos, as\u00ed como la capacidad de gestionar y convivir con el agua como un ser vivo y no como un recurso.<\/p>\n<p>El agua no puede ser motivo de acuerdos internacionales, nacionales o cualquier uso arbitrario que no haya pasado por el consenso comunitario de quienes son leg\u00edtimos propietarios. Por ello, los sistemas comunitarios son la \u00fanica alternativa para que el agua siga siendo suficiente y satisfaga las necesidades de la comunidad. El agua no est\u00e1 sujeta a las ganancias o los beneficios econ\u00f3micos por lo que debe ser considerada un bien com\u00fan, capaz de generar espacios de equilibrio para la reproducci\u00f3n de la vida.<\/p>\n<p>En este sentido, Elena Burns Stuck abord\u00f3 los criterios emanados de las consultas hechas por la Coordinadora Nacional Agua para Tod@s, Agua para la Vida, sobre las funciones, ejes y toma de decisiones de los sistemas comunitarios de agua (usos y costumbres de los pueblos), fundamentados en la asamblea como \u00f3rgano rector.<\/p>\n<p>La din\u00e1mica del foro se fortaleci\u00f3 con el trabajo en dos mesas dedicadas a establecer la importancia de organizarse, capacitarse, realizar la defensa y gesti\u00f3n operativa de sus sistemas de agua, y a discutir las propuestas de los participantes acerca de la Iniciativa Ciudadana de Ley General de Aguas para darles mayor reconocimiento y certeza jur\u00eddica. En la plenaria, se interpelaron los derechos hist\u00f3ricos sobre la tierra y el agua que fueron el fundamento jur\u00eddico de las comunidades y, actualmente, son una pieza clave para la defensa y sistematizaci\u00f3n de la documentaci\u00f3n que acredite a los sistemas comunitarios como agentes capaces de brindar factibilidad a quienes soliciten el uso del agua en su territorio.<\/p>\n<p>El cierre de la jornada estuvo a cargo del canta-autor del pueblo Cayo Vicente, y la clausura por parte del representante del Sistema de Agua Potable de Tecamac, quien ofreci\u00f3 a los presentes disfrutar de una agua fresca y una rica comida cocinada al fuego de la digna resistencia.<\/p>\n<p><a href=\"http:\/\/subversiones.org\/archivos\/120020\" target=\"_blank\">subversiones.org\/archivos\/120020<\/a><\/p>\n","protected":false},"excerpt":{"rendered":"<p>Lizette Santana El 14 de noviembre de 2015, en Tecamac, se reunieron pueblos y comunidades del Estado de M\u00e9xico para conocer el papel de los sistemas comunitarios de agua potable &hellip; <a href=\"http:\/\/www.grieta.org.mx\/index.php\/2015\/12\/01\/foro-regional-en-defensa-de-la-gestion-comunitaria-del-agua-y-contra-su-privatizacion\/\" class=\"more-link\">Leer m\u00e1s<\/a><\/p>\n","protected":false},"author":2,"featured_media":21928,"comment_status":"closed","ping_status":"open","sticky":false,"template":"","format":"standard","meta":{"ngg_post_thumbnail":0,"_jetpack_newsletter_access":"","_jetpack_dont_email_post_to_subs":false,"_jetpack_newsletter_tier_id":0,"_jetpack_memberships_contains_paywalled_content":false,"_jetpack_memberships_contains_paid_content":false,"footnotes":""},"categories":[80],"tags":[92],"class_list":["post-945","post","type-post","status-publish","format-standard","has-post-thumbnail","hentry","category-cintillo","tag-estado-de-mexico","entry"],"jetpack_featured_media_url":"http:\/\/www.grieta.org.mx\/wp-content\/uploads\/2018\/03\/14524434_1106112876131411_958039263622046936_o.jpg","jetpack_sharing_enabled":true,"jetpack_shortlink":"https:\/\/wp.me\/p7ZJR4-ff","jetpack_likes_enabled":false,"jetpack-related-posts":[{"id":894,"url":"http:\/\/www.grieta.org.mx\/index.php\/2015\/04\/23\/asesinan-a-otro-defensor-de-coyotepec-lo-encuentran-en-deposito-de-agua-potable\/","url_meta":{"origin":945,"position":0},"title":"Asesinan a otro defensor de Coyotepec; lo encuentran en dep\u00f3sito de agua potable","author":"grieta","date":"23 abril, 2015","format":false,"excerpt":"ALDABI OLVERA (Ciudad de M\u00e9xico).- Jos\u00e9 Ignacio Cervantes \u00c1ngeles de 47 a\u00f1os, era uno de los integrantes de la Administraci\u00f3n del Agua Potable Aut\u00f3noma que los pobladores de Coyotepec \u2014municipio ubicado en el norte del Estado de M\u00e9xico\u2014 mantienen para defenderse de los intentos de \u201cmunicipalizaci\u00f3n\u201d del agua desde el\u2026","rel":"","context":"En &quot;CINTILLO&quot;","block_context":{"text":"CINTILLO","link":"http:\/\/www.grieta.org.mx\/index.php\/category\/cintillo\/"},"img":{"alt_text":"","src":"https:\/\/i0.wp.com\/www.grieta.org.mx\/wp-content\/uploads\/2018\/03\/14524434_1106112876131411_958039263622046936_o.jpg?resize=350%2C200","width":350,"height":200,"srcset":"https:\/\/i0.wp.com\/www.grieta.org.mx\/wp-content\/uploads\/2018\/03\/14524434_1106112876131411_958039263622046936_o.jpg?resize=350%2C200 1x, https:\/\/i0.wp.com\/www.grieta.org.mx\/wp-content\/uploads\/2018\/03\/14524434_1106112876131411_958039263622046936_o.jpg?resize=525%2C300 1.5x, https:\/\/i0.wp.com\/www.grieta.org.mx\/wp-content\/uploads\/2018\/03\/14524434_1106112876131411_958039263622046936_o.jpg?resize=700%2C400 2x"},"classes":[]},{"id":282,"url":"http:\/\/www.grieta.org.mx\/index.php\/2015\/05\/10\/el-fuego-de-la-digna-resistencia-recorre-tecamac\/","url_meta":{"origin":945,"position":1},"title":"El fuego de la digna resistencia recorre Tec\u00e1mac","author":"grieta","date":"10 mayo, 2015","format":false,"excerpt":"Por Jer\u00f3nimo D\u00edaz 8 de mayo de 2015, Tec\u00e1mac, Estado de M\u00e9xico. Llevan 10 d\u00edas recorriendo el oriente del Estado de M\u00e9xico para conocer y reconocerse entre distintos movimientos. La Caravana del Fuego de la Digna Resistencia busca hermanar a los pueblos originarios y campesinos, organizaciones sociales y educativas, sistemas\u2026","rel":"","context":"En &quot;CINTILLO&quot;","block_context":{"text":"CINTILLO","link":"http:\/\/www.grieta.org.mx\/index.php\/category\/cintillo\/"},"img":{"alt_text":"","src":"https:\/\/i0.wp.com\/www.grieta.org.mx\/wp-content\/uploads\/2018\/03\/14524434_1106112876131411_958039263622046936_o.jpg?resize=350%2C200","width":350,"height":200,"srcset":"https:\/\/i0.wp.com\/www.grieta.org.mx\/wp-content\/uploads\/2018\/03\/14524434_1106112876131411_958039263622046936_o.jpg?resize=350%2C200 1x, https:\/\/i0.wp.com\/www.grieta.org.mx\/wp-content\/uploads\/2018\/03\/14524434_1106112876131411_958039263622046936_o.jpg?resize=525%2C300 1.5x, https:\/\/i0.wp.com\/www.grieta.org.mx\/wp-content\/uploads\/2018\/03\/14524434_1106112876131411_958039263622046936_o.jpg?resize=700%2C400 2x"},"classes":[]},{"id":38360,"url":"http:\/\/www.grieta.org.mx\/index.php\/2019\/08\/25\/lanzan-defensa-comunitaria-contra-santa-lucia\/","url_meta":{"origin":945,"position":2},"title":"Lanzan defensa comunitaria contra Santa Luc\u00eda","author":"grieta","date":"25 agosto, 2019","format":false,"excerpt":"Texto: Lydiette Carri\u00f3n Fotos: Archivo \/ Ximena Natera y Duilio Rodr\u00edguez Pie de P\u00e1gina Los pueblos originarios en los municipios de Tec\u00e1mac, Zumpango y Nextlalpan est\u00e1n contra el proyecto Santa Luc\u00eda. Pero se desmarcan de las acciones legales que encabezan grupos de empresarios, quienes lo hacen bajo la l\u00f3gica empresarial.\u2026","rel":"","context":"En &quot;CINTILLO&quot;","block_context":{"text":"CINTILLO","link":"http:\/\/www.grieta.org.mx\/index.php\/category\/cintillo\/"},"img":{"alt_text":"","src":"https:\/\/i0.wp.com\/www.grieta.org.mx\/wp-content\/uploads\/2019\/08\/PdP_ECATEPEC-2_270619_MXN_0139_BAJA-1-1140x570.jpg?resize=350%2C200","width":350,"height":200,"srcset":"https:\/\/i0.wp.com\/www.grieta.org.mx\/wp-content\/uploads\/2019\/08\/PdP_ECATEPEC-2_270619_MXN_0139_BAJA-1-1140x570.jpg?resize=350%2C200 1x, https:\/\/i0.wp.com\/www.grieta.org.mx\/wp-content\/uploads\/2019\/08\/PdP_ECATEPEC-2_270619_MXN_0139_BAJA-1-1140x570.jpg?resize=525%2C300 1.5x, https:\/\/i0.wp.com\/www.grieta.org.mx\/wp-content\/uploads\/2019\/08\/PdP_ECATEPEC-2_270619_MXN_0139_BAJA-1-1140x570.jpg?resize=700%2C400 2x, https:\/\/i0.wp.com\/www.grieta.org.mx\/wp-content\/uploads\/2019\/08\/PdP_ECATEPEC-2_270619_MXN_0139_BAJA-1-1140x570.jpg?resize=1050%2C600 3x"},"classes":[]},{"id":257,"url":"http:\/\/www.grieta.org.mx\/index.php\/2016\/04\/18\/represion-en-san-francisco-magu-por-defender-la-administracion-de-agua-potable\/","url_meta":{"origin":945,"position":3},"title":"Represi\u00f3n en San Francisco Mag\u00fa por defender la administraci\u00f3n de agua potable","author":"grieta","date":"18 abril, 2016","format":false,"excerpt":"18\/04\/16. San Francisco Mag\u00fa profundiza su camino de autonom\u00eda y rechaza a los pol\u00edticosDesinform\u00e9monos 15\/04\/15. San Francisco Mag\u00fa: otom\u00ed, digno y admirable.Resiste eDHomex 08\/03\/15. Ataque a defensores comunitarios ind\u00edgenas de San Francisco Mag\u00fa, EdomexKaos en la Red","rel":"","context":"En &quot;Estado de M\u00e9xico&quot;","block_context":{"text":"Estado de M\u00e9xico","link":"http:\/\/www.grieta.org.mx\/index.php\/category\/noticias-nacionales\/estado-de-mexico\/"},"img":{"alt_text":"","src":"https:\/\/i0.wp.com\/www.grieta.org.mx\/wp-content\/uploads\/2018\/03\/14524434_1106112876131411_958039263622046936_o.jpg?resize=350%2C200","width":350,"height":200,"srcset":"https:\/\/i0.wp.com\/www.grieta.org.mx\/wp-content\/uploads\/2018\/03\/14524434_1106112876131411_958039263622046936_o.jpg?resize=350%2C200 1x, https:\/\/i0.wp.com\/www.grieta.org.mx\/wp-content\/uploads\/2018\/03\/14524434_1106112876131411_958039263622046936_o.jpg?resize=525%2C300 1.5x, https:\/\/i0.wp.com\/www.grieta.org.mx\/wp-content\/uploads\/2018\/03\/14524434_1106112876131411_958039263622046936_o.jpg?resize=700%2C400 2x"},"classes":[]},{"id":5060,"url":"http:\/\/www.grieta.org.mx\/index.php\/2016\/03\/23\/pronunciamiento-contra-la-nueva-ley-atenco\/","url_meta":{"origin":945,"position":4},"title":"Pronunciamiento contra la nueva \u201cLey Atenco\u201d","author":"grieta","date":"23 marzo, 2016","format":false,"excerpt":"Ante la ?#?LeyAtenco? el Digno Fuego se posiciona. Ante la aprobaci\u00f3n de la llamada #LeyAtenco las personas, pueblos y organizaciones que conformamos el Fuego de la Digna Resistencia, manifestamos lo siguiente: Denunciamos la opacidad con que se condujo el Congreso Local del Estado de M\u00e9xico. Ning\u00fan partido pol\u00edtico se atrevi\u00f3\u2026","rel":"","context":"En &quot;CINTILLO&quot;","block_context":{"text":"CINTILLO","link":"http:\/\/www.grieta.org.mx\/index.php\/category\/cintillo\/"},"img":{"alt_text":"","src":"https:\/\/i0.wp.com\/www.grieta.org.mx\/wp-content\/uploads\/2018\/03\/14524434_1106112876131411_958039263622046936_o.jpg?resize=350%2C200","width":350,"height":200,"srcset":"https:\/\/i0.wp.com\/www.grieta.org.mx\/wp-content\/uploads\/2018\/03\/14524434_1106112876131411_958039263622046936_o.jpg?resize=350%2C200 1x, https:\/\/i0.wp.com\/www.grieta.org.mx\/wp-content\/uploads\/2018\/03\/14524434_1106112876131411_958039263622046936_o.jpg?resize=525%2C300 1.5x, https:\/\/i0.wp.com\/www.grieta.org.mx\/wp-content\/uploads\/2018\/03\/14524434_1106112876131411_958039263622046936_o.jpg?resize=700%2C400 2x"},"classes":[]},{"id":13285,"url":"http:\/\/www.grieta.org.mx\/index.php\/2016\/05\/27\/encarcelan-a-representantes-de-coyotepec-por-la-defensa-del-agua\/","url_meta":{"origin":945,"position":5},"title":"Encarcelan a representantes de Coyotepec por la defensa del agua","author":"grieta","date":"27 mayo, 2016","format":false,"excerpt":"Perseo Greco Coyotepec, Estado de M\u00e9xico. 27 de mayo 2016.- Vecinos de Coyotepec denunciaron que el presidente municipal, Pedro Luna, trata de \"municipalizar\" el agua para la \u201cCiudad Bicentenario\u201d, con la intenci\u00f3n de construir un centro comercial de grandes dimensiones. El pasado 26 de mayo decenas de granaderos entraron a\u2026","rel":"","context":"En &quot;CINTILLO&quot;","block_context":{"text":"CINTILLO","link":"http:\/\/www.grieta.org.mx\/index.php\/category\/cintillo\/"},"img":{"alt_text":"","src":"https:\/\/i0.wp.com\/www.grieta.org.mx\/wp-content\/uploads\/2018\/03\/14524434_1106112876131411_958039263622046936_o.jpg?resize=350%2C200","width":350,"height":200,"srcset":"https:\/\/i0.wp.com\/www.grieta.org.mx\/wp-content\/uploads\/2018\/03\/14524434_1106112876131411_958039263622046936_o.jpg?resize=350%2C200 1x, https:\/\/i0.wp.com\/www.grieta.org.mx\/wp-content\/uploads\/2018\/03\/14524434_1106112876131411_958039263622046936_o.jpg?resize=525%2C300 1.5x, https:\/\/i0.wp.com\/www.grieta.org.mx\/wp-content\/uploads\/2018\/03\/14524434_1106112876131411_958039263622046936_o.jpg?resize=700%2C400 2x"},"classes":[]}],"_links":{"self":[{"href":"http:\/\/www.grieta.org.mx\/index.php\/wp-json\/wp\/v2\/posts\/945","targetHints":{"allow":["GET"]}}],"collection":[{"href":"http:\/\/www.grieta.org.mx\/index.php\/wp-json\/wp\/v2\/posts"}],"about":[{"href":"http:\/\/www.grieta.org.mx\/index.php\/wp-json\/wp\/v2\/types\/post"}],"author":[{"embeddable":true,"href":"http:\/\/www.grieta.org.mx\/index.php\/wp-json\/wp\/v2\/users\/2"}],"replies":[{"embeddable":true,"href":"http:\/\/www.grieta.org.mx\/index.php\/wp-json\/wp\/v2\/comments?post=945"}],"version-history":[{"count":1,"href":"http:\/\/www.grieta.org.mx\/index.php\/wp-json\/wp\/v2\/posts\/945\/revisions"}],"predecessor-version":[{"id":947,"href":"http:\/\/www.grieta.org.mx\/index.php\/wp-json\/wp\/v2\/posts\/945\/revisions\/947"}],"wp:featuredmedia":[{"embeddable":true,"href":"http:\/\/www.grieta.org.mx\/index.php\/wp-json\/wp\/v2\/media\/21928"}],"wp:attachment":[{"href":"http:\/\/www.grieta.org.mx\/index.php\/wp-json\/wp\/v2\/media?parent=945"}],"wp:term":[{"taxonomy":"category","embeddable":true,"href":"http:\/\/www.grieta.org.mx\/index.php\/wp-json\/wp\/v2\/categories?post=945"},{"taxonomy":"post_tag","embeddable":true,"href":"http:\/\/www.grieta.org.mx\/index.php\/wp-json\/wp\/v2\/tags?post=945"}],"curies":[{"name":"wp","href":"https:\/\/api.w.org\/{rel}","templated":true}]}}