{"id":9434,"date":"2015-03-31T18:54:01","date_gmt":"2015-03-31T18:54:01","guid":{"rendered":"http:\/\/www.grieta.org.mx\/?p=9434"},"modified":"2016-04-01T18:55:41","modified_gmt":"2016-04-01T18:55:41","slug":"avanza-torex-gold-proyecto-en-guerrero","status":"publish","type":"post","link":"http:\/\/www.grieta.org.mx\/index.php\/2015\/03\/31\/avanza-torex-gold-proyecto-en-guerrero\/","title":{"rendered":"Avanza Torex Gold proyecto en Guerrero"},"content":{"rendered":"<section class=\"entry-content clearfix\">Karina Su\u00e1rez<br \/>\nReforma\/REMA.MX<\/p>\n<p>A pesar de los problemas de seguridad en Guerrero, que derivaron en el secuestro de empleados contratistas, la minera Torex Gold asegur\u00f3 a inversionistas que los retrasos por los incidentes delictivos no perjudicaron al proyecto Lim\u00f3n-Guajes, en el Estado.<\/p>\n<p>Fred Stanford, presidente y director ejecutivo de la minera, asegur\u00f3 que la zona se ha mantenido tranquila e incluso que las actividades de construcci\u00f3n se ha acelerado, por ende, calcul\u00f3 que la primera producci\u00f3n de onzas de oro ser\u00e1 al finalizar este a\u00f1o y la fase comercial iniciar\u00eda a m\u00e1s tardar en el segundo trimestre de 2016.<\/p>\n<p>\u201cLos miembros de la comunidad que fueron secuestrados fueron devueltos a sus familias. La polic\u00eda local est\u00e1n participando en un proceso para lograr el reconocimiento formal de las autoridades estatales y militares.<\/p>\n<p>\u201cLa Polic\u00eda Estatal y militar siguen patrullando efectivamente el \u00e1rea y las discusiones han comenzado y continuar\u00e1n en los pr\u00f3ximos meses con el objetivo de formalizar un compromiso para un federal permanente con la presencia de seguridad del Estado\u201d, inform\u00f3 el directivo.<\/p>\n<p>Hasta ahora este personal est\u00e1 trabajando en la instalaci\u00f3n del acero estructural, la infraestructura mec\u00e1nica, tuber\u00edas y enseres el\u00e9ctricos. la minera ha contratado a 2 mil 200 personas, s\u00f3lo en la fase de la construcci\u00f3n se emplean mil 100 trabajadores.<\/p>\n<p>En febrero pasado la empresa fue afectada por el plagio de 13 personas en la comunidad de Nuevo Balsas, por lo que sus operaciones fueron suspendidas parcialmente por los trabajos de investigaci\u00f3n.<\/p>\n<p>Torex Gold cuenta con los proyectos Media Luna y El Lim\u00f3n-Guajes en una extensi\u00f3n de 29 mil hect\u00e1reas en Cocula, Guerrero. S\u00f3lo en la exploraci\u00f3n del proyecto Media Luna se han invertido 56 millones de d\u00f3lares, mientras que en su otro proyecto en El Lim\u00f3n-Los Guajes se invertir\u00e1n 642 millones de d\u00f3lares.<\/p>\n<p><a class=\"autohyperlink\" title=\"http:\/\/www.remamx.org\/avanza-torex-gold-proyecto-en-guerrero\/\" href=\"http:\/\/www.remamx.org\/avanza-torex-gold-proyecto-en-guerrero\/\" target=\"_blank\">www.remamx.org\/avanza-torex-gold-proyecto-en-guerrero\/<\/a><br \/>\n<a class=\"autohyperlink\" title=\"http:\/\/www.reforma.com\/aplicacioneslibre\/preacceso\/articulo\/default.aspx?id=503028&amp;po=4&amp;urlredirect=http:\/\/www.reforma.com\/aplicaciones\/articulo\/default.aspx?Id=503028&amp;po=4\" href=\"http:\/\/www.reforma.com\/aplicacioneslibre\/preacceso\/articulo\/default.aspx?id=503028&amp;po=4&amp;urlredirect=http:\/\/www.reforma.com\/aplicaciones\/articulo\/default.aspx?Id=503028&amp;po=4\" target=\"_blank\">www.reforma.com\/aplicacioneslibre\/preacceso\/articulo\/default.aspx?id=503028&amp;po=4&amp;urlredirect=http:\/\/www.reforma.com\/aplicaciones\/articulo\/default.aspx?Id=503028&amp;po=4<\/a><\/p>\n<\/section>\n","protected":false},"excerpt":{"rendered":"<p>Karina Su\u00e1rez Reforma\/REMA.MX A pesar de los problemas de seguridad en Guerrero, que derivaron en el secuestro de empleados contratistas, la minera Torex Gold asegur\u00f3 a inversionistas que los retrasos &hellip; <a href=\"http:\/\/www.grieta.org.mx\/index.php\/2015\/03\/31\/avanza-torex-gold-proyecto-en-guerrero\/\" class=\"more-link\">Leer m\u00e1s<\/a><\/p>\n","protected":false},"author":2,"featured_media":21928,"comment_status":"closed","ping_status":"closed","sticky":false,"template":"","format":"standard","meta":{"ngg_post_thumbnail":0,"_jetpack_newsletter_access":"","_jetpack_dont_email_post_to_subs":false,"_jetpack_newsletter_tier_id":0,"_jetpack_memberships_contains_paywalled_content":false,"_jetpack_memberships_contains_paid_content":false,"footnotes":""},"categories":[80,320],"tags":[109],"class_list":["post-9434","post","type-post","status-publish","format-standard","has-post-thumbnail","hentry","category-cintillo","category-guerrero","tag-mineria","entry"],"jetpack_featured_media_url":"http:\/\/www.grieta.org.mx\/wp-content\/uploads\/2018\/03\/14524434_1106112876131411_958039263622046936_o.jpg","jetpack_sharing_enabled":true,"jetpack_shortlink":"https:\/\/wp.me\/p7ZJR4-2sa","jetpack_likes_enabled":false,"jetpack-related-posts":[{"id":40127,"url":"http:\/\/www.grieta.org.mx\/index.php\/2019\/10\/06\/la-empresa-minera-canadiense-torex-gold-resources-inc-arquetipo-de-la-violencia-en-guerrero\/","url_meta":{"origin":9434,"position":0},"title":"La Empresa Minera Canadiense Torex Gold Resources INC; Arquetipo de la Violencia en Guerrero","author":"Admin","date":"6 octubre, 2019","format":false,"excerpt":"REMA \/ Kaos en la red La lista de agravios de esta empresa es igual de grande que la impunidad en la que opera este pa\u00eds. En las entra\u00f1as del municipio de Cocula, en el estado de Guerrero, desde el 2010 la empresa minera canadiense Torex Gold Resources INC., por\u2026","rel":"","context":"En &quot;CINTILLO&quot;","block_context":{"text":"CINTILLO","link":"http:\/\/www.grieta.org.mx\/index.php\/category\/cintillo\/"},"img":{"alt_text":"","src":"https:\/\/i0.wp.com\/www.grieta.org.mx\/wp-content\/uploads\/2019\/10\/Torex-Gold-300x200-300x200.jpg?resize=350%2C200","width":350,"height":200,"srcset":"https:\/\/i0.wp.com\/www.grieta.org.mx\/wp-content\/uploads\/2019\/10\/Torex-Gold-300x200-300x200.jpg?resize=350%2C200 1x, https:\/\/i0.wp.com\/www.grieta.org.mx\/wp-content\/uploads\/2019\/10\/Torex-Gold-300x200-300x200.jpg?resize=525%2C300 1.5x, https:\/\/i0.wp.com\/www.grieta.org.mx\/wp-content\/uploads\/2019\/10\/Torex-Gold-300x200-300x200.jpg?resize=700%2C400 2x"},"classes":[]},{"id":33861,"url":"http:\/\/www.grieta.org.mx\/index.php\/2019\/05\/21\/cocula-un-poblado-que-busca-enterrar-el-pasado-con-la-busqueda-de-oro-guerrero\/","url_meta":{"origin":9434,"position":1},"title":"Cocula, un poblado que busca enterrar el pasado con la b\u00fasqueda de oro (Guerrero)","author":"Admin","date":"21 mayo, 2019","format":false,"excerpt":"Fotograf\u00eda: Pedro PARDO \/ AFP AFP|Yussel GONZALEZ Cocula, M\u00e9xico.- El poblado de Cocula, en el norte del estado mexicano de Guerrero, busca dejar atr\u00e1s la historia que lo lig\u00f3 a la desaparici\u00f3n de 43 estudiantes de Ayotzinapa en 2014 con una industria que parec\u00eda improbable: la miner\u00eda de oro. Seg\u00fan\u2026","rel":"","context":"En &quot;Caso Ayotzinapa&quot;","block_context":{"text":"Caso Ayotzinapa","link":"http:\/\/www.grieta.org.mx\/index.php\/category\/noticias-nacionales\/guerrero\/caso-ayotzinapa\/"},"img":{"alt_text":"","src":"https:\/\/i0.wp.com\/www.grieta.org.mx\/wp-content\/uploads\/2019\/05\/mineria.jpg?resize=350%2C200","width":350,"height":200,"srcset":"https:\/\/i0.wp.com\/www.grieta.org.mx\/wp-content\/uploads\/2019\/05\/mineria.jpg?resize=350%2C200 1x, https:\/\/i0.wp.com\/www.grieta.org.mx\/wp-content\/uploads\/2019\/05\/mineria.jpg?resize=525%2C300 1.5x"},"classes":[]},{"id":50068,"url":"http:\/\/www.grieta.org.mx\/index.php\/2020\/05\/16\/ejecutan-a-opositor-a-la-minera-media-luna-en-cocula-guerrero\/","url_meta":{"origin":9434,"position":2},"title":"Ejecutan a opositor a la minera Media Luna en Cocula, Guerrero","author":"Admin","date":"16 mayo, 2020","format":false,"excerpt":"Ezequiel Flores Contreras \/ Proceso CHILPANCINGO, Gro. (proceso.com.mx).\u2013 Un grupo armado ejecut\u00f3 al l\u00edder minero opositor a la empresa Media Luna, \u00d3scar Ontiveros Mart\u00ednez, en el poblado de Real de Lim\u00f3n, municipio de Cocula, en la zona norte de la entidad. Familiares de la v\u00edctima, de 29 a\u00f1os, responsabilizaron del\u2026","rel":"","context":"En &quot;CINTILLO&quot;","block_context":{"text":"CINTILLO","link":"http:\/\/www.grieta.org.mx\/index.php\/category\/cintillo\/"},"img":{"alt_text":"","src":"https:\/\/i0.wp.com\/www.grieta.org.mx\/wp-content\/uploads\/2020\/05\/Oscar-Ontiveros.jpg?resize=350%2C200","width":350,"height":200,"srcset":"https:\/\/i0.wp.com\/www.grieta.org.mx\/wp-content\/uploads\/2020\/05\/Oscar-Ontiveros.jpg?resize=350%2C200 1x, https:\/\/i0.wp.com\/www.grieta.org.mx\/wp-content\/uploads\/2020\/05\/Oscar-Ontiveros.jpg?resize=525%2C300 1.5x, https:\/\/i0.wp.com\/www.grieta.org.mx\/wp-content\/uploads\/2020\/05\/Oscar-Ontiveros.jpg?resize=700%2C400 2x"},"classes":[]},{"id":21902,"url":"http:\/\/www.grieta.org.mx\/index.php\/2018\/01\/27\/ejercito-y-agentes-toman-el-control-de-minera-media-luna-en-guerrero\/","url_meta":{"origin":9434,"position":3},"title":"Ej\u00e9rcito y agentes toman el control de minera Media Luna en Guerrero","author":"grieta","date":"27 enero, 2018","format":false,"excerpt":"POR EZEQUIEL FLORES CONTRERAS CHILPANCINGO, Gro. (proceso.com.mx).- Agentes estatales y federales, as\u00ed como soldados asumieron el control de las instalaciones de la minera canadiense Media Luna, de Torex Gold, en Cocula, y pr\u00e1cticamente reventaron el paro laboral que manten\u00edan trabajadores desde hace m\u00e1s de dos meses para desconocer a la\u2026","rel":"","context":"En &quot;CINTILLO&quot;","block_context":{"text":"CINTILLO","link":"http:\/\/www.grieta.org.mx\/index.php\/category\/cintillo\/"},"img":{"alt_text":"","src":"https:\/\/i0.wp.com\/www.grieta.org.mx\/wp-content\/uploads\/2018\/03\/thumb.jpeg?resize=350%2C200","width":350,"height":200},"classes":[]},{"id":19142,"url":"http:\/\/www.grieta.org.mx\/index.php\/2016\/08\/06\/familias-de-cocula-guerrero-piden-indemnizacion-a-minera-canadiense\/","url_meta":{"origin":9434,"position":4},"title":"Familias de Cocula, Guerrero, piden indemnizaci\u00f3n a minera canadiense","author":"grieta","date":"6 agosto, 2016","format":false,"excerpt":"Sergio Ocampo Arista Chilpancingo,Gro. Habitantes de Nuevo Balsas, municipio de Cocula, en la zona norte de Guerrero, demandaron que la minera canadiense Media Luna, pague anualmente 500 mil pesos por concepto de indemnizaci\u00f3n a las familias de esa comunidad, por los da\u00f1os causados por la empresa al ecosistema de la\u2026","rel":"","context":"En &quot;CINTILLO&quot;","block_context":{"text":"CINTILLO","link":"http:\/\/www.grieta.org.mx\/index.php\/category\/cintillo\/"},"img":{"alt_text":"","src":"https:\/\/i0.wp.com\/www.grieta.org.mx\/wp-content\/uploads\/2018\/03\/14524434_1106112876131411_958039263622046936_o.jpg?resize=350%2C200","width":350,"height":200,"srcset":"https:\/\/i0.wp.com\/www.grieta.org.mx\/wp-content\/uploads\/2018\/03\/14524434_1106112876131411_958039263622046936_o.jpg?resize=350%2C200 1x, https:\/\/i0.wp.com\/www.grieta.org.mx\/wp-content\/uploads\/2018\/03\/14524434_1106112876131411_958039263622046936_o.jpg?resize=525%2C300 1.5x, https:\/\/i0.wp.com\/www.grieta.org.mx\/wp-content\/uploads\/2018\/03\/14524434_1106112876131411_958039263622046936_o.jpg?resize=700%2C400 2x"},"classes":[]},{"id":30017,"url":"http:\/\/www.grieta.org.mx\/index.php\/2019\/02\/21\/30017\/","url_meta":{"origin":9434,"position":5},"title":"Rechazan pobladores ind\u00edgenas de Tepecoacuilco proyecto de minera (Guerrero)","author":"grieta","date":"21 febrero, 2019","format":false,"excerpt":"Eduardo Yener Santos \/ Quadrat\u00edn CHILPANCINGO, Gro., 21 de febrero de 2019.- Pobladores ind\u00edgenas de San Agust\u00edn Oapan, municipio de Tepecoacuilco de Trujano rechazaron el proyecto de la minera canadiense Gold Corp que pretende explotar 14 mil hect\u00e1reas que abarcan 30 comunidades de cuatro municipios de la regi\u00f3n Norte de\u2026","rel":"","context":"En &quot;CINTILLO&quot;","block_context":{"text":"CINTILLO","link":"http:\/\/www.grieta.org.mx\/index.php\/category\/cintillo\/"},"img":{"alt_text":"","src":"https:\/\/i0.wp.com\/www.grieta.org.mx\/wp-content\/uploads\/2019\/03\/proyectos-exploracion-mexico-detenido-falta-1160x700.jpg?resize=350%2C200","width":350,"height":200,"srcset":"https:\/\/i0.wp.com\/www.grieta.org.mx\/wp-content\/uploads\/2019\/03\/proyectos-exploracion-mexico-detenido-falta-1160x700.jpg?resize=350%2C200 1x, https:\/\/i0.wp.com\/www.grieta.org.mx\/wp-content\/uploads\/2019\/03\/proyectos-exploracion-mexico-detenido-falta-1160x700.jpg?resize=525%2C300 1.5x, https:\/\/i0.wp.com\/www.grieta.org.mx\/wp-content\/uploads\/2019\/03\/proyectos-exploracion-mexico-detenido-falta-1160x700.jpg?resize=700%2C400 2x, https:\/\/i0.wp.com\/www.grieta.org.mx\/wp-content\/uploads\/2019\/03\/proyectos-exploracion-mexico-detenido-falta-1160x700.jpg?resize=1050%2C600 3x"},"classes":[]}],"_links":{"self":[{"href":"http:\/\/www.grieta.org.mx\/index.php\/wp-json\/wp\/v2\/posts\/9434","targetHints":{"allow":["GET"]}}],"collection":[{"href":"http:\/\/www.grieta.org.mx\/index.php\/wp-json\/wp\/v2\/posts"}],"about":[{"href":"http:\/\/www.grieta.org.mx\/index.php\/wp-json\/wp\/v2\/types\/post"}],"author":[{"embeddable":true,"href":"http:\/\/www.grieta.org.mx\/index.php\/wp-json\/wp\/v2\/users\/2"}],"replies":[{"embeddable":true,"href":"http:\/\/www.grieta.org.mx\/index.php\/wp-json\/wp\/v2\/comments?post=9434"}],"version-history":[{"count":1,"href":"http:\/\/www.grieta.org.mx\/index.php\/wp-json\/wp\/v2\/posts\/9434\/revisions"}],"predecessor-version":[{"id":9435,"href":"http:\/\/www.grieta.org.mx\/index.php\/wp-json\/wp\/v2\/posts\/9434\/revisions\/9435"}],"wp:featuredmedia":[{"embeddable":true,"href":"http:\/\/www.grieta.org.mx\/index.php\/wp-json\/wp\/v2\/media\/21928"}],"wp:attachment":[{"href":"http:\/\/www.grieta.org.mx\/index.php\/wp-json\/wp\/v2\/media?parent=9434"}],"wp:term":[{"taxonomy":"category","embeddable":true,"href":"http:\/\/www.grieta.org.mx\/index.php\/wp-json\/wp\/v2\/categories?post=9434"},{"taxonomy":"post_tag","embeddable":true,"href":"http:\/\/www.grieta.org.mx\/index.php\/wp-json\/wp\/v2\/tags?post=9434"}],"curies":[{"name":"wp","href":"https:\/\/api.w.org\/{rel}","templated":true}]}}