{"id":9416,"date":"2015-09-05T18:34:15","date_gmt":"2015-09-05T18:34:15","guid":{"rendered":"http:\/\/www.grieta.org.mx\/?p=9416"},"modified":"2016-04-01T18:37:38","modified_gmt":"2016-04-01T18:37:38","slug":"cierran-200-pescadores-la-minera-de-nuevo-balsas-en-cocula-guerrero-le-demandan-8-mil-pesos-semanales","status":"publish","type":"post","link":"http:\/\/www.grieta.org.mx\/index.php\/2015\/09\/05\/cierran-200-pescadores-la-minera-de-nuevo-balsas-en-cocula-guerrero-le-demandan-8-mil-pesos-semanales\/","title":{"rendered":"Cierran 200 pescadores la minera de Nuevo Balsas en Cocula, Guerrero; le demandan 8 mil pesos semanales"},"content":{"rendered":"<section class=\"entry-content clearfix\">El Sur<br \/>\nAlejandro Guerrero<br \/>\nIguala<br \/>\nPescadores de Atzcala, La Fundici\u00f3n y Nuevo Balsas, municipio de Cocula, cerraron la ma\u00f1ana de ayer \u201cpor tiempo indefinido\u201d la minera Media Luna y la obligaron a parar labores en exigencia de ocho mil pesos semanales para cada uno de los 200 pescadores en protesta, porque la explotaci\u00f3n de la mina por la empresa canadiense redujo en m\u00e1s del 50 por ciento la producci\u00f3n pesquera en la zona.<br \/>\nEl coordinador de la polic\u00eda comunitaria de Nuevo Balsas, Cocula, e integrante de la cooperativa de pescadores de la comunidad, Marcos Valent\u00edn inform\u00f3 v\u00eda telef\u00f3nica que hay \u201cmucha inconformidad\u201d de los pescadores de la comunidad por las afectaciones que sufren por los trabajos de la empresa Minera Media Luna que utiliza explosivos, maquinaria pesada, veh\u00edculos y arroja toneladas de polvo que afectan la pesca de la zona.<br \/>\nDijo que la principal demanda de los pescadores que tomaron la mina desde las 5 de la ma\u00f1ana de ayer, es que la empresa canadiense les pague 8 mil pesos a la semana a cada uno, para resarcir las p\u00e9rdidas, porque es la cantidad que obten\u00edan antes de que llegara la minera.<br \/>\nA pregunta realizada dijo que desde que la minera utiliza explosivos de dinamita y cae escombro al r\u00edo, su pesca se redujo de un 50 a un 75 por ciento, ya que de 30 a 40 kilogramos diarios que pescaban al d\u00eda, ahora s\u00f3lo llegan a pescar entre tres y cinco kilogramos de mojarra, \u201cy hay d\u00edas que nada\u201d.<br \/>\nDijo que los pescadores venden la mojarra-tilapia a empresas de M\u00e9xico, Toluca y Morelos que los van a traer a la comunidad, los que pagan 15, 18 o 20 pesos por kilogramo a los pescadores.<br \/>\nMencion\u00f3 que son unos 200 pescadores que tomaron la mina y pararon sus trabajos por tiempo indefinido, hasta que la minera atienda su demanda.<br \/>\nAgreg\u00f3 que algunos pescadores no dialogan con los representantes de la minera para llegar a un acuerdo, y consider\u00f3 que es excesiva la petici\u00f3n de 8 mil pesos para cada uno de los cerca de 200 pescadores inconformes.<br \/>\nHasta la tarde de ayer el bloqueo en Media Luna continuaba, bajo la advertencia de los pescadores de que seguir\u00e1 hasta que haya una respuesta a su petici\u00f3n.<\/p>\n<p><a class=\"autohyperlink\" title=\"http:\/\/suracapulco.mx\/archivos\/302517\" href=\"http:\/\/suracapulco.mx\/archivos\/302517\" target=\"_blank\">suracapulco.mx\/archivos\/302517<\/a><\/p>\n<\/section>\n","protected":false},"excerpt":{"rendered":"<p>El Sur Alejandro Guerrero Iguala Pescadores de Atzcala, La Fundici\u00f3n y Nuevo Balsas, municipio de Cocula, cerraron la ma\u00f1ana de ayer \u201cpor tiempo indefinido\u201d la minera Media Luna y la &hellip; <a href=\"http:\/\/www.grieta.org.mx\/index.php\/2015\/09\/05\/cierran-200-pescadores-la-minera-de-nuevo-balsas-en-cocula-guerrero-le-demandan-8-mil-pesos-semanales\/\" class=\"more-link\">Leer m\u00e1s<\/a><\/p>\n","protected":false},"author":2,"featured_media":21928,"comment_status":"closed","ping_status":"closed","sticky":false,"template":"","format":"standard","meta":{"ngg_post_thumbnail":0,"_jetpack_newsletter_access":"","_jetpack_dont_email_post_to_subs":false,"_jetpack_newsletter_tier_id":0,"_jetpack_memberships_contains_paywalled_content":false,"_jetpack_memberships_contains_paid_content":false,"footnotes":""},"categories":[80,320],"tags":[576,577,109],"class_list":["post-9416","post","type-post","status-publish","format-standard","has-post-thumbnail","hentry","category-cintillo","category-guerrero","tag-cocula","tag-media-luna","tag-mineria","entry"],"jetpack_featured_media_url":"http:\/\/www.grieta.org.mx\/wp-content\/uploads\/2018\/03\/14524434_1106112876131411_958039263622046936_o.jpg","jetpack_sharing_enabled":true,"jetpack_shortlink":"https:\/\/wp.me\/p7ZJR4-2rS","jetpack_likes_enabled":false,"jetpack-related-posts":[{"id":9410,"url":"http:\/\/www.grieta.org.mx\/index.php\/2016\/08\/06\/conflctos-mineros-en-guerrero\/","url_meta":{"origin":9416,"position":0},"title":"Conflictos mineros en Guerrero","author":"grieta","date":"6 agosto, 2016","format":false,"excerpt":"Protestas contra la minera Media Luna en Cocula, Guerrero 06\/08\/16. Familias de Cocula, Guerrero, piden indemnizaci\u00f3n a minera canadiense La Jornada 01\/04\/16. Bloquean habitantes de Nuevo Balsas accesos a mina de Cocula La Jornada 29\/03\/16. La contaminaci\u00f3n de minera en r\u00edo de Cocula causa hasta abortos: pobladores Sin Embargo \/\u2026","rel":"","context":"En &quot;CINTILLO&quot;","block_context":{"text":"CINTILLO","link":"http:\/\/www.grieta.org.mx\/index.php\/category\/cintillo\/"},"img":{"alt_text":"","src":"https:\/\/i0.wp.com\/www.grieta.org.mx\/wp-content\/uploads\/2018\/03\/14524434_1106112876131411_958039263622046936_o.jpg?resize=350%2C200","width":350,"height":200,"srcset":"https:\/\/i0.wp.com\/www.grieta.org.mx\/wp-content\/uploads\/2018\/03\/14524434_1106112876131411_958039263622046936_o.jpg?resize=350%2C200 1x, https:\/\/i0.wp.com\/www.grieta.org.mx\/wp-content\/uploads\/2018\/03\/14524434_1106112876131411_958039263622046936_o.jpg?resize=525%2C300 1.5x, https:\/\/i0.wp.com\/www.grieta.org.mx\/wp-content\/uploads\/2018\/03\/14524434_1106112876131411_958039263622046936_o.jpg?resize=700%2C400 2x"},"classes":[]},{"id":9409,"url":"http:\/\/www.grieta.org.mx\/index.php\/2015\/09\/12\/quitan-pescadores-el-bloqueo-a-la-minera-media-luna-en-cocula-acuerdan-un-estudio-ambiental\/","url_meta":{"origin":9416,"position":1},"title":"Quitan pescadores el bloqueo a la minera Media Luna en Cocula; acuerdan un estudio ambiental","author":"grieta","date":"12 septiembre, 2015","format":false,"excerpt":"Alejandro Guerrero El Sur El mi\u00e9rcoles pescadores de Nuevo Balsas, Cocula, quitaron el bloqueo que ten\u00edan a la minera Media Luna desde el viernes, despu\u00e9s de firmar una minuta donde se acord\u00f3 que se har\u00e1 un estudio ambiental de la contaminaci\u00f3n del r\u00edo y la laguna del balsas. En declaraciones\u2026","rel":"","context":"En &quot;CINTILLO&quot;","block_context":{"text":"CINTILLO","link":"http:\/\/www.grieta.org.mx\/index.php\/category\/cintillo\/"},"img":{"alt_text":"","src":"https:\/\/i0.wp.com\/www.grieta.org.mx\/wp-content\/uploads\/2018\/03\/14524434_1106112876131411_958039263622046936_o.jpg?resize=350%2C200","width":350,"height":200,"srcset":"https:\/\/i0.wp.com\/www.grieta.org.mx\/wp-content\/uploads\/2018\/03\/14524434_1106112876131411_958039263622046936_o.jpg?resize=350%2C200 1x, https:\/\/i0.wp.com\/www.grieta.org.mx\/wp-content\/uploads\/2018\/03\/14524434_1106112876131411_958039263622046936_o.jpg?resize=525%2C300 1.5x, https:\/\/i0.wp.com\/www.grieta.org.mx\/wp-content\/uploads\/2018\/03\/14524434_1106112876131411_958039263622046936_o.jpg?resize=700%2C400 2x"},"classes":[]},{"id":9413,"url":"http:\/\/www.grieta.org.mx\/index.php\/2015\/09\/06\/pescadores-cierran-minera-canadiense-en-guerrero-y-retienen-a-trabajadores\/","url_meta":{"origin":9416,"position":2},"title":"Pescadores cierran minera canadiense en Guerrero y retienen a trabajadores","author":"grieta","date":"6 septiembre, 2015","format":false,"excerpt":"Proceso Ezequiel Flores Contreras CHILPANCINGO, Gro. Los gerentes y trabajadores de la minera Media Luna permanecen retenidos desde ayer por habitantes de la comunidad de Nuevo Balsas, municipio de Cocula, que protestan por la contaminaci\u00f3n generada por la empresa canadiense en el r\u00edo Balsas. Al menos 250 pobladores que se\u2026","rel":"","context":"En &quot;CINTILLO&quot;","block_context":{"text":"CINTILLO","link":"http:\/\/www.grieta.org.mx\/index.php\/category\/cintillo\/"},"img":{"alt_text":"","src":"https:\/\/i0.wp.com\/www.grieta.org.mx\/wp-content\/uploads\/2018\/03\/14524434_1106112876131411_958039263622046936_o.jpg?resize=350%2C200","width":350,"height":200,"srcset":"https:\/\/i0.wp.com\/www.grieta.org.mx\/wp-content\/uploads\/2018\/03\/14524434_1106112876131411_958039263622046936_o.jpg?resize=350%2C200 1x, https:\/\/i0.wp.com\/www.grieta.org.mx\/wp-content\/uploads\/2018\/03\/14524434_1106112876131411_958039263622046936_o.jpg?resize=525%2C300 1.5x, https:\/\/i0.wp.com\/www.grieta.org.mx\/wp-content\/uploads\/2018\/03\/14524434_1106112876131411_958039263622046936_o.jpg?resize=700%2C400 2x"},"classes":[]},{"id":19142,"url":"http:\/\/www.grieta.org.mx\/index.php\/2016\/08\/06\/familias-de-cocula-guerrero-piden-indemnizacion-a-minera-canadiense\/","url_meta":{"origin":9416,"position":3},"title":"Familias de Cocula, Guerrero, piden indemnizaci\u00f3n a minera canadiense","author":"grieta","date":"6 agosto, 2016","format":false,"excerpt":"Sergio Ocampo Arista Chilpancingo,Gro. Habitantes de Nuevo Balsas, municipio de Cocula, en la zona norte de Guerrero, demandaron que la minera canadiense Media Luna, pague anualmente 500 mil pesos por concepto de indemnizaci\u00f3n a las familias de esa comunidad, por los da\u00f1os causados por la empresa al ecosistema de la\u2026","rel":"","context":"En &quot;CINTILLO&quot;","block_context":{"text":"CINTILLO","link":"http:\/\/www.grieta.org.mx\/index.php\/category\/cintillo\/"},"img":{"alt_text":"","src":"https:\/\/i0.wp.com\/www.grieta.org.mx\/wp-content\/uploads\/2018\/03\/14524434_1106112876131411_958039263622046936_o.jpg?resize=350%2C200","width":350,"height":200,"srcset":"https:\/\/i0.wp.com\/www.grieta.org.mx\/wp-content\/uploads\/2018\/03\/14524434_1106112876131411_958039263622046936_o.jpg?resize=350%2C200 1x, https:\/\/i0.wp.com\/www.grieta.org.mx\/wp-content\/uploads\/2018\/03\/14524434_1106112876131411_958039263622046936_o.jpg?resize=525%2C300 1.5x, https:\/\/i0.wp.com\/www.grieta.org.mx\/wp-content\/uploads\/2018\/03\/14524434_1106112876131411_958039263622046936_o.jpg?resize=700%2C400 2x"},"classes":[]},{"id":21898,"url":"http:\/\/www.grieta.org.mx\/index.php\/2018\/01\/24\/asesinan-a-lider-minero-promotor-del-paro-en-la-mina-media-luna-en-cocula\/","url_meta":{"origin":9416,"position":4},"title":"Asesinan a l\u00edder minero promotor del paro en la mina Media Luna en Cocula","author":"grieta","date":"24 enero, 2018","format":false,"excerpt":"Por Fabiola Regeneraci\u00f3n, 24 de enero de 2018.- Quint\u00edn Salgado Salgado, uno de los dirigentes del paro laboral contra la empresa minera Media Luna, fue asesinado a balazos cuando sal\u00eda de su casa en Nuevo Balsas, del municipio de Cocula en Guerrero. Su muerte, tiene relaci\u00f3n con su apoyo al\u2026","rel":"","context":"En &quot;CINTILLO&quot;","block_context":{"text":"CINTILLO","link":"http:\/\/www.grieta.org.mx\/index.php\/category\/cintillo\/"},"img":{"alt_text":"","src":"https:\/\/i0.wp.com\/www.grieta.org.mx\/wp-content\/uploads\/2018\/03\/mina-media-luna-cocula.jpg?resize=350%2C200","width":350,"height":200,"srcset":"https:\/\/i0.wp.com\/www.grieta.org.mx\/wp-content\/uploads\/2018\/03\/mina-media-luna-cocula.jpg?resize=350%2C200 1x, https:\/\/i0.wp.com\/www.grieta.org.mx\/wp-content\/uploads\/2018\/03\/mina-media-luna-cocula.jpg?resize=525%2C300 1.5x, https:\/\/i0.wp.com\/www.grieta.org.mx\/wp-content\/uploads\/2018\/03\/mina-media-luna-cocula.jpg?resize=700%2C400 2x"},"classes":[]},{"id":9420,"url":"http:\/\/www.grieta.org.mx\/index.php\/2016\/04\/01\/bloquean-habitantes-de-nuevo-balsas-accesos-a-mina-de-cocula\/","url_meta":{"origin":9416,"position":5},"title":"Bloquean habitantes de Nuevo Balsas accesos a mina de Cocula","author":"grieta","date":"1 abril, 2016","format":false,"excerpt":"Margena De La O La Jornada Chilpancingo, 31 de marzo. Habitantes de la comunidad de Nuevo Balsas, municipio de Cocula, bloquearon tres accesos de la mina en Cocula que explota la minera canadiense Media Luna, en reclamo de un pago anual de 500 mil pesos por familia, por el da\u00f1o\u2026","rel":"","context":"En &quot;CINTILLO&quot;","block_context":{"text":"CINTILLO","link":"http:\/\/www.grieta.org.mx\/index.php\/category\/cintillo\/"},"img":{"alt_text":"","src":"https:\/\/i0.wp.com\/www.grieta.org.mx\/wp-content\/uploads\/2018\/03\/14524434_1106112876131411_958039263622046936_o.jpg?resize=350%2C200","width":350,"height":200,"srcset":"https:\/\/i0.wp.com\/www.grieta.org.mx\/wp-content\/uploads\/2018\/03\/14524434_1106112876131411_958039263622046936_o.jpg?resize=350%2C200 1x, https:\/\/i0.wp.com\/www.grieta.org.mx\/wp-content\/uploads\/2018\/03\/14524434_1106112876131411_958039263622046936_o.jpg?resize=525%2C300 1.5x, https:\/\/i0.wp.com\/www.grieta.org.mx\/wp-content\/uploads\/2018\/03\/14524434_1106112876131411_958039263622046936_o.jpg?resize=700%2C400 2x"},"classes":[]}],"_links":{"self":[{"href":"http:\/\/www.grieta.org.mx\/index.php\/wp-json\/wp\/v2\/posts\/9416","targetHints":{"allow":["GET"]}}],"collection":[{"href":"http:\/\/www.grieta.org.mx\/index.php\/wp-json\/wp\/v2\/posts"}],"about":[{"href":"http:\/\/www.grieta.org.mx\/index.php\/wp-json\/wp\/v2\/types\/post"}],"author":[{"embeddable":true,"href":"http:\/\/www.grieta.org.mx\/index.php\/wp-json\/wp\/v2\/users\/2"}],"replies":[{"embeddable":true,"href":"http:\/\/www.grieta.org.mx\/index.php\/wp-json\/wp\/v2\/comments?post=9416"}],"version-history":[{"count":1,"href":"http:\/\/www.grieta.org.mx\/index.php\/wp-json\/wp\/v2\/posts\/9416\/revisions"}],"predecessor-version":[{"id":9419,"href":"http:\/\/www.grieta.org.mx\/index.php\/wp-json\/wp\/v2\/posts\/9416\/revisions\/9419"}],"wp:featuredmedia":[{"embeddable":true,"href":"http:\/\/www.grieta.org.mx\/index.php\/wp-json\/wp\/v2\/media\/21928"}],"wp:attachment":[{"href":"http:\/\/www.grieta.org.mx\/index.php\/wp-json\/wp\/v2\/media?parent=9416"}],"wp:term":[{"taxonomy":"category","embeddable":true,"href":"http:\/\/www.grieta.org.mx\/index.php\/wp-json\/wp\/v2\/categories?post=9416"},{"taxonomy":"post_tag","embeddable":true,"href":"http:\/\/www.grieta.org.mx\/index.php\/wp-json\/wp\/v2\/tags?post=9416"}],"curies":[{"name":"wp","href":"https:\/\/api.w.org\/{rel}","templated":true}]}}