{"id":9401,"date":"2016-03-06T14:16:42","date_gmt":"2016-03-06T14:16:42","guid":{"rendered":"http:\/\/www.grieta.org.mx\/?p=9401"},"modified":"2016-04-01T14:18:34","modified_gmt":"2016-04-01T14:18:34","slug":"senala-cidh-a-sinaloa-por-derechos-humanos","status":"publish","type":"post","link":"http:\/\/www.grieta.org.mx\/index.php\/2016\/03\/06\/senala-cidh-a-sinaloa-por-derechos-humanos\/","title":{"rendered":"Se\u00f1ala CIDH a Sinaloa por derechos humanos"},"content":{"rendered":"<p>Marcos Vizcarra, Sinaloa.<\/p>\n<p>La Comisi\u00f3n Interamericana de Derechos Humanos record\u00f3 al Gobierno de Sinaloa la serie de pendientes que tienen por violaciones graves a derechos humanos: asesinatos e impunidad, feminicidios, desapariciones forzadas, desplazamiento forzado y ataques a periodistas.<br \/>\nEn el Informe \u201cSituaci\u00f3n de derechos humanos en M\u00e9xico\u201d, entregado la semana pasada, la CIDH plante\u00f3 que la violencia en M\u00e9xico ha tenido un auge desde 2009, con el Gobierno de Felipe Calder\u00f3n Hinojosa, con la llamada \u201cGuerra contra el narcotr\u00e1fico\u201d, que dej\u00f3 a su paso miles de muertes y desapariciones.<br \/>\nEn el caso de Sinaloa, la comisi\u00f3n interamericana se\u00f1al\u00f3 que esta guerra ha sido un factor detonante para que esta entidad se encuentre entre los tres estados del Pa\u00eds, junto con Guerrero y Chihuahua, con mayor n\u00famero de homicidios dolosos por cada 100 mil habitantes.<br \/>\n\u201cCausa preocupaci\u00f3n entonces las cifras proporcionadas por el Secretariado Ejecutivo del Sistema Nacional de Seguridad P\u00fablica, respecto de los estados con mayor tasa de homicidios, como Guerrero (41.59), Sinaloa (33.33) y Chihuahua (29.36), muy por encima del promedio nacional, de los cuales, la gran mayor\u00eda se encuentra en la impunidad\u201d, indica el informe.<br \/>\nLa causa que atribuye la CIDH es que en Sinaloa se encuentra uno de los c\u00e1rteles de la droga m\u00e1s importantes del Pa\u00eds.<br \/>\nEn el apartado de asesinatos, la CIDH hace una referencia espec\u00edfica sobre feminicidios, colocando a Sinaloa como una entidad con focos rojos por el n\u00famero de casos.<br \/>\n\u201cDe acuerdo con el Observatorio Ciudadano Nacional del Feminicidio (OCNF), 1 mil 235 mujeres fueron v\u00edctimas de asesinato por ser mujer de enero de 2010 a junio de 2011, registr\u00e1ndose el mayor n\u00famero en el Estado de M\u00e9xico (320), Tamaulipas (169) y Sinaloa (168)\u201d, estableci\u00f3.<br \/>\nLa CIDH se\u00f1al\u00f3 que adem\u00e1s de asesinatos, Sinaloa es uno de los estados con mayor n\u00famero de desplazamientos forzados de personas, sin que se tengan condiciones apropiadas para la atenci\u00f3n de las personas, por lo que se han emitido medidas cautelares para ello.<br \/>\nDe acuerdo con la Secretar\u00eda de Desarrollo Social y Humano, el n\u00famero de personas desplazadas en Sinaloa es de casi 3 mil personas.<br \/>\nEl organismo internacional hace referencia tambi\u00e9n a las desapariciones forzadas de personas, pues Sinaloa suma mil 857 casos, de los cuales, mil 471 corresponden a la administraci\u00f3n actual, coloc\u00e1ndose como una de las entidades con mayor n\u00famero en M\u00e9xico.<br \/>\nLa CIDH record\u00f3 los casos de agresiones a medios de comunicaci\u00f3n, en espec\u00edfico las cometidas contra el personal de Noroeste, las cuales a\u00fan est\u00e1n impunes, lo que propicia que se vuelvan a repetir.<br \/>\n\u201cTanto la Comisi\u00f3n como la Corte se han referido al efecto amedrentador que los cr\u00edmenes contra periodistas tienen para otros y otras profesionales de los medios de comunicaci\u00f3n, as\u00ed como para los y las ciudadanas que pretenden denunciar abusos de poder o actos il\u00edcitos de cualquier naturaleza\u201d, se\u00f1al\u00f3.<br \/>\n\u201cEste efecto amedrentador solamente podr\u00e1 evitarse mediante la acci\u00f3n decisiva del Estado para castigar a quienes resulten responsables, tal como corresponde a su obligaci\u00f3n bajo el derecho internacional y el derecho interno\u201d, agreg\u00f3.<\/p>\n<p>Violaciones graves<br \/>\nLa CIDH se\u00f1ala los pendientes del Gobierno de Sinaloa en asesinatos, impunidad, feminicidios, desapariciones forzadas, desplazamiento forzado y ataques a periodistas.<\/p>\n<p>\u201cCausa preocupaci\u00f3n entonces las cifras proporcionadas por el Secretariado Ejecutivo del Sistema Nacional de Seguridad P\u00fablica, respecto de los estados con mayor tasa de homicidios&#8230;&#8221;<br \/>\nComisi\u00f3n Interamericana de Derechos Humanos<\/p>\n<p><a href=\"http:\/\/beta.noroeste.com.mx\/publicaciones\/view\/seala-cidh-a-sinaloa-por-derechos-humanos-1013763\" target=\"_blank\">http:\/\/beta.noroeste.com.mx\/publicaciones\/view\/seala-cidh-a-sinaloa-por-derechos-humanos-1013763<\/a><\/p>\n","protected":false},"excerpt":{"rendered":"<p>Marcos Vizcarra, Sinaloa. La Comisi\u00f3n Interamericana de Derechos Humanos record\u00f3 al Gobierno de Sinaloa la serie de pendientes que tienen por violaciones graves a derechos humanos: asesinatos e impunidad, feminicidios, &hellip; <a href=\"http:\/\/www.grieta.org.mx\/index.php\/2016\/03\/06\/senala-cidh-a-sinaloa-por-derechos-humanos\/\" class=\"more-link\">Leer m\u00e1s<\/a><\/p>\n","protected":false},"author":2,"featured_media":21928,"comment_status":"closed","ping_status":"closed","sticky":false,"template":"","format":"standard","meta":{"ngg_post_thumbnail":0,"_jetpack_newsletter_access":"","_jetpack_dont_email_post_to_subs":false,"_jetpack_newsletter_tier_id":0,"_jetpack_memberships_contains_paywalled_content":false,"_jetpack_memberships_contains_paid_content":false,"footnotes":""},"categories":[368],"tags":[],"class_list":["post-9401","post","type-post","status-publish","format-standard","has-post-thumbnail","hentry","category-desaparecidos-analisis","entry"],"jetpack_featured_media_url":"http:\/\/www.grieta.org.mx\/wp-content\/uploads\/2018\/03\/14524434_1106112876131411_958039263622046936_o.jpg","jetpack_sharing_enabled":true,"jetpack_shortlink":"https:\/\/wp.me\/p7ZJR4-2rD","jetpack_likes_enabled":false,"jetpack-related-posts":[{"id":1955,"url":"http:\/\/www.grieta.org.mx\/index.php\/2015\/12\/18\/cidh-intervendria-en-caso-zacualpan\/","url_meta":{"origin":9401,"position":0},"title":"CIDH intervendr\u00eda en Caso Zacualpan","author":"grieta","date":"18 diciembre, 2015","format":false,"excerpt":"Arnoldo Delgadillo Colima.- La Comisi\u00f3n Interamericana de Derechos Humanos (CIDH) intervendr\u00eda en el Caso Zacualpan, despu\u00e9s de que organizaciones que han apoyado a la comunidad ind\u00edgena, a trav\u00e9s de la Red Mexicana de Afectados por la Miner\u00eda (REMA), pidieron protecci\u00f3n ante los abusos de los que dicen ser objeto. Fuentes\u2026","rel":"","context":"En &quot;CINTILLO&quot;","block_context":{"text":"CINTILLO","link":"http:\/\/www.grieta.org.mx\/index.php\/category\/cintillo\/"},"img":{"alt_text":"","src":"https:\/\/i0.wp.com\/www.grieta.org.mx\/wp-content\/uploads\/2018\/03\/14524434_1106112876131411_958039263622046936_o.jpg?resize=350%2C200","width":350,"height":200,"srcset":"https:\/\/i0.wp.com\/www.grieta.org.mx\/wp-content\/uploads\/2018\/03\/14524434_1106112876131411_958039263622046936_o.jpg?resize=350%2C200 1x, https:\/\/i0.wp.com\/www.grieta.org.mx\/wp-content\/uploads\/2018\/03\/14524434_1106112876131411_958039263622046936_o.jpg?resize=525%2C300 1.5x, https:\/\/i0.wp.com\/www.grieta.org.mx\/wp-content\/uploads\/2018\/03\/14524434_1106112876131411_958039263622046936_o.jpg?resize=700%2C400 2x"},"classes":[]},{"id":2139,"url":"http:\/\/www.grieta.org.mx\/index.php\/2015\/10\/10\/se-reune-comision-de-defensa-de-derechos-humanos-de-sinaloa-con-habitantes-de-tamazula\/","url_meta":{"origin":9401,"position":1},"title":"Se re\u00fane Comisi\u00f3n de Defensa de Derechos Humanos de Sinaloa con habitantes de Tamazula","author":"grieta","date":"10 octubre, 2015","format":false,"excerpt":"MAZATL\u00c1N._ El presidente de la Comisi\u00f3n de la Defensa de los Derechos Humanos en Sinaloa, Leones Aguirre Meza y \u00d3scar Loza Ochoa, secretario del organismo, se reunieron esta ma\u00f1ana con habitantes de Tamazula en Cosal\u00e1, quienes acusan atropellos y violaciones a lo derechos humanos de parte de Infantes de Marina.\u2026","rel":"","context":"En &quot;CINTILLO&quot;","block_context":{"text":"CINTILLO","link":"http:\/\/www.grieta.org.mx\/index.php\/category\/cintillo\/"},"img":{"alt_text":"","src":"https:\/\/i0.wp.com\/www.grieta.org.mx\/wp-content\/uploads\/2018\/03\/14524434_1106112876131411_958039263622046936_o.jpg?resize=350%2C200","width":350,"height":200,"srcset":"https:\/\/i0.wp.com\/www.grieta.org.mx\/wp-content\/uploads\/2018\/03\/14524434_1106112876131411_958039263622046936_o.jpg?resize=350%2C200 1x, https:\/\/i0.wp.com\/www.grieta.org.mx\/wp-content\/uploads\/2018\/03\/14524434_1106112876131411_958039263622046936_o.jpg?resize=525%2C300 1.5x, https:\/\/i0.wp.com\/www.grieta.org.mx\/wp-content\/uploads\/2018\/03\/14524434_1106112876131411_958039263622046936_o.jpg?resize=700%2C400 2x"},"classes":[]},{"id":17519,"url":"http:\/\/www.grieta.org.mx\/index.php\/2016\/07\/21\/denuncian-la-desaparicion-forzada-de-al-menos-50-personas-en-sinaloa\/","url_meta":{"origin":9401,"position":2},"title":"Denuncian la desaparici\u00f3n forzada de al menos 50 personas en Sinaloa","author":"grieta","date":"21 julio, 2016","format":false,"excerpt":"Gloria Leticia D\u00edaz CIUDAD DE M\u00c9XICO (apro).- Familiares de v\u00edctimas de desaparici\u00f3n forzada en Ahome, Sinaloa, denunciaron que en el \u00faltimo a\u00f1o se han documentado al menos 50 casos, entre ellos los de tres j\u00f3venes de ascendencia gitana que fueron detenidos por polic\u00edas municipales en Los Mochis, la cabecera municipal.\u2026","rel":"","context":"En &quot;CINTILLO&quot;","block_context":{"text":"CINTILLO","link":"http:\/\/www.grieta.org.mx\/index.php\/category\/cintillo\/"},"img":{"alt_text":"","src":"https:\/\/i0.wp.com\/www.grieta.org.mx\/wp-content\/uploads\/2018\/03\/14524434_1106112876131411_958039263622046936_o.jpg?resize=350%2C200","width":350,"height":200,"srcset":"https:\/\/i0.wp.com\/www.grieta.org.mx\/wp-content\/uploads\/2018\/03\/14524434_1106112876131411_958039263622046936_o.jpg?resize=350%2C200 1x, https:\/\/i0.wp.com\/www.grieta.org.mx\/wp-content\/uploads\/2018\/03\/14524434_1106112876131411_958039263622046936_o.jpg?resize=525%2C300 1.5x, https:\/\/i0.wp.com\/www.grieta.org.mx\/wp-content\/uploads\/2018\/03\/14524434_1106112876131411_958039263622046936_o.jpg?resize=700%2C400 2x"},"classes":[]},{"id":22531,"url":"http:\/\/www.grieta.org.mx\/index.php\/2018\/03\/07\/marco-antonio-flores-podria-tener-danos-irreparables-cidh\/","url_meta":{"origin":9401,"position":3},"title":"Marco Antonio Flores podr\u00eda tener \u201cda\u00f1os irreparables\u201d: CIDH","author":"grieta","date":"7 marzo, 2018","format":false,"excerpt":"Texto: Jos\u00e9 Ignacio De Alba. La Comisi\u00f3n Interamericana de Derechos Humanos pidi\u00f3 al Estado mexicano medidas cautelares por el caso de Marco Antonio S\u00e1nchez Flores, el joven que fue desaparecido por la polic\u00eda de la Ciudad de M\u00e9xico y localizado cinco d\u00edas despu\u00e9s, en un estado de salud mental delicado.\u2026","rel":"","context":"En &quot;CINTILLO&quot;","block_context":{"text":"CINTILLO","link":"http:\/\/www.grieta.org.mx\/index.php\/category\/cintillo\/"},"img":{"alt_text":"","src":"https:\/\/i0.wp.com\/www.grieta.org.mx\/wp-content\/uploads\/2018\/04\/marco-antonio.jpg?resize=350%2C200","width":350,"height":200,"srcset":"https:\/\/i0.wp.com\/www.grieta.org.mx\/wp-content\/uploads\/2018\/04\/marco-antonio.jpg?resize=350%2C200 1x, https:\/\/i0.wp.com\/www.grieta.org.mx\/wp-content\/uploads\/2018\/04\/marco-antonio.jpg?resize=525%2C300 1.5x, https:\/\/i0.wp.com\/www.grieta.org.mx\/wp-content\/uploads\/2018\/04\/marco-antonio.jpg?resize=700%2C400 2x, https:\/\/i0.wp.com\/www.grieta.org.mx\/wp-content\/uploads\/2018\/04\/marco-antonio.jpg?resize=1050%2C600 3x"},"classes":[]},{"id":12219,"url":"http:\/\/www.grieta.org.mx\/index.php\/2016\/04\/05\/familiares-de-desaparecidos-se-plantan-seguridad-publica\/","url_meta":{"origin":9401,"position":4},"title":"Familiares de desaparecidos se plantan Seguridad P\u00fablica","author":"grieta","date":"5 abril, 2016","format":false,"excerpt":"Miguel Arredondo, Sinaloa. Los Mochis, Sinaloa.- Familiares de personas desaparecidas se manifestaron en las instalaciones de la Direcci\u00f3n General de Seguridad P\u00fablica y Tr\u00e1nsito Municipal de Ahome. Con pancartas en mano con fotograf\u00edas y nombres de sus familiares pidieron al gobierno que d\u00e9 soluci\u00f3n al tema de las desapariciones en\u2026","rel":"","context":"En &quot;CINTILLO&quot;","block_context":{"text":"CINTILLO","link":"http:\/\/www.grieta.org.mx\/index.php\/category\/cintillo\/"},"img":{"alt_text":"","src":"https:\/\/i0.wp.com\/www.grieta.org.mx\/wp-content\/uploads\/2018\/03\/14524434_1106112876131411_958039263622046936_o.jpg?resize=350%2C200","width":350,"height":200,"srcset":"https:\/\/i0.wp.com\/www.grieta.org.mx\/wp-content\/uploads\/2018\/03\/14524434_1106112876131411_958039263622046936_o.jpg?resize=350%2C200 1x, https:\/\/i0.wp.com\/www.grieta.org.mx\/wp-content\/uploads\/2018\/03\/14524434_1106112876131411_958039263622046936_o.jpg?resize=525%2C300 1.5x, https:\/\/i0.wp.com\/www.grieta.org.mx\/wp-content\/uploads\/2018\/03\/14524434_1106112876131411_958039263622046936_o.jpg?resize=700%2C400 2x"},"classes":[]},{"id":37058,"url":"http:\/\/www.grieta.org.mx\/index.php\/2019\/07\/25\/cidh-arremete-contra-eeuu-y-mexico-por-sus-politicas-migratorias\/","url_meta":{"origin":9401,"position":5},"title":"CIDH arremete contra EEUU y M\u00e9xico por sus pol\u00edticas migratorias","author":"grieta","date":"25 julio, 2019","format":false,"excerpt":"HISPANTV La Comisi\u00f3n Interamericana de Derechos Humanos (CIDH) critica las pol\u00edticas migratorias de Estados Unidos y M\u00e9xico por violar los derechos humanos. A trav\u00e9s de un comunicado, publicado el martes, la CIDH destac\u00f3 que las pol\u00edticas migratorias adoptadas por Estados Unidos y M\u00e9xico \u201cson contrarias a obligaciones en materia de\u2026","rel":"","context":"En &quot;CINTILLO&quot;","block_context":{"text":"CINTILLO","link":"http:\/\/www.grieta.org.mx\/index.php\/category\/cintillo\/"},"img":{"alt_text":"","src":"https:\/\/i0.wp.com\/www.grieta.org.mx\/wp-content\/uploads\/2019\/07\/01411208_xl.jpg?resize=350%2C200","width":350,"height":200,"srcset":"https:\/\/i0.wp.com\/www.grieta.org.mx\/wp-content\/uploads\/2019\/07\/01411208_xl.jpg?resize=350%2C200 1x, https:\/\/i0.wp.com\/www.grieta.org.mx\/wp-content\/uploads\/2019\/07\/01411208_xl.jpg?resize=525%2C300 1.5x, https:\/\/i0.wp.com\/www.grieta.org.mx\/wp-content\/uploads\/2019\/07\/01411208_xl.jpg?resize=700%2C400 2x"},"classes":[]}],"_links":{"self":[{"href":"http:\/\/www.grieta.org.mx\/index.php\/wp-json\/wp\/v2\/posts\/9401","targetHints":{"allow":["GET"]}}],"collection":[{"href":"http:\/\/www.grieta.org.mx\/index.php\/wp-json\/wp\/v2\/posts"}],"about":[{"href":"http:\/\/www.grieta.org.mx\/index.php\/wp-json\/wp\/v2\/types\/post"}],"author":[{"embeddable":true,"href":"http:\/\/www.grieta.org.mx\/index.php\/wp-json\/wp\/v2\/users\/2"}],"replies":[{"embeddable":true,"href":"http:\/\/www.grieta.org.mx\/index.php\/wp-json\/wp\/v2\/comments?post=9401"}],"version-history":[{"count":1,"href":"http:\/\/www.grieta.org.mx\/index.php\/wp-json\/wp\/v2\/posts\/9401\/revisions"}],"predecessor-version":[{"id":9402,"href":"http:\/\/www.grieta.org.mx\/index.php\/wp-json\/wp\/v2\/posts\/9401\/revisions\/9402"}],"wp:featuredmedia":[{"embeddable":true,"href":"http:\/\/www.grieta.org.mx\/index.php\/wp-json\/wp\/v2\/media\/21928"}],"wp:attachment":[{"href":"http:\/\/www.grieta.org.mx\/index.php\/wp-json\/wp\/v2\/media?parent=9401"}],"wp:term":[{"taxonomy":"category","embeddable":true,"href":"http:\/\/www.grieta.org.mx\/index.php\/wp-json\/wp\/v2\/categories?post=9401"},{"taxonomy":"post_tag","embeddable":true,"href":"http:\/\/www.grieta.org.mx\/index.php\/wp-json\/wp\/v2\/tags?post=9401"}],"curies":[{"name":"wp","href":"https:\/\/api.w.org\/{rel}","templated":true}]}}