{"id":9391,"date":"2016-03-10T13:52:51","date_gmt":"2016-03-10T13:52:51","guid":{"rendered":"http:\/\/www.grieta.org.mx\/?p=9391"},"modified":"2016-04-01T13:58:30","modified_gmt":"2016-04-01T13:58:30","slug":"desaparecidos-en-oaxaca","status":"publish","type":"post","link":"http:\/\/www.grieta.org.mx\/index.php\/2016\/03\/10\/desaparecidos-en-oaxaca\/","title":{"rendered":"Desaparecidos en Oaxaca"},"content":{"rendered":"<p><strong>03\/03\/16. <\/strong><a href=\"http:\/\/www.grieta.org.mx\/index.php\/2016\/03\/03\/mujeres-desaparecidas-en-mexico-van-99-en-oaxaca\/\">Mujeres desaparecidas en M\u00e9xico; van 99 en Oaxaca<\/a><br \/>\n<em>Noticias net<\/em><\/p>\n<p><strong>15\/12\/15. <\/strong><a href=\"http:\/\/grieta.org.mx\/index.php\/2015\/12\/15\/intentan-desnudar-a-madres-de-migrantes-en-reclusorios-de-oaxaca\/\">Intentan desnudar a madres de migrantes en reclusorios de Oaxaca<\/a><br \/>\n<em>Noticias net<\/em><\/p>\n<p><strong>14\/12\/15. <\/strong><a href=\"http:\/\/grieta.org.mx\/index.php\/2015\/12\/14\/la-busqueda-de-clementina-28-anos-en-espera-de-sus-hijos\/\">La b\u00fasqueda de Clementina, 28 a\u00f1os en espera de sus hijos<\/a><br \/>\n<em>Istmo Press<\/em><\/p>\n<p><strong>13\/12\/15. <\/strong><a href=\"http:\/\/grieta.org.mx\/index.php\/2015\/12\/13\/caravana-de-madres-de-migrantes-concluye-ruta-en-oaxaca\/\">Caravana de madres de migrantes concluye ruta en Oaxaca<\/a><br \/>\n<em>Quadrat\u00edn<\/em><\/p>\n<p><strong>12\/12\/15. <\/strong><a href=\"http:\/\/grieta.org.mx\/index.php\/2015\/12\/12\/recibe-malos-tratos-en-penales-del-istmo-caravana-de-madres-de-migrantes\/\">Recibe malos tratos en penales del Istmo caravana de madres de migrantes<\/a><br \/>\n<em>Quadrat\u00edn<\/em><\/p>\n<p><strong>12\/12\/15. <\/strong><a href=\"http:\/\/grieta.org.mx\/index.php\/2015\/12\/12\/llega-al-istmo-de-tehuantepec-la-11-caravana-de-madres-migrantes\/\">Llega al Istmo de Tehuantepec la 11 Caravana de Madres Migrantes<\/a><br \/>\n<em>Quadrat\u00edn<\/em><\/p>\n","protected":false},"excerpt":{"rendered":"<p>03\/03\/16. Mujeres desaparecidas en M\u00e9xico; van 99 en Oaxaca Noticias net 15\/12\/15. Intentan desnudar a madres de migrantes en reclusorios de Oaxaca Noticias net 14\/12\/15. La b\u00fasqueda de Clementina, 28 &hellip; <a href=\"http:\/\/www.grieta.org.mx\/index.php\/2016\/03\/10\/desaparecidos-en-oaxaca\/\" class=\"more-link\">Leer m\u00e1s<\/a><\/p>\n","protected":false},"author":2,"featured_media":21928,"comment_status":"closed","ping_status":"closed","sticky":false,"template":"","format":"standard","meta":{"ngg_post_thumbnail":0,"_jetpack_newsletter_access":"","_jetpack_dont_email_post_to_subs":false,"_jetpack_newsletter_tier_id":0,"_jetpack_memberships_contains_paywalled_content":false,"_jetpack_memberships_contains_paid_content":false,"footnotes":""},"categories":[87,2,25,83],"tags":[],"class_list":["post-9391","post","type-post","status-publish","format-standard","has-post-thumbnail","hentry","category-desaparecidos","category-noticias-nacionales","category-oaxaca","category-temas-nacionales","entry"],"jetpack_featured_media_url":"http:\/\/www.grieta.org.mx\/wp-content\/uploads\/2018\/03\/14524434_1106112876131411_958039263622046936_o.jpg","jetpack_sharing_enabled":true,"jetpack_shortlink":"https:\/\/wp.me\/p7ZJR4-2rt","jetpack_likes_enabled":false,"jetpack-related-posts":[{"id":2077,"url":"http:\/\/www.grieta.org.mx\/index.php\/2015\/12\/13\/caravana-de-madres-de-migrantes-concluye-ruta-en-oaxaca\/","url_meta":{"origin":9391,"position":0},"title":"Caravana de madres de migrantes concluye ruta en Oaxaca","author":"grieta","date":"13 diciembre, 2015","format":false,"excerpt":"Quadratin, Oaxaca CIUDAD IXTEPEC, Oax., 13 de diciembre de 2015.- Las 38 madres y padres que integran la 11 Caravana de Madres Centroamericanas \u201cUna madre nunca se cansa de buscar\u201d realizaron este domingo su \u00faltima actividad en el Istmo de Tehuantepec. El grupo, que coordina el Movimiento Migrante Mesoamericano (MMM)\u2026","rel":"","context":"En &quot;CINTILLO&quot;","block_context":{"text":"CINTILLO","link":"http:\/\/www.grieta.org.mx\/index.php\/category\/cintillo\/"},"img":{"alt_text":"","src":"https:\/\/i0.wp.com\/www.grieta.org.mx\/wp-content\/uploads\/2018\/03\/14524434_1106112876131411_958039263622046936_o.jpg?resize=350%2C200","width":350,"height":200,"srcset":"https:\/\/i0.wp.com\/www.grieta.org.mx\/wp-content\/uploads\/2018\/03\/14524434_1106112876131411_958039263622046936_o.jpg?resize=350%2C200 1x, https:\/\/i0.wp.com\/www.grieta.org.mx\/wp-content\/uploads\/2018\/03\/14524434_1106112876131411_958039263622046936_o.jpg?resize=525%2C300 1.5x, https:\/\/i0.wp.com\/www.grieta.org.mx\/wp-content\/uploads\/2018\/03\/14524434_1106112876131411_958039263622046936_o.jpg?resize=700%2C400 2x"},"classes":[]},{"id":25962,"url":"http:\/\/www.grieta.org.mx\/index.php\/2018\/08\/31\/desaparecidos-84-migrantes-de-oaxaca\/","url_meta":{"origin":9391,"position":1},"title":"Desaparecidos, 84 migrantes de Oaxaca","author":"grieta","date":"31 agosto, 2018","format":false,"excerpt":"Noticias. Octavio V\u00e9lez, De 2014 a la fecha, 84 migrantes oaxaque\u00f1os desaparecieron en territorio mexicano o en la frontera en su paso a los Estados Unidos. La encargada del \u00e1rea de b\u00fasqueda de migrantes desaparecidos de la organizaci\u00f3n Caminos, Centro de Acompa\u00f1amiento a Migrantes, F\u00e1tima Soledad Arias Cuevas dijo que\u2026","rel":"","context":"En &quot;CINTILLO&quot;","block_context":{"text":"CINTILLO","link":"http:\/\/www.grieta.org.mx\/index.php\/category\/cintillo\/"},"img":{"alt_text":"","src":"https:\/\/i0.wp.com\/www.grieta.org.mx\/wp-content\/uploads\/2018\/08\/Migrantes-n-300818.jpg?resize=350%2C200","width":350,"height":200,"srcset":"https:\/\/i0.wp.com\/www.grieta.org.mx\/wp-content\/uploads\/2018\/08\/Migrantes-n-300818.jpg?resize=350%2C200 1x, https:\/\/i0.wp.com\/www.grieta.org.mx\/wp-content\/uploads\/2018\/08\/Migrantes-n-300818.jpg?resize=525%2C300 1.5x, https:\/\/i0.wp.com\/www.grieta.org.mx\/wp-content\/uploads\/2018\/08\/Migrantes-n-300818.jpg?resize=700%2C400 2x, https:\/\/i0.wp.com\/www.grieta.org.mx\/wp-content\/uploads\/2018\/08\/Migrantes-n-300818.jpg?resize=1050%2C600 3x"},"classes":[]},{"id":20248,"url":"http:\/\/www.grieta.org.mx\/index.php\/2016\/08\/19\/migrantes-en-oaxaca\/","url_meta":{"origin":9391,"position":2},"title":"Migrantes en Oaxaca","author":"grieta","date":"19 agosto, 2016","format":false,"excerpt":"19\/08\/16. Por falta de dinero, Gobierno de Oaxaca no ha concluido repatriaci\u00f3n de migrantes muertos en EEUU P\u00e1gina 3 17\/08\/16. Oaxaca, primer lugar en repatriaci\u00f3n de migrantes P\u00e1gina 3 14\/08\/16. La \u201ccacer\u00eda\u201d del INM a Mar\u00eda de Jes\u00fas y sus peque\u00f1as hijas en Oaxaca En el Camino","rel":"","context":"En &quot;Migrantes&quot;","block_context":{"text":"Migrantes","link":"http:\/\/www.grieta.org.mx\/index.php\/category\/temas-nacionales\/migrantes\/"},"img":{"alt_text":"","src":"https:\/\/i0.wp.com\/www.grieta.org.mx\/wp-content\/uploads\/2018\/03\/14524434_1106112876131411_958039263622046936_o.jpg?resize=350%2C200","width":350,"height":200,"srcset":"https:\/\/i0.wp.com\/www.grieta.org.mx\/wp-content\/uploads\/2018\/03\/14524434_1106112876131411_958039263622046936_o.jpg?resize=350%2C200 1x, https:\/\/i0.wp.com\/www.grieta.org.mx\/wp-content\/uploads\/2018\/03\/14524434_1106112876131411_958039263622046936_o.jpg?resize=525%2C300 1.5x, https:\/\/i0.wp.com\/www.grieta.org.mx\/wp-content\/uploads\/2018\/03\/14524434_1106112876131411_958039263622046936_o.jpg?resize=700%2C400 2x"},"classes":[]},{"id":2081,"url":"http:\/\/www.grieta.org.mx\/index.php\/2015\/12\/12\/llega-al-istmo-de-tehuantepec-la-11-caravana-de-madres-migrantes\/","url_meta":{"origin":9391,"position":3},"title":"Llega al Istmo de Tehuantepec la 11 Caravana de Madres Migrantes","author":"grieta","date":"12 diciembre, 2015","format":false,"excerpt":"Quadrat\u00edn, Oaxaca OAXACA, Oax., 12 de diciembre de 2015.- La madrugada de este s\u00e1bado llegaron a Ciudad Ixtepec, en la regi\u00f3n del Istmo de Tehuantepec, las integrantes de la 11 Caravana de Madres Migrantes en Busca de sus Desaparecidos. Provenientes de Honduras, Nicaragua, El Salvador y Guatemala fueron recibidas por\u2026","rel":"","context":"En &quot;CINTILLO&quot;","block_context":{"text":"CINTILLO","link":"http:\/\/www.grieta.org.mx\/index.php\/category\/cintillo\/"},"img":{"alt_text":"","src":"https:\/\/i0.wp.com\/www.grieta.org.mx\/wp-content\/uploads\/2018\/03\/14524434_1106112876131411_958039263622046936_o.jpg?resize=350%2C200","width":350,"height":200,"srcset":"https:\/\/i0.wp.com\/www.grieta.org.mx\/wp-content\/uploads\/2018\/03\/14524434_1106112876131411_958039263622046936_o.jpg?resize=350%2C200 1x, https:\/\/i0.wp.com\/www.grieta.org.mx\/wp-content\/uploads\/2018\/03\/14524434_1106112876131411_958039263622046936_o.jpg?resize=525%2C300 1.5x, https:\/\/i0.wp.com\/www.grieta.org.mx\/wp-content\/uploads\/2018\/03\/14524434_1106112876131411_958039263622046936_o.jpg?resize=700%2C400 2x"},"classes":[]},{"id":27555,"url":"http:\/\/www.grieta.org.mx\/index.php\/2018\/11\/08\/ombudsman-de-oaxaca-presentara-denuncia-ante-pgr-por-presunta-desaparicion-de-100-migrantes\/","url_meta":{"origin":9391,"position":4},"title":"Ombudsman de Oaxaca presentar\u00e1 denuncia ante PGR por presunta desaparici\u00f3n de 100 migrantes","author":"grieta","date":"8 noviembre, 2018","format":false,"excerpt":"Proceso. Pedro Mat\u00edas, Oaxaca, Oax. (apro).- El defensor de los Derechos Humanos del Pueblo de Oaxaca, Arturo Peimbert Calvo, anunci\u00f3 que presentar\u00e1 una denuncia ante la Procuradur\u00eda General de la Rep\u00fablica (PGR) por la presunta desaparici\u00f3n de 100 migrantes centroamericanos en \u00e9xodo, porque podr\u00eda tratarse de un posible delito de\u2026","rel":"","context":"En &quot;Caravanas de poblaciones migrantes en Oaxaca&quot;","block_context":{"text":"Caravanas de poblaciones migrantes en Oaxaca","link":"http:\/\/www.grieta.org.mx\/index.php\/category\/noticias-nacionales\/oaxaca\/caravanas-de-poblaciones-migrantes-en-oaxaca\/"},"img":{"alt_text":"","src":"https:\/\/i0.wp.com\/www.grieta.org.mx\/wp-content\/uploads\/2018\/11\/calvo.jpg?resize=350%2C200","width":350,"height":200,"srcset":"https:\/\/i0.wp.com\/www.grieta.org.mx\/wp-content\/uploads\/2018\/11\/calvo.jpg?resize=350%2C200 1x, https:\/\/i0.wp.com\/www.grieta.org.mx\/wp-content\/uploads\/2018\/11\/calvo.jpg?resize=525%2C300 1.5x, https:\/\/i0.wp.com\/www.grieta.org.mx\/wp-content\/uploads\/2018\/11\/calvo.jpg?resize=700%2C400 2x"},"classes":[]},{"id":69670,"url":"http:\/\/www.grieta.org.mx\/index.php\/2024\/08\/30\/hay-mas-de-4-mil-personas-desaparecidas-en-oaxaca-denuncian-colectivas-que-exigen-alto-a-la-impunidad\/","url_meta":{"origin":9391,"position":5},"title":"Hay m\u00e1s de 4 mil personas desaparecidas en Oaxaca denuncian colectivas que exigen alto a la impunidad","author":"grieta","date":"30 agosto, 2024","format":false,"excerpt":"Imagen: Tomada de la Red Diana Manzo \/ Agencia de Noticias IstmoPress #Oaxaca 30 Ago (#Istmopress) \u2013 Con fotograf\u00edas de sus hijas, hermanos, parientes y amigos, colectivas oaxaque\u00f1as y activistas marcharon para exigir un alto a la impunidad para encontrar a las 4 mil personas que han desaparecido en Oaxaca.\u2026","rel":"","context":"En &quot;CINTILLO&quot;","block_context":{"text":"CINTILLO","link":"http:\/\/www.grieta.org.mx\/index.php\/category\/cintillo\/"},"img":{"alt_text":"","src":"https:\/\/i0.wp.com\/www.grieta.org.mx\/wp-content\/uploads\/2024\/09\/1725083712936.jpg?resize=350%2C200","width":350,"height":200,"srcset":"https:\/\/i0.wp.com\/www.grieta.org.mx\/wp-content\/uploads\/2024\/09\/1725083712936.jpg?resize=350%2C200 1x, https:\/\/i0.wp.com\/www.grieta.org.mx\/wp-content\/uploads\/2024\/09\/1725083712936.jpg?resize=525%2C300 1.5x, https:\/\/i0.wp.com\/www.grieta.org.mx\/wp-content\/uploads\/2024\/09\/1725083712936.jpg?resize=700%2C400 2x, https:\/\/i0.wp.com\/www.grieta.org.mx\/wp-content\/uploads\/2024\/09\/1725083712936.jpg?resize=1050%2C600 3x"},"classes":[]}],"_links":{"self":[{"href":"http:\/\/www.grieta.org.mx\/index.php\/wp-json\/wp\/v2\/posts\/9391","targetHints":{"allow":["GET"]}}],"collection":[{"href":"http:\/\/www.grieta.org.mx\/index.php\/wp-json\/wp\/v2\/posts"}],"about":[{"href":"http:\/\/www.grieta.org.mx\/index.php\/wp-json\/wp\/v2\/types\/post"}],"author":[{"embeddable":true,"href":"http:\/\/www.grieta.org.mx\/index.php\/wp-json\/wp\/v2\/users\/2"}],"replies":[{"embeddable":true,"href":"http:\/\/www.grieta.org.mx\/index.php\/wp-json\/wp\/v2\/comments?post=9391"}],"version-history":[{"count":1,"href":"http:\/\/www.grieta.org.mx\/index.php\/wp-json\/wp\/v2\/posts\/9391\/revisions"}],"predecessor-version":[{"id":9393,"href":"http:\/\/www.grieta.org.mx\/index.php\/wp-json\/wp\/v2\/posts\/9391\/revisions\/9393"}],"wp:featuredmedia":[{"embeddable":true,"href":"http:\/\/www.grieta.org.mx\/index.php\/wp-json\/wp\/v2\/media\/21928"}],"wp:attachment":[{"href":"http:\/\/www.grieta.org.mx\/index.php\/wp-json\/wp\/v2\/media?parent=9391"}],"wp:term":[{"taxonomy":"category","embeddable":true,"href":"http:\/\/www.grieta.org.mx\/index.php\/wp-json\/wp\/v2\/categories?post=9391"},{"taxonomy":"post_tag","embeddable":true,"href":"http:\/\/www.grieta.org.mx\/index.php\/wp-json\/wp\/v2\/tags?post=9391"}],"curies":[{"name":"wp","href":"https:\/\/api.w.org\/{rel}","templated":true}]}}