{"id":9390,"date":"2016-03-10T13:51:19","date_gmt":"2016-03-10T13:51:19","guid":{"rendered":"http:\/\/www.grieta.org.mx\/?p=9390"},"modified":"2016-04-01T13:57:47","modified_gmt":"2016-04-01T13:57:47","slug":"mujeres-desaparecidas-en-mexico-van-99-en-oaxaca","status":"publish","type":"post","link":"http:\/\/www.grieta.org.mx\/index.php\/2016\/03\/10\/mujeres-desaparecidas-en-mexico-van-99-en-oaxaca\/","title":{"rendered":"Mujeres desaparecidas en M\u00e9xico; van 99 en Oaxaca"},"content":{"rendered":"<p>Carlos \u00c1ngel Arrieta Llanas<\/p>\n<p>En menos de cuatro a\u00f1os, m\u00e1s de 7 mil 060 mujeres se encuentran desaparecidas o extraviadas. As\u00ed lo destaca la Comisi\u00f3n Interamericana de Derechos Humanos en el informe que reci\u00e9n public\u00f3 sobre la \u201cSituaci\u00f3n de los Derechos Humanos en M\u00e9xico\u201d.<\/p>\n<p>El informe analiza la grave crisis atraviesa el pa\u00eds azteca con particular \u00e9nfasis en desapariciones y desapariciones forzadas, ejecuciones extrajudiciales, tortura, as\u00ed como la situaci\u00f3n de inseguridad ciudadana, el acceso a la justicia e impunidad.<\/p>\n<p>Seg\u00fan informaci\u00f3n allegada a la CIDH, los casos de desaparici\u00f3n y desaparici\u00f3n forzada de mujeres y ni\u00f1as suceden en diversas \u00e1reas del pa\u00eds, lo que ha generado alarma entre la sociedad civil, como puede observarse con solicitudes de declaraci\u00f3n de alerta de g\u00e9nero en diferentes entidades federativas.<\/p>\n<p>De acuerdo a la informaci\u00f3n publicada en el citado informe y actualizada al 30 de abril de 2015, respecto a desapariciones del fuero com\u00fan, se registraron 7.060 mujeres desaparecidas o extraviadas desde el 2011.<\/p>\n<p>De estas mujeres, 1.170 desaparecieron en Tamaulipas, 1.007 en el Estado de M\u00e9xico, 579 en Baja California, 549 en Nuevo Le\u00f3n, 412 en Coahuila, 367 en Guanajuato, 333 en Puebla, 323 en Jalisco, 281 en Distrito Federal, 224 en Chihuahua, 218 en Michoac\u00e1n, 206 en Sinaloa, 173 en Sonora, 154 en Guerrero, 148 en Hidalgo, 143 en Veracruz, 124 en Aguascalientes, 111 en Tabasco, 100 en Oaxaca, 99 en Quer\u00e9taro, 72 en Quintana Roo, 54 en Campeche, 42 en Durango, 42 en Zacatecas, 40 en Morelos, 24 en Yucat\u00e1n, 21 en Colima, 19 en Chiapas, 12 en San Luis Potos\u00ed, 7 en Tlaxcala y 2 en Baja California Sur.<\/p>\n<p>Eso en cuanto al fuero com\u00fan se refiere, pero tambi\u00e9n, por otra parte, de acuerdo con el Registro Nacional de Datos de Personas Extraviadas o Desaparecidas, que contiene informaci\u00f3n ingresada hasta el 30 de junio de 2015 sobre casos clasificados como del fuero federal, es decir aquellas averiguaciones previas iniciadas por la Procuradur\u00eda General de la Republica a partir de enero de 2014, el n\u00famero total de mujeres registradas como desaparecidas o extraviadas ser\u00eda de 125.<\/p>\n<p>De esas 125, aparecen 33 registradas como desaparecidas en Guerrero, 17 en Veracruz, 16 en Estado de M\u00e9xico, 15 en Tamaulipas, 14 en el Distrito Federal, 4 en Chihuahua, 3 en Morelos, 3 en Hidalgo, 3 en Tlaxcala, 2 en Coahuila, 2 en Nuevo Le\u00f3n, 1 en Sinaloa, 1 en San Luis Potos\u00ed, 1 en Michoac\u00e1n, 1 en Baja California, 1 en Guanajuato, 1 en Puebla, 1 en Tabasco, y 6 en el extranjero.<\/p>\n<p>En este contexto, el documento revela que existe un problema serio en el registro de mujeres y ni\u00f1as desaparecidas as\u00ed como en la investigaci\u00f3n, justicia y prevenci\u00f3n de desapariciones de mujeres.<\/p>\n<p>La CIDH expres\u00f3 aqu\u00ed su profunda preocupaci\u00f3n sobre la falta de avances en las investigaciones sobre las desapariciones de mujeres, as\u00ed como sobre la profunda brecha entre la normativa y las pol\u00edticas p\u00fablicas adoptadas y la realidad que viven las mujeres en M\u00e9xico cotidianamente.<\/p>\n<p>HISTORIA VIEJA<\/p>\n<p>La insistencia en atender esta problem\u00e1tica no es nueva: en agosto de 2012, el Comit\u00e9 para la Eliminaci\u00f3n de la Discriminaci\u00f3n contra la Mujer (Comit\u00e9 CEDAW) recomend\u00f3 al estado mexicano desarrollar un registro oficial sistem\u00e1tico de desapariciones forzadas; examinar los c\u00f3digos penales para tipificar la desaparici\u00f3n forzosa como delito; simplificar los procedimientos existentes para la activaci\u00f3n del Protocolo ALBA y la Alerta AMBER M\u00e9xico, para de esa forma iniciar sin retraso la b\u00fasqueda de mujeres y j\u00f3venes desaparecidas.<\/p>\n<p>Tres a\u00f1os despu\u00e9s, en marzo de 2015, M\u00e9xico present\u00f3 ante el Comit\u00e9 de la CEDAW un informe en el que expuso los avances que se habr\u00edan realizado para cumplir con las recomendaciones, la explicaci\u00f3n fue m\u00ednima y fue m\u00e1s evidente la falta de informaci\u00f3n p\u00fablica disponible sobre mujeres v\u00edctimas de desaparici\u00f3n forzada.<\/p>\n<p>Ante ello, el organismo destaca el Estado tiene un deber de \u201cdebida diligencia estricta frente a denuncias de desaparici\u00f3n de mujeres, respecto a su b\u00fasqueda durante las primeras horas y los primeros d\u00edas\u201d.<\/p>\n<p>Lo anterior, implica la realizaci\u00f3n exhaustiva de actividades de b\u00fasqueda, la actuaci\u00f3n pronta e inmediata de las autoridades policiales, fiscales y judiciales mediante medidas oportunas y necesarias dirigidas a la determinaci\u00f3n del paradero de las v\u00edctimas o el lugar donde podr\u00edan encontrarse privadas de la libertad.<\/p>\n<p>Adem\u00e1s, el cumplimiento de esta obligaci\u00f3n conlleva tambi\u00e9n que los oficiales a cargo de la recepci\u00f3n de denuncias de personas desaparecidas deben tener la capacidad y la sensibilidad para comprender el fen\u00f3meno de violencia contra las mujeres, as\u00ed como la voluntad de actuar inmediatamente.<\/p>\n<p><a href=\"http:\/\/old.nvinoticias.com\/oaxaca\/roja\/332027-mujeres-desaparecidas-mexico-van-99-oaxaca\" target=\"_blank\">http:\/\/old.nvinoticias.com\/oaxaca\/roja\/332027-mujeres-desaparecidas-mexico-van-99-oaxaca<\/a><\/p>\n","protected":false},"excerpt":{"rendered":"<p>Carlos \u00c1ngel Arrieta Llanas En menos de cuatro a\u00f1os, m\u00e1s de 7 mil 060 mujeres se encuentran desaparecidas o extraviadas. As\u00ed lo destaca la Comisi\u00f3n Interamericana de Derechos Humanos en &hellip; <a href=\"http:\/\/www.grieta.org.mx\/index.php\/2016\/03\/10\/mujeres-desaparecidas-en-mexico-van-99-en-oaxaca\/\" class=\"more-link\">Leer m\u00e1s<\/a><\/p>\n","protected":false},"author":2,"featured_media":21928,"comment_status":"closed","ping_status":"closed","sticky":false,"template":"","format":"standard","meta":{"ngg_post_thumbnail":0,"_jetpack_newsletter_access":"","_jetpack_dont_email_post_to_subs":false,"_jetpack_newsletter_tier_id":0,"_jetpack_memberships_contains_paywalled_content":false,"_jetpack_memberships_contains_paid_content":false,"footnotes":""},"categories":[80],"tags":[],"class_list":["post-9390","post","type-post","status-publish","format-standard","has-post-thumbnail","hentry","category-cintillo","entry"],"jetpack_featured_media_url":"http:\/\/www.grieta.org.mx\/wp-content\/uploads\/2018\/03\/14524434_1106112876131411_958039263622046936_o.jpg","jetpack_sharing_enabled":true,"jetpack_shortlink":"https:\/\/wp.me\/p7ZJR4-2rs","jetpack_likes_enabled":false,"jetpack-related-posts":[{"id":32530,"url":"http:\/\/www.grieta.org.mx\/index.php\/2019\/04\/19\/reportan-120-mujeres-desaparecidas-en-el-primer-trimestre-del-ano-en-morelos\/","url_meta":{"origin":9390,"position":0},"title":"Reportan 120 mujeres desaparecidas en el primer trimestre del a\u00f1o en Morelos","author":"grieta","date":"19 abril, 2019","format":false,"excerpt":"Nancy G\u00f3mez \/ SDP Noticias La organizaci\u00f3n de derechos humanos acus\u00f3 a a las autoridades de maquillar las cifras y minimizar el problema. M\u00e9xico.- De enero a marzo de 2019, el Centro de Derechos Humanos Digna Ochoa ha documentado por lo menos 120 desapariciones de mujeres en Morelos, y acuso\u2026","rel":"","context":"En &quot;CINTILLO&quot;","block_context":{"text":"CINTILLO","link":"http:\/\/www.grieta.org.mx\/index.php\/category\/cintillo\/"},"img":{"alt_text":"","src":"https:\/\/i0.wp.com\/www.grieta.org.mx\/wp-content\/uploads\/2019\/04\/Screenshot_2019-04-25-Reportan-120-mujeres-desaparecidas-en-el-primer-trimestre-del-a%C3%B1o-en-Morelos.png?resize=350%2C200","width":350,"height":200,"srcset":"https:\/\/i0.wp.com\/www.grieta.org.mx\/wp-content\/uploads\/2019\/04\/Screenshot_2019-04-25-Reportan-120-mujeres-desaparecidas-en-el-primer-trimestre-del-a%C3%B1o-en-Morelos.png?resize=350%2C200 1x, https:\/\/i0.wp.com\/www.grieta.org.mx\/wp-content\/uploads\/2019\/04\/Screenshot_2019-04-25-Reportan-120-mujeres-desaparecidas-en-el-primer-trimestre-del-a%C3%B1o-en-Morelos.png?resize=525%2C300 1.5x, https:\/\/i0.wp.com\/www.grieta.org.mx\/wp-content\/uploads\/2019\/04\/Screenshot_2019-04-25-Reportan-120-mujeres-desaparecidas-en-el-primer-trimestre-del-a%C3%B1o-en-Morelos.png?resize=700%2C400 2x"},"classes":[]},{"id":24743,"url":"http:\/\/www.grieta.org.mx\/index.php\/2018\/06\/25\/el-edomex-abandona-a-sus-ninas-y-adolescentes-informe-escalan-desapariciones-en-5-municipios\/","url_meta":{"origin":9390,"position":1},"title":"El Edomex abandona a sus ni\u00f1as y adolescentes: Informe; escalan desapariciones en 5 municipios","author":"grieta","date":"25 junio, 2018","format":false,"excerpt":"Sugeyry G\u00e1ndara\/SinEmbargo El diagn\u00f3stico sobre Desaparici\u00f3n de Ni\u00f1as, Adolescentes y Mujeres en el Estado de M\u00e9xico destaca que aunque hay un decrecimiento en los feminicidios y homicidios dolosos contra ellas, la desaparici\u00f3n en cinco de los municipios mexiquenses m\u00e1s peligrosos registra una alarmante alza entre 2015 y 2017: los casos\u2026","rel":"","context":"En &quot;CINTILLO&quot;","block_context":{"text":"CINTILLO","link":"http:\/\/www.grieta.org.mx\/index.php\/category\/cintillo\/"},"img":{"alt_text":"","src":"https:\/\/i0.wp.com\/www.grieta.org.mx\/wp-content\/uploads\/2018\/07\/photo5010713803809204199.jpg?resize=350%2C200","width":350,"height":200,"srcset":"https:\/\/i0.wp.com\/www.grieta.org.mx\/wp-content\/uploads\/2018\/07\/photo5010713803809204199.jpg?resize=350%2C200 1x, https:\/\/i0.wp.com\/www.grieta.org.mx\/wp-content\/uploads\/2018\/07\/photo5010713803809204199.jpg?resize=525%2C300 1.5x, https:\/\/i0.wp.com\/www.grieta.org.mx\/wp-content\/uploads\/2018\/07\/photo5010713803809204199.jpg?resize=700%2C400 2x, https:\/\/i0.wp.com\/www.grieta.org.mx\/wp-content\/uploads\/2018\/07\/photo5010713803809204199.jpg?resize=1050%2C600 3x"},"classes":[]},{"id":24415,"url":"http:\/\/www.grieta.org.mx\/index.php\/2018\/07\/06\/edomex-encabeza-casos-de-mujeres-adolescentes-y-ninas-desaparecidas-en-el-pais-alerta-ong\/","url_meta":{"origin":9390,"position":2},"title":"Edomex encabeza casos de mujeres, adolescentes y ni\u00f1as desaparecidas en el pa\u00eds, alerta ONG","author":"grieta","date":"6 julio, 2018","format":false,"excerpt":"Gloria Leticia D\u00edaz\/Proceso CIUDAD DE MEXICO (apro).- Inexistente la tipificaci\u00f3n de la desaparici\u00f3n forzada y desaparici\u00f3n por particulares en el C\u00f3digo Penal mexiquense, la entidad que fuera gobernada por Enrique Pe\u00f1a Nieto se ha convertido en la que encabeza el mayor n\u00famero de mujeres, adolescentes y ni\u00f1as desaparecidas del pa\u00eds,\u2026","rel":"","context":"En &quot;CINTILLO&quot;","block_context":{"text":"CINTILLO","link":"http:\/\/www.grieta.org.mx\/index.php\/category\/cintillo\/"},"img":{"alt_text":"","src":"https:\/\/i0.wp.com\/www.grieta.org.mx\/wp-content\/uploads\/2018\/07\/ch-1.jpg?resize=350%2C200","width":350,"height":200,"srcset":"https:\/\/i0.wp.com\/www.grieta.org.mx\/wp-content\/uploads\/2018\/07\/ch-1.jpg?resize=350%2C200 1x, https:\/\/i0.wp.com\/www.grieta.org.mx\/wp-content\/uploads\/2018\/07\/ch-1.jpg?resize=525%2C300 1.5x, https:\/\/i0.wp.com\/www.grieta.org.mx\/wp-content\/uploads\/2018\/07\/ch-1.jpg?resize=700%2C400 2x"},"classes":[]},{"id":37097,"url":"http:\/\/www.grieta.org.mx\/index.php\/2019\/07\/25\/el-estado-de-mexico-y-sus-mujeres-desaparecidas-los-casos-van-en-aumento\/","url_meta":{"origin":9390,"position":3},"title":"El Estado de M\u00e9xico y sus mujeres desaparecidas: los casos van en aumento","author":"grieta","date":"25 julio, 2019","format":false,"excerpt":"Lau Almaraz\/CC News Brenda y Alexandra son los casos m\u00e1s recientes en el Edomex. El 55 por ciento de las desapariciones corresponden a menores de edad. Brenda Cruz Garc\u00eda desapareci\u00f3 el pasado 14 de julio, cuando tom\u00f3 un taxi que la llevar\u00eda a la terminal de autobuses en Amanalco, en\u2026","rel":"","context":"En &quot;CINTILLO&quot;","block_context":{"text":"CINTILLO","link":"http:\/\/www.grieta.org.mx\/index.php\/category\/cintillo\/"},"img":{"alt_text":"","src":"https:\/\/i0.wp.com\/www.grieta.org.mx\/wp-content\/uploads\/2019\/07\/desaparecidas-en-el-edomex-high.png?resize=350%2C200","width":350,"height":200,"srcset":"https:\/\/i0.wp.com\/www.grieta.org.mx\/wp-content\/uploads\/2019\/07\/desaparecidas-en-el-edomex-high.png?resize=350%2C200 1x, https:\/\/i0.wp.com\/www.grieta.org.mx\/wp-content\/uploads\/2019\/07\/desaparecidas-en-el-edomex-high.png?resize=525%2C300 1.5x, https:\/\/i0.wp.com\/www.grieta.org.mx\/wp-content\/uploads\/2019\/07\/desaparecidas-en-el-edomex-high.png?resize=700%2C400 2x"},"classes":[]},{"id":51868,"url":"http:\/\/www.grieta.org.mx\/index.php\/2020\/07\/13\/jalisco-el-segundo-estado-con-mas-desapariciones-en-mexico\/","url_meta":{"origin":9390,"position":4},"title":"Jalisco: el segundo estado con m\u00e1s desapariciones en M\u00e9xico","author":"grieta","date":"13 julio, 2020","format":false,"excerpt":"Foto: Zona Docs Con 10 mil 230 personas desaparecidas y representando el 15% del total de las desapariciones en el pa\u00eds, Jalisco es la segunda entidad con mayor n\u00famero de personas desaparecidas, seg\u00fan lo dio a conocer este lunes 13 de julio la Secretar\u00eda de Gobernaci\u00f3n, a trav\u00e9s del Informe\u2026","rel":"","context":"En &quot;CINTILLO&quot;","block_context":{"text":"CINTILLO","link":"http:\/\/www.grieta.org.mx\/index.php\/category\/cintillo\/"},"img":{"alt_text":"","src":"https:\/\/i0.wp.com\/www.grieta.org.mx\/wp-content\/uploads\/2020\/07\/photo5715283397508704184-1080x640.jpg?resize=350%2C200","width":350,"height":200,"srcset":"https:\/\/i0.wp.com\/www.grieta.org.mx\/wp-content\/uploads\/2020\/07\/photo5715283397508704184-1080x640.jpg?resize=350%2C200 1x, https:\/\/i0.wp.com\/www.grieta.org.mx\/wp-content\/uploads\/2020\/07\/photo5715283397508704184-1080x640.jpg?resize=525%2C300 1.5x, https:\/\/i0.wp.com\/www.grieta.org.mx\/wp-content\/uploads\/2020\/07\/photo5715283397508704184-1080x640.jpg?resize=700%2C400 2x, https:\/\/i0.wp.com\/www.grieta.org.mx\/wp-content\/uploads\/2020\/07\/photo5715283397508704184-1080x640.jpg?resize=1050%2C600 3x"},"classes":[]},{"id":30481,"url":"http:\/\/www.grieta.org.mx\/index.php\/2019\/03\/05\/las-mujeres-desaparecidas-en-la-inmediaciones-de-la-capital-de-mexico-duplican-la-media-nacional\/","url_meta":{"origin":9390,"position":5},"title":"Las mujeres desaparecidas en la inmediaciones de la capital de M\u00e9xico duplican la media nacional","author":"grieta","date":"5 marzo, 2019","format":false,"excerpt":"Eliana Gilet\/Sputnik Mientras que la media nacional indica que 25% de los casos de personas desaparecidas son ni\u00f1as o mujeres, en el Estado de M\u00e9xico \u2014justo alrededor de la capital nacional\u2014 ese porcentaje trepa hasta el 46% de los casos. El 31% de ellas tienen entre 15 y 17 a\u00f1os.\u2026","rel":"","context":"En &quot;CINTILLO&quot;","block_context":{"text":"CINTILLO","link":"http:\/\/www.grieta.org.mx\/index.php\/category\/cintillo\/"},"img":{"alt_text":"","src":"https:\/\/i0.wp.com\/www.grieta.org.mx\/wp-content\/uploads\/2019\/03\/1085875431.jpg?resize=350%2C200","width":350,"height":200,"srcset":"https:\/\/i0.wp.com\/www.grieta.org.mx\/wp-content\/uploads\/2019\/03\/1085875431.jpg?resize=350%2C200 1x, https:\/\/i0.wp.com\/www.grieta.org.mx\/wp-content\/uploads\/2019\/03\/1085875431.jpg?resize=525%2C300 1.5x, https:\/\/i0.wp.com\/www.grieta.org.mx\/wp-content\/uploads\/2019\/03\/1085875431.jpg?resize=700%2C400 2x"},"classes":[]}],"_links":{"self":[{"href":"http:\/\/www.grieta.org.mx\/index.php\/wp-json\/wp\/v2\/posts\/9390","targetHints":{"allow":["GET"]}}],"collection":[{"href":"http:\/\/www.grieta.org.mx\/index.php\/wp-json\/wp\/v2\/posts"}],"about":[{"href":"http:\/\/www.grieta.org.mx\/index.php\/wp-json\/wp\/v2\/types\/post"}],"author":[{"embeddable":true,"href":"http:\/\/www.grieta.org.mx\/index.php\/wp-json\/wp\/v2\/users\/2"}],"replies":[{"embeddable":true,"href":"http:\/\/www.grieta.org.mx\/index.php\/wp-json\/wp\/v2\/comments?post=9390"}],"version-history":[{"count":1,"href":"http:\/\/www.grieta.org.mx\/index.php\/wp-json\/wp\/v2\/posts\/9390\/revisions"}],"predecessor-version":[{"id":9392,"href":"http:\/\/www.grieta.org.mx\/index.php\/wp-json\/wp\/v2\/posts\/9390\/revisions\/9392"}],"wp:featuredmedia":[{"embeddable":true,"href":"http:\/\/www.grieta.org.mx\/index.php\/wp-json\/wp\/v2\/media\/21928"}],"wp:attachment":[{"href":"http:\/\/www.grieta.org.mx\/index.php\/wp-json\/wp\/v2\/media?parent=9390"}],"wp:term":[{"taxonomy":"category","embeddable":true,"href":"http:\/\/www.grieta.org.mx\/index.php\/wp-json\/wp\/v2\/categories?post=9390"},{"taxonomy":"post_tag","embeddable":true,"href":"http:\/\/www.grieta.org.mx\/index.php\/wp-json\/wp\/v2\/tags?post=9390"}],"curies":[{"name":"wp","href":"https:\/\/api.w.org\/{rel}","templated":true}]}}