{"id":9380,"date":"2015-03-17T07:03:49","date_gmt":"2015-03-17T07:03:49","guid":{"rendered":"http:\/\/www.grieta.org.mx\/?p=9380"},"modified":"2016-04-01T07:06:37","modified_gmt":"2016-04-01T07:06:37","slug":"san-quintin-habia-estallado-hace-30-anos-y-todo-sigue-igual","status":"publish","type":"post","link":"http:\/\/www.grieta.org.mx\/index.php\/2015\/03\/17\/san-quintin-habia-estallado-hace-30-anos-y-todo-sigue-igual\/","title":{"rendered":"San Quint\u00edn hab\u00eda estallado hace 30 a\u00f1os y todo sigue igual"},"content":{"rendered":"<p>Julieta Mart\u00ednez, Tijuana,<\/p>\n<p>Las condiciones laborales y sociales que motivaron este martes una manifestaci\u00f3n de jornaleros agr\u00edcolas que paraliz\u00f3 el Valle de San Quint\u00edn, son las mismas que hace m\u00e1s de 30 a\u00f1os se denunciaron y causaron movilizaciones de trabajadores del campo en esa zona, y en 2003 gener\u00f3 una recomendaci\u00f3n de la Procuradur\u00eda de los Derechos Humanos.<\/p>\n<p>Explotaci\u00f3n laboral, falta de acceso a servicios m\u00e9dicos y de vivienda, malos tratos, acoso sexual a las mujeres y contacto con pesticidas sin protecci\u00f3n, son una constante en los campos de cultivo que no cambi\u00f3 ni con la firma del Tratado de Libre Comercio y en cambio fortaleci\u00f3 el capital regional asociado a las inversiones dedicadas a la exportaci\u00f3n de hortalizas, afirm\u00f3 el director del Centro Binacional de Derechos Humanos, V\u00edctor Clark Alfaro.<\/p>\n<p>Record\u00f3 que a principios de los 90 un grupo de jornaleros integrantes del Central Independiente de Obreros Agr\u00edcolas y Campesinos (CIOAC) se organizaron para exigir respeto a sus derechos, pero se enfrentaron a empresarios protegidos por autoridades que tienen intereses, y finalmente fueron desarticulados por el gobierno \u201cya que estaba alterando una paz porfiriana en el Valle\u201d.<\/p>\n<p>En esa \u00e9poca tambi\u00e9n se bloque\u00f3 la carretera Transpeninsular, pararon actividades e incluso quemaron la tienda de raya, lo que atrajo la atenci\u00f3n de Amnist\u00eda Internacional y la prensa nacional los entonces diputados Heraclio Zepeda, Jos\u00e9 Woldenberg y Rolando Cordera, pero finalmente fueron desarticulados.<\/p>\n<p>\u201cVimos y vemos c\u00f3mo en el Valle se entremezclan los intereses de funcionarios propietarios de campos y capital regional. Son alrededor de 12 familias que controlan la actividad agr\u00edcola en San Quint\u00edn a trav\u00e9s de articulaciones con el estado por puestos que desempe\u00f1an\u201d, se\u00f1al\u00f3.<\/p>\n<p>Entre otros mencion\u00f3 como propietarios de los ranchos m\u00e1s \u201cpoderosos\u201d al exsecretario de Fomento Agropecuario, Antonio Rodr\u00edguez, que recib\u00eda en sus instalaciones a los expresidentes Vicente Fox y Felipe Calder\u00f3n, y a los familiares del actual secretario de Finanzas, Antonio Valladolid.<\/p>\n<p>Clark Alfaro record\u00f3 que cercan\u00eda con los jornaleros de San Quint\u00edn, integrado por los poblados Punta Colonet, Camal\u00fa, San Vicente, L\u00e1zaro C\u00e1rdenas, San Quint\u00edn y El Rosrio, es parte de su trabajo como antrop\u00f3logo social e integrante del Consejo Nacional para el Desarrollo de los Pueblos Ind\u00edgenas en la \u00e9poca de las movilizaciones.<\/p>\n<p>Recomendaci\u00f3n<\/p>\n<p>En mayo de 2003, el entonces procurador de los Derechos Humanos en el estado Ra\u00fal Ram\u00edrez Baena emiti\u00f3 la recomendaci\u00f3n 06\/2003 por violaciones a los derechos sociales, econ\u00f3micos y culturales de los jornaleros agr\u00edcolas, dirigida al entonces gobernador Eugenio Elorduy Walther.<\/p>\n<p>La recomendaci\u00f3n se\u00f1al\u00f3 que los trabajadores del campo no contaban con acceso a servicios, viv\u00edan hacinados en galerones hechos de l\u00e1mina de fierro y m\u00e1s de una familia ten\u00eda que ocupar espacios de cinco por cinco metros, mientras que otras ocupaban viviendas improvisadas con cart\u00f3n y materiales de desecho.<\/p>\n<p>En ese tiempo se denunci\u00f3 el trabajo infantil sobre todo en el cultivo de ceboll\u00edn, lo que provoc\u00f3 que Estados Unidos, el primer comprador de sus productos, condicionara a continuar adquiriendo su producci\u00f3n a cambio de que no tuvieran ni\u00f1os jornaleros.<\/p>\n<p>La recomendaci\u00f3n fue mencionada en el Diagn\u00f3stico sobre la Situaci\u00f3n de los Derechos Humanos en M\u00e9xico del 2003.<\/p>\n<p>Las autoridades de Baja California negaron que existieran las condiciones se\u00f1aladas.<\/p>\n<p>El valle de San Quint\u00edn se encuentra a unos 300 kil\u00f3metros al sur de Ensenada donde laboran cerca de 60 mil jornaleros agr\u00edcolas, la mayor\u00eda originarios de estados como Oaxaca, Guerrero, Puebla y Veracruz, entre otras entidades, quienes desde hace a\u00f1os se asentaron en la regi\u00f3n y dejaron de emigrar de campo en campo.<\/p>\n<p><a href=\"http:\/\/jornadabc.mx\/tijuana\/17-03-2015\/san-quintin-habia-estallado-hace-30-anos-y-todo-sigue-igual\" target=\"_blank\">http:\/\/jornadabc.mx\/tijuana\/17-03-2015\/san-quintin-habia-estallado-hace-30-anos-y-todo-sigue-igual<\/a><\/p>\n","protected":false},"excerpt":{"rendered":"<p>Julieta Mart\u00ednez, Tijuana, Las condiciones laborales y sociales que motivaron este martes una manifestaci\u00f3n de jornaleros agr\u00edcolas que paraliz\u00f3 el Valle de San Quint\u00edn, son las mismas que hace m\u00e1s &hellip; <a href=\"http:\/\/www.grieta.org.mx\/index.php\/2015\/03\/17\/san-quintin-habia-estallado-hace-30-anos-y-todo-sigue-igual\/\" class=\"more-link\">Leer m\u00e1s<\/a><\/p>\n","protected":false},"author":2,"featured_media":21928,"comment_status":"closed","ping_status":"closed","sticky":false,"template":"","format":"standard","meta":{"ngg_post_thumbnail":0,"_jetpack_newsletter_access":"","_jetpack_dont_email_post_to_subs":false,"_jetpack_newsletter_tier_id":0,"_jetpack_memberships_contains_paywalled_content":false,"_jetpack_memberships_contains_paid_content":false,"footnotes":""},"categories":[80],"tags":[204],"class_list":["post-9380","post","type-post","status-publish","format-standard","has-post-thumbnail","hentry","category-cintillo","tag-jornaleros","entry"],"jetpack_featured_media_url":"http:\/\/www.grieta.org.mx\/wp-content\/uploads\/2018\/03\/14524434_1106112876131411_958039263622046936_o.jpg","jetpack_sharing_enabled":true,"jetpack_shortlink":"https:\/\/wp.me\/p7ZJR4-2ri","jetpack_likes_enabled":false,"jetpack-related-posts":[{"id":22307,"url":"http:\/\/www.grieta.org.mx\/index.php\/2018\/03\/17\/se-manifiestan-jornaleros-de-san-quintin-a-tres-anos-de-su-levantamiento-baja-california\/","url_meta":{"origin":9380,"position":0},"title":"Se manifiestan jornaleros de San Quint\u00edn a tres a\u00f1os de su levantamiento (Baja California)","author":"grieta","date":"17 marzo, 2018","format":false,"excerpt":"San Quint\u00edn, 17 de marzo.- Jornaleros del Valle de San Quint\u00edn se manifestaron al cumplirse el tercer aniversario del movimiento que protagonizaron el 17 de marzo de 2015 para exigir mejoras en sus condiciones laborales. Alrededor de 60 personas, integrantes del Sindicato Nacional de Jornaleros Agr\u00edcolas (Sindja) se plantaron en\u2026","rel":"","context":"En &quot;Baja California&quot;","block_context":{"text":"Baja California","link":"http:\/\/www.grieta.org.mx\/index.php\/category\/noticias-nacionales\/baja-california\/"},"img":{"alt_text":"","src":"https:\/\/i0.wp.com\/www.grieta.org.mx\/wp-content\/uploads\/2018\/03\/sq_0.jpeg?resize=350%2C200","width":350,"height":200,"srcset":"https:\/\/i0.wp.com\/www.grieta.org.mx\/wp-content\/uploads\/2018\/03\/sq_0.jpeg?resize=350%2C200 1x, https:\/\/i0.wp.com\/www.grieta.org.mx\/wp-content\/uploads\/2018\/03\/sq_0.jpeg?resize=525%2C300 1.5x"},"classes":[]},{"id":46281,"url":"http:\/\/www.grieta.org.mx\/index.php\/2020\/03\/16\/los-compromisos-incumplidos-a-los-jornaleros-de-san-quintin-baja-california\/","url_meta":{"origin":9380,"position":1},"title":"Los compromisos incumplidos a los jornaleros de San Quint\u00edn (Baja California)","author":"grieta","date":"16 marzo, 2020","format":false,"excerpt":"Pie de P\u00e1gina \/ Brechas \/ Texto y fotos: Kau Sirenio. Un lustro despu\u00e9s del movimiento laboral de los jornaleros en San Quint\u00edn, empresas y autoridades incumplen a medias los acuerdos conseguidos por los trabajadores. SAN QUINT\u00cdN, BAJA CALIFORNIA.- A cinco a\u00f1os que inici\u00f3 el movimiento por la reivindicaci\u00f3n de\u2026","rel":"","context":"En &quot;Baja California&quot;","block_context":{"text":"Baja California","link":"http:\/\/www.grieta.org.mx\/index.php\/category\/noticias-nacionales\/baja-california\/"},"img":{"alt_text":"","src":"https:\/\/i0.wp.com\/www.grieta.org.mx\/wp-content\/uploads\/2020\/03\/pdp_sanquintin_kausirenio01.jpg?resize=350%2C200","width":350,"height":200,"srcset":"https:\/\/i0.wp.com\/www.grieta.org.mx\/wp-content\/uploads\/2020\/03\/pdp_sanquintin_kausirenio01.jpg?resize=350%2C200 1x, https:\/\/i0.wp.com\/www.grieta.org.mx\/wp-content\/uploads\/2020\/03\/pdp_sanquintin_kausirenio01.jpg?resize=525%2C300 1.5x, https:\/\/i0.wp.com\/www.grieta.org.mx\/wp-content\/uploads\/2020\/03\/pdp_sanquintin_kausirenio01.jpg?resize=700%2C400 2x, https:\/\/i0.wp.com\/www.grieta.org.mx\/wp-content\/uploads\/2020\/03\/pdp_sanquintin_kausirenio01.jpg?resize=1050%2C600 3x"},"classes":[]},{"id":6458,"url":"http:\/\/www.grieta.org.mx\/index.php\/2016\/08\/30\/lucha-de-jornaleros-agricolas-en-san-quintin\/","url_meta":{"origin":9380,"position":2},"title":"Lucha de jornaleros agr\u00edcolas en San Quint\u00edn","author":"grieta","date":"30 agosto, 2016","format":false,"excerpt":"30\/08\/16. Tras reuni\u00f3n con directivos de Berry Mex, levantan paro jornaleros de San Quint\u00edn La Jornada BC 30\/08\/16. Paro de labores en campos de frambuesas en San Quint\u00edn, BC La Cr\u00f3nica de Chihuahua 16\/06\/16. En un a\u00f1o, m\u00e1s de 100 demandas laborales de jornaleros en San Quint\u00edn La Jornada BC\u2026","rel":"","context":"En &quot;Baja California&quot;","block_context":{"text":"Baja California","link":"http:\/\/www.grieta.org.mx\/index.php\/category\/noticias-nacionales\/baja-california\/"},"img":{"alt_text":"","src":"https:\/\/i0.wp.com\/www.grieta.org.mx\/wp-content\/uploads\/2018\/03\/14524434_1106112876131411_958039263622046936_o.jpg?resize=350%2C200","width":350,"height":200,"srcset":"https:\/\/i0.wp.com\/www.grieta.org.mx\/wp-content\/uploads\/2018\/03\/14524434_1106112876131411_958039263622046936_o.jpg?resize=350%2C200 1x, https:\/\/i0.wp.com\/www.grieta.org.mx\/wp-content\/uploads\/2018\/03\/14524434_1106112876131411_958039263622046936_o.jpg?resize=525%2C300 1.5x, https:\/\/i0.wp.com\/www.grieta.org.mx\/wp-content\/uploads\/2018\/03\/14524434_1106112876131411_958039263622046936_o.jpg?resize=700%2C400 2x"},"classes":[]},{"id":9365,"url":"http:\/\/www.grieta.org.mx\/index.php\/2015\/04\/24\/las-mujeres-jornaleras-del-valle-de-san-quintin\/","url_meta":{"origin":9380,"position":3},"title":"Las mujeres jornaleras del valle de San Quint\u00edn","author":"grieta","date":"24 abril, 2015","format":false,"excerpt":"LOURDES RUDI\u00d1O Hace poco m\u00e1s de un mes, el 17 de marzo, el Valle de San Quint\u00edn, en Baja California, fue escenario de un paro laboral de los jornaleros agr\u00edcolas \u2013muchos ind\u00edgenas, provenientes de Oaxaca, Guerrero, Chiapas y Michoac\u00e1n- que se extendi\u00f3 luego a bloqueos carreteros y saqueos y que\u2026","rel":"","context":"En &quot;CINTILLO&quot;","block_context":{"text":"CINTILLO","link":"http:\/\/www.grieta.org.mx\/index.php\/category\/cintillo\/"},"img":{"alt_text":"","src":"https:\/\/i0.wp.com\/www.grieta.org.mx\/wp-content\/uploads\/2018\/03\/14524434_1106112876131411_958039263622046936_o.jpg?resize=350%2C200","width":350,"height":200,"srcset":"https:\/\/i0.wp.com\/www.grieta.org.mx\/wp-content\/uploads\/2018\/03\/14524434_1106112876131411_958039263622046936_o.jpg?resize=350%2C200 1x, https:\/\/i0.wp.com\/www.grieta.org.mx\/wp-content\/uploads\/2018\/03\/14524434_1106112876131411_958039263622046936_o.jpg?resize=525%2C300 1.5x, https:\/\/i0.wp.com\/www.grieta.org.mx\/wp-content\/uploads\/2018\/03\/14524434_1106112876131411_958039263622046936_o.jpg?resize=700%2C400 2x"},"classes":[]},{"id":8833,"url":"http:\/\/www.grieta.org.mx\/index.php\/2015\/03\/20\/consigna-la-pgr-a-23-jornaleros-de-san-quintin\/","url_meta":{"origin":9380,"position":4},"title":"Consigna la PGR a 23 jornaleros de San Quint\u00edn","author":"grieta","date":"20 marzo, 2015","format":false,"excerpt":"Lorena Lamas, Ensenada, BC La Procuradur\u00eda General de la Rep\u00fablica (PGR) consign\u00f3 a 23 jornaleros detenidos tras las manifestaciones en el Valle, por el delito de ataque a las v\u00edas de comunicaci\u00f3n y medios de trasporte, al violar el art\u00edculo 167 fracci\u00f3n III del C\u00f3digo Penal Federal. La ma\u00f1ana del\u2026","rel":"","context":"En &quot;CINTILLO&quot;","block_context":{"text":"CINTILLO","link":"http:\/\/www.grieta.org.mx\/index.php\/category\/cintillo\/"},"img":{"alt_text":"","src":"https:\/\/i0.wp.com\/www.grieta.org.mx\/wp-content\/uploads\/2018\/03\/14524434_1106112876131411_958039263622046936_o.jpg?resize=350%2C200","width":350,"height":200,"srcset":"https:\/\/i0.wp.com\/www.grieta.org.mx\/wp-content\/uploads\/2018\/03\/14524434_1106112876131411_958039263622046936_o.jpg?resize=350%2C200 1x, https:\/\/i0.wp.com\/www.grieta.org.mx\/wp-content\/uploads\/2018\/03\/14524434_1106112876131411_958039263622046936_o.jpg?resize=525%2C300 1.5x, https:\/\/i0.wp.com\/www.grieta.org.mx\/wp-content\/uploads\/2018\/03\/14524434_1106112876131411_958039263622046936_o.jpg?resize=700%2C400 2x"},"classes":[]},{"id":12419,"url":"http:\/\/www.grieta.org.mx\/index.php\/2016\/05\/13\/jornaleros-de-san-quintin-alistan-marchas-en-2-estados\/","url_meta":{"origin":9380,"position":5},"title":"Jornaleros de San Quint\u00edn alistan marchas en 2 estados","author":"grieta","date":"13 mayo, 2016","format":false,"excerpt":"Armando Ru\u00edz A un a\u00f1o de las protestas de Jornaleros del Valle de San Quint\u00edn, aseguran que no se han cumplido sus demandas de mejores salarios y de seguridad social en el empleo, por lo que este s\u00e1bado 14 de mayo encabezar\u00e1n la denominada Acci\u00f3n Global por San Quint\u00edn, que\u2026","rel":"","context":"En &quot;CINTILLO&quot;","block_context":{"text":"CINTILLO","link":"http:\/\/www.grieta.org.mx\/index.php\/category\/cintillo\/"},"img":{"alt_text":"","src":"https:\/\/i0.wp.com\/www.grieta.org.mx\/wp-content\/uploads\/2018\/03\/14524434_1106112876131411_958039263622046936_o.jpg?resize=350%2C200","width":350,"height":200,"srcset":"https:\/\/i0.wp.com\/www.grieta.org.mx\/wp-content\/uploads\/2018\/03\/14524434_1106112876131411_958039263622046936_o.jpg?resize=350%2C200 1x, https:\/\/i0.wp.com\/www.grieta.org.mx\/wp-content\/uploads\/2018\/03\/14524434_1106112876131411_958039263622046936_o.jpg?resize=525%2C300 1.5x, https:\/\/i0.wp.com\/www.grieta.org.mx\/wp-content\/uploads\/2018\/03\/14524434_1106112876131411_958039263622046936_o.jpg?resize=700%2C400 2x"},"classes":[]}],"_links":{"self":[{"href":"http:\/\/www.grieta.org.mx\/index.php\/wp-json\/wp\/v2\/posts\/9380","targetHints":{"allow":["GET"]}}],"collection":[{"href":"http:\/\/www.grieta.org.mx\/index.php\/wp-json\/wp\/v2\/posts"}],"about":[{"href":"http:\/\/www.grieta.org.mx\/index.php\/wp-json\/wp\/v2\/types\/post"}],"author":[{"embeddable":true,"href":"http:\/\/www.grieta.org.mx\/index.php\/wp-json\/wp\/v2\/users\/2"}],"replies":[{"embeddable":true,"href":"http:\/\/www.grieta.org.mx\/index.php\/wp-json\/wp\/v2\/comments?post=9380"}],"version-history":[{"count":1,"href":"http:\/\/www.grieta.org.mx\/index.php\/wp-json\/wp\/v2\/posts\/9380\/revisions"}],"predecessor-version":[{"id":9381,"href":"http:\/\/www.grieta.org.mx\/index.php\/wp-json\/wp\/v2\/posts\/9380\/revisions\/9381"}],"wp:featuredmedia":[{"embeddable":true,"href":"http:\/\/www.grieta.org.mx\/index.php\/wp-json\/wp\/v2\/media\/21928"}],"wp:attachment":[{"href":"http:\/\/www.grieta.org.mx\/index.php\/wp-json\/wp\/v2\/media?parent=9380"}],"wp:term":[{"taxonomy":"category","embeddable":true,"href":"http:\/\/www.grieta.org.mx\/index.php\/wp-json\/wp\/v2\/categories?post=9380"},{"taxonomy":"post_tag","embeddable":true,"href":"http:\/\/www.grieta.org.mx\/index.php\/wp-json\/wp\/v2\/tags?post=9380"}],"curies":[{"name":"wp","href":"https:\/\/api.w.org\/{rel}","templated":true}]}}