{"id":9365,"date":"2015-04-24T06:24:49","date_gmt":"2015-04-24T06:24:49","guid":{"rendered":"http:\/\/www.grieta.org.mx\/?p=9365"},"modified":"2016-04-01T06:27:00","modified_gmt":"2016-04-01T06:27:00","slug":"las-mujeres-jornaleras-del-valle-de-san-quintin","status":"publish","type":"post","link":"http:\/\/www.grieta.org.mx\/index.php\/2015\/04\/24\/las-mujeres-jornaleras-del-valle-de-san-quintin\/","title":{"rendered":"Las mujeres jornaleras del valle de San Quint\u00edn"},"content":{"rendered":"<p>LOURDES RUDI\u00d1O<\/p>\n<p>Hace poco m\u00e1s de un mes, el 17 de marzo, el Valle de San Quint\u00edn, en Baja California, fue escenario de un paro laboral de los jornaleros agr\u00edcolas \u2013muchos ind\u00edgenas, provenientes de Oaxaca, Guerrero, Chiapas y Michoac\u00e1n- que se extendi\u00f3 luego a bloqueos carreteros y saqueos y que deriv\u00f3 en una respuesta policiaca inmediata de detenciones y en negociaciones posteriores que tratan de definirse hoy d\u00eda en la Ciudad de M\u00e9xico, con autoridades federales.<\/p>\n<p>Desde una perspectiva femenina, de Amalia Margarita Cruz, responsable del \u00e1rea laboral de la asociaci\u00f3n Naxihi na Xinxe na Xihi (en mixteco; Mujeres en Defensa de la Mujer, AC), la movilizaci\u00f3n de los trabajadores es m\u00e1s que justificada. \u201cEstamos en la frontera y todo es m\u00e1s caro. Una cartera de huevo cuesta 70 pesos. \u00bfC\u00f3mo puede ser eso, cuando el salario diario de los jornaleros es de 120 a 150 pesos diarios?, adem\u00e1s un salario que en la mayor\u00eda de los casos implica ya las prestaciones de aguinaldo y utilidades\u201d.<\/p>\n<p>Datos de la asociaci\u00f3n Proyecto de Derechos Econ\u00f3micos, Sociales y Culturales (Prodesc), citados por el portal web Imagen Agropecuaria, en todo Baja California laboran 50 mil jornaleros (datos de 2014). En el caso del Valle de San Quint\u00edn, que abarca cinco distritos &#8211; Colonet, Camal\u00fa, Vicente Guerrero, San Quint\u00edn y El Rosario-, Amalia comenta que se carece de una cifra total, pero m\u00e1s o menos la mitad de los jornaleros son mujeres. La labor en este Valle implica el cultivo y cosecha de unas ocho mil 500 hect\u00e1reas de tomate, fresa, pepino, ar\u00e1ndano, frambuesa, mora y cebolla, que en gran parte se exportan a Estados Unidos. Las mujeres que son madres tienen de tres a seis hijos, y muchas son solteras.<\/p>\n<p>Muchos jornaleros est\u00e1n asentados en el Valle de San Quint\u00edn y han comprado terrenos donde fincan sus viviendas; otros, los migrantes que regresan continuamente a sus lugares de origen, rentan cuartos, pagan entre 400 y mil pesos mensuales.<\/p>\n<p>La lucha de jornaleros, reportada por los medios, es en busca de respeto a sus derechos laborales, seguridad social, prestaciones de ley y freno al acoso sexual que sufren las mujeres, y que, dice Amalia, proviene de mayordomos, supervisores y de algunos compa\u00f1eros de trabajo en campo.<\/p>\n<p>De acuerdo con la entrevistada, en materia laboral Mujeres en Defensa de la Mujer se ha enfocado en impulsar la afiliaciones de las mujeres al Seguro Social, para que tengan derecho a incapacidad cuando se enferman y se embarazan, para que acumulen derechos por antig\u00fcedad y para que, al pensionarse, conserven atenci\u00f3n m\u00e9dica y todo lo que tiene que ver con seguridad social.<\/p>\n<p>\u201cEl hecho es que son muy pocos los jornaleros y jornaleras que cuentan con Seguro Social, sobre todo desde hace unos tres a\u00f1os cuando se empezaron a manejar los contratos colectivos\u201d (por agrupaciones sindicales corporativas como la CROC, a las cuales los jornaleros desconocen y rechazan). \u201cEsos contratos implican que los contratos se renueven cada mes. Le dan trabajo a la gente un mes, luego los descansan dos semanas y nuevamente los contratan por un mes. Todo para que no acumulen derechos ni acceso a la seguridad social\u201d.<\/p>\n<p>Amalia comenta que luego del paro del 17 de marzo, \u201cmucha gente se reincorpor\u00f3 a trabajar; lo hizo por la necesidad econ\u00f3mica; permanecer en pie en cuestiones de la huelga pone en riesgo el sustento de los hijos. En el Valle de San Quint\u00edn hay un buen flujo de mujeres que est\u00e1n solas, que son madres solteras, que trabajan aqu\u00ed y tambi\u00e9n en el otro lado de la frontera, en Estados Unidos. Ellas solventan los gastos del hogar. Tienen que regresar a trabajar, independientemente de que se logren o no acuerdos con las autoridades locales y federales\u201d.<\/p>\n<p>Desde que ocurri\u00f3 el paro, \u201cvemos que pr\u00e1cticamente todo est\u00e1 igual, los salarios siguen igual. Algunas empresas s\u00ed est\u00e1n comenzando a asegurar a los jornaleros, son los ranchos m\u00e1s grandes, Pero en cuesti\u00f3n de salario, no se ve que haya un incremento. Algunas empresas han aumentado los salarios pero de forma voluntaria, no hay ning\u00fan documento que garantice que ese aumento permanezca\u201d.<\/p>\n<p>La entrevistada, quien fue jornalera durante 22 a\u00f1os, desde que era una ni\u00f1a de ocho a\u00f1os de edad, dice que actualmente no se observa en el Valle de San Quint\u00edn trabajo infantil, lo que s\u00ed ocurr\u00eda en los a\u00f1os 80\u2019s y 90\u2019s. Asimismo, las tecnolog\u00edas han cambiado; del surco se ha pasado al invernadero, con m\u00e1s reglamentos y cuidados\u2026 pero enfocados a las plantas, no a la salud de los trabajadores. La exposici\u00f3n a pesticidas sigue siendo riesgosa y da\u00f1ina para la salud humana.<\/p>\n<p>Comenta que en la crisis econ\u00f3mica y social que viven los jornaleros, son las mujeres las m\u00e1s vulnerables y las que m\u00e1s sufren, porque \u201caparte de trabajar en el campo, que salen de sus casas a las cinco de la ma\u00f1ana y regresan a las cinco o seis de la tarde a sus casas, llegan a hacer aseo, ver a los ni\u00f1os, ver que el dinero alcance, ver el pago de la renta, y peor si viven con una persona que les genera violencia, que se alcoholiza y las golpea, las insulta, les quita el dinero, y que son acosadas en el trabajo, pues la mujer sufre el doble o el triple. Son ellas las que se embarazan, van embarazadas a trabajar, muchas veces no les dan trabajo por eso o son despedidas\u201d.<\/p>\n<p><a href=\"http:\/\/jornadabc.mx\/tijuana\/24-04-2015\/las-mujeres-jornaleras-del-valle-de-san-quintin\" target=\"_blank\">http:\/\/jornadabc.mx\/tijuana\/24-04-2015\/las-mujeres-jornaleras-del-valle-de-san-quintin<\/a><\/p>\n","protected":false},"excerpt":{"rendered":"<p>LOURDES RUDI\u00d1O Hace poco m\u00e1s de un mes, el 17 de marzo, el Valle de San Quint\u00edn, en Baja California, fue escenario de un paro laboral de los jornaleros agr\u00edcolas &hellip; <a href=\"http:\/\/www.grieta.org.mx\/index.php\/2015\/04\/24\/las-mujeres-jornaleras-del-valle-de-san-quintin\/\" class=\"more-link\">Leer m\u00e1s<\/a><\/p>\n","protected":false},"author":2,"featured_media":21928,"comment_status":"closed","ping_status":"closed","sticky":false,"template":"","format":"standard","meta":{"ngg_post_thumbnail":0,"_jetpack_newsletter_access":"","_jetpack_dont_email_post_to_subs":false,"_jetpack_newsletter_tier_id":0,"_jetpack_memberships_contains_paywalled_content":false,"_jetpack_memberships_contains_paid_content":false,"footnotes":""},"categories":[80],"tags":[204],"class_list":["post-9365","post","type-post","status-publish","format-standard","has-post-thumbnail","hentry","category-cintillo","tag-jornaleros","entry"],"jetpack_featured_media_url":"http:\/\/www.grieta.org.mx\/wp-content\/uploads\/2018\/03\/14524434_1106112876131411_958039263622046936_o.jpg","jetpack_sharing_enabled":true,"jetpack_shortlink":"https:\/\/wp.me\/p7ZJR4-2r3","jetpack_likes_enabled":false,"jetpack-related-posts":[{"id":22307,"url":"http:\/\/www.grieta.org.mx\/index.php\/2018\/03\/17\/se-manifiestan-jornaleros-de-san-quintin-a-tres-anos-de-su-levantamiento-baja-california\/","url_meta":{"origin":9365,"position":0},"title":"Se manifiestan jornaleros de San Quint\u00edn a tres a\u00f1os de su levantamiento (Baja California)","author":"grieta","date":"17 marzo, 2018","format":false,"excerpt":"San Quint\u00edn, 17 de marzo.- Jornaleros del Valle de San Quint\u00edn se manifestaron al cumplirse el tercer aniversario del movimiento que protagonizaron el 17 de marzo de 2015 para exigir mejoras en sus condiciones laborales. Alrededor de 60 personas, integrantes del Sindicato Nacional de Jornaleros Agr\u00edcolas (Sindja) se plantaron en\u2026","rel":"","context":"En &quot;Baja California&quot;","block_context":{"text":"Baja California","link":"http:\/\/www.grieta.org.mx\/index.php\/category\/noticias-nacionales\/baja-california\/"},"img":{"alt_text":"","src":"https:\/\/i0.wp.com\/www.grieta.org.mx\/wp-content\/uploads\/2018\/03\/sq_0.jpeg?resize=350%2C200","width":350,"height":200,"srcset":"https:\/\/i0.wp.com\/www.grieta.org.mx\/wp-content\/uploads\/2018\/03\/sq_0.jpeg?resize=350%2C200 1x, https:\/\/i0.wp.com\/www.grieta.org.mx\/wp-content\/uploads\/2018\/03\/sq_0.jpeg?resize=525%2C300 1.5x"},"classes":[]},{"id":6458,"url":"http:\/\/www.grieta.org.mx\/index.php\/2016\/08\/30\/lucha-de-jornaleros-agricolas-en-san-quintin\/","url_meta":{"origin":9365,"position":1},"title":"Lucha de jornaleros agr\u00edcolas en San Quint\u00edn","author":"grieta","date":"30 agosto, 2016","format":false,"excerpt":"30\/08\/16. Tras reuni\u00f3n con directivos de Berry Mex, levantan paro jornaleros de San Quint\u00edn La Jornada BC 30\/08\/16. Paro de labores en campos de frambuesas en San Quint\u00edn, BC La Cr\u00f3nica de Chihuahua 16\/06\/16. En un a\u00f1o, m\u00e1s de 100 demandas laborales de jornaleros en San Quint\u00edn La Jornada BC\u2026","rel":"","context":"En &quot;Baja California&quot;","block_context":{"text":"Baja California","link":"http:\/\/www.grieta.org.mx\/index.php\/category\/noticias-nacionales\/baja-california\/"},"img":{"alt_text":"","src":"https:\/\/i0.wp.com\/www.grieta.org.mx\/wp-content\/uploads\/2018\/03\/14524434_1106112876131411_958039263622046936_o.jpg?resize=350%2C200","width":350,"height":200,"srcset":"https:\/\/i0.wp.com\/www.grieta.org.mx\/wp-content\/uploads\/2018\/03\/14524434_1106112876131411_958039263622046936_o.jpg?resize=350%2C200 1x, https:\/\/i0.wp.com\/www.grieta.org.mx\/wp-content\/uploads\/2018\/03\/14524434_1106112876131411_958039263622046936_o.jpg?resize=525%2C300 1.5x, https:\/\/i0.wp.com\/www.grieta.org.mx\/wp-content\/uploads\/2018\/03\/14524434_1106112876131411_958039263622046936_o.jpg?resize=700%2C400 2x"},"classes":[]},{"id":8808,"url":"http:\/\/www.grieta.org.mx\/index.php\/2015\/03\/19\/reprimen-a-jornaleros-en-san-quintin-baja-california-hay-personas-detenidas\/","url_meta":{"origin":9365,"position":2},"title":"Reprimen a jornaleros en San Quintin Baja California, hay personas detenidas","author":"grieta","date":"19 marzo, 2015","format":false,"excerpt":"Seg\u00fan la informaci\u00f3n de la C\u00e9lula Movimiento #132 Ensenada, Los jornaleros agr\u00edcolas del valle de San Quint\u00edn, Baja California, agrupados en la Alianza de Organizaciones del Valle de San Quint\u00edn, iniciaron un movimiento exigiendo entre otras cosas: Alto al abuso sexual contra las mujeres Que a las mujeres embarazadas se\u2026","rel":"","context":"En &quot;CINTILLO&quot;","block_context":{"text":"CINTILLO","link":"http:\/\/www.grieta.org.mx\/index.php\/category\/cintillo\/"},"img":{"alt_text":"","src":"https:\/\/i0.wp.com\/www.grieta.org.mx\/wp-content\/uploads\/2018\/03\/14524434_1106112876131411_958039263622046936_o.jpg?resize=350%2C200","width":350,"height":200,"srcset":"https:\/\/i0.wp.com\/www.grieta.org.mx\/wp-content\/uploads\/2018\/03\/14524434_1106112876131411_958039263622046936_o.jpg?resize=350%2C200 1x, https:\/\/i0.wp.com\/www.grieta.org.mx\/wp-content\/uploads\/2018\/03\/14524434_1106112876131411_958039263622046936_o.jpg?resize=525%2C300 1.5x, https:\/\/i0.wp.com\/www.grieta.org.mx\/wp-content\/uploads\/2018\/03\/14524434_1106112876131411_958039263622046936_o.jpg?resize=700%2C400 2x"},"classes":[]},{"id":8802,"url":"http:\/\/www.grieta.org.mx\/index.php\/2015\/03\/18\/pedradas-contra-balazos-en-san-quintin\/","url_meta":{"origin":9365,"position":3},"title":"Pedradas contra balazos en San Quint\u00edn","author":"grieta","date":"18 marzo, 2015","format":false,"excerpt":"Juan Carlos Dom\u00ednguez, San Quint\u00edn, BC Los jornaleros de los campos agr\u00edcolas de San Quint\u00edn no han logrado ver al Gobernador de Baja California, Francisco Vega de Lamadrid. Lo que s\u00ed han visto los trabajadores y enfrentado, son a Polic\u00edas de los tres \u00f3rdenes de Gobierno, que junto a los\u2026","rel":"","context":"En &quot;CINTILLO&quot;","block_context":{"text":"CINTILLO","link":"http:\/\/www.grieta.org.mx\/index.php\/category\/cintillo\/"},"img":{"alt_text":"","src":"https:\/\/i0.wp.com\/www.grieta.org.mx\/wp-content\/uploads\/2018\/03\/14524434_1106112876131411_958039263622046936_o.jpg?resize=350%2C200","width":350,"height":200,"srcset":"https:\/\/i0.wp.com\/www.grieta.org.mx\/wp-content\/uploads\/2018\/03\/14524434_1106112876131411_958039263622046936_o.jpg?resize=350%2C200 1x, https:\/\/i0.wp.com\/www.grieta.org.mx\/wp-content\/uploads\/2018\/03\/14524434_1106112876131411_958039263622046936_o.jpg?resize=525%2C300 1.5x, https:\/\/i0.wp.com\/www.grieta.org.mx\/wp-content\/uploads\/2018\/03\/14524434_1106112876131411_958039263622046936_o.jpg?resize=700%2C400 2x"},"classes":[]},{"id":14654,"url":"http:\/\/www.grieta.org.mx\/index.php\/2016\/06\/16\/en-un-ano-mas-de-100-demandas-laborales-de-jornaleros-en-san-quintin\/","url_meta":{"origin":9365,"position":4},"title":"En un a\u00f1o, m\u00e1s de 100 demandas laborales de jornaleros en San Quint\u00edn","author":"grieta","date":"16 junio, 2016","format":false,"excerpt":"Por Gabriela Mart\u00ednez Tijuana, 16 de junio.- Este \u00faltimo a\u00f1o, la Procuradur\u00eda de la Defensa del Trabajo de Baja California atendi\u00f3 107 denuncias interpuestas por trabajadores del campo del Valle de San Quint\u00edn, al sur de Ensenada, dijo su titular Jos\u00e9 Lara Garc\u00eda. Entrevistado la ma\u00f1ana de este jueves, el\u2026","rel":"","context":"En &quot;CINTILLO&quot;","block_context":{"text":"CINTILLO","link":"http:\/\/www.grieta.org.mx\/index.php\/category\/cintillo\/"},"img":{"alt_text":"","src":"https:\/\/i0.wp.com\/www.grieta.org.mx\/wp-content\/uploads\/2018\/03\/14524434_1106112876131411_958039263622046936_o.jpg?resize=350%2C200","width":350,"height":200,"srcset":"https:\/\/i0.wp.com\/www.grieta.org.mx\/wp-content\/uploads\/2018\/03\/14524434_1106112876131411_958039263622046936_o.jpg?resize=350%2C200 1x, https:\/\/i0.wp.com\/www.grieta.org.mx\/wp-content\/uploads\/2018\/03\/14524434_1106112876131411_958039263622046936_o.jpg?resize=525%2C300 1.5x, https:\/\/i0.wp.com\/www.grieta.org.mx\/wp-content\/uploads\/2018\/03\/14524434_1106112876131411_958039263622046936_o.jpg?resize=700%2C400 2x"},"classes":[]},{"id":8833,"url":"http:\/\/www.grieta.org.mx\/index.php\/2015\/03\/20\/consigna-la-pgr-a-23-jornaleros-de-san-quintin\/","url_meta":{"origin":9365,"position":5},"title":"Consigna la PGR a 23 jornaleros de San Quint\u00edn","author":"grieta","date":"20 marzo, 2015","format":false,"excerpt":"Lorena Lamas, Ensenada, BC La Procuradur\u00eda General de la Rep\u00fablica (PGR) consign\u00f3 a 23 jornaleros detenidos tras las manifestaciones en el Valle, por el delito de ataque a las v\u00edas de comunicaci\u00f3n y medios de trasporte, al violar el art\u00edculo 167 fracci\u00f3n III del C\u00f3digo Penal Federal. La ma\u00f1ana del\u2026","rel":"","context":"En &quot;CINTILLO&quot;","block_context":{"text":"CINTILLO","link":"http:\/\/www.grieta.org.mx\/index.php\/category\/cintillo\/"},"img":{"alt_text":"","src":"https:\/\/i0.wp.com\/www.grieta.org.mx\/wp-content\/uploads\/2018\/03\/14524434_1106112876131411_958039263622046936_o.jpg?resize=350%2C200","width":350,"height":200,"srcset":"https:\/\/i0.wp.com\/www.grieta.org.mx\/wp-content\/uploads\/2018\/03\/14524434_1106112876131411_958039263622046936_o.jpg?resize=350%2C200 1x, https:\/\/i0.wp.com\/www.grieta.org.mx\/wp-content\/uploads\/2018\/03\/14524434_1106112876131411_958039263622046936_o.jpg?resize=525%2C300 1.5x, https:\/\/i0.wp.com\/www.grieta.org.mx\/wp-content\/uploads\/2018\/03\/14524434_1106112876131411_958039263622046936_o.jpg?resize=700%2C400 2x"},"classes":[]}],"_links":{"self":[{"href":"http:\/\/www.grieta.org.mx\/index.php\/wp-json\/wp\/v2\/posts\/9365","targetHints":{"allow":["GET"]}}],"collection":[{"href":"http:\/\/www.grieta.org.mx\/index.php\/wp-json\/wp\/v2\/posts"}],"about":[{"href":"http:\/\/www.grieta.org.mx\/index.php\/wp-json\/wp\/v2\/types\/post"}],"author":[{"embeddable":true,"href":"http:\/\/www.grieta.org.mx\/index.php\/wp-json\/wp\/v2\/users\/2"}],"replies":[{"embeddable":true,"href":"http:\/\/www.grieta.org.mx\/index.php\/wp-json\/wp\/v2\/comments?post=9365"}],"version-history":[{"count":1,"href":"http:\/\/www.grieta.org.mx\/index.php\/wp-json\/wp\/v2\/posts\/9365\/revisions"}],"predecessor-version":[{"id":9366,"href":"http:\/\/www.grieta.org.mx\/index.php\/wp-json\/wp\/v2\/posts\/9365\/revisions\/9366"}],"wp:featuredmedia":[{"embeddable":true,"href":"http:\/\/www.grieta.org.mx\/index.php\/wp-json\/wp\/v2\/media\/21928"}],"wp:attachment":[{"href":"http:\/\/www.grieta.org.mx\/index.php\/wp-json\/wp\/v2\/media?parent=9365"}],"wp:term":[{"taxonomy":"category","embeddable":true,"href":"http:\/\/www.grieta.org.mx\/index.php\/wp-json\/wp\/v2\/categories?post=9365"},{"taxonomy":"post_tag","embeddable":true,"href":"http:\/\/www.grieta.org.mx\/index.php\/wp-json\/wp\/v2\/tags?post=9365"}],"curies":[{"name":"wp","href":"https:\/\/api.w.org\/{rel}","templated":true}]}}