{"id":9362,"date":"2015-04-24T06:17:36","date_gmt":"2015-04-24T06:17:36","guid":{"rendered":"http:\/\/www.grieta.org.mx\/?p=9362"},"modified":"2016-04-01T06:21:25","modified_gmt":"2016-04-01T06:21:25","slug":"jornaleros-de-mexico-laboran-en-condiciones-que-existian-en-eu-hace-50-anos-grupos-civiles","status":"publish","type":"post","link":"http:\/\/www.grieta.org.mx\/index.php\/2015\/04\/24\/jornaleros-de-mexico-laboran-en-condiciones-que-existian-en-eu-hace-50-anos-grupos-civiles\/","title":{"rendered":"Jornaleros de M\u00e9xico laboran en condiciones que exist\u00edan en EU hace 50 a\u00f1os: Grupos Civiles"},"content":{"rendered":"<p>Ciudad de M\u00e9xico<\/p>\n<p>Grupos civiles manifestaron su solidaridad con los trabajadores agr\u00edcolas de San Quint\u00edn en su demanda de mejores condiciones laborales y de vida y expresaron que su movimiento es solo un bot\u00f3n de muestra de la realidad de los campesinos mexicanos, \u201cquienes trabajan en condiciones de explotaci\u00f3n y desigualdad\u201d.<\/p>\n<p>\u201cLos jornaleros agr\u00edcolas de San Quint\u00edn, como la mayor parte de los jornaleros agr\u00edcolas que laboran en M\u00e9xico, lo hacen en condiciones que exist\u00edan hace 50 a\u00f1os en los Estados Unidos. En el caso de San Quint\u00edn la mayor parte del producto va justamente para el mercado estadounidense\u201d dijo Fernando Bejarano Gonz\u00e1lez, director de la Red de Acci\u00f3n en Plaguicidas y Alternativas en M\u00e9xico (RAPAM).<\/p>\n<p>En tanto, Adelita San Vicente, de Semillas de Vida, mencion\u00f3 la necesidad que tienen los trabajadores agr\u00edcolas para incorporar al trabajo a sus hijos y parejas con el fin de asegurar los ingresos suficientes para una familia.<\/p>\n<p>\u201cLos jornaleros se apoyan en el trabajo de sus parejas y sus hijos porque se les paga a destajo. El producto de la labor de todos ellos, se suma al pago que se hace al padre o madre de familia; en el mejor de los casos, \u00fanicamente el jornalero es considerado asalariado\u201d, coment\u00f3.<\/p>\n<p>Mediante un pronunciamiento las organizaciones ANEC, Ashoka, El poder del consumidor y Fundar plantearon mejorar las condiciones de vida de los peque\u00f1os productores en nuestro pa\u00eds, a trav\u00e9s de:<\/p>\n<p>Redistribuci\u00f3n de los subsidios productivos para que apoyen de manera representativa a los campesinos.<\/p>\n<p>Revalorizaci\u00f3n del peque\u00f1o productor y su papel fundamental como agente econ\u00f3mico.<\/p>\n<p>Propuesta de una pol\u00edtica p\u00fablica dise\u00f1ada participativamente con los peque\u00f1os productores, la sociedad civil y el sector p\u00fablico.<\/p>\n<p>Para Regina Ganem de Fundar \u201cla alta concentraci\u00f3n de subsidios en los grandes productores, adem\u00e1s de quitarle el sentido l\u00f3gico al subsidio de revertir problemas estructurales de la econom\u00eda, incrementa la divisi\u00f3n social e imposibilita el crecimiento y el desarrollo econ\u00f3mico del pa\u00eds\u201d.<\/p>\n<p>Fidel S\u00e1nchez, vocero de la Alianza de los Jornaleros de San Quint\u00edn, dijo este d\u00eda en entrevista para Radio F\u00f3rmula que si en la reuni\u00f3n que sostendr\u00e1n este viernes en Baja California con el Subsecretario de Gobernaci\u00f3n, Luis Miranda, no se llega a un acuerdo habr\u00e1 \u201dun boicot econ\u00f3mico internacional\u201d.<\/p>\n<p>\u201cEstaremos tomando una acci\u00f3n siguiente, que ser\u00eda un boicot econ\u00f3mico internacional ante esta actuaci\u00f3n de Baja California\u201d, coment\u00f3 S\u00e1nchez. Indic\u00f3 que Luis Enrique Miranda tiene claro que los jornaleros buscan que el salario m\u00ednimo sea de 200 pesos.<\/p>\n<figure id=\"attachment_9363\" aria-describedby=\"caption-attachment-9363\" style=\"width: 700px\" class=\"wp-caption alignnone\"><img loading=\"lazy\" decoding=\"async\" data-attachment-id=\"9363\" data-permalink=\"http:\/\/www.grieta.org.mx\/index.php\/2015\/04\/24\/jornaleros-de-mexico-laboran-en-condiciones-que-existian-en-eu-hace-50-anos-grupos-civiles\/desalojo_jornaleros-2\/\" data-orig-file=\"http:\/\/www.grieta.org.mx\/wp-content\/uploads\/2016\/04\/Desalojo_Jornaleros-2.jpg\" data-orig-size=\"700,394\" data-comments-opened=\"0\" data-image-meta=\"{&quot;aperture&quot;:&quot;2.4&quot;,&quot;credit&quot;:&quot;&quot;,&quot;camera&quot;:&quot;XT1058&quot;,&quot;caption&quot;:&quot;SAN QUINT\\u00cdN, BAJA CALIFORNIA, 18MARZO2015.- Con palos, piedras y llantas, un grupo de jornaleros agr\\u00edcolas del sur de Ensenada mantiene bloqueada la carretera Transpeninsular desde las primeras horas de ayer martes. Desde las dos de la ma\\u00f1ana obstruyeron el paso a peatones y automovilistas. Conforme avanzan las horas, se suman m\\u00e1s personas a la protesta. Las protestas se derivan de la solicitud no atendida por el gobierno estatal hecha por los jornaleros en los meses de octubre y diciembre de 2014, de pedir la intervenci\\u00f3n de la Secretar\\u00eda del Trabajo del Gobierno de Baja California para mejorar no s\\u00f3lo el salario de 100 pesos, sino para establecer mesas de di\\u00e1logo a fin de mejorar las condiciones laborales. Una de las peticiones de los jornaleros era ganar 300 pesos en lugar de los cien establecidos actualmente.\\nFOTO: EL MEXICANO \/CUARTOSCURO.COM&quot;,&quot;created_timestamp&quot;:&quot;1426673707&quot;,&quot;copyright&quot;:&quot;&quot;,&quot;focal_length&quot;:&quot;4.499&quot;,&quot;iso&quot;:&quot;160&quot;,&quot;shutter_speed&quot;:&quot;0.00105263157895&quot;,&quot;title&quot;:&quot;&quot;,&quot;orientation&quot;:&quot;1&quot;}\" data-image-title=\"Desalojo_Jornaleros-2\" data-image-description=\"\" data-image-caption=\"&lt;p&gt;SAN QUINT\u00cdN, BAJA CALIFORNIA, 18MARZO2015.- Con palos, piedras y llantas, un grupo de jornaleros agr\u00edcolas del sur de Ensenada mantiene bloqueada la carretera Transpeninsular desde las primeras horas de ayer martes. Desde las dos de la ma\u00f1ana obstruyeron el paso a peatones y automovilistas. Conforme avanzan las horas, se suman m\u00e1s personas a la protesta. Las protestas se derivan de la solicitud no atendida por el gobierno estatal hecha por los jornaleros en los meses de octubre y diciembre de 2014, de pedir la intervenci\u00f3n de la Secretar\u00eda del Trabajo del Gobierno de Baja California para mejorar no s\u00f3lo el salario de 100 pesos, sino para establecer mesas de di\u00e1logo a fin de mejorar las condiciones laborales. Una de las peticiones de los jornaleros era ganar 300 pesos en lugar de los cien establecidos actualmente.&lt;br \/&gt;\nFOTO: EL MEXICANO \/CUARTOSCURO.COM&lt;\/p&gt;\n\" data-medium-file=\"http:\/\/www.grieta.org.mx\/wp-content\/uploads\/2016\/04\/Desalojo_Jornaleros-2-300x169.jpg\" data-large-file=\"http:\/\/www.grieta.org.mx\/wp-content\/uploads\/2016\/04\/Desalojo_Jornaleros-2.jpg\" class=\"size-full wp-image-9363\" src=\"http:\/\/www.grieta.org.mx\/wp-content\/uploads\/2016\/04\/Desalojo_Jornaleros-2.jpg\" alt=\"SAN QUINT\u00cdN, BAJA CALIFORNIA, 18MARZO2015.- Con palos, piedras y llantas, un grupo de jornaleros agr\u00edcolas del sur de Ensenada mantiene bloqueada la carretera Transpeninsular desde las primeras horas de ayer martes. Desde las dos de la ma\u00f1ana obstruyeron el paso a peatones y automovilistas. Conforme avanzan las horas, se suman m\u00e1s personas a la protesta. Las protestas se derivan de la solicitud no atendida por el gobierno estatal hecha por los jornaleros en los meses de octubre y diciembre de 2014, de pedir la intervenci\u00f3n de la Secretar\u00eda del Trabajo del Gobierno de Baja California para mejorar no s\u00f3lo el salario de 100 pesos, sino para establecer mesas de di\u00e1logo a fin de mejorar las condiciones laborales. Una de las peticiones de los jornaleros era ganar 300 pesos en lugar de los cien establecidos actualmente. FOTO: EL MEXICANO \/CUARTOSCURO.COM\" width=\"700\" height=\"394\" srcset=\"http:\/\/www.grieta.org.mx\/wp-content\/uploads\/2016\/04\/Desalojo_Jornaleros-2.jpg 700w, http:\/\/www.grieta.org.mx\/wp-content\/uploads\/2016\/04\/Desalojo_Jornaleros-2-300x169.jpg 300w\" sizes=\"auto, (max-width: 700px) 100vw, 700px\" \/><figcaption id=\"caption-attachment-9363\" class=\"wp-caption-text\">SAN QUINT\u00cdN, BAJA CALIFORNIA, 18MARZO2015.- Con palos, piedras y llantas, un grupo de jornaleros agr\u00edcolas del sur de Ensenada mantiene bloqueada la carretera Transpeninsular desde las primeras horas de ayer martes. Desde las dos de la ma\u00f1ana obstruyeron el paso a peatones y automovilistas. Conforme avanzan las horas, se suman m\u00e1s personas a la protesta. Las protestas se derivan de la solicitud no atendida por el gobierno estatal hecha por los jornaleros en los meses de octubre y diciembre de 2014, de pedir la intervenci\u00f3n de la Secretar\u00eda del Trabajo del Gobierno de Baja California para mejorar no s\u00f3lo el salario de 100 pesos, sino para establecer mesas de di\u00e1logo a fin de mejorar las condiciones laborales. Una de las peticiones de los jornaleros era ganar 300 pesos en lugar de los cien establecidos actualmente.<br \/>FOTO: EL MEXICANO \/CUARTOSCURO.COM<\/figcaption><\/figure>\n<p>LAS PROTESTAS<\/p>\n<p>En marzo pasado salieron a la luz p\u00fablica diversos casos en torno a la explotaci\u00f3n laboral que padecen miles de jornaleros en M\u00e9xico y que incluye bajos salarios, jornadas laborales de m\u00e1s de 12 horas, cero prestaciones laborales \u2013como aguinaldo, seguro social y vacaciones\u2013, adem\u00e1s de denuncias de acoso sexual hacia las mujeres por parte de los empleadores y la contrataci\u00f3n de menores de edad en los campos agr\u00edcolas.<\/p>\n<p>El 16 de marzo, la Secretar\u00eda de Trabajo y Previsi\u00f3n Social (STPS) anunci\u00f3 el rescate de m\u00e1s de 200 ind\u00edgenas rar\u00e1muris que laboraban en condiciones de explotaci\u00f3n e infrahumanas en dos municipios de Baja California Sur.<\/p>\n<p>De acuerdo con la dependencia federal, los ind\u00edgenas, entre los que se encontraban ni\u00f1os y mujeres, fueron reclutados en Chihuahua por la empresa Corporativo El Cerezo Sociedad Agr\u00edcola y trasladados con enga\u00f1os a Comond\u00fa, en Baja California Sur, para trabajar \u201cen condiciones vergonzosas, ilegales, insalubres y de miseria salarial\u201d.<\/p>\n<p>Una semana despu\u00e9s, el 23 de marzo, la STPS rescat\u00f3 a 49 jornaleros agr\u00edcolas mixtecos, 13 de ellos menores de edad, de un centro de trabajo dedicado a la producci\u00f3n de pepino, en el estado de Colima.<\/p>\n<p>Pero el caso que se mantiene todav\u00eda en los reflectores de la opini\u00f3n p\u00fablica es el de la comunidad de San Quint\u00edn en Ensenada, Baja California. El pasado 17 de marzo, cientos de jornaleros agr\u00edcolas de esta localidad realizaron un paro general y bloqueos en la carretera Transpeninsular para denunciar la explotaci\u00f3n laboral que sufren.<\/p>\n<p>Jornaleros agrupados en la Alianza de Organizaciones Nacional, Estatal y Municipal por la Justicia Social (AONEMJUS) iniciaron la lucha en demanda de mejores condiciones laborales y en protesta por la falta de inter\u00e9s que el gobierno estatal de Baja California \u2013que encabeza el Gobernador de extracci\u00f3n panista Francisco \u201cKiko\u201d Vega de Lamadrid\u2013 le concedi\u00f3 al pliego petitorio que emitieron en octubre del a\u00f1o pasado.<\/p>\n<p>Luego de m\u00e1s de 30 horas de bloqueos, polic\u00edas de los tres niveles de gobierno desalojaron a los jornaleros y detuvieron a 200 trabajadores. En el enfrentamiento presuntamente usaron balas de goma y gas lacrim\u00f3geno para reprimir la manifestaci\u00f3n.<\/p>\n<p>Las protestas arrojaron p\u00e9rdidas econ\u00f3micas, de cultivos, cierres de comercios, suspensi\u00f3n de clases, la alerta del Consulado de los Estados Unidos en Tijuana a sus ciudadanos para evitar viajar a San Quint\u00edn y un temor generalizado entre los habitantes. A pesar de esta situaci\u00f3n ni los representantes patronales, ni el Gobernador acudieron a la zona del conflicto.<\/p>\n<p>Tras dos d\u00edas de bloqueos y protestas, finalmente el mandatario local acudi\u00f3 a las mesas de negociaciones, las cuales concluyeron el pasado 28 de marzo con el levantamiento del paro. De acuerdo con medios locales, la mayor\u00eda de los jornaleros regresaron a los campos, sin embargo voceros de la AONEMJUS desmintieron esta versi\u00f3n y dijeron que se manten\u00edan en la lucha.<\/p>\n<p>Las condiciones laborales de los jornaleros es un tema que mantiene en alerta tanto a las organizaciones sociales como a la Comisi\u00f3n Nacional de los Derechos Humanos (CNDH) e incluso al Gobierno federal, que el mes pasado rescat\u00f3 a m\u00e1s de 400 trabajadores que laboraban y viv\u00edan en condiciones infrahumanas en campos agr\u00edcolas del pa\u00eds.<\/p>\n<p>UN D\u00d3LAR LA HORA, SIN SEGURO, SIN DESCANSO<\/p>\n<p>Hace casi una semana que un grupo los jornaleros de San Quint\u00edn, Baja California, est\u00e1 dando vueltas por la Ciudad de M\u00e9xico. Del Senado a comisiones de derechos humanos; de la radio a foros sindicales que prometen ayuda al movimiento de alrededor de 70 mil campesinos que estall\u00f3 en huelga desde el 25 de octubre pasado.<\/p>\n<p>\u201cVamos a tener justicia\u201d, repiten una y otra vez.<\/p>\n<p>Est\u00e1n de brazos ca\u00eddos para presionar a 25 compa\u00f1\u00edas que les da trabajo sin seguro m\u00e9dico ni prestaciones sociales por un salario de entre 10 y 15 d\u00f3lares al d\u00eda; en jornadas de 12 horas sin pago de horas extra y un solo d\u00eda de descanso. A veces ninguno.<\/p>\n<p>Seg\u00fan Encuesta Nacional Jornalera 2009, las condiciones de San Quint\u00edn son la punta del iceberg de dos millones de personas en condiciones similares en 17 de los 32 estados del pa\u00eds, de Baja California a Chiapas; 60 por ciento de ellos migrantes ind\u00edgenas del sur del pa\u00eds cuyos representantes volver\u00e1n este 24 de abril a la mesa de negociaciones.<\/p>\n<p>\u201cNOS ROCIABAN PESTICIDAS\u201d<\/p>\n<p>El mundo era como un juego a los ocho a\u00f1os de Luis Alberto Garc\u00eda, principalmente cuando se aproximaba la avioneta a bajo vuelo y el ruido de los motores hac\u00eda latir su coraz\u00f3n: era el aviso para echarse a correr.Nadie era alertado previamente, pero los campesinos que trabajaban en los plant\u00edos de tomate del rancho Los Pinos\u2013ni\u00f1os y adultos- sab\u00edan que el sonido del vuelo era la se\u00f1al para huir antes de que cayera el \u201cagua amarilla\u201d que no era otra cosa que pesticidas.<\/p>\n<p>\u201cEmpapaba los tomates y a quien no corr\u00eda a tiempo le ca\u00eda arriba\u201d, recuerda Garc\u00eda, quien hoy tiene 30 a\u00f1os, con cierto aire de rencor porque en ese tiempo no sab\u00eda de las enfermedades que provocan los qu\u00edmicos: c\u00e1ncer, hongos y otras que posteriormente presentaron hombres y mujeres sin lugar donde curarse.<\/p>\n<p>\u201cCasi ning\u00fan jornalero en San Quint\u00edn tiene seguro m\u00e9dico, ni edad para empezar a trabajar\u201d, explica.<\/p>\n<p>Luis Alberto conoci\u00f3 la playa una ma\u00f1ana que el capataz lo mont\u00f3 a un cami\u00f3n junto con otros ni\u00f1os a quienes llev\u00f3 a Cielito Lindo porque hab\u00eda una auditoria del gobierno contra el trabajo infantil y no quer\u00eda que los viera.<\/p>\n<p>GANO 70 D\u00d3LARES A LA SEMANA<\/p>\n<p>A los 15 a\u00f1os, Juventino Mart\u00ednez escuch\u00f3 en Ca\u00f1ada de Galicia, una min\u00fascula aldea de Oaxaca, que en Baja California hab\u00eda mucho trabajo como jornalero, no s\u00f3lo tres meses de temporal como en el pueblo.<\/p>\n<p>Era 1986 y sin pensarlo dos veces emigr\u00f3 miles de kil\u00f3metros al norte donde el dinero le rend\u00eda para sus caprichos de hombre de campo soltero, ya una cerveza, ya un pantal\u00f3n, hasta que se cas\u00f3 y con tres hijos el salario se le hizo agua.<\/p>\n<p>\u201cEmigr\u00e9 varias veces a Estados Unidos para hacer mi casa pero siempre regresaba para estar con la familia y en algunas de esas idas y vueltas me agarr\u00f3 la migra. La \u00faltima vez me llev\u00f3 seis meses preso y dej\u00e9 de ir\u201d.<\/p>\n<p>Entonces supo lo que era la miseria: \u201cGano dos salarios m\u00ednimos y mis hijos gastan m\u00e1s de la mitad y por eso me he tenido que endeudar\u201d.<\/p>\n<p>S\u00d3LO QUIERO VIVIR MEJOR<\/p>\n<p>Alex Herrera no entiende c\u00f3mo \u00e9l y sus compa\u00f1eros se organizaron para hacer las protestas que despertaron al Valle de San Quint\u00edn.<\/p>\n<p>\u201cTrabajamos hasta 12 horas y s\u00f3lo queda tiempo para regresar a casa, ba\u00f1arse y dormir para el d\u00eda siguiente\u201d.<\/p>\n<p>Herrera, de 38 a\u00f1os oriundo del estado de Morelos, suelta estas palabras y de pronto cae en cuenta. \u201cClaro -dice- fue a la hora del almuerzo: nadie estaba conforme, todos nos quej\u00e1bamos hasta que dijimos \u2018vamos a hacer algo\u2019\u201d.<\/p>\n<p>\u2013 \u00bfSe arrepiente de haber emigrado a Baja California?- se le pregunta.<\/p>\n<p>\u2013 No, aqu\u00ed conoc\u00ed a mi esposa, tambi\u00e9n jornalera de Guerrero. S\u00f3lo quiero vivir mejor.<\/p>\n<p><a href=\"http:\/\/www.sinembargo.mx\/24-04-2015\/1321240\" target=\"_blank\">www.sinembargo.mx\/24-04-2015\/1321240<\/a><\/p>\n","protected":false},"excerpt":{"rendered":"<p>Ciudad de M\u00e9xico Grupos civiles manifestaron su solidaridad con los trabajadores agr\u00edcolas de San Quint\u00edn en su demanda de mejores condiciones laborales y de vida y expresaron que su movimiento &hellip; <a href=\"http:\/\/www.grieta.org.mx\/index.php\/2015\/04\/24\/jornaleros-de-mexico-laboran-en-condiciones-que-existian-en-eu-hace-50-anos-grupos-civiles\/\" class=\"more-link\">Leer m\u00e1s<\/a><\/p>\n","protected":false},"author":2,"featured_media":21928,"comment_status":"closed","ping_status":"closed","sticky":false,"template":"","format":"standard","meta":{"ngg_post_thumbnail":0,"_jetpack_newsletter_access":"","_jetpack_dont_email_post_to_subs":false,"_jetpack_newsletter_tier_id":0,"_jetpack_memberships_contains_paywalled_content":false,"_jetpack_memberships_contains_paid_content":false,"footnotes":""},"categories":[80],"tags":[204],"class_list":["post-9362","post","type-post","status-publish","format-standard","has-post-thumbnail","hentry","category-cintillo","tag-jornaleros","entry"],"jetpack_featured_media_url":"http:\/\/www.grieta.org.mx\/wp-content\/uploads\/2018\/03\/14524434_1106112876131411_958039263622046936_o.jpg","jetpack_sharing_enabled":true,"jetpack_shortlink":"https:\/\/wp.me\/p7ZJR4-2r0","jetpack_likes_enabled":false,"jetpack-related-posts":[{"id":6458,"url":"http:\/\/www.grieta.org.mx\/index.php\/2016\/08\/30\/lucha-de-jornaleros-agricolas-en-san-quintin\/","url_meta":{"origin":9362,"position":0},"title":"Lucha de jornaleros agr\u00edcolas en San Quint\u00edn","author":"grieta","date":"30 agosto, 2016","format":false,"excerpt":"30\/08\/16. Tras reuni\u00f3n con directivos de Berry Mex, levantan paro jornaleros de San Quint\u00edn La Jornada BC 30\/08\/16. Paro de labores en campos de frambuesas en San Quint\u00edn, BC La Cr\u00f3nica de Chihuahua 16\/06\/16. En un a\u00f1o, m\u00e1s de 100 demandas laborales de jornaleros en San Quint\u00edn La Jornada BC\u2026","rel":"","context":"En &quot;Baja California&quot;","block_context":{"text":"Baja California","link":"http:\/\/www.grieta.org.mx\/index.php\/category\/noticias-nacionales\/baja-california\/"},"img":{"alt_text":"","src":"https:\/\/i0.wp.com\/www.grieta.org.mx\/wp-content\/uploads\/2018\/03\/14524434_1106112876131411_958039263622046936_o.jpg?resize=350%2C200","width":350,"height":200,"srcset":"https:\/\/i0.wp.com\/www.grieta.org.mx\/wp-content\/uploads\/2018\/03\/14524434_1106112876131411_958039263622046936_o.jpg?resize=350%2C200 1x, https:\/\/i0.wp.com\/www.grieta.org.mx\/wp-content\/uploads\/2018\/03\/14524434_1106112876131411_958039263622046936_o.jpg?resize=525%2C300 1.5x, https:\/\/i0.wp.com\/www.grieta.org.mx\/wp-content\/uploads\/2018\/03\/14524434_1106112876131411_958039263622046936_o.jpg?resize=700%2C400 2x"},"classes":[]},{"id":22307,"url":"http:\/\/www.grieta.org.mx\/index.php\/2018\/03\/17\/se-manifiestan-jornaleros-de-san-quintin-a-tres-anos-de-su-levantamiento-baja-california\/","url_meta":{"origin":9362,"position":1},"title":"Se manifiestan jornaleros de San Quint\u00edn a tres a\u00f1os de su levantamiento (Baja California)","author":"grieta","date":"17 marzo, 2018","format":false,"excerpt":"San Quint\u00edn, 17 de marzo.- Jornaleros del Valle de San Quint\u00edn se manifestaron al cumplirse el tercer aniversario del movimiento que protagonizaron el 17 de marzo de 2015 para exigir mejoras en sus condiciones laborales. Alrededor de 60 personas, integrantes del Sindicato Nacional de Jornaleros Agr\u00edcolas (Sindja) se plantaron en\u2026","rel":"","context":"En &quot;Baja California&quot;","block_context":{"text":"Baja California","link":"http:\/\/www.grieta.org.mx\/index.php\/category\/noticias-nacionales\/baja-california\/"},"img":{"alt_text":"","src":"https:\/\/i0.wp.com\/www.grieta.org.mx\/wp-content\/uploads\/2018\/03\/sq_0.jpeg?resize=350%2C200","width":350,"height":200,"srcset":"https:\/\/i0.wp.com\/www.grieta.org.mx\/wp-content\/uploads\/2018\/03\/sq_0.jpeg?resize=350%2C200 1x, https:\/\/i0.wp.com\/www.grieta.org.mx\/wp-content\/uploads\/2018\/03\/sq_0.jpeg?resize=525%2C300 1.5x"},"classes":[]},{"id":12430,"url":"http:\/\/www.grieta.org.mx\/index.php\/2016\/05\/14\/realizan-boicot-contra-driscolls-en-apoyo-a-jornaleros-de-san-quintin\/","url_meta":{"origin":9362,"position":2},"title":"Realizan boicot contra Driscolls, en apoyo a jornaleros de San Quint\u00edn","author":"grieta","date":"14 mayo, 2016","format":false,"excerpt":"Guillermo R\u00edos || El Sol de M\u00e9xico M\u00e9xico.- Debido al incumplimiento para mejorar las condiciones laborales de m\u00e1s de 80 mil jornaleros agr\u00edcolas que trabajan en el Valle de San Quint\u00edn, Baja California, se ha iniciado en Estados Unidos y M\u00e9xico un boicot a los productos de Driscolls que se\u2026","rel":"","context":"En &quot;CINTILLO&quot;","block_context":{"text":"CINTILLO","link":"http:\/\/www.grieta.org.mx\/index.php\/category\/cintillo\/"},"img":{"alt_text":"","src":"https:\/\/i0.wp.com\/www.grieta.org.mx\/wp-content\/uploads\/2018\/03\/14524434_1106112876131411_958039263622046936_o.jpg?resize=350%2C200","width":350,"height":200,"srcset":"https:\/\/i0.wp.com\/www.grieta.org.mx\/wp-content\/uploads\/2018\/03\/14524434_1106112876131411_958039263622046936_o.jpg?resize=350%2C200 1x, https:\/\/i0.wp.com\/www.grieta.org.mx\/wp-content\/uploads\/2018\/03\/14524434_1106112876131411_958039263622046936_o.jpg?resize=525%2C300 1.5x, https:\/\/i0.wp.com\/www.grieta.org.mx\/wp-content\/uploads\/2018\/03\/14524434_1106112876131411_958039263622046936_o.jpg?resize=700%2C400 2x"},"classes":[]},{"id":12419,"url":"http:\/\/www.grieta.org.mx\/index.php\/2016\/05\/13\/jornaleros-de-san-quintin-alistan-marchas-en-2-estados\/","url_meta":{"origin":9362,"position":3},"title":"Jornaleros de San Quint\u00edn alistan marchas en 2 estados","author":"grieta","date":"13 mayo, 2016","format":false,"excerpt":"Armando Ru\u00edz A un a\u00f1o de las protestas de Jornaleros del Valle de San Quint\u00edn, aseguran que no se han cumplido sus demandas de mejores salarios y de seguridad social en el empleo, por lo que este s\u00e1bado 14 de mayo encabezar\u00e1n la denominada Acci\u00f3n Global por San Quint\u00edn, que\u2026","rel":"","context":"En &quot;CINTILLO&quot;","block_context":{"text":"CINTILLO","link":"http:\/\/www.grieta.org.mx\/index.php\/category\/cintillo\/"},"img":{"alt_text":"","src":"https:\/\/i0.wp.com\/www.grieta.org.mx\/wp-content\/uploads\/2018\/03\/14524434_1106112876131411_958039263622046936_o.jpg?resize=350%2C200","width":350,"height":200,"srcset":"https:\/\/i0.wp.com\/www.grieta.org.mx\/wp-content\/uploads\/2018\/03\/14524434_1106112876131411_958039263622046936_o.jpg?resize=350%2C200 1x, https:\/\/i0.wp.com\/www.grieta.org.mx\/wp-content\/uploads\/2018\/03\/14524434_1106112876131411_958039263622046936_o.jpg?resize=525%2C300 1.5x, https:\/\/i0.wp.com\/www.grieta.org.mx\/wp-content\/uploads\/2018\/03\/14524434_1106112876131411_958039263622046936_o.jpg?resize=700%2C400 2x"},"classes":[]},{"id":9380,"url":"http:\/\/www.grieta.org.mx\/index.php\/2015\/03\/17\/san-quintin-habia-estallado-hace-30-anos-y-todo-sigue-igual\/","url_meta":{"origin":9362,"position":4},"title":"San Quint\u00edn hab\u00eda estallado hace 30 a\u00f1os y todo sigue igual","author":"grieta","date":"17 marzo, 2015","format":false,"excerpt":"Julieta Mart\u00ednez, Tijuana, Las condiciones laborales y sociales que motivaron este martes una manifestaci\u00f3n de jornaleros agr\u00edcolas que paraliz\u00f3 el Valle de San Quint\u00edn, son las mismas que hace m\u00e1s de 30 a\u00f1os se denunciaron y causaron movilizaciones de trabajadores del campo en esa zona, y en 2003 gener\u00f3 una\u2026","rel":"","context":"En &quot;CINTILLO&quot;","block_context":{"text":"CINTILLO","link":"http:\/\/www.grieta.org.mx\/index.php\/category\/cintillo\/"},"img":{"alt_text":"","src":"https:\/\/i0.wp.com\/www.grieta.org.mx\/wp-content\/uploads\/2018\/03\/14524434_1106112876131411_958039263622046936_o.jpg?resize=350%2C200","width":350,"height":200,"srcset":"https:\/\/i0.wp.com\/www.grieta.org.mx\/wp-content\/uploads\/2018\/03\/14524434_1106112876131411_958039263622046936_o.jpg?resize=350%2C200 1x, https:\/\/i0.wp.com\/www.grieta.org.mx\/wp-content\/uploads\/2018\/03\/14524434_1106112876131411_958039263622046936_o.jpg?resize=525%2C300 1.5x, https:\/\/i0.wp.com\/www.grieta.org.mx\/wp-content\/uploads\/2018\/03\/14524434_1106112876131411_958039263622046936_o.jpg?resize=700%2C400 2x"},"classes":[]},{"id":21098,"url":"http:\/\/www.grieta.org.mx\/index.php\/2016\/08\/19\/jornaleros-de-san-quintin-realizan-boicot-a-driscoll-en-ciudad-de-mexico\/","url_meta":{"origin":9362,"position":5},"title":"Jornaleros de San Quint\u00edn realizan Boicot a Driscoll En Ciudad de M\u00e9xico","author":"grieta","date":"19 agosto, 2016","format":false,"excerpt":"Ciudad de M\u00e9xico, 19\/08\/2016.- El d\u00eda de ayer representantes de los jornaleros de San Quint\u00edn Baja California junto con una decena de activistas, realizaron un Boicot a la empresa Driscoll principal exportadora a nivel mundial de Berries, la actividad se llevo a cabo en el Superama de Coyoac\u00e1n d\u00f3nde se\u2026","rel":"","context":"En &quot;CINTILLO&quot;","block_context":{"text":"CINTILLO","link":"http:\/\/www.grieta.org.mx\/index.php\/category\/cintillo\/"},"img":{"alt_text":"","src":"https:\/\/i0.wp.com\/www.grieta.org.mx\/wp-content\/uploads\/2018\/03\/14524434_1106112876131411_958039263622046936_o.jpg?resize=350%2C200","width":350,"height":200,"srcset":"https:\/\/i0.wp.com\/www.grieta.org.mx\/wp-content\/uploads\/2018\/03\/14524434_1106112876131411_958039263622046936_o.jpg?resize=350%2C200 1x, https:\/\/i0.wp.com\/www.grieta.org.mx\/wp-content\/uploads\/2018\/03\/14524434_1106112876131411_958039263622046936_o.jpg?resize=525%2C300 1.5x, https:\/\/i0.wp.com\/www.grieta.org.mx\/wp-content\/uploads\/2018\/03\/14524434_1106112876131411_958039263622046936_o.jpg?resize=700%2C400 2x"},"classes":[]}],"_links":{"self":[{"href":"http:\/\/www.grieta.org.mx\/index.php\/wp-json\/wp\/v2\/posts\/9362","targetHints":{"allow":["GET"]}}],"collection":[{"href":"http:\/\/www.grieta.org.mx\/index.php\/wp-json\/wp\/v2\/posts"}],"about":[{"href":"http:\/\/www.grieta.org.mx\/index.php\/wp-json\/wp\/v2\/types\/post"}],"author":[{"embeddable":true,"href":"http:\/\/www.grieta.org.mx\/index.php\/wp-json\/wp\/v2\/users\/2"}],"replies":[{"embeddable":true,"href":"http:\/\/www.grieta.org.mx\/index.php\/wp-json\/wp\/v2\/comments?post=9362"}],"version-history":[{"count":1,"href":"http:\/\/www.grieta.org.mx\/index.php\/wp-json\/wp\/v2\/posts\/9362\/revisions"}],"predecessor-version":[{"id":9364,"href":"http:\/\/www.grieta.org.mx\/index.php\/wp-json\/wp\/v2\/posts\/9362\/revisions\/9364"}],"wp:featuredmedia":[{"embeddable":true,"href":"http:\/\/www.grieta.org.mx\/index.php\/wp-json\/wp\/v2\/media\/21928"}],"wp:attachment":[{"href":"http:\/\/www.grieta.org.mx\/index.php\/wp-json\/wp\/v2\/media?parent=9362"}],"wp:term":[{"taxonomy":"category","embeddable":true,"href":"http:\/\/www.grieta.org.mx\/index.php\/wp-json\/wp\/v2\/categories?post=9362"},{"taxonomy":"post_tag","embeddable":true,"href":"http:\/\/www.grieta.org.mx\/index.php\/wp-json\/wp\/v2\/tags?post=9362"}],"curies":[{"name":"wp","href":"https:\/\/api.w.org\/{rel}","templated":true}]}}