{"id":932,"date":"2015-12-30T22:11:16","date_gmt":"2015-12-30T22:11:16","guid":{"rendered":"http:\/\/50.22.11.12\/~grietaor\/?p=932"},"modified":"2016-03-02T22:11:52","modified_gmt":"2016-03-02T22:11:52","slug":"conflictos-de-migrantes-en-el-edomex","status":"publish","type":"post","link":"http:\/\/www.grieta.org.mx\/index.php\/2015\/12\/30\/conflictos-de-migrantes-en-el-edomex\/","title":{"rendered":"Conflictos de migrantes en el Edomex"},"content":{"rendered":"<p><strong>30\/12\/15. <\/strong><a href=\"http:\/\/grieta.org.mx\/index.php\/2015\/12\/30\/olvida-edomex-promesa-de-albergue-migrante\/\">Olvida Edomex promesa de albergue migrante<\/a><br  \/><em>La Capital<\/em><br  \/><\/p>\n","protected":false},"excerpt":{"rendered":"<p>30\/12\/15. Olvida Edomex promesa de albergue migranteLa Capital<\/p>\n","protected":false},"author":2,"featured_media":21928,"comment_status":"closed","ping_status":"open","sticky":false,"template":"","format":"standard","meta":{"ngg_post_thumbnail":0,"_jetpack_newsletter_access":"","_jetpack_dont_email_post_to_subs":false,"_jetpack_newsletter_tier_id":0,"_jetpack_memberships_contains_paywalled_content":false,"_jetpack_memberships_contains_paid_content":false,"footnotes":""},"categories":[16,86],"tags":[],"class_list":["post-932","post","type-post","status-publish","format-standard","has-post-thumbnail","hentry","category-estado-de-mexico","category-migrantes","entry"],"jetpack_featured_media_url":"http:\/\/www.grieta.org.mx\/wp-content\/uploads\/2018\/03\/14524434_1106112876131411_958039263622046936_o.jpg","jetpack_sharing_enabled":true,"jetpack_shortlink":"https:\/\/wp.me\/p7ZJR4-f2","jetpack_likes_enabled":false,"jetpack-related-posts":[{"id":929,"url":"http:\/\/www.grieta.org.mx\/index.php\/2015\/12\/30\/olvida-edomex-promesa-de-albergue-migrante\/","url_meta":{"origin":932,"position":0},"title":"Olvida Edomex promesa de albergue migrante","author":"grieta","date":"30 diciembre, 2015","format":false,"excerpt":"Ruth Mu\u00f1iz El Gobierno del Estado de M\u00e9xico compr\u00f3 a sobreprecio un terreno en el Municipio de Huehuetoca, en el que invirti\u00f3 5 millones 370 mil pesos, con el pretexto de construir un albergue migrante, que a la fecha tiene 3 a\u00f1os 5 meses s\u00f3lo como una promesa. En julio\u2026","rel":"","context":"En &quot;CINTILLO&quot;","block_context":{"text":"CINTILLO","link":"http:\/\/www.grieta.org.mx\/index.php\/category\/cintillo\/"},"img":{"alt_text":"","src":"https:\/\/i0.wp.com\/www.grieta.org.mx\/wp-content\/uploads\/2018\/03\/14524434_1106112876131411_958039263622046936_o.jpg?resize=350%2C200","width":350,"height":200,"srcset":"https:\/\/i0.wp.com\/www.grieta.org.mx\/wp-content\/uploads\/2018\/03\/14524434_1106112876131411_958039263622046936_o.jpg?resize=350%2C200 1x, https:\/\/i0.wp.com\/www.grieta.org.mx\/wp-content\/uploads\/2018\/03\/14524434_1106112876131411_958039263622046936_o.jpg?resize=525%2C300 1.5x, https:\/\/i0.wp.com\/www.grieta.org.mx\/wp-content\/uploads\/2018\/03\/14524434_1106112876131411_958039263622046936_o.jpg?resize=700%2C400 2x"},"classes":[]},{"id":941,"url":"http:\/\/www.grieta.org.mx\/index.php\/2016\/01\/31\/vecinos-de-ecatepec-denuncian-limpia-de-indigentes-y-migrantes-en-rutas-del-papa\/","url_meta":{"origin":932,"position":1},"title":"Vecinos de Ecatepec denuncian \u201climpia\u201d de indigentes y migrantes en rutas del Papa","author":"grieta","date":"31 enero, 2016","format":false,"excerpt":"31\/01\/16. Maltrato animal y desapariciones en el Edomex por visita del Papa Somos el Medio 24\/01\/16. \u00a1Faltaba m\u00e1s! En Edomex, estado de los acarreados, no faltar\u00e1 gente en eventos del PapaSin Embargo 21\/01\/16. Eruviel maquilla Ecatepec con \u201climpia\u201d de indigentes en rutas del Papa: activistas y vecinosSin Embargo","rel":"","context":"En &quot;Estado de M\u00e9xico&quot;","block_context":{"text":"Estado de M\u00e9xico","link":"http:\/\/www.grieta.org.mx\/index.php\/category\/noticias-nacionales\/estado-de-mexico\/"},"img":{"alt_text":"","src":"https:\/\/i0.wp.com\/www.grieta.org.mx\/wp-content\/uploads\/2018\/03\/14524434_1106112876131411_958039263622046936_o.jpg?resize=350%2C200","width":350,"height":200,"srcset":"https:\/\/i0.wp.com\/www.grieta.org.mx\/wp-content\/uploads\/2018\/03\/14524434_1106112876131411_958039263622046936_o.jpg?resize=350%2C200 1x, https:\/\/i0.wp.com\/www.grieta.org.mx\/wp-content\/uploads\/2018\/03\/14524434_1106112876131411_958039263622046936_o.jpg?resize=525%2C300 1.5x, https:\/\/i0.wp.com\/www.grieta.org.mx\/wp-content\/uploads\/2018\/03\/14524434_1106112876131411_958039263622046936_o.jpg?resize=700%2C400 2x"},"classes":[]},{"id":2498,"url":"http:\/\/www.grieta.org.mx\/index.php\/2016\/08\/22\/feminicidios-en-el-estado-de-mexico\/","url_meta":{"origin":932,"position":2},"title":"Feminicidios en el Estado de M\u00e9xico","author":"grieta","date":"22 agosto, 2016","format":false,"excerpt":"22\/08\/16. Crecen violencia machista y n\u00famero de mujeres desaparecidasTres PM 10\/08\/16. Once feminicidios violentos en una semana en Edo. de M\u00e9xicoDiario Cambio 02\/08\/16. AVG Edomex, un a\u00f1o de omisi\u00f3n y discurso medi\u00e1ticoSomos el Medio 26\/07\/16. La Alerta de G\u00e9nero cumple 1 a\u00f1o, y nada: Edomex no mueve un dedo contra\u2026","rel":"","context":"En &quot;Estado de M\u00e9xico&quot;","block_context":{"text":"Estado de M\u00e9xico","link":"http:\/\/www.grieta.org.mx\/index.php\/category\/noticias-nacionales\/estado-de-mexico\/"},"img":{"alt_text":"","src":"https:\/\/i0.wp.com\/www.grieta.org.mx\/wp-content\/uploads\/2018\/03\/14524434_1106112876131411_958039263622046936_o.jpg?resize=350%2C200","width":350,"height":200,"srcset":"https:\/\/i0.wp.com\/www.grieta.org.mx\/wp-content\/uploads\/2018\/03\/14524434_1106112876131411_958039263622046936_o.jpg?resize=350%2C200 1x, https:\/\/i0.wp.com\/www.grieta.org.mx\/wp-content\/uploads\/2018\/03\/14524434_1106112876131411_958039263622046936_o.jpg?resize=525%2C300 1.5x, https:\/\/i0.wp.com\/www.grieta.org.mx\/wp-content\/uploads\/2018\/03\/14524434_1106112876131411_958039263622046936_o.jpg?resize=700%2C400 2x"},"classes":[]},{"id":422,"url":"http:\/\/www.grieta.org.mx\/index.php\/2016\/06\/15\/agresiones-a-periodistas-en-el-edomex\/","url_meta":{"origin":932,"position":3},"title":"Violencia contra periodistas en el Edomex","author":"grieta","date":"15 junio, 2016","format":false,"excerpt":"15\/06\/16. Funcionario del PRI golpea a reportero que lo increpa sobre las huelgas en el EdomexActivista MX 20\/08\/15. Inici\u00f3 la CODHEM 30 denuncias por agresiones a periodistas en Edomex Quadrat\u00edn 31\/07\/15. Muerte y amenazas acechan al periodismo en el Estado de M\u00e9xico Elecciones y agresiones 09\/06\/15. Reporteras encarceladas en Ixtapaluca\u2026","rel":"","context":"En &quot;Estado de M\u00e9xico&quot;","block_context":{"text":"Estado de M\u00e9xico","link":"http:\/\/www.grieta.org.mx\/index.php\/category\/noticias-nacionales\/estado-de-mexico\/"},"img":{"alt_text":"","src":"https:\/\/i0.wp.com\/www.grieta.org.mx\/wp-content\/uploads\/2018\/03\/14524434_1106112876131411_958039263622046936_o.jpg?resize=350%2C200","width":350,"height":200,"srcset":"https:\/\/i0.wp.com\/www.grieta.org.mx\/wp-content\/uploads\/2018\/03\/14524434_1106112876131411_958039263622046936_o.jpg?resize=350%2C200 1x, https:\/\/i0.wp.com\/www.grieta.org.mx\/wp-content\/uploads\/2018\/03\/14524434_1106112876131411_958039263622046936_o.jpg?resize=525%2C300 1.5x, https:\/\/i0.wp.com\/www.grieta.org.mx\/wp-content\/uploads\/2018\/03\/14524434_1106112876131411_958039263622046936_o.jpg?resize=700%2C400 2x"},"classes":[]},{"id":42606,"url":"http:\/\/www.grieta.org.mx\/index.php\/2019\/12\/26\/402-mujeres-asesinadas-en-once-meses-en-edomex\/","url_meta":{"origin":932,"position":4},"title":"402 mujeres asesinadas en once meses en Edomex","author":"grieta","date":"26 diciembre, 2019","format":false,"excerpt":"\u00a0 Iv\u00e1n Ju\u00e1rez \/ Quadratin Edomex TOLUCA, Edomex.-26 diciembre 2019.-De enero a noviembre, 402 mujeres fueron asesinadas intencionalmente en el Estado de M\u00e9xico, es decir, un promedio de 1.2 casos diarios para convertirse en la entidad m\u00e1s peligrosa para las personas del sexo femenino. Sin embargo, \u00fanicamente 108 eventos son\u2026","rel":"","context":"En &quot;CINTILLO&quot;","block_context":{"text":"CINTILLO","link":"http:\/\/www.grieta.org.mx\/index.php\/category\/cintillo\/"},"img":{"alt_text":"","src":"https:\/\/i0.wp.com\/www.grieta.org.mx\/wp-content\/uploads\/2019\/12\/meses-ano-suman-mexico-feminicidios_0_0_958_596.jpg?resize=350%2C200","width":350,"height":200,"srcset":"https:\/\/i0.wp.com\/www.grieta.org.mx\/wp-content\/uploads\/2019\/12\/meses-ano-suman-mexico-feminicidios_0_0_958_596.jpg?resize=350%2C200 1x, https:\/\/i0.wp.com\/www.grieta.org.mx\/wp-content\/uploads\/2019\/12\/meses-ano-suman-mexico-feminicidios_0_0_958_596.jpg?resize=525%2C300 1.5x, https:\/\/i0.wp.com\/www.grieta.org.mx\/wp-content\/uploads\/2019\/12\/meses-ano-suman-mexico-feminicidios_0_0_958_596.jpg?resize=700%2C400 2x"},"classes":[]},{"id":49611,"url":"http:\/\/www.grieta.org.mx\/index.php\/2020\/05\/08\/cierran-albergue-de-migrantes-por-15-casos-de-covid-19-en-tamaulipas\/","url_meta":{"origin":932,"position":5},"title":"Cierran albergue de migrantes por 15 casos de COVID-19 en Tamaulipas","author":"grieta","date":"8 mayo, 2020","format":false,"excerpt":"SUN\/El Informador 8 mayo 2020 Apenas llegan a la frontera con M\u00e9xico, los migrantes deportados desde EU no reciben ning\u00fan tipo de revisi\u00f3n m\u00e9dica Un albergue habilitado para recibir migrantes deportados desde Estados Unidos, cerr\u00f3 luego de que 15 personas resultaran contagiadas por el COVID-19, denunci\u00f3 Sergio Mart\u00edn, coordinador general\u2026","rel":"","context":"En &quot;CINTILLO&quot;","block_context":{"text":"CINTILLO","link":"http:\/\/www.grieta.org.mx\/index.php\/category\/cintillo\/"},"img":{"alt_text":"","src":"https:\/\/i0.wp.com\/www.grieta.org.mx\/wp-content\/uploads\/2020\/05\/mig.png?resize=350%2C200","width":350,"height":200,"srcset":"https:\/\/i0.wp.com\/www.grieta.org.mx\/wp-content\/uploads\/2020\/05\/mig.png?resize=350%2C200 1x, https:\/\/i0.wp.com\/www.grieta.org.mx\/wp-content\/uploads\/2020\/05\/mig.png?resize=525%2C300 1.5x, https:\/\/i0.wp.com\/www.grieta.org.mx\/wp-content\/uploads\/2020\/05\/mig.png?resize=700%2C400 2x"},"classes":[]}],"_links":{"self":[{"href":"http:\/\/www.grieta.org.mx\/index.php\/wp-json\/wp\/v2\/posts\/932","targetHints":{"allow":["GET"]}}],"collection":[{"href":"http:\/\/www.grieta.org.mx\/index.php\/wp-json\/wp\/v2\/posts"}],"about":[{"href":"http:\/\/www.grieta.org.mx\/index.php\/wp-json\/wp\/v2\/types\/post"}],"author":[{"embeddable":true,"href":"http:\/\/www.grieta.org.mx\/index.php\/wp-json\/wp\/v2\/users\/2"}],"replies":[{"embeddable":true,"href":"http:\/\/www.grieta.org.mx\/index.php\/wp-json\/wp\/v2\/comments?post=932"}],"version-history":[{"count":1,"href":"http:\/\/www.grieta.org.mx\/index.php\/wp-json\/wp\/v2\/posts\/932\/revisions"}],"predecessor-version":[{"id":934,"href":"http:\/\/www.grieta.org.mx\/index.php\/wp-json\/wp\/v2\/posts\/932\/revisions\/934"}],"wp:featuredmedia":[{"embeddable":true,"href":"http:\/\/www.grieta.org.mx\/index.php\/wp-json\/wp\/v2\/media\/21928"}],"wp:attachment":[{"href":"http:\/\/www.grieta.org.mx\/index.php\/wp-json\/wp\/v2\/media?parent=932"}],"wp:term":[{"taxonomy":"category","embeddable":true,"href":"http:\/\/www.grieta.org.mx\/index.php\/wp-json\/wp\/v2\/categories?post=932"},{"taxonomy":"post_tag","embeddable":true,"href":"http:\/\/www.grieta.org.mx\/index.php\/wp-json\/wp\/v2\/tags?post=932"}],"curies":[{"name":"wp","href":"https:\/\/api.w.org\/{rel}","templated":true}]}}