{"id":9297,"date":"2016-03-15T04:21:50","date_gmt":"2016-03-15T04:21:50","guid":{"rendered":"http:\/\/www.grieta.org.mx\/?p=9297"},"modified":"2018-06-21T15:46:49","modified_gmt":"2018-06-21T20:46:49","slug":"retienen-durante-8-horas-a-trabajadores-de-bodega-aurrera-en-el-istmo","status":"publish","type":"post","link":"http:\/\/www.grieta.org.mx\/index.php\/2016\/03\/15\/retienen-durante-8-horas-a-trabajadores-de-bodega-aurrera-en-el-istmo\/","title":{"rendered":"Retienen durante 8 horas a trabajadores de Bodega Aurrer\u00e1 en el Istmo"},"content":{"rendered":"<p>Quadrat\u00edn.<\/p>\n<p>Roselia Chaca,<\/p>\n<p>Juchit\u00e1n, Oaxaca. 15 de marzo de 2016.- Un grupo de simpatizantes de la organizaci\u00f3n \u2018Hagamos algo\u2019 de Ciudad Ixtepec tomaron este martes las instalaciones de las sucursales de la empresa Bodega Aurrera en Juchit\u00e1n e Ixtepec para pedir la liquidaci\u00f3n de un trabajador conforme a la ley que supuestamente fue despedido de forma injustificada. Joel Luis, dirigente de la agrupaci\u00f3n, inform\u00f3 que el trabajador se desempe\u00f1\u00f3 por 12 a\u00f1os como panadero en la empresa en Ixtepec pero debido a una enfermedad tuvo que acudir al IMSS don de le dieron una incapacidad. Relat\u00f3 que al parecer la gerente de esa sucursal no acept\u00f3 las constantes disposiciones de incapacidad del trabajador y lo despidi\u00f3 hace tres d\u00edas, otorg\u00e1ndole una liquidaci\u00f3n de tres meses. Dijo que el trabajador busc\u00f3 la asesor\u00eda de la organizaci\u00f3n \u2018Hagamos algo\u2019 pues consider\u00f3 injustificado su despido. Al no conseguir respuesta a la demanda de una liquidaci\u00f3n mayor decidieron tomar las instalaciones de la tienda. El bloqueo en Juchit\u00e1n e Ixtepec, en la regi\u00f3n del Istmo, lo realizaron unas 25 personas en cada sucursal, reteniendo por m\u00e1s de 8 horas a algunos trabajadores. Despu\u00e9s de acordar una mesa de negociaci\u00f3n con los encargados de la tienda los manifestantes se retiraron. En tanto, mediante un comunicado el director de Comunicaci\u00f3n Corporativa de Walmart de M\u00e9xico y Centroam\u00e9rica, Antonio Ocaranza conden\u00f3 estos hechos y lament\u00f3 la falta de Estado de Derecho. \u201cWalmart de M\u00e9xico y Centroam\u00e9rica condena la privaci\u00f3n ilegal de la libertad 69 asociados (empleados) que se encuentran dentro de la tienda Bodega Aurrer\u00e1 Juchit\u00e1n, Oaxaca, que ha sido tomada por un grupo de personas que impiden su salida\u201d, se lee en el bolet\u00edn de prensa. M\u00e1s tarde, en su cuenta de Twitter el directivo inform\u00f3 que la tienda de Juchit\u00e1n no abrir\u00e1 sus puertas ante la falta de seguridad para sus clientes y asociados.<\/p>\n<p><a href=\"https:\/\/oaxaca.quadratin.com.mx\/Retienen-durante-8-horas-a-trabajadores-de-Bodega-Aurrera-en-el-Istmo\/\" target=\"_blank\">https:\/\/oaxaca.quadratin.com.mx\/Retienen-durante-8-horas-a-trabajadores-de-Bodega-Aurrera-en-el-Istmo\/<\/a><\/p>\n","protected":false},"excerpt":{"rendered":"<p>Quadrat\u00edn. Roselia Chaca, Juchit\u00e1n, Oaxaca. 15 de marzo de 2016.- Un grupo de simpatizantes de la organizaci\u00f3n \u2018Hagamos algo\u2019 de Ciudad Ixtepec tomaron este martes las instalaciones de las sucursales &hellip; <a href=\"http:\/\/www.grieta.org.mx\/index.php\/2016\/03\/15\/retienen-durante-8-horas-a-trabajadores-de-bodega-aurrera-en-el-istmo\/\" class=\"more-link\">Leer m\u00e1s<\/a><\/p>\n","protected":false},"author":2,"featured_media":21928,"comment_status":"closed","ping_status":"closed","sticky":false,"template":"","format":"standard","meta":{"ngg_post_thumbnail":0,"_jetpack_newsletter_access":"","_jetpack_dont_email_post_to_subs":false,"_jetpack_newsletter_tier_id":0,"_jetpack_memberships_contains_paywalled_content":false,"_jetpack_memberships_contains_paid_content":false,"footnotes":""},"categories":[80,1355,2,25],"tags":[113,105,163,93],"class_list":["post-9297","post","type-post","status-publish","format-standard","has-post-thumbnail","hentry","category-cintillo","category-conflictos-laborales-en-oaxaca","category-noticias-nacionales","category-oaxaca","tag-conflictos-laborales","tag-derechos-laborales","tag-despidos","tag-oaxaca","entry"],"jetpack_featured_media_url":"http:\/\/www.grieta.org.mx\/wp-content\/uploads\/2018\/03\/14524434_1106112876131411_958039263622046936_o.jpg","jetpack_sharing_enabled":true,"jetpack_shortlink":"https:\/\/wp.me\/p7ZJR4-2pX","jetpack_likes_enabled":false,"jetpack-related-posts":[{"id":1703,"url":"http:\/\/www.grieta.org.mx\/index.php\/2015\/07\/16\/cumple-tres-dias-toma-de-tienda-de-bodega-aurrera-cinco-ex-empleadas-exigen-indemnizacion\/","url_meta":{"origin":9297,"position":0},"title":"Cumple tres d\u00edas \u201ctoma\u201d de tienda de bodega Aurrera, cinco ex empleadas exigen indemnizaci\u00f3n","author":"grieta","date":"16 julio, 2015","format":false,"excerpt":"P\u00e1gina 3. Diana Manzo, Juchit\u00e1n, Oaxaca.- M\u00e1s de 72 horas cumpli\u00f3 la \u201ctoma\u201d de la tienda Bodega Aurrera de la sucursal Juchit\u00e1n , perteneciente a la cadena Walmart, encabezada por cinco ex empleadas, quienes llevaban casi diez a\u00f1os trabajando y fueron despedidas, algunas por padecer enfermedades y otras por malos\u2026","rel":"","context":"En &quot;CINTILLO&quot;","block_context":{"text":"CINTILLO","link":"http:\/\/www.grieta.org.mx\/index.php\/category\/cintillo\/"},"img":{"alt_text":"","src":"https:\/\/i0.wp.com\/www.grieta.org.mx\/wp-content\/uploads\/2018\/03\/14524434_1106112876131411_958039263622046936_o.jpg?resize=350%2C200","width":350,"height":200,"srcset":"https:\/\/i0.wp.com\/www.grieta.org.mx\/wp-content\/uploads\/2018\/03\/14524434_1106112876131411_958039263622046936_o.jpg?resize=350%2C200 1x, https:\/\/i0.wp.com\/www.grieta.org.mx\/wp-content\/uploads\/2018\/03\/14524434_1106112876131411_958039263622046936_o.jpg?resize=525%2C300 1.5x, https:\/\/i0.wp.com\/www.grieta.org.mx\/wp-content\/uploads\/2018\/03\/14524434_1106112876131411_958039263622046936_o.jpg?resize=700%2C400 2x"},"classes":[]},{"id":1698,"url":"http:\/\/www.grieta.org.mx\/index.php\/2015\/07\/17\/presenta-walmart-denuncia-penal-por-bloqueo-de-tienda-en-juchitan\/","url_meta":{"origin":9297,"position":1},"title":"Presenta Walmart denuncia penal por bloqueo de tienda en Juchit\u00e1n","author":"grieta","date":"17 julio, 2015","format":false,"excerpt":"Diario Marca, Redacci\u00f3n, Walmart de M\u00e9xico y Centroam\u00e9rica inform\u00f3 que present\u00f3 una denuncia penal contra quien resulte responsable ante el bloqueo de la tienda Bodega Aurrera ubicada en Juchit\u00e1n, Oaxaca. La tienda de conveniencia detalla en un comunicado que en el grupo que bloquea la unidad se encuentran ex empleados\u2026","rel":"","context":"En &quot;CINTILLO&quot;","block_context":{"text":"CINTILLO","link":"http:\/\/www.grieta.org.mx\/index.php\/category\/cintillo\/"},"img":{"alt_text":"","src":"https:\/\/i0.wp.com\/www.grieta.org.mx\/wp-content\/uploads\/2018\/03\/14524434_1106112876131411_958039263622046936_o.jpg?resize=350%2C200","width":350,"height":200,"srcset":"https:\/\/i0.wp.com\/www.grieta.org.mx\/wp-content\/uploads\/2018\/03\/14524434_1106112876131411_958039263622046936_o.jpg?resize=350%2C200 1x, https:\/\/i0.wp.com\/www.grieta.org.mx\/wp-content\/uploads\/2018\/03\/14524434_1106112876131411_958039263622046936_o.jpg?resize=525%2C300 1.5x, https:\/\/i0.wp.com\/www.grieta.org.mx\/wp-content\/uploads\/2018\/03\/14524434_1106112876131411_958039263622046936_o.jpg?resize=700%2C400 2x"},"classes":[]},{"id":1701,"url":"http:\/\/www.grieta.org.mx\/index.php\/2015\/07\/16\/piden-ex-empleadas-de-cadena-de-tiendas-indemnizacion-en-el-istmo\/","url_meta":{"origin":9297,"position":2},"title":"Piden ex empleadas de cadena de tiendas indemnizaci\u00f3n en el Istmo","author":"grieta","date":"16 julio, 2015","format":false,"excerpt":"Quadrat\u00edn. Roselia Cha\u00b4Ca Juchit\u00e1n, Oaxaca, 16 de julio de 2015.- Unas 5 personas despedidas de la tienda Aurrer\u00e1, de la empresa Walmart, mantienen tomadas las instalaciones de la sucursal en Juchit\u00e1n desde hace 24 horas con el argumento que fueron despedidas presuntamente de manera injustificada. Las inconformes aseguran que por\u2026","rel":"","context":"En &quot;CINTILLO&quot;","block_context":{"text":"CINTILLO","link":"http:\/\/www.grieta.org.mx\/index.php\/category\/cintillo\/"},"img":{"alt_text":"","src":"https:\/\/i0.wp.com\/www.grieta.org.mx\/wp-content\/uploads\/2018\/03\/14524434_1106112876131411_958039263622046936_o.jpg?resize=350%2C200","width":350,"height":200,"srcset":"https:\/\/i0.wp.com\/www.grieta.org.mx\/wp-content\/uploads\/2018\/03\/14524434_1106112876131411_958039263622046936_o.jpg?resize=350%2C200 1x, https:\/\/i0.wp.com\/www.grieta.org.mx\/wp-content\/uploads\/2018\/03\/14524434_1106112876131411_958039263622046936_o.jpg?resize=525%2C300 1.5x, https:\/\/i0.wp.com\/www.grieta.org.mx\/wp-content\/uploads\/2018\/03\/14524434_1106112876131411_958039263622046936_o.jpg?resize=700%2C400 2x"},"classes":[]},{"id":15387,"url":"http:\/\/www.grieta.org.mx\/index.php\/2016\/06\/23\/marchan-en-el-istmo-contra-la-universalizacion-de-la-salud\/","url_meta":{"origin":9297,"position":3},"title":"Marchan en el istmo contra la Universalizaci\u00f3n de la Salud","author":"grieta","date":"23 junio, 2016","format":false,"excerpt":"E. Santiago, Oaxaca. #SalinaCruz 23 jun (#Istmopress) .- Al grito de \u201cVa a caer, va a caer la reforma va a caer\u201d, as\u00ed marcharon esta trabajadores del sector Salud en este municipio. Esta marcha que parti\u00f3 frente a la cl\u00ednica del Instituto Mexicano del Seguro Social IMSS, tambi\u00e9n fue en\u2026","rel":"","context":"En &quot;CINTILLO&quot;","block_context":{"text":"CINTILLO","link":"http:\/\/www.grieta.org.mx\/index.php\/category\/cintillo\/"},"img":{"alt_text":"","src":"https:\/\/i0.wp.com\/www.grieta.org.mx\/wp-content\/uploads\/2018\/03\/14524434_1106112876131411_958039263622046936_o.jpg?resize=350%2C200","width":350,"height":200,"srcset":"https:\/\/i0.wp.com\/www.grieta.org.mx\/wp-content\/uploads\/2018\/03\/14524434_1106112876131411_958039263622046936_o.jpg?resize=350%2C200 1x, https:\/\/i0.wp.com\/www.grieta.org.mx\/wp-content\/uploads\/2018\/03\/14524434_1106112876131411_958039263622046936_o.jpg?resize=525%2C300 1.5x, https:\/\/i0.wp.com\/www.grieta.org.mx\/wp-content\/uploads\/2018\/03\/14524434_1106112876131411_958039263622046936_o.jpg?resize=700%2C400 2x"},"classes":[]},{"id":2077,"url":"http:\/\/www.grieta.org.mx\/index.php\/2015\/12\/13\/caravana-de-madres-de-migrantes-concluye-ruta-en-oaxaca\/","url_meta":{"origin":9297,"position":4},"title":"Caravana de madres de migrantes concluye ruta en Oaxaca","author":"grieta","date":"13 diciembre, 2015","format":false,"excerpt":"Quadratin, Oaxaca CIUDAD IXTEPEC, Oax., 13 de diciembre de 2015.- Las 38 madres y padres que integran la 11 Caravana de Madres Centroamericanas \u201cUna madre nunca se cansa de buscar\u201d realizaron este domingo su \u00faltima actividad en el Istmo de Tehuantepec. El grupo, que coordina el Movimiento Migrante Mesoamericano (MMM)\u2026","rel":"","context":"En &quot;CINTILLO&quot;","block_context":{"text":"CINTILLO","link":"http:\/\/www.grieta.org.mx\/index.php\/category\/cintillo\/"},"img":{"alt_text":"","src":"https:\/\/i0.wp.com\/www.grieta.org.mx\/wp-content\/uploads\/2018\/03\/14524434_1106112876131411_958039263622046936_o.jpg?resize=350%2C200","width":350,"height":200,"srcset":"https:\/\/i0.wp.com\/www.grieta.org.mx\/wp-content\/uploads\/2018\/03\/14524434_1106112876131411_958039263622046936_o.jpg?resize=350%2C200 1x, https:\/\/i0.wp.com\/www.grieta.org.mx\/wp-content\/uploads\/2018\/03\/14524434_1106112876131411_958039263622046936_o.jpg?resize=525%2C300 1.5x, https:\/\/i0.wp.com\/www.grieta.org.mx\/wp-content\/uploads\/2018\/03\/14524434_1106112876131411_958039263622046936_o.jpg?resize=700%2C400 2x"},"classes":[]},{"id":1676,"url":"http:\/\/www.grieta.org.mx\/index.php\/2016\/02\/18\/entrega-ieepo-cheques-inservibles-a-pensionadas-del-istmo\/","url_meta":{"origin":9297,"position":5},"title":"Entrega IEEPO cheques inservibles a pensionadas del istmo","author":"grieta","date":"18 febrero, 2016","format":false,"excerpt":"Istmopress. Diana Manzo, Juchit\u00e1n, Oaxaca.- Unas mil 500 mujeres pensionadas del Istmo de Tehuantepec no pudieron cobrar sus quincenas debido a que el Instituto Estatal de Educaci\u00f3n P\u00fablica de Oaxaca (IEEPO) cometi\u00f3 un error en la fecha de expedici\u00f3n de los cheques \u201c15 de Febrero 2015\u201d y no \u201c15 de\u2026","rel":"","context":"En &quot;CINTILLO&quot;","block_context":{"text":"CINTILLO","link":"http:\/\/www.grieta.org.mx\/index.php\/category\/cintillo\/"},"img":{"alt_text":"","src":"https:\/\/i0.wp.com\/www.grieta.org.mx\/wp-content\/uploads\/2018\/03\/14524434_1106112876131411_958039263622046936_o.jpg?resize=350%2C200","width":350,"height":200,"srcset":"https:\/\/i0.wp.com\/www.grieta.org.mx\/wp-content\/uploads\/2018\/03\/14524434_1106112876131411_958039263622046936_o.jpg?resize=350%2C200 1x, https:\/\/i0.wp.com\/www.grieta.org.mx\/wp-content\/uploads\/2018\/03\/14524434_1106112876131411_958039263622046936_o.jpg?resize=525%2C300 1.5x, https:\/\/i0.wp.com\/www.grieta.org.mx\/wp-content\/uploads\/2018\/03\/14524434_1106112876131411_958039263622046936_o.jpg?resize=700%2C400 2x"},"classes":[]}],"_links":{"self":[{"href":"http:\/\/www.grieta.org.mx\/index.php\/wp-json\/wp\/v2\/posts\/9297","targetHints":{"allow":["GET"]}}],"collection":[{"href":"http:\/\/www.grieta.org.mx\/index.php\/wp-json\/wp\/v2\/posts"}],"about":[{"href":"http:\/\/www.grieta.org.mx\/index.php\/wp-json\/wp\/v2\/types\/post"}],"author":[{"embeddable":true,"href":"http:\/\/www.grieta.org.mx\/index.php\/wp-json\/wp\/v2\/users\/2"}],"replies":[{"embeddable":true,"href":"http:\/\/www.grieta.org.mx\/index.php\/wp-json\/wp\/v2\/comments?post=9297"}],"version-history":[{"count":1,"href":"http:\/\/www.grieta.org.mx\/index.php\/wp-json\/wp\/v2\/posts\/9297\/revisions"}],"predecessor-version":[{"id":23875,"href":"http:\/\/www.grieta.org.mx\/index.php\/wp-json\/wp\/v2\/posts\/9297\/revisions\/23875"}],"wp:featuredmedia":[{"embeddable":true,"href":"http:\/\/www.grieta.org.mx\/index.php\/wp-json\/wp\/v2\/media\/21928"}],"wp:attachment":[{"href":"http:\/\/www.grieta.org.mx\/index.php\/wp-json\/wp\/v2\/media?parent=9297"}],"wp:term":[{"taxonomy":"category","embeddable":true,"href":"http:\/\/www.grieta.org.mx\/index.php\/wp-json\/wp\/v2\/categories?post=9297"},{"taxonomy":"post_tag","embeddable":true,"href":"http:\/\/www.grieta.org.mx\/index.php\/wp-json\/wp\/v2\/tags?post=9297"}],"curies":[{"name":"wp","href":"https:\/\/api.w.org\/{rel}","templated":true}]}}