{"id":9267,"date":"2015-03-17T02:10:31","date_gmt":"2015-03-17T02:10:31","guid":{"rendered":"http:\/\/www.grieta.org.mx\/?p=9267"},"modified":"2016-04-01T02:12:31","modified_gmt":"2016-04-01T02:12:31","slug":"con-tretas-fueron-reclutados-los-raramuris-rescatados-de-trabajo-inhumano-en-bcs","status":"publish","type":"post","link":"http:\/\/www.grieta.org.mx\/index.php\/2015\/03\/17\/con-tretas-fueron-reclutados-los-raramuris-rescatados-de-trabajo-inhumano-en-bcs\/","title":{"rendered":"Con tretas fueron reclutados los rar\u00e1muris rescatados de trabajo inhumano en BCS"},"content":{"rendered":"<p>Gloria Mu\u00f1oz R\u00edos<\/p>\n<p>El secretario del Trabajo, Alfonso Navarrete Prida, inform\u00f3 ayer que fueron rescatados 200 jornaleros agr\u00edcolas de la sierra Tarahumara que eran v\u00edctimas de explotaci\u00f3n y fueron reclutados en el municipio de Creel, Chihuahua, para trabajar para la empresa Corporativo El Cerezo Sociedad Agr\u00edcola.<\/p>\n<p>En conferencia de prensa se\u00f1al\u00f3 que los ind\u00edgenas \u2013entre los que se encontraban ni\u00f1os y mujeres\u2013 fueron llevados con enga\u00f1os a campos agr\u00edcolas del municipio de Comond\u00fa, en Baja California Sur, a laborar en condiciones inhumanas, vergonzosas y expuestos a enfermedades, donde incluso estaban retenidos de manera ilegal.<\/p>\n<p>Indic\u00f3 que por estos hechos est\u00e1n siendo interrogados dos supuestos enganchadores de nombres Alejandro N y Fortino N. Detall\u00f3 que los hechos pueden constituir delitos como trata de personas, privaci\u00f3n de la libertad, explotaci\u00f3n laboral e infantil e incluso violaciones de los derechos humanos.<\/p>\n<p>Navarrete sostuvo que el rescate se logr\u00f3 debido a una denuncia de jornaleros agr\u00edcolas que dijeron haber huido de un campo de explotaci\u00f3n, por lo que fueron enviados inspectores a un predio del municipio de Comond\u00fa, en el bulevar Agust\u00edn Olachea, Villa Ignacio Zaragoza, donde \u201cten\u00edan a 100 hombres, mujeres y ni\u00f1os \u2013incluso beb\u00e9s\u2013 hacinados en chozas provisionales elaboradas con ramas, hules y costales, en medio de basura y lodo, con poca agua y ba\u00f1os sucios\u201d.<\/p>\n<p>Luego localizaron otro campamento en el campo agr\u00edcola ubicado en el lote 20, colonia Galeana, donde estaban 100 jornaleros en iguales condiciones.<\/p>\n<p>En este sitio, en las casas provisionales habitaban hasta 10 personas, quienes dorm\u00edan entre ropa sucia y amontonada, ba\u00f1os port\u00e1tiles totalmente insalubres, hab\u00eda ni\u00f1os alojados sin cuidado de adultos y con el riesgo de deshidrataci\u00f3n por las altas temperaturas, adem\u00e1s de agua encharcada, por lo que estaban infestados de moscas e insectos, propensos a infecciones estomacales y de toda \u00edndole, relat\u00f3.<\/p>\n<p>De los hechos se dio vista a la Procuradur\u00eda General de la Rep\u00fablica y al Servicio de Administraci\u00f3n Tributaria para que indaguen otros posibles delitos.<\/p>\n<p>En el contexto del operativo M\u00e9xico con Trabajo Digno, los inspectores identificaron a unos 15 menores de edad que trabajaban en la recolecci\u00f3n de papa.<\/p>\n<p>Por lo pronto se negoci\u00f3 con el administrador del campo para que los trabajadores siguieran laborando, pero reubicados en zonas adecuadas de vivienda, con alimentos higi\u00e9nicos, as\u00ed como instalaciones limpias y agua suficiente.<\/p>\n<p>En el interrogatorio, los supuestos enganchadores aceptaron que trasladaron a los trabajadores a Baja California Sur; que les prestaban 200 pesos para que compraran algunas cosas y al final de la cosecha les pagaban. En tanto que cobraban a los due\u00f1os de los terrenos ocho pesos por costal de papas y a los jornaleros les pagan cuatro pesos por bulto.<br \/>\n<a href=\"http:\/\/www.jornada.unam.mx\/2015\/03\/17\/politica\/014n1pol\" target=\"_blank\"> www.jornada.unam.mx\/2015\/03\/17\/politica\/014n1pol<\/a><\/p>\n","protected":false},"excerpt":{"rendered":"<p>Gloria Mu\u00f1oz R\u00edos El secretario del Trabajo, Alfonso Navarrete Prida, inform\u00f3 ayer que fueron rescatados 200 jornaleros agr\u00edcolas de la sierra Tarahumara que eran v\u00edctimas de explotaci\u00f3n y fueron reclutados &hellip; <a href=\"http:\/\/www.grieta.org.mx\/index.php\/2015\/03\/17\/con-tretas-fueron-reclutados-los-raramuris-rescatados-de-trabajo-inhumano-en-bcs\/\" class=\"more-link\">Leer m\u00e1s<\/a><\/p>\n","protected":false},"author":2,"featured_media":21928,"comment_status":"closed","ping_status":"closed","sticky":false,"template":"","format":"standard","meta":{"ngg_post_thumbnail":0,"_jetpack_newsletter_access":"","_jetpack_dont_email_post_to_subs":false,"_jetpack_newsletter_tier_id":0,"_jetpack_memberships_contains_paywalled_content":false,"_jetpack_memberships_contains_paid_content":false,"footnotes":""},"categories":[80],"tags":[204,193],"class_list":["post-9267","post","type-post","status-publish","format-standard","has-post-thumbnail","hentry","category-cintillo","tag-jornaleros","tag-raramuris","entry"],"jetpack_featured_media_url":"http:\/\/www.grieta.org.mx\/wp-content\/uploads\/2018\/03\/14524434_1106112876131411_958039263622046936_o.jpg","jetpack_sharing_enabled":true,"jetpack_shortlink":"https:\/\/wp.me\/p7ZJR4-2pt","jetpack_likes_enabled":false,"jetpack-related-posts":[{"id":9268,"url":"http:\/\/www.grieta.org.mx\/index.php\/2015\/04\/22\/denuncian-jornaleros-agricolas-campos-de-explotacion-en-bcs\/","url_meta":{"origin":9267,"position":0},"title":"Jornaleros agr\u00edcolas en Baja California Sur","author":"grieta","date":"22 abril, 2015","format":false,"excerpt":"22\/04\/15. Para los jornaleros todo sigue igual Peninsular Digital 20\/04\/15. Son 17,000 jornaleros los que trabajan en los campos agr\u00edcolas de BCS BCS Noticias 17\/03\/15. Con tretas fueron reclutados los rar\u00e1muris rescatados de trabajo inhumano en BCS La Jornada","rel":"","context":"En &quot;Baja California Sur&quot;","block_context":{"text":"Baja California Sur","link":"http:\/\/www.grieta.org.mx\/index.php\/category\/noticias-nacionales\/baja-california-sur\/"},"img":{"alt_text":"","src":"https:\/\/i0.wp.com\/www.grieta.org.mx\/wp-content\/uploads\/2018\/03\/14524434_1106112876131411_958039263622046936_o.jpg?resize=350%2C200","width":350,"height":200,"srcset":"https:\/\/i0.wp.com\/www.grieta.org.mx\/wp-content\/uploads\/2018\/03\/14524434_1106112876131411_958039263622046936_o.jpg?resize=350%2C200 1x, https:\/\/i0.wp.com\/www.grieta.org.mx\/wp-content\/uploads\/2018\/03\/14524434_1106112876131411_958039263622046936_o.jpg?resize=525%2C300 1.5x, https:\/\/i0.wp.com\/www.grieta.org.mx\/wp-content\/uploads\/2018\/03\/14524434_1106112876131411_958039263622046936_o.jpg?resize=700%2C400 2x"},"classes":[]},{"id":2770,"url":"http:\/\/www.grieta.org.mx\/index.php\/2015\/03\/31\/colima-entre-los-18-estados-donde-se-explota-a-los-jornaleros-agricolas-fiob\/","url_meta":{"origin":9267,"position":1},"title":"Colima, entre los 18 estados donde se explota a los jornaleros agr\u00edcolas: FIOB","author":"grieta","date":"31 marzo, 2015","format":false,"excerpt":"\u201cColima, M\u00e9xico. Avanzada (31 de marzo de 2015).- El Frente Ind\u00edgena de Organizaciones Binacionales (FIOB) denunci\u00f3 que en 18 estados del pa\u00eds, entre ellos Colima, Sinaloa, Sonora, Baja California, Jalisco y Nayarit, los jornaleros agr\u00edcolas viven en condiciones de vulnerabilidad y constante violaci\u00f3n a sus derechos fundamentales. \u201cSin que hasta\u2026","rel":"","context":"En &quot;CINTILLO&quot;","block_context":{"text":"CINTILLO","link":"http:\/\/www.grieta.org.mx\/index.php\/category\/cintillo\/"},"img":{"alt_text":"","src":"https:\/\/i0.wp.com\/www.grieta.org.mx\/wp-content\/uploads\/2018\/03\/14524434_1106112876131411_958039263622046936_o.jpg?resize=350%2C200","width":350,"height":200,"srcset":"https:\/\/i0.wp.com\/www.grieta.org.mx\/wp-content\/uploads\/2018\/03\/14524434_1106112876131411_958039263622046936_o.jpg?resize=350%2C200 1x, https:\/\/i0.wp.com\/www.grieta.org.mx\/wp-content\/uploads\/2018\/03\/14524434_1106112876131411_958039263622046936_o.jpg?resize=525%2C300 1.5x, https:\/\/i0.wp.com\/www.grieta.org.mx\/wp-content\/uploads\/2018\/03\/14524434_1106112876131411_958039263622046936_o.jpg?resize=700%2C400 2x"},"classes":[]},{"id":2761,"url":"http:\/\/www.grieta.org.mx\/index.php\/2015\/05\/19\/iniciojornaleros-jornaleros-agricolas-en-colima-explotados-y-sin-nadie-que-los-defienda\/","url_meta":{"origin":9267,"position":2},"title":"Jornaleros agr\u00edcolas en Colima: explotados y sin nadie que los defienda","author":"grieta","date":"19 mayo, 2015","format":false,"excerpt":"Heidi de Le\u00f3n Guti\u00e9rrez Diario Avanzada Publicado: 19 Mayo 2015 El Frente Ind\u00edgena de Organizaciones Binacionales (FIOB) denunci\u00f3 que en 18 estados del pa\u00eds, entre ellos Colima, los jornaleros agr\u00edcolas viven en condiciones de vulnerabilidad y constante violaci\u00f3n a sus derechos fundamentales Colima, M\u00e9xico. Avanzada (19 de mayo de 2015).-\u2026","rel":"","context":"En &quot;CINTILLO&quot;","block_context":{"text":"CINTILLO","link":"http:\/\/www.grieta.org.mx\/index.php\/category\/cintillo\/"},"img":{"alt_text":"","src":"https:\/\/i0.wp.com\/www.grieta.org.mx\/wp-content\/uploads\/2018\/03\/14524434_1106112876131411_958039263622046936_o.jpg?resize=350%2C200","width":350,"height":200,"srcset":"https:\/\/i0.wp.com\/www.grieta.org.mx\/wp-content\/uploads\/2018\/03\/14524434_1106112876131411_958039263622046936_o.jpg?resize=350%2C200 1x, https:\/\/i0.wp.com\/www.grieta.org.mx\/wp-content\/uploads\/2018\/03\/14524434_1106112876131411_958039263622046936_o.jpg?resize=525%2C300 1.5x, https:\/\/i0.wp.com\/www.grieta.org.mx\/wp-content\/uploads\/2018\/03\/14524434_1106112876131411_958039263622046936_o.jpg?resize=700%2C400 2x"},"classes":[]},{"id":16499,"url":"http:\/\/www.grieta.org.mx\/index.php\/2015\/03\/25\/fresnillo-foco-rojo-para-jornaleros-agricolas-secretaria-del-trabajo\/","url_meta":{"origin":9267,"position":3},"title":"Fresnillo \u201cfoco rojo\u201d para jornaleros agr\u00edcolas: Secretar\u00eda del Trabajo","author":"grieta","date":"25 marzo, 2015","format":false,"excerpt":"Por: RAQUEL OLLAQUINDIA marzo 25, 2015 ? Fresnillo es un \u201cfoco rojo\u201d para este tipo de trabajadores, advierte Gilberto Zapata ? En El Mineral tienen dif\u00edciles condiciones laborales y de vivienda; hay presencia del crimen El delegado de la Secretar\u00eda del Trabajo y Previsi\u00f3n Social (STPS) en Zacatecas, Gilberto Zapata\u2026","rel":"","context":"En &quot;CINTILLO&quot;","block_context":{"text":"CINTILLO","link":"http:\/\/www.grieta.org.mx\/index.php\/category\/cintillo\/"},"img":{"alt_text":"","src":"https:\/\/i0.wp.com\/www.grieta.org.mx\/wp-content\/uploads\/2018\/03\/14524434_1106112876131411_958039263622046936_o.jpg?resize=350%2C200","width":350,"height":200,"srcset":"https:\/\/i0.wp.com\/www.grieta.org.mx\/wp-content\/uploads\/2018\/03\/14524434_1106112876131411_958039263622046936_o.jpg?resize=350%2C200 1x, https:\/\/i0.wp.com\/www.grieta.org.mx\/wp-content\/uploads\/2018\/03\/14524434_1106112876131411_958039263622046936_o.jpg?resize=525%2C300 1.5x, https:\/\/i0.wp.com\/www.grieta.org.mx\/wp-content\/uploads\/2018\/03\/14524434_1106112876131411_958039263622046936_o.jpg?resize=700%2C400 2x"},"classes":[]},{"id":35471,"url":"http:\/\/www.grieta.org.mx\/index.php\/2019\/06\/27\/jornaleros-agricolas-de-oaxaca-fueron-esclavizados-en-rancho-constitucion-baja-california\/","url_meta":{"origin":9267,"position":4},"title":"Jornaleros agr\u00edcolas de Oaxaca fueron esclavizados en Rancho Constituci\u00f3n, Baja California","author":"grieta","date":"27 junio, 2019","format":false,"excerpt":"Jaime Guerrero \/ P\u00e1gina 3. Oaxaca.- Cerca de 45 jornaleros migrantes de Oaxaca viv\u00edan en condiciones de esclavizaci\u00f3n en Rancho Constituci\u00f3n, ubicado en Baja California. Las personas se encontraban hacinadas en insalubres cuartos de l\u00e1mina, con una paga m\u00ednima de 4 pesos por bote y sin seguridad social. Por las\u2026","rel":"","context":"En &quot;Baja California&quot;","block_context":{"text":"Baja California","link":"http:\/\/www.grieta.org.mx\/index.php\/category\/noticias-nacionales\/baja-california\/"},"img":{"alt_text":"","src":"https:\/\/i0.wp.com\/www.grieta.org.mx\/wp-content\/uploads\/2019\/06\/ninosjornaleros.jpg?resize=350%2C200","width":350,"height":200,"srcset":"https:\/\/i0.wp.com\/www.grieta.org.mx\/wp-content\/uploads\/2019\/06\/ninosjornaleros.jpg?resize=350%2C200 1x, https:\/\/i0.wp.com\/www.grieta.org.mx\/wp-content\/uploads\/2019\/06\/ninosjornaleros.jpg?resize=525%2C300 1.5x"},"classes":[]},{"id":24141,"url":"http:\/\/www.grieta.org.mx\/index.php\/2015\/08\/20\/rescatan-a-54-ninos-explotados-como-jornaleros-en-coahuila\/","url_meta":{"origin":9267,"position":5},"title":"Rescatan a 54 ni\u00f1os explotados como jornaleros en Coahuila","author":"grieta","date":"20 agosto, 2015","format":false,"excerpt":"REGENERACI\u00d3N\/EFE La Procuradur\u00eda de los Ni\u00f1os, las Ni\u00f1as y la Familia (Pronnif) rescat\u00f3 54 ni\u00f1os de entre 200 jornaleros de un rancho propiedad de la empresa Prokarne del estado de Coahuila donde eran explotados A trav\u00e9s de un comunicado, se explic\u00f3 que las autoridades detectaron y aseguraron dos predios en\u2026","rel":"","context":"En &quot;CINTILLO&quot;","block_context":{"text":"CINTILLO","link":"http:\/\/www.grieta.org.mx\/index.php\/category\/cintillo\/"},"img":{"alt_text":"","src":"https:\/\/i0.wp.com\/www.grieta.org.mx\/wp-content\/uploads\/2018\/07\/Ni%C3%B1os-jornaleros-Coahuila.jpg?resize=350%2C200","width":350,"height":200,"srcset":"https:\/\/i0.wp.com\/www.grieta.org.mx\/wp-content\/uploads\/2018\/07\/Ni%C3%B1os-jornaleros-Coahuila.jpg?resize=350%2C200 1x, https:\/\/i0.wp.com\/www.grieta.org.mx\/wp-content\/uploads\/2018\/07\/Ni%C3%B1os-jornaleros-Coahuila.jpg?resize=525%2C300 1.5x"},"classes":[]}],"_links":{"self":[{"href":"http:\/\/www.grieta.org.mx\/index.php\/wp-json\/wp\/v2\/posts\/9267","targetHints":{"allow":["GET"]}}],"collection":[{"href":"http:\/\/www.grieta.org.mx\/index.php\/wp-json\/wp\/v2\/posts"}],"about":[{"href":"http:\/\/www.grieta.org.mx\/index.php\/wp-json\/wp\/v2\/types\/post"}],"author":[{"embeddable":true,"href":"http:\/\/www.grieta.org.mx\/index.php\/wp-json\/wp\/v2\/users\/2"}],"replies":[{"embeddable":true,"href":"http:\/\/www.grieta.org.mx\/index.php\/wp-json\/wp\/v2\/comments?post=9267"}],"version-history":[{"count":1,"href":"http:\/\/www.grieta.org.mx\/index.php\/wp-json\/wp\/v2\/posts\/9267\/revisions"}],"predecessor-version":[{"id":9269,"href":"http:\/\/www.grieta.org.mx\/index.php\/wp-json\/wp\/v2\/posts\/9267\/revisions\/9269"}],"wp:featuredmedia":[{"embeddable":true,"href":"http:\/\/www.grieta.org.mx\/index.php\/wp-json\/wp\/v2\/media\/21928"}],"wp:attachment":[{"href":"http:\/\/www.grieta.org.mx\/index.php\/wp-json\/wp\/v2\/media?parent=9267"}],"wp:term":[{"taxonomy":"category","embeddable":true,"href":"http:\/\/www.grieta.org.mx\/index.php\/wp-json\/wp\/v2\/categories?post=9267"},{"taxonomy":"post_tag","embeddable":true,"href":"http:\/\/www.grieta.org.mx\/index.php\/wp-json\/wp\/v2\/tags?post=9267"}],"curies":[{"name":"wp","href":"https:\/\/api.w.org\/{rel}","templated":true}]}}