{"id":9254,"date":"2015-09-08T01:30:27","date_gmt":"2015-09-08T01:30:27","guid":{"rendered":"http:\/\/www.grieta.org.mx\/?p=9254"},"modified":"2016-04-01T01:31:55","modified_gmt":"2016-04-01T01:31:55","slug":"juez-ordena-a-cabildo-de-la-paz-responder-a-recurso-de-17-mil-ciudadanos-contra-mineria","status":"publish","type":"post","link":"http:\/\/www.grieta.org.mx\/index.php\/2015\/09\/08\/juez-ordena-a-cabildo-de-la-paz-responder-a-recurso-de-17-mil-ciudadanos-contra-mineria\/","title":{"rendered":"Juez ordena a cabildo de La Paz responder a recurso de 17 mil ciudadanos contra miner\u00eda"},"content":{"rendered":"<p>R. Le\u00f3n y R. Villalpando<\/p>\n<p>El juez primero de distrito con sede en La Paz, Baja California Sur, orden\u00f3 a los 13 integrantes del cabildo de esa localidad contestar el mandato soberano de 17 mil ciudadanos que se oponen a la Miner\u00eda t\u00f3xica a tajo abierto.<\/p>\n<p>Arturo Rubio Ruiz, representante de la organizaci\u00f3n civil Legalidad y Transparencia, inform\u00f3 que el plazo para responder el mandato venci\u00f3 hace una semana y el ayuntamiento no lo contest\u00f3, por lo que se solicit\u00f3 a la justicia federal ordenar a los regidores fijar su postura a m\u00e1s tardar este martes.<\/p>\n<p>Explic\u00f3 que el cuerpo edilicio tiene como opci\u00f3n manifestarse contra la Miner\u00eda a cielo abierto, como ya lo hizo de palabra en audiencia con ciudadanos; realizar una consulta p\u00fablica o ignorar el mandato, lo que significar\u00eda un desacato a la justicia federal que implicar\u00eda su destituci\u00f3n e inhabilitaci\u00f3n, o incluso la c\u00e1rcel.<\/p>\n<p>Rubio Ruiz indic\u00f3 que el mandato no se refiere s\u00f3lo al proyecto Los Cardones, del que se pretende extraer oro a tajo abierto en la reserva de la biosfera Sierra de la Laguna, en el municipio de La Paz, sino en general a ese tipo de Miner\u00eda, debido a que existen varios proyectos similares en la demarcaci\u00f3n.<\/p>\n<p>Rubio advirti\u00f3 que si los regidores se pronuncian contra el mandato ciudadano y a favor del proyecto Los Cardones, recurrir\u00e1 a la Suprema Corte para impedir que se concrete. Coment\u00f3 que este es el primer caso de mandato soberano en M\u00e9xico, basado en el art\u00edculo 39 de la Constituci\u00f3n federal, que expone que la soberan\u00eda radica en el pueblo.<\/p>\n<p>En tanto, 21 organizaciones civiles, entre ellas el Centro de Derechos Humanos Paso del Norte, solicitaron a la Facultad de Ciencias Biom\u00e9dicas de la Universidad Aut\u00f3noma de Ciudad Ju\u00e1rez no avalar el cambio del programa de manejo de \u00e1rea protegida de flora y fauna de los m\u00e9danos de Samalayuca, para que la minera mexicana-canadiense WC Exploraci\u00f3n Corporation trabaje a cielo abierto en mil 500 hect\u00e1reas extrayendo metales.<\/p>\n<p><a href=\"http:\/\/www.jornada.unam.mx\/2015\/09\/08\/estados\/027n2est\" target=\"_blank\">www.jornada.unam.mx\/2015\/09\/08\/estados\/027n2est<\/a><\/p>\n","protected":false},"excerpt":{"rendered":"<p>R. Le\u00f3n y R. Villalpando El juez primero de distrito con sede en La Paz, Baja California Sur, orden\u00f3 a los 13 integrantes del cabildo de esa localidad contestar el &hellip; <a href=\"http:\/\/www.grieta.org.mx\/index.php\/2015\/09\/08\/juez-ordena-a-cabildo-de-la-paz-responder-a-recurso-de-17-mil-ciudadanos-contra-mineria\/\" class=\"more-link\">Leer m\u00e1s<\/a><\/p>\n","protected":false},"author":2,"featured_media":21928,"comment_status":"closed","ping_status":"closed","sticky":false,"template":"","format":"standard","meta":{"ngg_post_thumbnail":0,"_jetpack_newsletter_access":"","_jetpack_dont_email_post_to_subs":false,"_jetpack_newsletter_tier_id":0,"_jetpack_memberships_contains_paywalled_content":false,"_jetpack_memberships_contains_paid_content":false,"footnotes":""},"categories":[80],"tags":[567,109],"class_list":["post-9254","post","type-post","status-publish","format-standard","has-post-thumbnail","hentry","category-cintillo","tag-los-cardones","tag-mineria","entry"],"jetpack_featured_media_url":"http:\/\/www.grieta.org.mx\/wp-content\/uploads\/2018\/03\/14524434_1106112876131411_958039263622046936_o.jpg","jetpack_sharing_enabled":true,"jetpack_shortlink":"https:\/\/wp.me\/p7ZJR4-2pg","jetpack_likes_enabled":false,"jetpack-related-posts":[{"id":9256,"url":"http:\/\/www.grieta.org.mx\/index.php\/2015\/09\/04\/combaten-ong-explotacion-de-oro-a-cielo-abierto-en-la-sierra-de-la-laguna\/","url_meta":{"origin":9254,"position":0},"title":"Combaten ONG explotaci\u00f3n de oro a cielo abierto en la Sierra de la Laguna","author":"grieta","date":"4 septiembre, 2015","format":false,"excerpt":"Raymundo Le\u00f3n, La Paz, BCS. Organismos civiles y ciudadanos instruyeron al cabildo local, mediante el recurso legal conocido como mandato soberano espec\u00edfico, para que no autorice el cambio de uso de suelo a la empresa Desarrollos Zapal \u2013del grupo Invecture, perteneciente al empresario Ricardo Salinas Pliego\u2013, la cual promueve el\u2026","rel":"","context":"En &quot;CINTILLO&quot;","block_context":{"text":"CINTILLO","link":"http:\/\/www.grieta.org.mx\/index.php\/category\/cintillo\/"},"img":{"alt_text":"","src":"https:\/\/i0.wp.com\/www.grieta.org.mx\/wp-content\/uploads\/2018\/03\/14524434_1106112876131411_958039263622046936_o.jpg?resize=350%2C200","width":350,"height":200,"srcset":"https:\/\/i0.wp.com\/www.grieta.org.mx\/wp-content\/uploads\/2018\/03\/14524434_1106112876131411_958039263622046936_o.jpg?resize=350%2C200 1x, https:\/\/i0.wp.com\/www.grieta.org.mx\/wp-content\/uploads\/2018\/03\/14524434_1106112876131411_958039263622046936_o.jpg?resize=525%2C300 1.5x, https:\/\/i0.wp.com\/www.grieta.org.mx\/wp-content\/uploads\/2018\/03\/14524434_1106112876131411_958039263622046936_o.jpg?resize=700%2C400 2x"},"classes":[]},{"id":9145,"url":"http:\/\/www.grieta.org.mx\/index.php\/2015\/03\/28\/demandan-temixco-sin-mineria\/","url_meta":{"origin":9254,"position":1},"title":"Demandan Temixco sin miner\u00eda","author":"grieta","date":"28 marzo, 2015","format":false,"excerpt":"El Diario de Morelos Para exigir al Ayuntamiento de Temixco proh\u00edba la miner\u00eda a cielo abierto en ese municipio, se manifestaron ayer pobladores de tres localidades y colonias. En la puerta principal del edificio se apost\u00f3 un grupo de por lo menos 30 ciudadanos procedentes de Coatetelco, Miacatl\u00e1n, Unidad Morelos,\u2026","rel":"","context":"En &quot;CINTILLO&quot;","block_context":{"text":"CINTILLO","link":"http:\/\/www.grieta.org.mx\/index.php\/category\/cintillo\/"},"img":{"alt_text":"","src":"https:\/\/i0.wp.com\/www.grieta.org.mx\/wp-content\/uploads\/2018\/03\/14524434_1106112876131411_958039263622046936_o.jpg?resize=350%2C200","width":350,"height":200,"srcset":"https:\/\/i0.wp.com\/www.grieta.org.mx\/wp-content\/uploads\/2018\/03\/14524434_1106112876131411_958039263622046936_o.jpg?resize=350%2C200 1x, https:\/\/i0.wp.com\/www.grieta.org.mx\/wp-content\/uploads\/2018\/03\/14524434_1106112876131411_958039263622046936_o.jpg?resize=525%2C300 1.5x, https:\/\/i0.wp.com\/www.grieta.org.mx\/wp-content\/uploads\/2018\/03\/14524434_1106112876131411_958039263622046936_o.jpg?resize=700%2C400 2x"},"classes":[]},{"id":27611,"url":"http:\/\/www.grieta.org.mx\/index.php\/2018\/09\/03\/protestas-contra-la-mineria-en-baja-california-sur\/","url_meta":{"origin":9254,"position":2},"title":"Protestas contra la miner\u00eda en Baja California Sur","author":"grieta","date":"3 septiembre, 2018","format":false,"excerpt":"Roberto E. Galindo Dom\u00ednguez En La Paz y Los Cabos, Baja California Sur, se vivieron el 29 de agosto de este a\u00f1o intensas y nutridas protestas en contra de la mega miner\u00eda t\u00f3xica a tajo abierto. Y es que Desarrollo Zapal, compa\u00f1\u00eda de Invecture Group, intent\u00f3 de nuevo conseguir el\u2026","rel":"","context":"En &quot;Baja California Sur&quot;","block_context":{"text":"Baja California Sur","link":"http:\/\/www.grieta.org.mx\/index.php\/category\/noticias-nacionales\/baja-california-sur\/"},"img":{"alt_text":"","src":"https:\/\/i0.wp.com\/www.grieta.org.mx\/wp-content\/uploads\/2018\/11\/roberto-galindo-607-a-720x491.jpg?resize=350%2C200","width":350,"height":200,"srcset":"https:\/\/i0.wp.com\/www.grieta.org.mx\/wp-content\/uploads\/2018\/11\/roberto-galindo-607-a-720x491.jpg?resize=350%2C200 1x, https:\/\/i0.wp.com\/www.grieta.org.mx\/wp-content\/uploads\/2018\/11\/roberto-galindo-607-a-720x491.jpg?resize=525%2C300 1.5x, https:\/\/i0.wp.com\/www.grieta.org.mx\/wp-content\/uploads\/2018\/11\/roberto-galindo-607-a-720x491.jpg?resize=700%2C400 2x"},"classes":[]},{"id":9230,"url":"http:\/\/www.grieta.org.mx\/index.php\/2015\/11\/12\/grupos-sociales-dicen-no-a-la-mineria\/","url_meta":{"origin":9254,"position":3},"title":"Grupos sociales dicen no a la miner\u00eda","author":"grieta","date":"12 noviembre, 2015","format":false,"excerpt":"Ra\u00fal Villalobos Davis, Loreto, Baja California Sur Hoy el tema de la Miner\u00eda en este municipio de Loreto est\u00e1 generando la uni\u00f3n entre diferentes grupos sociales con un rotundo NO A LA Miner\u00eda, como en el pasado uni\u00f3 a los loretanos la b\u00fasqueda de contar con agua potable de calidad.\u2026","rel":"","context":"En &quot;CINTILLO&quot;","block_context":{"text":"CINTILLO","link":"http:\/\/www.grieta.org.mx\/index.php\/category\/cintillo\/"},"img":{"alt_text":"","src":"https:\/\/i0.wp.com\/www.grieta.org.mx\/wp-content\/uploads\/2018\/03\/14524434_1106112876131411_958039263622046936_o.jpg?resize=350%2C200","width":350,"height":200,"srcset":"https:\/\/i0.wp.com\/www.grieta.org.mx\/wp-content\/uploads\/2018\/03\/14524434_1106112876131411_958039263622046936_o.jpg?resize=350%2C200 1x, https:\/\/i0.wp.com\/www.grieta.org.mx\/wp-content\/uploads\/2018\/03\/14524434_1106112876131411_958039263622046936_o.jpg?resize=525%2C300 1.5x, https:\/\/i0.wp.com\/www.grieta.org.mx\/wp-content\/uploads\/2018\/03\/14524434_1106112876131411_958039263622046936_o.jpg?resize=700%2C400 2x"},"classes":[]},{"id":9242,"url":"http:\/\/www.grieta.org.mx\/index.php\/2015\/09\/26\/avalan-de-modo-ilegal-cambio-de-uso-de-suelo-para-la-mina-los-cardones\/","url_meta":{"origin":9254,"position":4},"title":"Avalan de modo ilegal cambio de uso de suelo para la mina Los Cardones","author":"grieta","date":"26 septiembre, 2015","format":false,"excerpt":"Raymundo Le\u00f3n, La Paz, BCS. A una semana de la renovaci\u00f3n del gobierno municipal, y en sesi\u00f3n privada, el cabildo de La Paz autoriz\u00f3 por mayor\u00eda el cambio de uso de suelo de 18 predios de la empresa Desarrollos Zapal, del grupo Invecture, propiedad de Ricardo Salinas Pliego, para desarrollar\u2026","rel":"","context":"En &quot;CINTILLO&quot;","block_context":{"text":"CINTILLO","link":"http:\/\/www.grieta.org.mx\/index.php\/category\/cintillo\/"},"img":{"alt_text":"","src":"https:\/\/i0.wp.com\/www.grieta.org.mx\/wp-content\/uploads\/2018\/03\/14524434_1106112876131411_958039263622046936_o.jpg?resize=350%2C200","width":350,"height":200,"srcset":"https:\/\/i0.wp.com\/www.grieta.org.mx\/wp-content\/uploads\/2018\/03\/14524434_1106112876131411_958039263622046936_o.jpg?resize=350%2C200 1x, https:\/\/i0.wp.com\/www.grieta.org.mx\/wp-content\/uploads\/2018\/03\/14524434_1106112876131411_958039263622046936_o.jpg?resize=525%2C300 1.5x, https:\/\/i0.wp.com\/www.grieta.org.mx\/wp-content\/uploads\/2018\/03\/14524434_1106112876131411_958039263622046936_o.jpg?resize=700%2C400 2x"},"classes":[]},{"id":70173,"url":"http:\/\/www.grieta.org.mx\/index.php\/2024\/09\/25\/aprueban-que-temixco-sea-territorio-libre-de-mineria-morelos\/","url_meta":{"origin":9254,"position":5},"title":"Aprueban que Temixco sea territorio libre de miner\u00eda (Morelos)","author":"grieta","date":"25 septiembre, 2024","format":false,"excerpt":"Redacci\u00f3n \/ Diario de Morelos Durante la cent\u00e9sima cuadrag\u00e9sima sexta sesi\u00f3n sesi\u00f3n extraordinaria, integrantes del Cabildo aprobaron por unanimidad la declaratoria del territorio de Temixco como libre de miner\u00eda, a tajo a cielo abierto para la extracci\u00f3n de metales, cumpliendo con los objetivos del cuidado y preservaci\u00f3n del medio ambiente.\u2026","rel":"","context":"En &quot;CINTILLO&quot;","block_context":{"text":"CINTILLO","link":"http:\/\/www.grieta.org.mx\/index.php\/category\/cintillo\/"},"img":{"alt_text":"","src":"https:\/\/i0.wp.com\/www.grieta.org.mx\/wp-content\/uploads\/2024\/10\/Screenshot-2024-10-16-at-13-43-44-Aprueban-que-Temixco-sea-territorio-libre-de-mineria-Noticias-Diario-de-Morelos.png?resize=350%2C200","width":350,"height":200,"srcset":"https:\/\/i0.wp.com\/www.grieta.org.mx\/wp-content\/uploads\/2024\/10\/Screenshot-2024-10-16-at-13-43-44-Aprueban-que-Temixco-sea-territorio-libre-de-mineria-Noticias-Diario-de-Morelos.png?resize=350%2C200 1x, https:\/\/i0.wp.com\/www.grieta.org.mx\/wp-content\/uploads\/2024\/10\/Screenshot-2024-10-16-at-13-43-44-Aprueban-que-Temixco-sea-territorio-libre-de-mineria-Noticias-Diario-de-Morelos.png?resize=525%2C300 1.5x, https:\/\/i0.wp.com\/www.grieta.org.mx\/wp-content\/uploads\/2024\/10\/Screenshot-2024-10-16-at-13-43-44-Aprueban-que-Temixco-sea-territorio-libre-de-mineria-Noticias-Diario-de-Morelos.png?resize=700%2C400 2x, https:\/\/i0.wp.com\/www.grieta.org.mx\/wp-content\/uploads\/2024\/10\/Screenshot-2024-10-16-at-13-43-44-Aprueban-que-Temixco-sea-territorio-libre-de-mineria-Noticias-Diario-de-Morelos.png?resize=1050%2C600 3x"},"classes":[]}],"_links":{"self":[{"href":"http:\/\/www.grieta.org.mx\/index.php\/wp-json\/wp\/v2\/posts\/9254","targetHints":{"allow":["GET"]}}],"collection":[{"href":"http:\/\/www.grieta.org.mx\/index.php\/wp-json\/wp\/v2\/posts"}],"about":[{"href":"http:\/\/www.grieta.org.mx\/index.php\/wp-json\/wp\/v2\/types\/post"}],"author":[{"embeddable":true,"href":"http:\/\/www.grieta.org.mx\/index.php\/wp-json\/wp\/v2\/users\/2"}],"replies":[{"embeddable":true,"href":"http:\/\/www.grieta.org.mx\/index.php\/wp-json\/wp\/v2\/comments?post=9254"}],"version-history":[{"count":1,"href":"http:\/\/www.grieta.org.mx\/index.php\/wp-json\/wp\/v2\/posts\/9254\/revisions"}],"predecessor-version":[{"id":9255,"href":"http:\/\/www.grieta.org.mx\/index.php\/wp-json\/wp\/v2\/posts\/9254\/revisions\/9255"}],"wp:featuredmedia":[{"embeddable":true,"href":"http:\/\/www.grieta.org.mx\/index.php\/wp-json\/wp\/v2\/media\/21928"}],"wp:attachment":[{"href":"http:\/\/www.grieta.org.mx\/index.php\/wp-json\/wp\/v2\/media?parent=9254"}],"wp:term":[{"taxonomy":"category","embeddable":true,"href":"http:\/\/www.grieta.org.mx\/index.php\/wp-json\/wp\/v2\/categories?post=9254"},{"taxonomy":"post_tag","embeddable":true,"href":"http:\/\/www.grieta.org.mx\/index.php\/wp-json\/wp\/v2\/tags?post=9254"}],"curies":[{"name":"wp","href":"https:\/\/api.w.org\/{rel}","templated":true}]}}