{"id":925,"date":"2015-12-16T22:05:37","date_gmt":"2015-12-16T22:05:37","guid":{"rendered":"http:\/\/50.22.11.12\/~grietaor\/?p=925"},"modified":"2016-03-02T22:06:26","modified_gmt":"2016-03-02T22:06:26","slug":"exige-cnte-liberacion-de-cuatro-miembros","status":"publish","type":"post","link":"http:\/\/www.grieta.org.mx\/index.php\/2015\/12\/16\/exige-cnte-liberacion-de-cuatro-miembros\/","title":{"rendered":"Exige CNTE liberaci\u00f3n de cuatro miembros"},"content":{"rendered":"<p>Erick Alvarez<\/p>\n<p>Rub\u00e9n N\u00fa\u00f1ez Giles, Secretario General de la Secci\u00f3n 22 de la CNTE de Oaxaca, se\u00f1al\u00f3 que los cuatro profesores, que fueron detenidos el pasado mes de octubre en Oaxaca, no cometieron los delitos que se les han imputado y que el \u00fanico delito de ellos es ser un luchador social y protestar en las calles junto con los otros maestros que est\u00e1n en contra de la Reforma Educativa.<\/p>\n<p>Al acudir al penal de M\u00e1xima Seguridad del Altiplano, para exigir la liberaci\u00f3n de los cuatro maestros detenidos en Oaxaca y que son presuntamente acusados de realizar actos vand\u00e1licos y de robo, acompa\u00f1ados por cerca de 500 maestros integrantes de la Coordinadora Nacional de Trabajadores de la Educaci\u00f3n (CNTE), el dirigente sindical, neg\u00f3 que sus cuatro compa\u00f1eros hayan sido trasladados al penal de m\u00e1xima seguridad de Nayarit y asegur\u00f3 que ellos se encuentran recluidos en el Altiplano.<\/p>\n<p>Aproximadamente a las 2 de la tarde, la caravana procedente del Monumento a la Revoluci\u00f3n, arrib\u00f3 a las inmediaciones del penal de m\u00e1xima seguridad donde al grito de \u00a1Presos Pol\u00edticos Libertad!, familiares de los presos, l\u00edderes de la Coordinadora, profesores y activistas, exigieron la liberaci\u00f3n de Juan Carlos Orosco Matus, Oth\u00f3n Segura, Efra\u00edn Picasso y Roberto Jim\u00e9nez Garc\u00eda, asegurando que ha sido una injusticia su detenci\u00f3n.<\/p>\n<p>Asimismo, afirm\u00f3 que Aurelio Nu\u00f1o, para la CNTE no es el Secretario de Educaci\u00f3n P\u00fablica, si no uno m\u00e1s de gobernaci\u00f3n, ya que el al no acudir a las reuniones con la coordinadora, traicion\u00f3 la mesa de di\u00e1logo.<\/p>\n<p>\u201cEst\u00e1n en este penal, por eso estamos aqu\u00ed, la CNTE, los familiares y en Nayarit, tenemos otros presos pol\u00edticos desde hace dos a\u00f1os, pero tambi\u00e9n estamos exigiendo en este mismo derecho, su liberaci\u00f3n y la liberaci\u00f3n de todos los presos pol\u00edticos de la CNTE, Aurelio Nu\u00f1o, ya no es el Secretario de Educaci\u00f3n, \u00e9l fue desconocido por la Coordinadora Nacional, por eso exigimos su renuncia de manera inmediata y exigimos a gobernaci\u00f3n para que de manera inmediata libere a nuestros presos pol\u00edticos\u201d.<\/p>\n<p>Se\u00f1al\u00f3 que tras no reconocer a Aurelio Nu\u00f1o como titular de la SEP, la CNTE, exigir\u00e1n al Secretario de Gobernaci\u00f3n, Miguel \u00c1ngel Osorio Chong, realizar una mesa central de di\u00e1logo con la Comisi\u00f3n Nacional \u00danica de la CNTE, as\u00ed como inform\u00f3 que este mi\u00e9rcoles se realizar\u00e1 una mega marcha en el Distrito Federal para exigir la liberaci\u00f3n de sus compa\u00f1eros.<\/p>\n<p>Indic\u00f3 que sus compa\u00f1eros estuvieron secuestrados durante varias horas mientras las autoridades del gobierno federal les constru\u00edan los delitos, exigiendo que deben de ser liberados inmediatamente y que no quede ning\u00fan expediente de ellos en ninguno de los juzgados, se\u00f1alando que ellos son maestros que est\u00e1n luchando por la educaci\u00f3n.<\/p>\n<p><a href=\"http:\/\/www.edomexaldia.com.mx\/2015\/12\/exige-cnte-liberacion-de-cuatro-miembros\/\" target=\"_blank\">www.edomexaldia.com.mx\/2015\/12\/exige-cnte-liberacion-de-cuatro-miembros\/<\/a><\/p>\n","protected":false},"excerpt":{"rendered":"<p>Erick Alvarez Rub\u00e9n N\u00fa\u00f1ez Giles, Secretario General de la Secci\u00f3n 22 de la CNTE de Oaxaca, se\u00f1al\u00f3 que los cuatro profesores, que fueron detenidos el pasado mes de octubre en &hellip; <a href=\"http:\/\/www.grieta.org.mx\/index.php\/2015\/12\/16\/exige-cnte-liberacion-de-cuatro-miembros\/\" class=\"more-link\">Leer m\u00e1s<\/a><\/p>\n","protected":false},"author":2,"featured_media":21928,"comment_status":"closed","ping_status":"open","sticky":false,"template":"","format":"standard","meta":{"ngg_post_thumbnail":0,"_jetpack_newsletter_access":"","_jetpack_dont_email_post_to_subs":false,"_jetpack_newsletter_tier_id":0,"_jetpack_memberships_contains_paywalled_content":false,"_jetpack_memberships_contains_paid_content":false,"footnotes":""},"categories":[80],"tags":[107,92,135],"class_list":["post-925","post","type-post","status-publish","format-standard","has-post-thumbnail","hentry","category-cintillo","tag-educacion","tag-estado-de-mexico","tag-reforma-educativa","entry"],"jetpack_featured_media_url":"http:\/\/www.grieta.org.mx\/wp-content\/uploads\/2018\/03\/14524434_1106112876131411_958039263622046936_o.jpg","jetpack_sharing_enabled":true,"jetpack_shortlink":"https:\/\/wp.me\/p7ZJR4-eV","jetpack_likes_enabled":false,"jetpack-related-posts":[{"id":7072,"url":"http:\/\/www.grieta.org.mx\/index.php\/2015\/12\/20\/marcha-cnte-tlaxcala-para-liberacion-de-maestros-oaxaca\/","url_meta":{"origin":925,"position":0},"title":"Marcha CNTE Tlaxcala para liberaci\u00f3n de maestros Oaxaca","author":"grieta","date":"20 diciembre, 2015","format":false,"excerpt":"Gerardo Hern\u00e1ndez TLAXCALA, Tlaxcala.-(Texcoco Press).- Maestros de la Coordinadora Nacional de Trabajadores de la Educaci\u00f3n (CNTE) marcharon ayer de la zona conocida como El Tr\u00e9bol, con direcci\u00f3n a la Plaza de la Constituci\u00f3n, para protestar contra al Gobierno federal y para exigir la liberaci\u00f3n de cuatro compa\u00f1eros de la Secci\u00f3n\u2026","rel":"","context":"En &quot;CINTILLO&quot;","block_context":{"text":"CINTILLO","link":"http:\/\/www.grieta.org.mx\/index.php\/category\/cintillo\/"},"img":{"alt_text":"","src":"https:\/\/i0.wp.com\/www.grieta.org.mx\/wp-content\/uploads\/2018\/03\/14524434_1106112876131411_958039263622046936_o.jpg?resize=350%2C200","width":350,"height":200,"srcset":"https:\/\/i0.wp.com\/www.grieta.org.mx\/wp-content\/uploads\/2018\/03\/14524434_1106112876131411_958039263622046936_o.jpg?resize=350%2C200 1x, https:\/\/i0.wp.com\/www.grieta.org.mx\/wp-content\/uploads\/2018\/03\/14524434_1106112876131411_958039263622046936_o.jpg?resize=525%2C300 1.5x, https:\/\/i0.wp.com\/www.grieta.org.mx\/wp-content\/uploads\/2018\/03\/14524434_1106112876131411_958039263622046936_o.jpg?resize=700%2C400 2x"},"classes":[]},{"id":9944,"url":"http:\/\/www.grieta.org.mx\/index.php\/2016\/08\/25\/reforma-educativa-y-evaluacion-al-desempeno-en-el-estado-de-mexico\/","url_meta":{"origin":925,"position":1},"title":"Movilizaciones contra la Reforma educativa y evaluaci\u00f3n magisterial en el Estado de M\u00e9xico","author":"grieta","date":"25 agosto, 2016","format":false,"excerpt":"Maestros del Edomex se movilizan contra la reforma educativa 25\/08\/16. Maestros corren a Aurelio Nu\u00f1o de Ecatepec, basti\u00f3n del PRI, al grito de \u201c\u00a1Fuera, fuera, fuera!\u201dSin Embargo 23\/08\/16. Integrantes de la CNTE de Chiapas y Oaxaca organizan protesta en Nezahualc\u00f3yotlActivista MX 15\/07\/16. \"Ninguna reforma vale la pena si se realiza\u2026","rel":"","context":"En &quot;Estado de M\u00e9xico&quot;","block_context":{"text":"Estado de M\u00e9xico","link":"http:\/\/www.grieta.org.mx\/index.php\/category\/noticias-nacionales\/estado-de-mexico\/"},"img":{"alt_text":"","src":"https:\/\/i0.wp.com\/www.grieta.org.mx\/wp-content\/uploads\/2018\/03\/14524434_1106112876131411_958039263622046936_o.jpg?resize=350%2C200","width":350,"height":200,"srcset":"https:\/\/i0.wp.com\/www.grieta.org.mx\/wp-content\/uploads\/2018\/03\/14524434_1106112876131411_958039263622046936_o.jpg?resize=350%2C200 1x, https:\/\/i0.wp.com\/www.grieta.org.mx\/wp-content\/uploads\/2018\/03\/14524434_1106112876131411_958039263622046936_o.jpg?resize=525%2C300 1.5x, https:\/\/i0.wp.com\/www.grieta.org.mx\/wp-content\/uploads\/2018\/03\/14524434_1106112876131411_958039263622046936_o.jpg?resize=700%2C400 2x"},"classes":[]},{"id":1909,"url":"http:\/\/www.grieta.org.mx\/index.php\/2016\/01\/26\/realizan-profesores-de-la-seccion-22-marcha-en-juchitan\/","url_meta":{"origin":925,"position":2},"title":"Realizan profesores de la secci\u00f3n 22 marcha en Juchitan","author":"grieta","date":"26 enero, 2016","format":false,"excerpt":"Istmopress. E. Santiago, Juchit\u00e1n, Oaxaca.- Unos doscientos profesores de la secci\u00f3n 22 marchan en esta ciudad, para exigir liberaci\u00f3n de cuatro compa\u00f1eros detenidos. Encabezados por l\u00edder magisterial de la regi\u00f3n del Istmo Adrian Ram\u00edrez Castillo, los mentores iniciaron su movilizaci\u00f3n partiendo del Crucero hasta llegar al palacio municipal. Frente al\u2026","rel":"","context":"En &quot;CINTILLO&quot;","block_context":{"text":"CINTILLO","link":"http:\/\/www.grieta.org.mx\/index.php\/category\/cintillo\/"},"img":{"alt_text":"","src":"https:\/\/i0.wp.com\/www.grieta.org.mx\/wp-content\/uploads\/2018\/03\/14524434_1106112876131411_958039263622046936_o.jpg?resize=350%2C200","width":350,"height":200,"srcset":"https:\/\/i0.wp.com\/www.grieta.org.mx\/wp-content\/uploads\/2018\/03\/14524434_1106112876131411_958039263622046936_o.jpg?resize=350%2C200 1x, https:\/\/i0.wp.com\/www.grieta.org.mx\/wp-content\/uploads\/2018\/03\/14524434_1106112876131411_958039263622046936_o.jpg?resize=525%2C300 1.5x, https:\/\/i0.wp.com\/www.grieta.org.mx\/wp-content\/uploads\/2018\/03\/14524434_1106112876131411_958039263622046936_o.jpg?resize=700%2C400 2x"},"classes":[]},{"id":17091,"url":"http:\/\/www.grieta.org.mx\/index.php\/2016\/07\/09\/marcha-la-cnte-en-sinaloa-en-apoyo-a-maestros-de-oaxaca\/","url_meta":{"origin":925,"position":3},"title":"Marcha la CNTE en Sinaloa en apoyo a maestros de Oaxaca","author":"grieta","date":"9 julio, 2016","format":false,"excerpt":"Blanca Peinado, Sinaloa. Culiac\u00e1n, Sin.- Maestros pertenecientes a la Coordinadora Nacional de Trabajadores de la Educaci\u00f3n en Sinaloa, marcharon en la capital del estado en apoyo a las v\u00edctimas y presos pol\u00edticos en Oaxaca que sufren los costos de oponerse a la reforma de este sector, declar\u00f3 Victoriano Reyes Rosas.\u2026","rel":"","context":"En &quot;CINTILLO&quot;","block_context":{"text":"CINTILLO","link":"http:\/\/www.grieta.org.mx\/index.php\/category\/cintillo\/"},"img":{"alt_text":"","src":"https:\/\/i0.wp.com\/www.grieta.org.mx\/wp-content\/uploads\/2018\/03\/14524434_1106112876131411_958039263622046936_o.jpg?resize=350%2C200","width":350,"height":200,"srcset":"https:\/\/i0.wp.com\/www.grieta.org.mx\/wp-content\/uploads\/2018\/03\/14524434_1106112876131411_958039263622046936_o.jpg?resize=350%2C200 1x, https:\/\/i0.wp.com\/www.grieta.org.mx\/wp-content\/uploads\/2018\/03\/14524434_1106112876131411_958039263622046936_o.jpg?resize=525%2C300 1.5x, https:\/\/i0.wp.com\/www.grieta.org.mx\/wp-content\/uploads\/2018\/03\/14524434_1106112876131411_958039263622046936_o.jpg?resize=700%2C400 2x"},"classes":[]},{"id":923,"url":"http:\/\/www.grieta.org.mx\/index.php\/2015\/12\/16\/protestan-integrantes-de-la-cnte-en-el-altiplano\/","url_meta":{"origin":925,"position":4},"title":"Protestan integrantes de la CNTE en el Altiplano","author":"grieta","date":"16 diciembre, 2015","format":false,"excerpt":"Exigen la liberaci\u00f3n de 4 normalistas detenidos en Oaxaca Para exigir la liberaci\u00f3n de los 4 normalistas detenidos el 29 de Octubre en el estado de Oaxaca, cerca de 400 integrantes de la Coordinadora Nacional de Trabajadores de la Educaci\u00f3n (CNTE) protestaron a las afueras del penal del Altiplano, Almoloya\u2026","rel":"","context":"En &quot;CINTILLO&quot;","block_context":{"text":"CINTILLO","link":"http:\/\/www.grieta.org.mx\/index.php\/category\/cintillo\/"},"img":{"alt_text":"","src":"https:\/\/i0.wp.com\/www.grieta.org.mx\/wp-content\/uploads\/2018\/03\/14524434_1106112876131411_958039263622046936_o.jpg?resize=350%2C200","width":350,"height":200,"srcset":"https:\/\/i0.wp.com\/www.grieta.org.mx\/wp-content\/uploads\/2018\/03\/14524434_1106112876131411_958039263622046936_o.jpg?resize=350%2C200 1x, https:\/\/i0.wp.com\/www.grieta.org.mx\/wp-content\/uploads\/2018\/03\/14524434_1106112876131411_958039263622046936_o.jpg?resize=525%2C300 1.5x, https:\/\/i0.wp.com\/www.grieta.org.mx\/wp-content\/uploads\/2018\/03\/14524434_1106112876131411_958039263622046936_o.jpg?resize=700%2C400 2x"},"classes":[]},{"id":14775,"url":"http:\/\/www.grieta.org.mx\/index.php\/2016\/06\/23\/maestros-marchan-en-apoyo-a-la-cnte-en-neza\/","url_meta":{"origin":925,"position":5},"title":"Maestros marchan en apoyo a la CNTE en Neza","author":"grieta","date":"23 junio, 2016","format":false,"excerpt":"Juan Manuel L\u00f3pez Alrededor de 40 maestros marchan desde el monumento al Coyote hacia el Palacio Municipal de Nezahualoc\u00f3yotl, en apoyo a los docentes de la Coordinadora Nacional de Trabajadores de la Educaci\u00f3n (CNTE) de Oaxaca. El contingente asegura que en la Universidad Tecnol\u00f3gica de Nezahualc\u00f3yotl tambi\u00e9n han sido reprimidos\u2026","rel":"","context":"En &quot;CINTILLO&quot;","block_context":{"text":"CINTILLO","link":"http:\/\/www.grieta.org.mx\/index.php\/category\/cintillo\/"},"img":{"alt_text":"","src":"https:\/\/i0.wp.com\/www.grieta.org.mx\/wp-content\/uploads\/2018\/03\/14524434_1106112876131411_958039263622046936_o.jpg?resize=350%2C200","width":350,"height":200,"srcset":"https:\/\/i0.wp.com\/www.grieta.org.mx\/wp-content\/uploads\/2018\/03\/14524434_1106112876131411_958039263622046936_o.jpg?resize=350%2C200 1x, https:\/\/i0.wp.com\/www.grieta.org.mx\/wp-content\/uploads\/2018\/03\/14524434_1106112876131411_958039263622046936_o.jpg?resize=525%2C300 1.5x, https:\/\/i0.wp.com\/www.grieta.org.mx\/wp-content\/uploads\/2018\/03\/14524434_1106112876131411_958039263622046936_o.jpg?resize=700%2C400 2x"},"classes":[]}],"_links":{"self":[{"href":"http:\/\/www.grieta.org.mx\/index.php\/wp-json\/wp\/v2\/posts\/925","targetHints":{"allow":["GET"]}}],"collection":[{"href":"http:\/\/www.grieta.org.mx\/index.php\/wp-json\/wp\/v2\/posts"}],"about":[{"href":"http:\/\/www.grieta.org.mx\/index.php\/wp-json\/wp\/v2\/types\/post"}],"author":[{"embeddable":true,"href":"http:\/\/www.grieta.org.mx\/index.php\/wp-json\/wp\/v2\/users\/2"}],"replies":[{"embeddable":true,"href":"http:\/\/www.grieta.org.mx\/index.php\/wp-json\/wp\/v2\/comments?post=925"}],"version-history":[{"count":1,"href":"http:\/\/www.grieta.org.mx\/index.php\/wp-json\/wp\/v2\/posts\/925\/revisions"}],"predecessor-version":[{"id":926,"href":"http:\/\/www.grieta.org.mx\/index.php\/wp-json\/wp\/v2\/posts\/925\/revisions\/926"}],"wp:featuredmedia":[{"embeddable":true,"href":"http:\/\/www.grieta.org.mx\/index.php\/wp-json\/wp\/v2\/media\/21928"}],"wp:attachment":[{"href":"http:\/\/www.grieta.org.mx\/index.php\/wp-json\/wp\/v2\/media?parent=925"}],"wp:term":[{"taxonomy":"category","embeddable":true,"href":"http:\/\/www.grieta.org.mx\/index.php\/wp-json\/wp\/v2\/categories?post=925"},{"taxonomy":"post_tag","embeddable":true,"href":"http:\/\/www.grieta.org.mx\/index.php\/wp-json\/wp\/v2\/tags?post=925"}],"curies":[{"name":"wp","href":"https:\/\/api.w.org\/{rel}","templated":true}]}}