{"id":923,"date":"2015-12-16T22:04:40","date_gmt":"2015-12-16T22:04:40","guid":{"rendered":"http:\/\/50.22.11.12\/~grietaor\/?p=923"},"modified":"2016-03-02T22:05:32","modified_gmt":"2016-03-02T22:05:32","slug":"protestan-integrantes-de-la-cnte-en-el-altiplano","status":"publish","type":"post","link":"http:\/\/www.grieta.org.mx\/index.php\/2015\/12\/16\/protestan-integrantes-de-la-cnte-en-el-altiplano\/","title":{"rendered":"Protestan integrantes de la CNTE en el Altiplano"},"content":{"rendered":"<p>Exigen la liberaci\u00f3n de 4 normalistas detenidos en Oaxaca<\/p>\n<p>Para exigir la liberaci\u00f3n de los 4 normalistas detenidos el 29 de Octubre en el estado de Oaxaca, cerca de 400 integrantes de la Coordinadora Nacional de Trabajadores de la Educaci\u00f3n (CNTE) protestaron a las afueras del penal del Altiplano, Almoloya de Ju\u00e1rez.<\/p>\n<p>Ante la presencia de elementos Antimotines, los quejosos intensificaron sus protestas para entre otras cosas exigir la desaparici\u00f3n de elementos de las fuerzas castrenses en estados como Michoac\u00e1n, Oaxaca, Guerrero, Chiapas y Tamaulipas, entre otros, derivado del desacuerdo que la CNTE ha manifestado contra la aplicaci\u00f3n de la Reforma Educativa.<\/p>\n<p>Adem\u00e1s de que el gobierno federal eche para atr\u00e1s las disposiciones manejadas en las reformas estructurales en la materia, al reiterar atentan contras su derechos labores y dignidad humana.<\/p>\n<p>\u201cParad\u00f3jicamente en este lugar se liberan a los delincuentes\u2026montaron un teatro perfectamente cre\u00edble para las personas que no cuestionan, pero a los trabajadores de la educaci\u00f3n nos queda claro que el estado Mexicano, es un estado pervertido y corrupto y venimos a demandar que se liberen a nuestros compa\u00f1eros presos pol\u00edticos\u201d, expresaron los inconformes.<\/p>\n<p>Cabe se\u00f1alar que desde el mes de noviembre la Secretar\u00eda de Educaci\u00f3n P\u00fablica (SEP) endureci\u00f3 su postura al sentenciar que no permitir\u00eda que el magisterio nacional se opusiera a las reformas estructurales en la materia.<\/p>\n<p>Donde su postura se concret\u00f3 al desplegar a elementos del Ej\u00e9rcito Mexicano para que brindaran certeza jur\u00eddica en la aplicaci\u00f3n de los ex\u00e1menes de permanencia, contemplados dentro de la reforma educativa.<\/p>\n<p>Despliegue que la SEP en todo momento ha defendido como leg\u00edtimo, a pesar que los integrantes de la CNTE han arremetido con dicha postura.<\/p>\n<p>\u201cVenimos en una caravana recorriendo varios puntos para hacer ver a la opini\u00f3n p\u00fablica a la prensa nacionales e internacional la situaci\u00f3n donde vivimos que existe corrupci\u00f3n y prevenci\u00f3n, y opacidad\u201d, concluy\u00f3.<\/p>\n<p>La protesta afuera del Altiplano se extendi\u00f3 por lo menos cuatro horas, donde los integrantes de la CNTE en ning\u00fan momento cedieron el lanzar consignas en contra del gobierno federal.<\/p>\n<p>Gerardo Garc\u00eda<\/p>\n<p><a href=\"http:\/\/www.ultra.com.mx\/noticias\/estado-de-mexico\/Local\/139110-protestan-integrantes-de-la-cnte-en-el-altiplano-.html\" target=\"_blank\">www.ultra.com.mx\/noticias\/estado-de-mexico\/Local\/139110-protestan-integrantes-de-la-cnte-en-el-altiplano-.html<\/a><\/p>\n","protected":false},"excerpt":{"rendered":"<p>Exigen la liberaci\u00f3n de 4 normalistas detenidos en Oaxaca Para exigir la liberaci\u00f3n de los 4 normalistas detenidos el 29 de Octubre en el estado de Oaxaca, cerca de 400 &hellip; <a href=\"http:\/\/www.grieta.org.mx\/index.php\/2015\/12\/16\/protestan-integrantes-de-la-cnte-en-el-altiplano\/\" class=\"more-link\">Leer m\u00e1s<\/a><\/p>\n","protected":false},"author":2,"featured_media":21928,"comment_status":"closed","ping_status":"open","sticky":false,"template":"","format":"standard","meta":{"ngg_post_thumbnail":0,"_jetpack_newsletter_access":"","_jetpack_dont_email_post_to_subs":false,"_jetpack_newsletter_tier_id":0,"_jetpack_memberships_contains_paywalled_content":false,"_jetpack_memberships_contains_paid_content":false,"footnotes":""},"categories":[80],"tags":[107,92,135],"class_list":["post-923","post","type-post","status-publish","format-standard","has-post-thumbnail","hentry","category-cintillo","tag-educacion","tag-estado-de-mexico","tag-reforma-educativa","entry"],"jetpack_featured_media_url":"http:\/\/www.grieta.org.mx\/wp-content\/uploads\/2018\/03\/14524434_1106112876131411_958039263622046936_o.jpg","jetpack_sharing_enabled":true,"jetpack_shortlink":"https:\/\/wp.me\/p7ZJR4-eT","jetpack_likes_enabled":false,"jetpack-related-posts":[{"id":7072,"url":"http:\/\/www.grieta.org.mx\/index.php\/2015\/12\/20\/marcha-cnte-tlaxcala-para-liberacion-de-maestros-oaxaca\/","url_meta":{"origin":923,"position":0},"title":"Marcha CNTE Tlaxcala para liberaci\u00f3n de maestros Oaxaca","author":"grieta","date":"20 diciembre, 2015","format":false,"excerpt":"Gerardo Hern\u00e1ndez TLAXCALA, Tlaxcala.-(Texcoco Press).- Maestros de la Coordinadora Nacional de Trabajadores de la Educaci\u00f3n (CNTE) marcharon ayer de la zona conocida como El Tr\u00e9bol, con direcci\u00f3n a la Plaza de la Constituci\u00f3n, para protestar contra al Gobierno federal y para exigir la liberaci\u00f3n de cuatro compa\u00f1eros de la Secci\u00f3n\u2026","rel":"","context":"En &quot;CINTILLO&quot;","block_context":{"text":"CINTILLO","link":"http:\/\/www.grieta.org.mx\/index.php\/category\/cintillo\/"},"img":{"alt_text":"","src":"https:\/\/i0.wp.com\/www.grieta.org.mx\/wp-content\/uploads\/2018\/03\/14524434_1106112876131411_958039263622046936_o.jpg?resize=350%2C200","width":350,"height":200,"srcset":"https:\/\/i0.wp.com\/www.grieta.org.mx\/wp-content\/uploads\/2018\/03\/14524434_1106112876131411_958039263622046936_o.jpg?resize=350%2C200 1x, https:\/\/i0.wp.com\/www.grieta.org.mx\/wp-content\/uploads\/2018\/03\/14524434_1106112876131411_958039263622046936_o.jpg?resize=525%2C300 1.5x, https:\/\/i0.wp.com\/www.grieta.org.mx\/wp-content\/uploads\/2018\/03\/14524434_1106112876131411_958039263622046936_o.jpg?resize=700%2C400 2x"},"classes":[]},{"id":925,"url":"http:\/\/www.grieta.org.mx\/index.php\/2015\/12\/16\/exige-cnte-liberacion-de-cuatro-miembros\/","url_meta":{"origin":923,"position":1},"title":"Exige CNTE liberaci\u00f3n de cuatro miembros","author":"grieta","date":"16 diciembre, 2015","format":false,"excerpt":"Erick Alvarez Rub\u00e9n N\u00fa\u00f1ez Giles, Secretario General de la Secci\u00f3n 22 de la CNTE de Oaxaca, se\u00f1al\u00f3 que los cuatro profesores, que fueron detenidos el pasado mes de octubre en Oaxaca, no cometieron los delitos que se les han imputado y que el \u00fanico delito de ellos es ser un\u2026","rel":"","context":"En &quot;CINTILLO&quot;","block_context":{"text":"CINTILLO","link":"http:\/\/www.grieta.org.mx\/index.php\/category\/cintillo\/"},"img":{"alt_text":"","src":"https:\/\/i0.wp.com\/www.grieta.org.mx\/wp-content\/uploads\/2018\/03\/14524434_1106112876131411_958039263622046936_o.jpg?resize=350%2C200","width":350,"height":200,"srcset":"https:\/\/i0.wp.com\/www.grieta.org.mx\/wp-content\/uploads\/2018\/03\/14524434_1106112876131411_958039263622046936_o.jpg?resize=350%2C200 1x, https:\/\/i0.wp.com\/www.grieta.org.mx\/wp-content\/uploads\/2018\/03\/14524434_1106112876131411_958039263622046936_o.jpg?resize=525%2C300 1.5x, https:\/\/i0.wp.com\/www.grieta.org.mx\/wp-content\/uploads\/2018\/03\/14524434_1106112876131411_958039263622046936_o.jpg?resize=700%2C400 2x"},"classes":[]},{"id":9944,"url":"http:\/\/www.grieta.org.mx\/index.php\/2016\/08\/25\/reforma-educativa-y-evaluacion-al-desempeno-en-el-estado-de-mexico\/","url_meta":{"origin":923,"position":2},"title":"Movilizaciones contra la Reforma educativa y evaluaci\u00f3n magisterial en el Estado de M\u00e9xico","author":"grieta","date":"25 agosto, 2016","format":false,"excerpt":"Maestros del Edomex se movilizan contra la reforma educativa 25\/08\/16. Maestros corren a Aurelio Nu\u00f1o de Ecatepec, basti\u00f3n del PRI, al grito de \u201c\u00a1Fuera, fuera, fuera!\u201dSin Embargo 23\/08\/16. Integrantes de la CNTE de Chiapas y Oaxaca organizan protesta en Nezahualc\u00f3yotlActivista MX 15\/07\/16. \"Ninguna reforma vale la pena si se realiza\u2026","rel":"","context":"En &quot;Estado de M\u00e9xico&quot;","block_context":{"text":"Estado de M\u00e9xico","link":"http:\/\/www.grieta.org.mx\/index.php\/category\/noticias-nacionales\/estado-de-mexico\/"},"img":{"alt_text":"","src":"https:\/\/i0.wp.com\/www.grieta.org.mx\/wp-content\/uploads\/2018\/03\/14524434_1106112876131411_958039263622046936_o.jpg?resize=350%2C200","width":350,"height":200,"srcset":"https:\/\/i0.wp.com\/www.grieta.org.mx\/wp-content\/uploads\/2018\/03\/14524434_1106112876131411_958039263622046936_o.jpg?resize=350%2C200 1x, https:\/\/i0.wp.com\/www.grieta.org.mx\/wp-content\/uploads\/2018\/03\/14524434_1106112876131411_958039263622046936_o.jpg?resize=525%2C300 1.5x, https:\/\/i0.wp.com\/www.grieta.org.mx\/wp-content\/uploads\/2018\/03\/14524434_1106112876131411_958039263622046936_o.jpg?resize=700%2C400 2x"},"classes":[]},{"id":15194,"url":"http:\/\/www.grieta.org.mx\/index.php\/2016\/06\/20\/marchan-cnte-en-puebla-para-exigir-paz-en-oaxaca\/","url_meta":{"origin":923,"position":3},"title":"Marchan CNTE en Puebla para exigir paz en Oaxaca","author":"grieta","date":"20 junio, 2016","format":false,"excerpt":"Por Luis Alberto Cata\u00f1o R. Miembros de la Coordinadora Nacional de Trabajadores de la Educaci\u00f3n (CNTE), marcharon esta tarde por las calles del Centro Hist\u00f3rico condenando los hechos de ayer en Nochixtl\u00e1n, Oaxaca, donde ocho personas murieron en los enfrentamientos con la polic\u00eda federal durante una manifestaci\u00f3n en repudio a\u2026","rel":"","context":"En &quot;CINTILLO&quot;","block_context":{"text":"CINTILLO","link":"http:\/\/www.grieta.org.mx\/index.php\/category\/cintillo\/"},"img":{"alt_text":"","src":"https:\/\/i0.wp.com\/www.grieta.org.mx\/wp-content\/uploads\/2016\/06\/w704-12.jpg?resize=350%2C200","width":350,"height":200,"srcset":"https:\/\/i0.wp.com\/www.grieta.org.mx\/wp-content\/uploads\/2016\/06\/w704-12.jpg?resize=350%2C200 1x, https:\/\/i0.wp.com\/www.grieta.org.mx\/wp-content\/uploads\/2016\/06\/w704-12.jpg?resize=525%2C300 1.5x, https:\/\/i0.wp.com\/www.grieta.org.mx\/wp-content\/uploads\/2016\/06\/w704-12.jpg?resize=700%2C400 2x"},"classes":[]},{"id":1968,"url":"http:\/\/www.grieta.org.mx\/index.php\/2015\/11\/15\/protesta-cnte-en-congreso-por-entrega-de-informe-de-cue\/","url_meta":{"origin":923,"position":4},"title":"Protesta CNTE en congreso, por entrega de informe de Cu\u00e9","author":"grieta","date":"15 noviembre, 2015","format":false,"excerpt":"Jazm\u00edn Morales, Oaxaca Oaxaca Oax.- Integrantes de la Secci\u00f3n XXII bloquean accesos al Congreso del Estado, se mantienen sobre la carretera que conduce al Cuilapam de Guerrero como protesta a la entrega del 5 Informe de Gobierno, mismo que ser\u00e1 entregado por el Secretario General de Gobierno (SEGEGO), Alfonso G\u00f3mez\u2026","rel":"","context":"En &quot;CINTILLO&quot;","block_context":{"text":"CINTILLO","link":"http:\/\/www.grieta.org.mx\/index.php\/category\/cintillo\/"},"img":{"alt_text":"","src":"https:\/\/i0.wp.com\/www.grieta.org.mx\/wp-content\/uploads\/2018\/03\/14524434_1106112876131411_958039263622046936_o.jpg?resize=350%2C200","width":350,"height":200,"srcset":"https:\/\/i0.wp.com\/www.grieta.org.mx\/wp-content\/uploads\/2018\/03\/14524434_1106112876131411_958039263622046936_o.jpg?resize=350%2C200 1x, https:\/\/i0.wp.com\/www.grieta.org.mx\/wp-content\/uploads\/2018\/03\/14524434_1106112876131411_958039263622046936_o.jpg?resize=525%2C300 1.5x, https:\/\/i0.wp.com\/www.grieta.org.mx\/wp-content\/uploads\/2018\/03\/14524434_1106112876131411_958039263622046936_o.jpg?resize=700%2C400 2x"},"classes":[]},{"id":1901,"url":"http:\/\/www.grieta.org.mx\/index.php\/2015\/10\/29\/detiene-la-pgr-a-4-lideres-de-la-cnte-en-oaxaca-los-traslada-a-penal-del-altiplano\/","url_meta":{"origin":923,"position":5},"title":"Detiene la PGR a 4 l\u00edderes de la CNTE en Oaxaca; los traslada a penal del Altiplano","author":"grieta","date":"29 octubre, 2015","format":false,"excerpt":"Gustavo Castillo y Jorge A. P\u00e9rez\u00a0, Oaxaca Oaxaca, Oax., 29 de octubre.- La Procuradur\u00eda General de la Rep\u00fablica (PGR) inform\u00f3 que la madrugada de este jueves fuerzas federales ejecutaron \u00f3rdenes de aprehensi\u00f3n en diversos lugares del estado de Oaxaca en contra de integrantes de la Coordinadora Nacional de Trabajadores de\u2026","rel":"","context":"En &quot;CINTILLO&quot;","block_context":{"text":"CINTILLO","link":"http:\/\/www.grieta.org.mx\/index.php\/category\/cintillo\/"},"img":{"alt_text":"","src":"https:\/\/i0.wp.com\/www.grieta.org.mx\/wp-content\/uploads\/2018\/03\/14524434_1106112876131411_958039263622046936_o.jpg?resize=350%2C200","width":350,"height":200,"srcset":"https:\/\/i0.wp.com\/www.grieta.org.mx\/wp-content\/uploads\/2018\/03\/14524434_1106112876131411_958039263622046936_o.jpg?resize=350%2C200 1x, https:\/\/i0.wp.com\/www.grieta.org.mx\/wp-content\/uploads\/2018\/03\/14524434_1106112876131411_958039263622046936_o.jpg?resize=525%2C300 1.5x, https:\/\/i0.wp.com\/www.grieta.org.mx\/wp-content\/uploads\/2018\/03\/14524434_1106112876131411_958039263622046936_o.jpg?resize=700%2C400 2x"},"classes":[]}],"_links":{"self":[{"href":"http:\/\/www.grieta.org.mx\/index.php\/wp-json\/wp\/v2\/posts\/923","targetHints":{"allow":["GET"]}}],"collection":[{"href":"http:\/\/www.grieta.org.mx\/index.php\/wp-json\/wp\/v2\/posts"}],"about":[{"href":"http:\/\/www.grieta.org.mx\/index.php\/wp-json\/wp\/v2\/types\/post"}],"author":[{"embeddable":true,"href":"http:\/\/www.grieta.org.mx\/index.php\/wp-json\/wp\/v2\/users\/2"}],"replies":[{"embeddable":true,"href":"http:\/\/www.grieta.org.mx\/index.php\/wp-json\/wp\/v2\/comments?post=923"}],"version-history":[{"count":1,"href":"http:\/\/www.grieta.org.mx\/index.php\/wp-json\/wp\/v2\/posts\/923\/revisions"}],"predecessor-version":[{"id":924,"href":"http:\/\/www.grieta.org.mx\/index.php\/wp-json\/wp\/v2\/posts\/923\/revisions\/924"}],"wp:featuredmedia":[{"embeddable":true,"href":"http:\/\/www.grieta.org.mx\/index.php\/wp-json\/wp\/v2\/media\/21928"}],"wp:attachment":[{"href":"http:\/\/www.grieta.org.mx\/index.php\/wp-json\/wp\/v2\/media?parent=923"}],"wp:term":[{"taxonomy":"category","embeddable":true,"href":"http:\/\/www.grieta.org.mx\/index.php\/wp-json\/wp\/v2\/categories?post=923"},{"taxonomy":"post_tag","embeddable":true,"href":"http:\/\/www.grieta.org.mx\/index.php\/wp-json\/wp\/v2\/tags?post=923"}],"curies":[{"name":"wp","href":"https:\/\/api.w.org\/{rel}","templated":true}]}}