{"id":9229,"date":"2015-04-16T00:32:04","date_gmt":"2015-04-16T00:32:04","guid":{"rendered":"http:\/\/www.grieta.org.mx\/?p=9229"},"modified":"2016-04-01T00:43:33","modified_gmt":"2016-04-01T00:43:33","slug":"la-lucha-sigue-radio-zapata-94-1-vive","status":"publish","type":"post","link":"http:\/\/www.grieta.org.mx\/index.php\/2015\/04\/16\/la-lucha-sigue-radio-zapata-94-1-vive\/","title":{"rendered":"\u00a1LA LUCHA SIGUE, RADIO ZAPATA 94.1 VIVE!"},"content":{"rendered":"<p>Tejiendo Organizaci\u00f3n REvolucionaria<\/p>\n<p>En las monta\u00f1as de la costa chica de guerrero, se levanta un faro de lucha comunitaria, del despertar de la conciencia, su nombre, Radio Zapata 94.1FM. Se localiza en la comunidad de Cerro Zapote, resguardada en el coraz\u00f3n del territorio del Consejo Ind\u00edgena y Popular de Guerrero (CIPOG). La radio uenta con un transmisor de 1000Watts de potencia, lo cual le brinda una asombrosa capacidad: alcanza a transmitir a 17 municipios de Guerrero y uno de Oaxaca. La radio opera desde noviembre del 2014 pero fue hasta el 11 de abril de este a\u00f1o, cuando la comunidad tuvo todo listo para hacer la inauguraci\u00f3n formal de esta radio comunitaria.<\/p>\n<p>Comenzaba a salir el sol, y ya figuraban 43 sillas hasta el frente del templete, cada una con la foto de nuestros compa\u00f1eros de Ayotzinapa desaparecidos por el Estado. La gente comenz\u00f3 a llegar y los polic\u00edas comunitarios se hac\u00edan presentes, las mujeres registraban a los asistentes en la mesa y por el sonido se escuchaba el llamado a los compas a ser pacientes porque los padres de familia de Ayotzinapa hab\u00edan tenido problemas para llegar a las entra\u00f1as de la monta\u00f1a. A las 11:42, hora de la comunidad, dio inicio la ceremonia. El pueblo mont\u00f3 una ofrenda a los compa\u00f1eros desaparecidos, se rez\u00f3 para la prosperidad de la radio y la comunidad, y se llamo a no cansar en la b\u00fasqueda de justicia. Al terminar, los asistentes pasaron a tomar alguna parte de la ofrenda, una pi\u00f1a, pulpa de tamarindo, ca\u00f1a, charales y dem\u00e1s figuraban entre las cosas que se repart\u00eda la gente.<\/p>\n<p>Lleg\u00f3 la tarde y la comida era servida en la \u201ccasa de la comandancia\u201d donde las se\u00f1oras del pueblo hab\u00edan preparado un rico caldo de pollo con tortillas hechas a mano. Fue entonces cuando arrib\u00f3 la camioneta que llevaba a los padres de familia de los compa\u00f1eros desaparecidos, la comunidad se prepar\u00f3 y se form\u00f3 en el caminito principal de terracer\u00eda, con la banda del pueblo en la retaguardia. Para cuando la camioneta lleg\u00f3, fue recibida con m\u00fasica y aplausos, seguida de una especie de procesi\u00f3n hasta el punto donde bajaron los padres, el dolor era compartido, la bienvenida c\u00e1lida pareci\u00f3 dibujar una sonrisa en los abatidos rostros de los 3 padres de familia que llegaron a la comunidad.<\/p>\n<p>Nuevamente nos acomodamos en el templete y el evento sigui\u00f3 su curso. Los padres de familia hicieron una breve exposici\u00f3n y pidieron que todos abraz\u00e1ramos la consigna \u201cNo hay elecciones hasta que aparezcan los 43\u201d. Posteriormente se presentaron los diversos invitados y oradores del d\u00eda. Se encontraban entre ellos: las Feministas Comunitarias de Bolivia, Oaxaca y Guerrero; La Casa de la Mujer Ind\u00edgena, el CIPOG y el Frente Popular Francisco Villa Independiente \u2013 UNOPII (Cd. de M\u00e9xico).<\/p>\n<p>Al finalizar la compartici\u00f3n, se procedi\u00f3 a instaurar las mesas de trabajo, en las cuales se abordaron diferentes puntos: mujeres y comunidad; experiencias de educaci\u00f3n comunitaria; sistemas comunitarios de seguridad y justicia; radios comunitarias, medios libres o como se llamen. La discusi\u00f3n se extendi\u00f3 toda la tarde, se compartieron denuncias, puntos de vista, se hermanaron las luchas.<\/p>\n<p>A\u00fan no terminaban algunas de las mesas y el sonido ya comenzaba a montarse, se ve\u00edan los integrantes de distintas bandas llegando al lugar y a las se\u00f1oras en la cocina preparando unos tamalitos de pollo. Al terminar la discusi\u00f3n, comenz\u00f3 la fiesta, primero los ni\u00f1os presentaron un baile t\u00edpico de la regi\u00f3n, despu\u00e9s la gente se sum\u00f3 al baile.<\/p>\n<p>Los saludos, las discusiones, la fiesta, todo era transmitido en la cabina de Radio Zapata. Se enviaban saludos, los escuchas regresaban mensajes y aunque la luz se fue por unas horas, el generador de di\u00e9sel no permiti\u00f3 que la transmisi\u00f3n se detuviera.<\/p>\n<p>Al d\u00eda siguiente la plenaria comenz\u00f3 a las 8am, se leyeron los resolutivos de las mesas, entre los cuales estaba la participaci\u00f3n m\u00e1s activa de las mujeres en las cuestiones comunales y de seguridad, el impulso a la creaci\u00f3n de un \u201cCentro de Saberes\u201d en la comunidad y el rechazo a las elecciones hasta la aparici\u00f3n con vida de los 43 estudiantes de Ayotzinapa. Se discutieron los acuerdos y desacuerdos, para finalmente avalar la relator\u00eda entre toda la plenaria. El segundo d\u00eda vio su fin a la una de la tarde, los invitados comenzaron a retirarse, les esperaba un largo camino de regreso a casa en un territorio donde el Estado imparte represi\u00f3n y violencia como el pan de cada d\u00eda.<\/p>\n<p>La radio comunitaria tiene la facultad de tejer organizaci\u00f3n, de tejer autonom\u00eda, de tejer rebeld\u00eda, de romper el cerco que impone el opresor a los pueblos que se organizan y que buscan el despertar conciencias que se sumen a la lucha en contra del sistema capitalista. Radio Zapata 94.1FM es resultado de la organizaci\u00f3n comunitaria que busca construir una sociedad y modos de participaci\u00f3n distintos. Nuevos lazos se tejen con proyectos como \u00e9ste, la lucha sigue, la organizaci\u00f3n tambi\u00e9n.<\/p>\n<p>Cambio y fuera. Continua la transmisi\u00f3n\u2026<\/p>\n<p><a href=\"https:\/\/tejiendorganizacionrevolucionaria.wordpress.com\/2015\/04\/16\/la-lucha-sigue-radio-zapata-94-1-vive\/\">https:\/\/tejiendorganizacionrevolucionaria.wordpress.com\/2015\/04\/16\/la-lucha-sigue-radio-zapata-94-1-vive\/<\/a><\/p>\n","protected":false},"excerpt":{"rendered":"<p>Tejiendo Organizaci\u00f3n REvolucionaria En las monta\u00f1as de la costa chica de guerrero, se levanta un faro de lucha comunitaria, del despertar de la conciencia, su nombre, Radio Zapata 94.1FM. Se &hellip; <a href=\"http:\/\/www.grieta.org.mx\/index.php\/2015\/04\/16\/la-lucha-sigue-radio-zapata-94-1-vive\/\" class=\"more-link\">Leer m\u00e1s<\/a><\/p>\n","protected":false},"author":2,"featured_media":21928,"comment_status":"closed","ping_status":"open","sticky":false,"template":"","format":"standard","meta":{"ngg_post_thumbnail":0,"_jetpack_newsletter_access":"","_jetpack_dont_email_post_to_subs":false,"_jetpack_newsletter_tier_id":0,"_jetpack_memberships_contains_paywalled_content":false,"_jetpack_memberships_contains_paid_content":false,"footnotes":""},"categories":[80,320],"tags":[564,563],"class_list":["post-9229","post","type-post","status-publish","format-standard","has-post-thumbnail","hentry","category-cintillo","category-guerrero","tag-cipog-ez","tag-radios-comunitarias","entry"],"jetpack_featured_media_url":"http:\/\/www.grieta.org.mx\/wp-content\/uploads\/2018\/03\/14524434_1106112876131411_958039263622046936_o.jpg","jetpack_sharing_enabled":true,"jetpack_shortlink":"https:\/\/wp.me\/p7ZJR4-2oR","jetpack_likes_enabled":false,"jetpack-related-posts":[{"id":13584,"url":"http:\/\/www.grieta.org.mx\/index.php\/2016\/05\/31\/radio-zapata-abriendo-monte\/","url_meta":{"origin":9229,"position":0},"title":"Noticias sobre radios comunitarias en Guerrero","author":"grieta","date":"31 mayo, 2016","format":false,"excerpt":"Noticias sobre Radio Zapata 31\/05\/16. Compartici\u00f3n Radio Zapata y Radio Tlanixco, en el marco de la Red Contra la Repres\u00edon Subversiones 30\/04\/16 Radio Zapata, desde el coraz\u00f3n del Territorio Comunitario Comune info 16\/04\/15 Reabrir el monte con la palabra: Radio Zapata Subversiones 16\/04\/15 \u00a1La lucha sigue, Radio Zapata 94.1 VIVE!\u2026","rel":"","context":"En &quot;Guerrero&quot;","block_context":{"text":"Guerrero","link":"http:\/\/www.grieta.org.mx\/index.php\/category\/noticias-nacionales\/guerrero\/"},"img":{"alt_text":"","src":"https:\/\/i0.wp.com\/www.grieta.org.mx\/wp-content\/uploads\/2018\/03\/14524434_1106112876131411_958039263622046936_o.jpg?resize=350%2C200","width":350,"height":200,"srcset":"https:\/\/i0.wp.com\/www.grieta.org.mx\/wp-content\/uploads\/2018\/03\/14524434_1106112876131411_958039263622046936_o.jpg?resize=350%2C200 1x, https:\/\/i0.wp.com\/www.grieta.org.mx\/wp-content\/uploads\/2018\/03\/14524434_1106112876131411_958039263622046936_o.jpg?resize=525%2C300 1.5x, https:\/\/i0.wp.com\/www.grieta.org.mx\/wp-content\/uploads\/2018\/03\/14524434_1106112876131411_958039263622046936_o.jpg?resize=700%2C400 2x"},"classes":[]},{"id":11033,"url":"http:\/\/www.grieta.org.mx\/index.php\/2016\/03\/30\/comunicado-sobre-actividades-del-cipog-ez-y-campana-en-solidaridad-con-radio-zapata\/","url_meta":{"origin":9229,"position":1},"title":"Comunicado sobre actividades del CIPOG-EZ y campa\u00f1a en solidaridad con Radio Zapata","author":"grieta","date":"30 marzo, 2016","format":false,"excerpt":"Comisi\u00f3n Radio Zapata Al EZLN, Al Congreso Nacional Ind\u00edgena, A la sexta nacional e internacional, A las mujeres y hombres, rebeldes y dignos de M\u00e9xico y el mundo, Nosotros, nosotras, hombres, mujeres, ni\u00f1os y ancianos del Consejo Ind\u00edgena y Popular de Guerrero - Emiliano Zapata (CIPOG-EZ). Queremos informarles algunos pasos\u2026","rel":"","context":"En &quot;CINTILLO&quot;","block_context":{"text":"CINTILLO","link":"http:\/\/www.grieta.org.mx\/index.php\/category\/cintillo\/"},"img":{"alt_text":"","src":"https:\/\/i0.wp.com\/www.grieta.org.mx\/wp-content\/uploads\/2018\/03\/14524434_1106112876131411_958039263622046936_o.jpg?resize=350%2C200","width":350,"height":200,"srcset":"https:\/\/i0.wp.com\/www.grieta.org.mx\/wp-content\/uploads\/2018\/03\/14524434_1106112876131411_958039263622046936_o.jpg?resize=350%2C200 1x, https:\/\/i0.wp.com\/www.grieta.org.mx\/wp-content\/uploads\/2018\/03\/14524434_1106112876131411_958039263622046936_o.jpg?resize=525%2C300 1.5x, https:\/\/i0.wp.com\/www.grieta.org.mx\/wp-content\/uploads\/2018\/03\/14524434_1106112876131411_958039263622046936_o.jpg?resize=700%2C400 2x"},"classes":[]},{"id":12500,"url":"http:\/\/www.grieta.org.mx\/index.php\/2016\/04\/30\/radio-zapata-desde-el-corazon-del-territorio-comunitario\/","url_meta":{"origin":9229,"position":2},"title":"Radio Zapata, desde territorio comunitario","author":"grieta","date":"30 abril, 2016","format":false,"excerpt":"Comune info (Diario Italiano) N. Jimmenez e J. L. Santill\u00e1n, Rehabilitar una radio comunitaria que pretende a trav\u00e9s de la comunicaci\u00f3n mejorar las condiciones de vida de los pueblos Guerrerenses, en el estado con los m\u00e1s altos \u00edndices de violencia y el tercero en pobreza extrema. Es el reto de\u2026","rel":"","context":"En &quot;CINTILLO&quot;","block_context":{"text":"CINTILLO","link":"http:\/\/www.grieta.org.mx\/index.php\/category\/cintillo\/"},"img":{"alt_text":"","src":"https:\/\/i0.wp.com\/www.grieta.org.mx\/wp-content\/uploads\/2018\/03\/14524434_1106112876131411_958039263622046936_o.jpg?resize=350%2C200","width":350,"height":200,"srcset":"https:\/\/i0.wp.com\/www.grieta.org.mx\/wp-content\/uploads\/2018\/03\/14524434_1106112876131411_958039263622046936_o.jpg?resize=350%2C200 1x, https:\/\/i0.wp.com\/www.grieta.org.mx\/wp-content\/uploads\/2018\/03\/14524434_1106112876131411_958039263622046936_o.jpg?resize=525%2C300 1.5x, https:\/\/i0.wp.com\/www.grieta.org.mx\/wp-content\/uploads\/2018\/03\/14524434_1106112876131411_958039263622046936_o.jpg?resize=700%2C400 2x"},"classes":[]},{"id":36763,"url":"http:\/\/www.grieta.org.mx\/index.php\/2019\/07\/21\/sitiaron-y-atacaron-a-balazos-a-comunidad-indigena-de-chilapa-denuncian-guerrero\/","url_meta":{"origin":9229,"position":3},"title":"Sitiaron y atacaron a balazos a comunidad ind\u00edgena de Chilapa, denuncian (Guerrero)","author":"Admin","date":"21 julio, 2019","format":false,"excerpt":"Francisca Meza Carranza \/ Quadrat\u00edn CHILPANCINGO, Gro., 21 de julio de 2019.-Integrantes del Concejo Ind\u00edgena y Popular de Guerrero-Emiliano Zapata (Cipog-EZ) denunciaron un ataque armado contra la comunidad nahua de Tula, municipio de Chilapa, durante la tarde-noche del s\u00e1bado, con saldo de al menos un herido, y solicitaron la intervenci\u00f3n\u2026","rel":"","context":"En &quot;CINTILLO&quot;","block_context":{"text":"CINTILLO","link":"http:\/\/www.grieta.org.mx\/index.php\/category\/cintillo\/"},"img":{"alt_text":"","src":"https:\/\/i0.wp.com\/www.grieta.org.mx\/wp-content\/uploads\/2019\/07\/Crimen-Violencia-M%C3%A9xico03-1160x700.png?resize=350%2C200","width":350,"height":200,"srcset":"https:\/\/i0.wp.com\/www.grieta.org.mx\/wp-content\/uploads\/2019\/07\/Crimen-Violencia-M%C3%A9xico03-1160x700.png?resize=350%2C200 1x, https:\/\/i0.wp.com\/www.grieta.org.mx\/wp-content\/uploads\/2019\/07\/Crimen-Violencia-M%C3%A9xico03-1160x700.png?resize=525%2C300 1.5x, https:\/\/i0.wp.com\/www.grieta.org.mx\/wp-content\/uploads\/2019\/07\/Crimen-Violencia-M%C3%A9xico03-1160x700.png?resize=700%2C400 2x, https:\/\/i0.wp.com\/www.grieta.org.mx\/wp-content\/uploads\/2019\/07\/Crimen-Violencia-M%C3%A9xico03-1160x700.png?resize=1050%2C600 3x"},"classes":[]},{"id":9225,"url":"http:\/\/www.grieta.org.mx\/index.php\/2015\/04\/16\/reabrir-el-monte-con-la-palabra-radio-zapata\/","url_meta":{"origin":9229,"position":4},"title":"Reabrir el monte con la palabra: Radio Zapata","author":"grieta","date":"16 abril, 2015","format":false,"excerpt":"Jer\u00f3nimo D\u00edaz y Heriberto Paredes Subversiones \u00ab\u00a1Viva Radio Zapata! Estamos transmitiendo en el 94.1 de FM para la regi\u00f3n de la Monta\u00f1a y la Costa Chica de Guerrero, desde el coraz\u00f3n del territorio comunitario\u00bb \u2014se escucha en la camioneta que nos conduce hacia el ejido de Buenavista, municipio de San\u2026","rel":"","context":"En &quot;CINTILLO&quot;","block_context":{"text":"CINTILLO","link":"http:\/\/www.grieta.org.mx\/index.php\/category\/cintillo\/"},"img":{"alt_text":"","src":"https:\/\/i0.wp.com\/www.grieta.org.mx\/wp-content\/uploads\/2018\/03\/14524434_1106112876131411_958039263622046936_o.jpg?resize=350%2C200","width":350,"height":200,"srcset":"https:\/\/i0.wp.com\/www.grieta.org.mx\/wp-content\/uploads\/2018\/03\/14524434_1106112876131411_958039263622046936_o.jpg?resize=350%2C200 1x, https:\/\/i0.wp.com\/www.grieta.org.mx\/wp-content\/uploads\/2018\/03\/14524434_1106112876131411_958039263622046936_o.jpg?resize=525%2C300 1.5x, https:\/\/i0.wp.com\/www.grieta.org.mx\/wp-content\/uploads\/2018\/03\/14524434_1106112876131411_958039263622046936_o.jpg?resize=700%2C400 2x"},"classes":[]},{"id":9223,"url":"http:\/\/www.grieta.org.mx\/index.php\/2016\/05\/31\/aniversario-de-radio-zapata\/","url_meta":{"origin":9229,"position":5},"title":"Radio Zapata, desde territorio comunitario","author":"grieta","date":"31 mayo, 2016","format":false,"excerpt":"31\/05\/15. Compartici\u00f3n Radio Zapata y Radio Tlanixco, en el marco de la Red Contra la Repres\u00edon Subversiones 30\/04\/16 Radio Zapata, desde el coraz\u00f3n del Territorio Comunitario Comune info 30\/03\/16 Comunicado sobre actividades del CIPOG-EZ y campa\u00f1a en solidaridad con Radio Zapata CIPOG-EZ 16\/04\/15 Reabrir el monte con la palabra: Radio\u2026","rel":"","context":"En &quot;CINTILLO&quot;","block_context":{"text":"CINTILLO","link":"http:\/\/www.grieta.org.mx\/index.php\/category\/cintillo\/"},"img":{"alt_text":"","src":"https:\/\/i0.wp.com\/www.grieta.org.mx\/wp-content\/uploads\/2018\/03\/14524434_1106112876131411_958039263622046936_o.jpg?resize=350%2C200","width":350,"height":200,"srcset":"https:\/\/i0.wp.com\/www.grieta.org.mx\/wp-content\/uploads\/2018\/03\/14524434_1106112876131411_958039263622046936_o.jpg?resize=350%2C200 1x, https:\/\/i0.wp.com\/www.grieta.org.mx\/wp-content\/uploads\/2018\/03\/14524434_1106112876131411_958039263622046936_o.jpg?resize=525%2C300 1.5x, https:\/\/i0.wp.com\/www.grieta.org.mx\/wp-content\/uploads\/2018\/03\/14524434_1106112876131411_958039263622046936_o.jpg?resize=700%2C400 2x"},"classes":[]}],"_links":{"self":[{"href":"http:\/\/www.grieta.org.mx\/index.php\/wp-json\/wp\/v2\/posts\/9229","targetHints":{"allow":["GET"]}}],"collection":[{"href":"http:\/\/www.grieta.org.mx\/index.php\/wp-json\/wp\/v2\/posts"}],"about":[{"href":"http:\/\/www.grieta.org.mx\/index.php\/wp-json\/wp\/v2\/types\/post"}],"author":[{"embeddable":true,"href":"http:\/\/www.grieta.org.mx\/index.php\/wp-json\/wp\/v2\/users\/2"}],"replies":[{"embeddable":true,"href":"http:\/\/www.grieta.org.mx\/index.php\/wp-json\/wp\/v2\/comments?post=9229"}],"version-history":[{"count":1,"href":"http:\/\/www.grieta.org.mx\/index.php\/wp-json\/wp\/v2\/posts\/9229\/revisions"}],"predecessor-version":[{"id":9233,"href":"http:\/\/www.grieta.org.mx\/index.php\/wp-json\/wp\/v2\/posts\/9229\/revisions\/9233"}],"wp:featuredmedia":[{"embeddable":true,"href":"http:\/\/www.grieta.org.mx\/index.php\/wp-json\/wp\/v2\/media\/21928"}],"wp:attachment":[{"href":"http:\/\/www.grieta.org.mx\/index.php\/wp-json\/wp\/v2\/media?parent=9229"}],"wp:term":[{"taxonomy":"category","embeddable":true,"href":"http:\/\/www.grieta.org.mx\/index.php\/wp-json\/wp\/v2\/categories?post=9229"},{"taxonomy":"post_tag","embeddable":true,"href":"http:\/\/www.grieta.org.mx\/index.php\/wp-json\/wp\/v2\/tags?post=9229"}],"curies":[{"name":"wp","href":"https:\/\/api.w.org\/{rel}","templated":true}]}}