{"id":9182,"date":"2015-10-13T22:29:29","date_gmt":"2015-10-13T22:29:29","guid":{"rendered":"http:\/\/www.grieta.org.mx\/?p=9182"},"modified":"2016-06-12T00:10:02","modified_gmt":"2016-06-12T00:10:02","slug":"la-seguridad-comunitaria-en-guerrero-cumple-20-anos","status":"publish","type":"post","link":"http:\/\/www.grieta.org.mx\/index.php\/2015\/10\/13\/la-seguridad-comunitaria-en-guerrero-cumple-20-anos\/","title":{"rendered":"La seguridad comunitaria en Guerrero cumple 20 a\u00f1os"},"content":{"rendered":"<p>Subversiones<\/p>\n<div class=\"jetpack-video-wrapper\"><iframe loading=\"lazy\" title=\"La seguridad comunitaria en Guerrero cumple 20 a\u00f1os\" width=\"1170\" height=\"658\" src=\"https:\/\/www.youtube.com\/embed\/qfzDcWmYS74?feature=oembed\" frameborder=\"0\" allow=\"accelerometer; autoplay; clipboard-write; encrypted-media; gyroscope; picture-in-picture\" allowfullscreen><\/iframe><\/div>\n<p>Redacci\u00f3n,<\/p>\n<p>En la v\u00edspera del vig\u00e9simo aniversario de la creaci\u00f3n de la Polic\u00eda Comunitaria (PC) de Guerrero \u2013y posteriormente la Coordinadora Regional de Autoridades Comunitarias (CRAC)\u2013, presentamos un avance documental de una larga investigaci\u00f3n acerca de las historias y los testimonios que conforman esta experiencia de lucha ind\u00edgena.<\/p>\n<p>Conformada por los pueblos meph\u2019a, tun\u2019savi y \u00f1omda\u2019a as\u00ed como por mestizos y afromestizos, la CRAC-PC es uno de los ejemplos m\u00e1s avanzados respecto a la construcci\u00f3n de alternativas de procuraci\u00f3n de justicia y seguridad, no s\u00f3lo en Guerrero, sino en todo el territorio mexicano. Tras un oscuro periodo en donde la delincuencia azot\u00f3 la regi\u00f3n de la Monta\u00f1a guerrerense, la presencia de organizaciones sociales \u2013como el Consejo Ind\u00edgena 500 a\u00f1os de Resistencia\u2013 y de organizaciones campesinas \u2013como la Asociaci\u00f3n Rural de Inter\u00e9s Colectivo (ARIC)\u2013 permiti\u00f3 de nueva cuenta un proceso comunitario para solucionar colectivamente los casos de robo, violaciones, abigeato y homicidios que imped\u00edan la tranquilidad en los caminos.<\/p>\n<p>Luego de comprobar el contubernio de la polic\u00eda municipal, cientos de comunidades de los municipios de Malinaltepec y San Luis Acatl\u00e1n, se re\u00fanen varias veces y determinan, bajo estricto acuerdo de asamblea, la creaci\u00f3n de una polic\u00eda comunitaria. \u00abComunitaria porque son los pueblos los que la est\u00e1n creando y no los pol\u00edticos\u00bb refiri\u00f3 aquel 15 de octubre de 1995 el padre Mario Campos en la asamblea constitutiva que tuvo lugar en la comunidad de Santa Cruz el Rinc\u00f3n.<\/p>\n<p>Durante 15 a\u00f1os aproximadamente, la instituci\u00f3n comunitaria trabaj\u00f3 de una manera unificada, sin embargo, tras la presencia de dos supuestos asesores \u2013se\u00f1alados por los propios pueblos ind\u00edgenas, Pablo Guzm\u00e1n, actual asesor del gobernador Rogelio Ortega y Valent\u00edn Hern\u00e1ndez Chapa, originario de Morelos y listado en la n\u00f3mina de la Comisi\u00f3n Nacional para el Desarrollo de los Pueblos Ind\u00edgenas (CDI)\u2013 el proyecto de seguridad y justicia que redujo los niveles de inseguridad y violencia abruptamente, se vio dividido y enfrentado internamente. Actualmente son algunos de los pueblos fundadores del proyecto los que tratan de reconstruir el tejido fracturado\u00a0y continuar con sus labores, sin embargo, la otra facci\u00f3n se encuentra indefinida y en constante ambig\u00fcedad.<\/p>\n<p>Mucho se ha escrito en la prensa en los \u00faltimos tres a\u00f1os, pero poco se ha dicho acerca de los or\u00edgenes de la CRAC-PC, por ello nos dimos a la tarea de recopilar los testimonios de aquellas personas que con sus labores, su compromiso y entrega, hicieron posible que un proyecto de los pueblos ind\u00edgenas de la Monta\u00f1a fuera posible y pronto se extendiera a la zona de la Costa Chica. No son todos ni todas, tan s\u00f3lo es un avance, una muestra, una peque\u00f1a fotograf\u00eda de un trabajo que tiene m\u00e1s aliento y mayores objetivos. En todo caso, consideramos que este video es tan s\u00f3lo un gesto que reconoce el arduo trabajo que las comunidades han realizado para construir una vida pac\u00edfica, libre, justa y digna.<\/p>\n<p>M\u00e1s adelante, esperamos concluir la investigaci\u00f3n y compartir el resultado final para que sean los pueblos los que, a trav\u00e9s de sus integrantes, hablen y dibujen el rostro de su historia y de la historia de su justicia.<\/p>\n<p><a href=\"http:\/\/subversiones.org\/archivos\/119245\">http:\/\/subversiones.org\/archivos\/119245<\/a><\/p>\n","protected":false},"excerpt":{"rendered":"<p>Subversiones Redacci\u00f3n, En la v\u00edspera del vig\u00e9simo aniversario de la creaci\u00f3n de la Polic\u00eda Comunitaria (PC) de Guerrero \u2013y posteriormente la Coordinadora Regional de Autoridades Comunitarias (CRAC)\u2013, presentamos un avance &hellip; <a href=\"http:\/\/www.grieta.org.mx\/index.php\/2015\/10\/13\/la-seguridad-comunitaria-en-guerrero-cumple-20-anos\/\" class=\"more-link\">Leer m\u00e1s<\/a><\/p>\n","protected":false},"author":2,"featured_media":21928,"comment_status":"closed","ping_status":"open","sticky":false,"template":"","format":"standard","meta":{"ngg_post_thumbnail":0,"_jetpack_newsletter_access":"","_jetpack_dont_email_post_to_subs":false,"_jetpack_newsletter_tier_id":0,"_jetpack_memberships_contains_paywalled_content":false,"_jetpack_memberships_contains_paid_content":false,"footnotes":""},"categories":[80,320],"tags":[558],"class_list":["post-9182","post","type-post","status-publish","format-standard","has-post-thumbnail","hentry","category-cintillo","category-guerrero","tag-crac-pc","entry"],"jetpack_featured_media_url":"http:\/\/www.grieta.org.mx\/wp-content\/uploads\/2018\/03\/14524434_1106112876131411_958039263622046936_o.jpg","jetpack_sharing_enabled":true,"jetpack_shortlink":"https:\/\/wp.me\/p7ZJR4-2o6","jetpack_likes_enabled":false,"jetpack-related-posts":[{"id":9171,"url":"http:\/\/www.grieta.org.mx\/index.php\/2016\/04\/21\/la-crac-pc-de-chilapa-realiza-recorridos-para-frenar-la-entrada-de-grupos-delictivos\/","url_meta":{"origin":9182,"position":0},"title":"Seguridad y justicia comunitaria en Guerrero","author":"grieta","date":"21 abril, 2016","format":false,"excerpt":"21\/04\/16 Mando \u00fanico para reprimir: Cirino Pl\u00e1cido El Faro 21\/10\/15 Para reconstituir la CRAC-PC hacen falta valores y principios: CIPOG-EZ Subversiones 13\/10\/15 La seguridad comunitaria en Guerrero cumple 20 a\u00f1os Subversiones 24\/08\/15 \u201cRechazamos cualquier intento para oficializarnos, no nos subordinaremos al Estado\u201d, pueblos fundadores de la polic\u00eda comunitaria de Guerrero.\u2026","rel":"","context":"En &quot;Guerrero&quot;","block_context":{"text":"Guerrero","link":"http:\/\/www.grieta.org.mx\/index.php\/category\/noticias-nacionales\/guerrero\/"},"img":{"alt_text":"","src":"https:\/\/i0.wp.com\/www.grieta.org.mx\/wp-content\/uploads\/2018\/03\/14524434_1106112876131411_958039263622046936_o.jpg?resize=350%2C200","width":350,"height":200,"srcset":"https:\/\/i0.wp.com\/www.grieta.org.mx\/wp-content\/uploads\/2018\/03\/14524434_1106112876131411_958039263622046936_o.jpg?resize=350%2C200 1x, https:\/\/i0.wp.com\/www.grieta.org.mx\/wp-content\/uploads\/2018\/03\/14524434_1106112876131411_958039263622046936_o.jpg?resize=525%2C300 1.5x, https:\/\/i0.wp.com\/www.grieta.org.mx\/wp-content\/uploads\/2018\/03\/14524434_1106112876131411_958039263622046936_o.jpg?resize=700%2C400 2x"},"classes":[]},{"id":34623,"url":"http:\/\/www.grieta.org.mx\/index.php\/2019\/06\/03\/responsabilizan-al-gobierno-por-posible-enfrentamiento-en-hueycantenango-guerrero\/","url_meta":{"origin":9182,"position":1},"title":"Responsabilizan al gobierno por posible enfrentamiento en Hueycantenango (Guerrero)","author":"Admin","date":"3 junio, 2019","format":false,"excerpt":"Eduardo Yener Santos \/ Quadrat\u00edn CHILPANCINGO, Gro., 3 de junio de 2019.- Integrantes de la Coordinadora Regional de Autoridades Comunitarias-Polic\u00eda Comunitaria de los Pueblos Fundadores (CRAC-PC- PF) de Rinc\u00f3n de Chautla, Chilapa, responsabilizaron a los tres \u00f3rdenes de gobierno de cualquier enfrentamiento armado que se pueda originar este martes en\u2026","rel":"","context":"En &quot;CINTILLO&quot;","block_context":{"text":"CINTILLO","link":"http:\/\/www.grieta.org.mx\/index.php\/category\/cintillo\/"},"img":{"alt_text":"","src":"https:\/\/i0.wp.com\/www.grieta.org.mx\/wp-content\/uploads\/2019\/06\/CRACPCPF-1160x700.jpg?resize=350%2C200","width":350,"height":200,"srcset":"https:\/\/i0.wp.com\/www.grieta.org.mx\/wp-content\/uploads\/2019\/06\/CRACPCPF-1160x700.jpg?resize=350%2C200 1x, https:\/\/i0.wp.com\/www.grieta.org.mx\/wp-content\/uploads\/2019\/06\/CRACPCPF-1160x700.jpg?resize=525%2C300 1.5x, https:\/\/i0.wp.com\/www.grieta.org.mx\/wp-content\/uploads\/2019\/06\/CRACPCPF-1160x700.jpg?resize=700%2C400 2x, https:\/\/i0.wp.com\/www.grieta.org.mx\/wp-content\/uploads\/2019\/06\/CRACPCPF-1160x700.jpg?resize=1050%2C600 3x"},"classes":[]},{"id":43434,"url":"http:\/\/www.grieta.org.mx\/index.php\/2020\/01\/22\/menores-marchan-y-entrenan-en-las-filas-de-la-crac-pf-guerrero\/","url_meta":{"origin":9182,"position":2},"title":"Menores marchan y entrenan en las filas de la CRAC-PF (Guerrero)","author":"Admin","date":"22 enero, 2020","format":false,"excerpt":"Texto y foto: Marlene Castro \/ Amapola La Coordinadora Regional de Autoridades Comunitarias de los Pueblos Fundadores (CRAC-PF), con cinco nuevos integrantes menores de edad y habitantes de las comunidades nahuas del corredor Chilapa-Hueycatenango marcharon hoy por aproximadamente dos kil\u00f3metros de esta carretera para exigir los cad\u00e1veres de cinco de\u2026","rel":"","context":"En &quot;CINTILLO&quot;","block_context":{"text":"CINTILLO","link":"http:\/\/www.grieta.org.mx\/index.php\/category\/cintillo\/"},"img":{"alt_text":"","src":"https:\/\/i0.wp.com\/www.grieta.org.mx\/wp-content\/uploads\/2020\/01\/Captura-de-pantalla-2020-01-24-a-las-1.43.46-p.m..png?resize=350%2C200","width":350,"height":200,"srcset":"https:\/\/i0.wp.com\/www.grieta.org.mx\/wp-content\/uploads\/2020\/01\/Captura-de-pantalla-2020-01-24-a-las-1.43.46-p.m..png?resize=350%2C200 1x, https:\/\/i0.wp.com\/www.grieta.org.mx\/wp-content\/uploads\/2020\/01\/Captura-de-pantalla-2020-01-24-a-las-1.43.46-p.m..png?resize=525%2C300 1.5x"},"classes":[]},{"id":51861,"url":"http:\/\/www.grieta.org.mx\/index.php\/2020\/06\/17\/bloquea-crac-pf-en-chilapa-para-impedir-entrada-de-la-guardia-nacional-guerrero\/","url_meta":{"origin":9182,"position":3},"title":"Bloquea CRAC-PF en Chilapa para impedir entrada de la Guardia Nacional  (Guerrero)","author":"Admin","date":"17 junio, 2020","format":false,"excerpt":"Eduardo Y\u00e9ner \/ Quadrat\u00edn CHILPANCINGO, Gro., 17 de junio de 2020.- Integrantes de la Coordinadora Regional de Autoridades Comunitarias-Pueblos Fundadores (CRAC-PF) de Chilapa bloquean la carretera que conduce a Hueycantenango en el crucero de la comunidad de Alcozac\u00e1n. El bloqueo que se instal\u00f3 esta tarde y en el cual participan\u2026","rel":"","context":"En &quot;CINTILLO&quot;","block_context":{"text":"CINTILLO","link":"http:\/\/www.grieta.org.mx\/index.php\/category\/cintillo\/"},"img":{"alt_text":"","src":"https:\/\/i0.wp.com\/www.grieta.org.mx\/wp-content\/uploads\/2020\/07\/bloqueoCRAC-PF-1160x700.jpeg?resize=350%2C200","width":350,"height":200,"srcset":"https:\/\/i0.wp.com\/www.grieta.org.mx\/wp-content\/uploads\/2020\/07\/bloqueoCRAC-PF-1160x700.jpeg?resize=350%2C200 1x, https:\/\/i0.wp.com\/www.grieta.org.mx\/wp-content\/uploads\/2020\/07\/bloqueoCRAC-PF-1160x700.jpeg?resize=525%2C300 1.5x, https:\/\/i0.wp.com\/www.grieta.org.mx\/wp-content\/uploads\/2020\/07\/bloqueoCRAC-PF-1160x700.jpeg?resize=700%2C400 2x, https:\/\/i0.wp.com\/www.grieta.org.mx\/wp-content\/uploads\/2020\/07\/bloqueoCRAC-PF-1160x700.jpeg?resize=1050%2C600 3x"},"classes":[]},{"id":32325,"url":"http:\/\/www.grieta.org.mx\/index.php\/2019\/04\/16\/ante-el-asesinato-de-julian-cortes-flores-organizaciones-exigen-justicia\/","url_meta":{"origin":9182,"position":4},"title":"Ante el asesinato de Juli\u00e1n Cort\u00e9s Flores, organizaciones exigen justicia","author":"grieta","date":"16 abril, 2019","format":false,"excerpt":"Redacci\u00f3n \/ Somoselmedio El Centro de Derechos Humanos de la Monta\u00f1a, Tlachinollan, y el Movimiento por la Libertad de los Presos Pol\u00edticos del Estado de Guerrero (MOLPPEG), a trav\u00e9s del Congreso Nacional Ind\u00edgena (CNI), exigieron justicia por el asesinato de Juli\u00e1n Cort\u00e9s Flores, l\u00edder de la Coordinadora Regional de Autoridades\u2026","rel":"","context":"En &quot;CINTILLO&quot;","block_context":{"text":"CINTILLO","link":"http:\/\/www.grieta.org.mx\/index.php\/category\/cintillo\/"},"img":{"alt_text":"","src":"https:\/\/i0.wp.com\/www.grieta.org.mx\/wp-content\/uploads\/2019\/04\/direct-15.jpg?resize=350%2C200","width":350,"height":200,"srcset":"https:\/\/i0.wp.com\/www.grieta.org.mx\/wp-content\/uploads\/2019\/04\/direct-15.jpg?resize=350%2C200 1x, https:\/\/i0.wp.com\/www.grieta.org.mx\/wp-content\/uploads\/2019\/04\/direct-15.jpg?resize=525%2C300 1.5x"},"classes":[]},{"id":32319,"url":"http:\/\/www.grieta.org.mx\/index.php\/2019\/04\/13\/julian-cortes-coordinador-de-la-policia-comunitaria-en-san-luis-acatlan-guerrero-es-asesinado\/","url_meta":{"origin":9182,"position":5},"title":"Juli\u00e1n Cort\u00e9s, coordinador de la polic\u00eda comunitaria en San Luis Acatl\u00e1n, Guerrero, es asesinado","author":"grieta","date":"13 abril, 2019","format":false,"excerpt":"Juli\u00e1n Cort\u00e9s, originario de la comunidad de El Carmen, sali\u00f3 del edificio y alrededor de las 3:15 fue atacado a balazos en la calle Emiliano Zapata del barrio de San Isidro, Chilpancingo, cuando manejaba un autom\u00f3vil blanco tipo Tsuru. El lugar del crimen fue resguardado por polic\u00edas comunitarios, mientras que\u2026","rel":"","context":"En &quot;CINTILLO&quot;","block_context":{"text":"CINTILLO","link":"http:\/\/www.grieta.org.mx\/index.php\/category\/cintillo\/"},"img":{"alt_text":"","src":"https:\/\/i0.wp.com\/www.grieta.org.mx\/wp-content\/uploads\/2019\/04\/asesinan-gro.jpg?resize=350%2C200","width":350,"height":200,"srcset":"https:\/\/i0.wp.com\/www.grieta.org.mx\/wp-content\/uploads\/2019\/04\/asesinan-gro.jpg?resize=350%2C200 1x, https:\/\/i0.wp.com\/www.grieta.org.mx\/wp-content\/uploads\/2019\/04\/asesinan-gro.jpg?resize=525%2C300 1.5x, https:\/\/i0.wp.com\/www.grieta.org.mx\/wp-content\/uploads\/2019\/04\/asesinan-gro.jpg?resize=700%2C400 2x, https:\/\/i0.wp.com\/www.grieta.org.mx\/wp-content\/uploads\/2019\/04\/asesinan-gro.jpg?resize=1050%2C600 3x"},"classes":[]}],"_links":{"self":[{"href":"http:\/\/www.grieta.org.mx\/index.php\/wp-json\/wp\/v2\/posts\/9182","targetHints":{"allow":["GET"]}}],"collection":[{"href":"http:\/\/www.grieta.org.mx\/index.php\/wp-json\/wp\/v2\/posts"}],"about":[{"href":"http:\/\/www.grieta.org.mx\/index.php\/wp-json\/wp\/v2\/types\/post"}],"author":[{"embeddable":true,"href":"http:\/\/www.grieta.org.mx\/index.php\/wp-json\/wp\/v2\/users\/2"}],"replies":[{"embeddable":true,"href":"http:\/\/www.grieta.org.mx\/index.php\/wp-json\/wp\/v2\/comments?post=9182"}],"version-history":[{"count":1,"href":"http:\/\/www.grieta.org.mx\/index.php\/wp-json\/wp\/v2\/posts\/9182\/revisions"}],"predecessor-version":[{"id":14046,"href":"http:\/\/www.grieta.org.mx\/index.php\/wp-json\/wp\/v2\/posts\/9182\/revisions\/14046"}],"wp:featuredmedia":[{"embeddable":true,"href":"http:\/\/www.grieta.org.mx\/index.php\/wp-json\/wp\/v2\/media\/21928"}],"wp:attachment":[{"href":"http:\/\/www.grieta.org.mx\/index.php\/wp-json\/wp\/v2\/media?parent=9182"}],"wp:term":[{"taxonomy":"category","embeddable":true,"href":"http:\/\/www.grieta.org.mx\/index.php\/wp-json\/wp\/v2\/categories?post=9182"},{"taxonomy":"post_tag","embeddable":true,"href":"http:\/\/www.grieta.org.mx\/index.php\/wp-json\/wp\/v2\/tags?post=9182"}],"curies":[{"name":"wp","href":"https:\/\/api.w.org\/{rel}","templated":true}]}}