{"id":9175,"date":"2015-10-21T22:14:13","date_gmt":"2015-10-21T22:14:13","guid":{"rendered":"http:\/\/www.grieta.org.mx\/?p=9175"},"modified":"2016-05-28T08:12:11","modified_gmt":"2016-05-28T08:12:11","slug":"para-reconstituir-la-crac-pc-hacen-falta-valores-y-principios-cipog-ez","status":"publish","type":"post","link":"http:\/\/www.grieta.org.mx\/index.php\/2015\/10\/21\/para-reconstituir-la-crac-pc-hacen-falta-valores-y-principios-cipog-ez\/","title":{"rendered":"Para reconstituir la CRAC-PC hacen falta valores y principios: CIPOG-EZ"},"content":{"rendered":"<p>Jos\u00e9 Luis Santill\u00e1n<\/p>\n<p>Subversiones<\/p>\n<p>Un\u00a0equipo de periodistas de SubVersiones recorrimos recientemente la zona Norte, Centro y Costa Chica de Guerrero, en el contexto de los 20 a\u00f1os de la fundaci\u00f3n de la Coordinadora Regional de Autoridades Comunitarias-Polic\u00eda Comunitaria (CRAC-PC), para aproximarnos al contexto actual\u00a0de esta instituci\u00f3n y de otros grupos de autodefensas. Encontramos un panorama en el estado y dentro de estos movimientos muy distinto al que aparece en los medios que los han cubierto de forma parcial.<\/p>\n<p>Decidimos entonces presentar nuestro balance en dos entregas: una que contiene los testimonios y an\u00e1lisis de muy diversos actores del estado de Guerrero, nuestra perspectiva en este sentido, es poder mostrar al lector una actualizaci\u00f3n de las reconfiguraciones sociales, pol\u00edticas y del crimen organizado en la entidad para intentar dibujar algo\u00a0de la complejidad que los distintos movimientos sociales enfrentan en una realidad funesta, dentro de la cual los principios y valores m\u00e1s nobles contin\u00faan d\u00e1ndo aliento para construir algo diferente.<\/p>\n<p>Para comenzar con esta labor\u00a0presentamos el an\u00e1lisis que realiza el Consejo Ind\u00edgena y Popular de Guerrero &#8211; Emiliano Zapata (CIPOG-EZ), una red organizativa que sigue haciendo frente a los problemas de seguridad y justicia, buscando rescatar los principios del mandar obedeciendo que le dieron vida a la CRAC-PC, as\u00ed como una reflexi\u00f3n de\u00a0 las luchas ind\u00edgenas en Guerrero y los pueblos que siguen construyendo la autonom\u00eda y est\u00e1n en resistencia, es decir que no se han vendido, ni rendido ante las pol\u00edticas de los malos gobiernos. Su reflexi\u00f3n recuerda desde la guerra de conquista hasta el levantamiento armado del EZLN, de la construcci\u00f3n del Congreso Nacional Ind\u00edgena a los esfuerzos en Guerrero por llevar a la pr\u00e1ctica la autonom\u00eda con el nacimiento de la Polic\u00eda Comunitaria en 1995. En este sentido se revisan los or\u00edgenes de la CRAC-PC y las diferentes caras de la contrainsurgencia, inclu\u00eddo el an\u00e1lisis de actore, intereses y modos que lograron desarticularla en febrero de 2013.<\/p>\n<p>El interlocutor, a trav\u00e9s de quien se abrir\u00e1 una ventana hacia esta mirada del Territorio Comunitario, es una red organizativa que se comenz\u00f3 a tejer en 2008 y se activa de manera m\u00e1s clara en 2013, los\u00a0pueblos y comunidades que la constituyen han sido participantes de las luchas por construir autonom\u00eda en Guerrero. Participaron en la creaci\u00f3n del Consejo Guerrerense 500 A\u00f1os de Resistencia Ind\u00edgena en 1992, en la marcha de &#8220;No est\u00e1n solos&#8221; en 1994, en el nacimiento de la Polic\u00eda Comunitaria en 1994, en los acuerdos de San Andr\u00e9s y la construcci\u00f3n del Congreso Nacional Ind\u00edgena en 1996. Participaron en todas las iniciativas zapatistas, desde la Convenci\u00f3n Nacional Democr\u00e1tica, las consultas nacionales y la Marcha del Color de la Tierra. Mientras en la Costa-Monta\u00f1a de Guerrero se consolidaba el Sistema Comunitario y la CRAC-PC.<\/p>\n<p>Ante la fragmentaci\u00f3n de la CRAC-PC, Cirino Pl\u00e1cido Valerio, fundador, ex-coordinador y consejero de la CRAC-PC y promotor estatal del CIPOG-EZ y participante del CNI desde su fundaci\u00f3n, ahora busca, a trav\u00e9s de la palabra, la reflexi\u00f3n y la organizaci\u00f3n recuperar los principios y valores que fueron semilla y orientaron estas luchas, como las ra\u00edces que quieren ser reto\u00f1o del pensamiento zapatista en Guerrero, m\u00e1s all\u00e1 de personas y grupos que, en diferentes momentos, desviaron este proyecto us\u00e1ndolo para intereses ajenos a las comunidades o para establecer\u00a0 interlocuci\u00f3n y negociar con los malos gobiernos.<\/p>\n<p>Por alzar la voz y recordar los principios del Sistema Comunitario, ha sido acusado de ser paramilitar desde 2013. Estas acusasiones han venido de medios libres, individuos y organizaciones que tratan de esconder su verdadero pensamiento y sus dogmas apropi\u00e1ndose de proyectos y discursos que no comparten. Los medios de comunicaci\u00f3n y muchos individuos y organizaciones se han quedado s\u00f3lo con la versi\u00f3n de los liderazgos que tuvieron asesor\u00eda y recursos para recorrer universidades y foros, alinear a los medios de comunicaci\u00f3n y confundir a la opini\u00f3n p\u00fablica, mientras los principios de la CRAC-PC se pervert\u00edan y la justicia se iba alejando de los pueblos que la tomaron en sus manos. La confrontaci\u00f3n y divisi\u00f3n lleg\u00f3 al grado de generar agresiones de grupos armados contra autoridades ind\u00edgenas, enfrentamientos, asesinatos y detenciones entre polic\u00edas comunitarios. Pasando por la credencializaci\u00f3n de polic\u00edas comunitarios realizada por el ej\u00e9rcito federal, recibiendo paga y recursos del gobierno de \u00c1ngel Aguirre.<\/p>\n<p>Las comunidades del CIPOG-EZ, han hecho cuestionamientos fundamentales \u00bfQu\u00e9 hizo que se perdieran los principios del Sistema Comunitario? \u00bfCu\u00e1les son los posibles caminos para su reconstituci\u00f3n?<\/p>\n<p>En medio de agreste cerco medi\u00e1tico, un entorno de amenazas y con recursos econ\u00f3micos propios, el CIPOG-EZ mantiene un peque\u00f1o proceso que camina lentamente, con proyectos como Radio Zapata (94.1 de FM) y la Casa de Saberes, para la formaci\u00f3n pol\u00edtica, t\u00e9cnica y cultural de hombres, ni\u00f1os y mujeres, el Consejo camina consultando a las comunidades y construyendo acuerdos desde las asambleas comunitarias.<\/p>\n<p>Finalmente\u00a0compartimos en esta entrega la palabra del CIPOG-EZ del pasado 15 de octubre del 2015, durante la toma de protesta de la Casa de Justicia de El Para\u00edso,municipio de Ayutla de los Libres, muestra de que la reflexi\u00f3n y el an\u00e1lisis est\u00e1n abriendo peque\u00f1os espacios donde quienes se integraron recientemente a la CRAC-PC tienen la oportunidad de retomar los valores y principios originales de este tan necesario ejemplo de seguridad y justicia.<\/p>\n<p>Palabras del CIPOG-EZ a 20 a\u00f1os del nacimiento de la Polic\u00eda Comunitaria:<\/p>\n<p style=\"text-align: center;\"><strong>Somos herederos de 523 a\u00f1os de resistencia ind\u00edgena: nuestra historia, presente y futuro nos llaman nuevamente a tomar nuestros destinos en nuestras propias manos<\/strong><\/p>\n<p style=\"text-align: right;\"><em>20 a\u00f1os del nacimiento de un destello de esperanza,<\/em><br \/>\n<em> 20 a\u00f1os caminando entre la luz y la sombra,<\/em><br \/>\n<em> 20 a\u00f1os construyendo un sue\u00f1o que no cabe en ning\u00fan membrete,<\/em><\/p>\n<p>Los pueblos originarios del continente americano exist\u00edan antes del 12 de octubre de 1492, ten\u00edan formas de vida comunitarias y cada pueblo formaba sus guerreros. Los guerreros ten\u00edan capacidad, destreza, disciplina y lealtad a su pueblo. Serv\u00edan para defender a su pueblo de cualquier agresi\u00f3n externa. Los pueblos originarios ten\u00edan conocimiento y sabidur\u00eda sobre el mundo, la naturaleza y el tiempo. Tambi\u00e9n ten\u00edan formas de gobierno propio y exist\u00eda organizaci\u00f3n y respeto interno. Los pueblos originarios que resistimos 523 a\u00f1os de conquista somos herederos y guardianes de toda esa riqueza que sigue viva.<\/p>\n<p>El 12 de octubre de 1492, con la llegada de los europeos, inici\u00f3 una de las guerras m\u00e1s largas de la historia de la humanidad, la guerra de conquista contra los pueblos originarios, contra su cultura y su forma de vida. Los europeos se dieron cuenta de la division entre los distintos pueblos y la aprovecharon para hacer alianzas con los inconformes, los usaron como gu\u00eda y carne de ca\u00f1\u00f3n. As\u00ed iniciaron la campa\u00f1a militar m\u00e1s feroz contra los pueblos que se resist\u00edan: armas de fuego contra flecha y lanzas. Muchos pueblos resistieron y pelearon contra los invasores. Los pueblos mejor organizados son los que no fueron dominados y los pueblos que no estaban preparados fueron arrasados. Los ancianos sabios, hombres y mujeres fueron asesinados, los hombres fuertes fueron tomados como esclavos y las mujeres j\u00f3venes fueron tomadas como bot\u00edn de guerra.<\/p>\n<p>Empezaron a nacer ni\u00f1os mestizos, los europeos impusieron su religi\u00f3n, su cultura, su visi\u00f3n de ver el mundo, pero sobre todo saquearon las riquezas: oro, plata y minerales. Tambi\u00e9n hicieron riquezas con los cultivos y la fuerza de trabajo por medio de la esclavitud. En 300 a\u00f1os de guerra de conquista se habla de m\u00e1s 25 millones de ind\u00edgenas muertos, en esta guerra de exterminio contra los pueblos originarios, los invasores intentaron destruir los conocimientos, instituciones y culturas de los pueblos. Pero hubo resistencia, muchas rebeliones y levantamientos armados contra la corona espa\u00f1ola.<\/p>\n<p>Hace 200 a\u00f1os estalla una gran la lucha armada y pol\u00edtica contra los espa\u00f1oles que ten\u00edan el control y saqueaban estas tierras, as\u00ed inicia la guerra de la independencia de 1810, que encabezaron Jos\u00e9 Mar\u00eda Morelos, Vicente Guerrero y otros grandes luchadores. La inmensa mayor\u00eda de muertos y sangre lo pusieron los pueblos originarios, pero en el momento de redactar el documento pol\u00edtico Sentimientos de la Naci\u00f3n, se le neg\u00f3 a los pueblos originarios que nacieron este pa\u00eds que hasta hoy se llama M\u00e9xico sus derechos pol\u00edticos y jur\u00eddicos. Los pueblos originarios solo fueron utilizados como carne de ca\u00f1on.<\/p>\n<p>Transcurrieron los a\u00f1os de la independencia y las reformas de 1821,1824 y 1857 continuaron negando la existencia de los pueblos originarios, las tierras comunales siguieron siendo atacadas y la cultura castellana se impuso a sangre y fuego. La dictadura de Porfirio D\u00edaz atac\u00f3 las tierras de los pueblos originarios y permiti\u00f3 la concentraci\u00f3n de bienes nacionales en manos de unos cuantos, llegaron nuevamente los tiempos de las grandes haciendas y de las riquezas del pa\u00eds en manos extranjeras.<\/p>\n<p>Pero 100 a\u00f1os despu\u00e9s de la guerra de Independencia el pueblo de M\u00e9xico despert\u00f3 y la primera revoluci\u00f3n campesina logr\u00f3 someter a la burgues\u00eda en muchos rincones del pa\u00eds. En la Revoluci\u00f3n Mexicana nuevamente los pueblos originarios tendieron su mano y suya fue la sangre que se derram\u00f3 por Tierra y Libertad. Con la Revoluci\u00f3n de 1910-17 se logr\u00f3 la constituyente de 1917 que volvi\u00f3 a negar los derechos de los pueblos originarios. Nuevamente los pueblos originarios fueron utilizados como carne de ca\u00f1\u00f3n y la discriminaci\u00f3n y los agravios continuaron.<\/p>\n<p>En 1992 al cumplirse 500 a\u00f1os de la llegada de los espa\u00f1oles, por primera vez, se dio el reencuentro de distintos pueblos originarios en el Z\u00f3calo de la Ciudad de M\u00e9xico el 12 de octubre, en este reencuentro se compartieron las l\u00e1grimas, el coraje y la rabia de tantos a\u00f1os opresi\u00f3n, discriminaci\u00f3n, persecuci\u00f3n y encarcelamiento. Pero tambi\u00e9n la dignidad y la experiencia de 500 a\u00f1os de resistencia.<\/p>\n<p>En esta larga guerra de conquista nos han impuesto su cultura, nos obligaron a negarnos, quisieron acabar con nuestras ra\u00edces, nos obligaron a caminar en la obscuridad, nos arrebataron de la mano nuestro destino, dijeron que no ten\u00edamos alma y por eso nos esclavizaron y nos siguen tratando como animales. Dej\u00f3 de existir en nosotros la paz y el respeto, sumergieron nuestras vidas en un mar de telara\u00f1as que solo nos permitia ver un mundo enga\u00f1oso.<\/p>\n<p>Ahora vemos un mundo en el que enloquecidos por el ego\u00edsmo y la sed de poder y riqueza nos quieren tener, un mundo de gente cobarde que se traiciona y se niega a s\u00ed misma para no asumir con valor la lucha por dignificar su propia existencia. Cu\u00e1nta enfermedad y vidas envilecidas por la cobardia, en vez de flores hay pudrici\u00f3n, enfermedad, hambre material, miseria espiritual. Se perdieron la verg\u00fcenza y el respeto. Se rompieron todos los principios y el honor. Caminando hacia el abismo nos llevan, hacia la destrucci\u00f3n del mundo nos llevan, 523 a\u00f1os de caminar en la oscuridad, de dolor y resistencia, de cuidar la cultura, la madre tierra, la tradici\u00f3n, 523 a\u00f1os de desprecio y atropellos.<\/p>\n<p>Pero todos esos a\u00f1os no han sido suficientes para acabar con nuestros antepasados y con nosotros, hace ya tiempo que llego la hora de despertar, pero la noche sigue tormentosa y pareciera que hacia lo desconocido nos lleva, pero nosotros seguimos nuestro camino de la oscuridad hacia la esperanza. Por eso 523 a\u00f1os despu\u00e9s seguimos el llamado que despierten los guardianes todos de la Tierra.<\/p>\n<p>Levantando la voz silenciada, naci\u00f3 el Consejo Guerrerense 500 A\u00f1os de Resistencia Ind\u00edgena, y con el levantamiento del Ejercito Zapatista de Liberaci\u00f3n Nacional (EZLN) en 1994, con el Nunca M\u00e1s un M\u00e9xico sin Nosotros, naci\u00f3 y caminamos con el Congreso Nacional Ind\u00edgena en la lucha por el reconocimiento constitucional de los derechos y cultura ind\u00edgenas, y despu\u00e9s por construir la autonom\u00eda en los hechos.<\/p>\n<p>Los Acuerdos de San Andr\u00e9s sobre Derechos y Cultura Ind\u00edgena son un documento que el gobierno mexicano firm\u00f3 con el Ej\u00e9rcito Zapatista de Liberaci\u00f3n Nacional el 16 de febrero de 1996 comprometi\u00e9ndose a modificar la Constituci\u00f3n, reconociendo a los pueblos originarios como sujetos de derecho p\u00fablico, incluidos el derecho inalienable sobre sus territorios, la libre determinaci\u00f3n y la autonom\u00eda diferenciada a los Pueblos Ind\u00edgenas de M\u00e9xico.<\/p>\n<p>San Andr\u00e9s Sakamch\u2019en de los Pobres fue escenario de uno de los ejercicios m\u00e1s democr\u00e1ticos en la historia de M\u00e9xico. El gobierno federal y el EZLN, acompa\u00f1ado por representantes de los diferentes pueblos originarios del pa\u00eds, redactaron, entre estires y aflojes, pero de cara a la sociedad, las propuestas que luego tendr\u00edan que convertirse en reforma constitucional.<\/p>\n<p>El a\u00f1o de 1996 lleg\u00f3 con la respuesta del EZLN despu\u00e9s de consultar a las comunidades zapatistas y con la firma de los acuerdos de la primera de las seis mesas. Estos compromisos son conocidos como los Acuerdos de San Andr\u00e9s. La propuesta de ley, que fue elaborada por la Comisi\u00f3n de Concordia y Pacificaci\u00f3n (COCOPA) del Poder Legislativo, significaba el reconociendo constitucional a las comunidades y pueblos ind\u00edgenas como sujetos de derecho p\u00fablico. La propuesta de Ley presentada por la COCOPA no recog\u00eda en su totalidad los Acuerdos de San Andr\u00e9s, firmados por la delegaci\u00f3n gubernamental y la zapatista. El EZLN, dejando en claro que no estaba satisfecho con la propuesta pero mostrando voluntad pol\u00edtica la acept\u00f3. Sin embargo la traici\u00f3n de Zedillo y la ofensiva militar contra el EZLN representan el primer momento de ruptura, entre la parte rebelde del movimiento ind\u00edgena articulada en el Congreso Nacional Ind\u00edgena, y el Estado mexicano.<\/p>\n<p>Si bien la reforma al art\u00edculo 27 constitucional de 1992 fue el punto de partida del desmantelamiento de la propiedad ejidal y comunal, la firma del Tratado de Libre Comercio de Am\u00e9rica del Norte TLCAN en 1994 profundiz\u00f3 la destrucci\u00f3n de la vida campesina. La traici\u00f3n de los Acuerdos de San Andr\u00e9s y la aprobaci\u00f3n de la contrarreforma indigenista acordada por el PRI, el PAN y el PRD en 2001 fue un momento que defini\u00f3 las luchas de los pueblos originarios de M\u00e9xico.<\/p>\n<p>Este nuevo ciclo de reformas, sobre todo despu\u00e9s del 2001, es como una avalancha de leyes neoliberales contra los bosques, el agua, las semillas, la biodiversidad, el conocimiento tradicional, los recursos del subsuelo y los bienes nacionales en general. Todas para permitir el despojo capitalista de los territorios ind\u00edgenas, todas aprobadas por todos los partidos pol\u00edticos.<\/p>\n<p>Despu\u00e9s de la traici\u00f3n de los tres poderes de la uni\u00f3n a los acuerdos de San Andr\u00e9s, muchos dirigentes se fueron con el gobierno, como organizaciones que gestionan recursos, pero la parte rebelde del movimiento ind\u00edgena decidi\u00f3 llevar a los hechos los acuerdos de San Andr\u00e9s y poner en pr\u00e1ctica el derecho a la autonom\u00eda y libre determinaci\u00f3n de los pueblos originarios, es decir el camino de la Resistencia.<\/p>\n<p>El EZLN logra la construcci\u00f3n primero de los Municipios Rebeldes Aut\u00f3nomos Zapatistas y despu\u00e9s de las Juntas de Buen Gobierno; los pur\u00e9pechas en Michoac\u00e1n refuerzan sus experiencias de autonom\u00eda; el pueblo Yaqui en Sonora es otro ejemplo; los pueblos nahuas de la costa de Michoac\u00e1n recuperan territorios ancestrales y se organizan para resistir los ataques narcoparamilitares. Aqu\u00ed en Guerrero, a pesar de los ataques, la divisi\u00f3n, la cooptaci\u00f3n, se mantienen vivas las ideas y la organizaci\u00f3n comunitaria que le dio vida a la Polic\u00eda Comunitaria en 1995.<\/p>\n<p><strong>Veinte a\u00f1os de lucha ejerciendo nuestros derechos colectivos<\/strong><\/p>\n<p>El Sistema Comunitario es un proyecto pol\u00edtico integral que se viene construyendo desde hace m\u00e1s de veinte a\u00f1os por los pueblos me\u00b4phaa y na savi de la Costa-Monta\u00f1a de Guerrero, pero que ha sido extensivo y compartido para todos los pueblos originarios, mestizos y afromestizos de nuestro estado. El Sistema comunitario, basado en la Asamblea Comunitaria y la Asamblea Regional, es una instituci\u00f3n que permite resolver diferentes problemas, como la seguridad y la justicia. Es el ejercicio de nuestros derechos colectivos, a la autonom\u00eda y libre determinaci\u00f3n, reconocidos por tratados internacionales como el Convenio 169 de la Organizaci\u00f3n Internacional del Trabajo, la Declaraci\u00f3n de la Naciones Unidas sobre los Derechos de los Pueblos Ind\u00edgenas; leyes aplicables de los art\u00edculos 2 y 39 de la Constituci\u00f3n y, a nivel estatal, por la Ley 701 de Reconocimiento de Derechos y Cultura de los Pueblos y Comunidades Ind\u00edgenas del estado de Guerrero.<\/p>\n<p>La restituci\u00f3n del derecho de los pueblos es un trabajo que empieza por el fortalecimiento de la democracia participativa y las formas de vida comunitaria, donde se logra que el pueblo manda y la autoridad obedece. Esta forma de gobierno se reconoce en cada comunidad, todos los habitantes, hombres y mujeres responsables, son sujetos de derecho. Todo ciudadano tiene derecho a elegir, votar y gobernar a trav\u00e9s de la asamblea. Cada comunidad va regulando y solucionando sus problemas y necesidades internas por eso cada pueblo tiene su asamblea comunitaria y en base a eso se constituy\u00f3 la asamblea regional.<\/p>\n<p>El Sistema Comunitario recupera formas de gobierno y justicia propia para enfrentar adversidades y proponer soluciones que favorecen al conjunto de la poblaci\u00f3n. El Sistema Comunitario es un aporte que se ha compartido y ha trascendido lo ind\u00edgena, la humanidad debe aprender a vivir en comunidad. Promover un pensamiento colectivo, incluyente y respetuoso de lo diverso.<\/p>\n<p>Este proyecto pol\u00edtico colectivo es la herencia de los pueblos que lo fundaron, es un poder colectivo que tiene calidad moral, ya que busca restituir el derecho colectivo y reestablecer el estado de derecho en la pr\u00e1ctica, donde debe prevalecer la raz\u00f3n y no la fuerza con sentido com\u00fan y respeto. En los principios de este proyecto politico colectivo est\u00e1n los derechos humanos, colectivos e individuales, y es una preocupaci\u00f3n garantizar las condiciones para su respeto, por eso tambi\u00e9n es importante promover la participaci\u00f3n de las mujeres. Sin las mujeres el sistema comunitario se quedar\u00eda cojo. Es sistema comunitario porque camina en comunidad, propicia la participaci\u00f3n de mujeres y hombres en asamblea comunitaria y regional.<\/p>\n<p>El sistema es integral y adem\u00e1s de la justicia y la seguridad se propone crear las estructuras que faltan por construir por educaci\u00f3n, salud, comunicaci\u00f3n, defensa del territorio, producci\u00f3n y mercado interno. Se necesita que estas estructuras respondan a las necesidades de los pueblos y propicien su desarrollo, bajo su control para garantizar que se beneficie a todos y no s\u00f3lo unos cuantos privilegiados.<\/p>\n<p>Estas formas de poder representan un peligro para el sistema capitalista, ya que el pensamiento colectivo y pensamiento individualista como forma de gobierno no son compatibles. El derecho de los pueblos a ser pueblos es lo que est\u00e1 en juego. La politica de este r\u00e9gimen capitalista neoliberal es de desprecio, represi\u00f3n, explotaci\u00f3n y despojo.<\/p>\n<p>Durante estos 20 a\u00f1os, el Sistema Comunitario ha recibido todo tipo de persecusi\u00f3n, amenaza, ultim\u00e1tun, detenciones, desarmes, descalifaciones, cooptaciones e infiltraciones de agentes para dividir y confrontar a los pueblos y autoridades. El gobierno ha aplicado contra el sistema comunitario, la frase del emperador romano Julio Cesar \u201cdivide y vencer\u00e1s\u201d.<\/p>\n<p>La aplicaci\u00f3n de este m\u00e9todo ha constituido un modo de acci\u00f3n gubernamental en el \u00e1mbito de la contrainsurgencia. Ha dividido a las organizaciones que dependen del Estado, para luego favorecer dirigencias, apoyar autoridades paralelas y antag\u00f3nicas, para generar enfrentamientos y conflictos armados. Es el caso de la CRAC-PC, la UPOEG y el FUSDEG, los triquis de Oaxaca. En Chiapas las organizaciones paramilitares y todo tipo de organizaciones que se voltean con el gobierno.<\/p>\n<p>El pa\u00eds dividido en once partidos pol\u00edticos que se disputan el poder en procesos electorales que son una farsa, la llamada delincuencia organizada que se disputan plazas y territorio. Los gobiernos, empresarios y caciques, tienen todo listo, ej\u00e9rcitos de pobres bien equipados, entrenados, mejores armamentos y tecnolog\u00eda para en una guerra total, de pobre contra pobre.<\/p>\n<p>Despu\u00e9s de veinte a\u00f1os no hemos logrado recuperar el contenido de la palabra comunidad ni el tama\u00f1o del proyecto pol\u00edtico que hemos construido, por falta de an\u00e1lisis y reflexi\u00f3n colectiva para tener una visi\u00f3n mas all\u00e1 de nuestras propia narices. Los pueblos y las autoridades debemos de defender en la pr\u00e1ctica los principios del sistema.<\/p>\n<p>Los profesores y l\u00edderes no han sido consecuentes con lo que dicen y hacen, en el discurso hablan de comunidad y en la pr\u00e1ctica destruyen la comunidad a trav\u00e9s de los partidos pol\u00edticos, grillas, envidias, ego\u00edsmos, insultos, descalificaciones, falta de visi\u00f3n pol\u00edtica. Hay autoridades que no cumplen ni hacen valer los principios del Sistema Comunitario, cayendo en actos de corrupci\u00f3n, abuso de poder o vac\u00edo de poder que permite o tolera la presencia de narcotr\u00e1fico, la siembra. Todo esto es contrario a la comunidad y al Sistema Comunitario. Construir comunidad es construir territorio a trav\u00e9s del dialogo colectivo, consenso y con respeto.<\/p>\n<p>Es muy importante entender el contenido de la palabra comunidad o Sistema Comunitario, entonces, comisarios, delegados, comisariados, coordinadores, consejeros, comandantes regionales, polic\u00edas comunitarios no deben pertenecer ni votar por ning\u00fan partido politico, de no ser as\u00ed, hay una gran confusi\u00f3n que destruye al Sistema Comunitario. Por eso insistimos en defender los principios del sistema y no a personas o grupos.<\/p>\n<p><strong>Ejes principales del Sistema Pol\u00edtico Comunitario<\/strong><\/p>\n<ol>\n<li>La Asamblea Regional es el m\u00e1ximo \u00f3rgano de toma de decisiones y vigilancia del Sistema Comunitario, es la instancia que define el rumbo pol\u00edtico del Sistema Comunitario donde el pueblo manda y las autoridades obedecen, ya que siempre han existido grandes riesgos de corrupci\u00f3n y cooptaci\u00f3n en nuestra instituci\u00f3n. Es necesario recuperar ese espacio sin que sea manipulado por ning\u00fan grupo de inter\u00e9s, o asambleas manipuladas por estos grupos, porque han dividido y confundido a los pueblos.<\/li>\n<\/ol>\n<ol start=\"2\">\n<li>El reglamento de la CRAC-PC ha sido manoseado, es necesario trabajar con todas las comunidades integradas al proceso reorganizacion y reconstituci\u00f3n del Sistema Comunitario para reparar las contradicciones y dejar claro los principios y mecanismos de la seguridad y de la justicia comunitaria.<\/li>\n<\/ol>\n<ol start=\"3\">\n<li>Todas las autoridades regionales, consejeros, comandantes, polic\u00edas comunitarios o cualquier comisi\u00f3n dentro del Sistema Comunitario deben tener legitimidad, es decir que deben ser nombradas y respetadas por la asamblea regional y comunitaria. Tanto coordinadores como comandantes regionales deben dar su servicio por un a\u00f1o. No se puede permitir que personas sin legitimidad usurpen funciones, ni declaren en los medios a nombre de la CRAC sin autorizaci\u00f3n de la asamblea regional. La CRAC no puede ser utilizada como membrete o trampol\u00edn pol\u00edtico, ning\u00fan partido pol\u00edtico, gobierno oficial, grupo armado, ni organizaci\u00f3n social, debe montarse en el Sistema Comunitario, pues es una instituci\u00f3n regional creada con mucho sacrificio por los pueblos originarios de la Costa-Monta\u00f1a.<\/li>\n<\/ol>\n<ol start=\"4\">\n<li>La Coordinadora Regional de Autoridades Comunitarias y el Comit\u00e9 Ejecutivo de la Polic\u00eda Comunitaria son instituciones regionales construidas desde una visi\u00f3n colectiva nunca individual, los pueblos toman la decisi\u00f3n y las autoridades comunitarias y regionales la hacen valer. Por eso jam\u00e1s se puede depositar el poder en una sola persona o en un grupo de personas.<\/li>\n<\/ol>\n<ol start=\"5\">\n<li>La desinformaci\u00f3n es un problema grave, solamente informando y consultando a los pueblos es como se logran mantener los equilibrios, esa es una funci\u00f3n fundamental de las autoridades comunitarias y regionales en su compromiso con la Asamblea Regional.<\/li>\n<\/ol>\n<ol start=\"6\">\n<li>Los pueblos Na\u00b4Savi y Me\u2019phaa que orientaron este camino hace 20 a\u00f1os vieron el riesgo de que el Sistema Comunitario fuera cooptado por el Estado o por grupos oportunistas, por eso la base fundamental siempre ser\u00e1n las Asambleas Comunitarias y la Asamblea Regional. La CRAC nace de la Asamblea Regional pero no puede tomar ninguna decisi\u00f3n pol\u00edtica sin ella. No le compete firmar ning\u00fan acuerdo o convenio con el gobierno o alg\u00fan particular, ni tomar ninguna decisi\u00f3n sobre el rumbo pol\u00edtico de los pueblos sin la consulta y aprobaci\u00f3n de la Asamblea Regional. Todo lo que solicite el gobierno tiene que hacerlo por escrito a la CRAC y la coordinadora debe pasarlo a la asamblea regional. Si es decisi\u00f3n delicada, se tiene que ir a consulta a cada asamblea comunitaria.<\/li>\n<\/ol>\n<ol start=\"7\">\n<li>El servicio que se presta al pueblo dentro del Sistema Comunitario es gratuito y no se perciben salarios. Ninguna autoridad, persona o comunidad puede tener fuero frente a la asamblea regional. La impartici\u00f3n de justicia es gratuita y no se acepta el pago de multas o fianzas. La justicia se imparte de acuerdo a los usos y costumbres o sistemas normativos de los pueblos, es decir, investigar, carear, buscar la verdad, darle la raz\u00f3n a quien lo merezca.<\/li>\n<\/ol>\n<ol start=\"8\">\n<li>Entre los principios de coordinaci\u00f3n regional y de respeto a los modos de cada comunidad, los individuos detenidos en su comunidad por cometer una falta, pasan a manos del comisario municipal, quien debe hacer la investigaci\u00f3n en extenso con el apoyo de los consejeros comunitarios y los principales. Los casos graves son turnados a la CRAC con su expediente, y los detenidos son remitidos al resguardo del Comit\u00e9 Ejecutivo de la Polic\u00eda Comunitaria.<\/li>\n<\/ol>\n<ol start=\"9\">\n<li>La mayor parte de asuntos agrarios y faltas menores se arreglan en la comunidad, solamente se turnan a la CRAC delitos mayores: abigeato, violaci\u00f3n, asesinato, asalto, extorsi\u00f3n, secuestro y narcotr\u00e1fico. Los Coordinadores revisan el expediente y llevan a cabo su propia investigaci\u00f3n y los careos. Con los resultados de la investigaci\u00f3n, la CRAC define las sanciones y, en su caso, las presenta a la asamblea regional.<\/li>\n<\/ol>\n<ol start=\"10\">\n<li>La CRAC revisa cada caso bajo el principio donde el que la debe que la pague. Se basa el juicio en el reglamento viendo las causas, escuchando a las partes, estableciendo los criterios de reparaci\u00f3n de da\u00f1os y tomando en cuenta que la reeducaci\u00f3n va m\u00e1s all\u00e1 del castigo. La reeducaci\u00f3n adem\u00e1s de pagar la falta con un servicio social para la comunidad debe ayudar a reflexionar sobre el da\u00f1o causado y dar la oportunidad de rectificar. Ya terminado el proceso de reeducaci\u00f3n, la CRAC tiene el deber de liberar a las personas que cumplieron su proceso en la asamblea de su comunidad.\u00a0\u00a0\u00a0\u00a0\u00a0\u00a0\u00a0\u00a0\u00a0\u00a0\u00a0\u00a0\u00a0\u00a0\u00a0\u00a0\u00a0\u00a0\u00a0\u00a0\u00a0\u00a0\u00a0\u00a0\u00a0\u00a0\u00a0\u00a0\u00a0\u00a0\u00a0\u00a0\u00a0\u00a0\u00a0\u00a0\u00a0\u00a0\u00a0\u00a0\u00a0\u00a0\u00a0\u00a0\u00a0\u00a0\u00a0\u00a0\u00a0\u00a0\u00a0\u00a0\u00a0\u00a0\u00a0\u00a0\u00a0\u00a0\u00a0\u00a0\u00a0\u00a0\u00a0\u00a0\u00a0\u00a0\u00a0\u00a0\u00a0\u00a0\u00a0\u00a0\u00a0\u00a0\u00a0\u00a0\u00a0\u00a0\u00a0\u00a0\u00a0\u00a0\u00a0\u00a0\u00a0\u00a0\u00a0\u00a0\u00a0\u00a0\u00a0\u00a0\u00a0\u00a0\u00a0\u00a0\u00a0\u00a0\u00a0\u00a0\u00a0\u00a0\u00a0\u00a0\u00a0\u00a0\u00a0\u00a0\u00a0\u00a0\u00a0\u00a0\u00a0\u00a0\u00a0\u00a0\u00a0\u00a0\u00a0\u00a0\u00a0\u00a0\u00a0\u00a0 La CRAC entrega al detenido al comisario municipal, qui\u00e9n lo entrega a la esposa o familiares. En presencia de la asamblea de su comunidad, la CRAC y el Comisario invitan a los presentes a no cometer delitos, sea consumo de drogas, producci\u00f3n de drogas, delincuencia organizada, robo, homicidios, violaciones, golpes, violencia familiar, para evitar que se repitan estos casos.<\/li>\n<\/ol>\n<ol start=\"11\">\n<li>En el proceso de reeducaci\u00f3n se realizan trabajos de servicio comunitario, seg\u00fan la necesidad de las comunidades en las que son reeducados. Como reconocimiento de su trabajo las comunidades le brindan a los reeducados alimentos y atenci\u00f3n m\u00e9dica en caso necesario. Tambi\u00e9n deben recibir pl\u00e1ticas de los Principales para que reflexionen y puedan volver a la vida comunitaria.<\/li>\n<\/ol>\n<ol start=\"12\">\n<li>Se debe garantizar la participaci\u00f3n de las mujeres en el Sistema Comunitario tanto en tareas de justicia como de seguridad. Las mujeres tienen derecho de asumir cargos, pero tambi\u00e9n a una vida con respeto. Es importante apoyar la organizaci\u00f3n de las mujeres y que difundan sus derechos y una cultura de respeto e igualdad.<\/li>\n<\/ol>\n<ol start=\"13\">\n<li>La relaci\u00f3n que se exige con el Estado es de respeto y no de subordinaci\u00f3n. El Estado NO tiene legitimidad para reconocer a la polic\u00eda comunitaria, s\u00f3lo se pide una relaci\u00f3n de respeto y coordinaci\u00f3n solo en lo que se considere necesario.<\/li>\n<\/ol>\n<ol start=\"14\">\n<li>Est\u00e1 prohibido el uso de polic\u00edas comunitarios para enfrentar al gobierno ya que esto pone en riesgo la integridad de nuestras comunidades y favorece la estrategia gubernamental de golpear y negociar.<\/li>\n<\/ol>\n<ol start=\"15\">\n<li>La CRAC-PC no est\u00e1 para coadyuvar con el gobierno, ni para hacer gesti\u00f3n de proyectos. Mucho menos para buscar puestos en el gobierno. Tampoco est\u00e1 para enfrentarse de manera armada con la fuerzas del Estado. La Polic\u00eda Comunitaria est\u00e1 para garantizar la seguridad de los pueblos y los pueblos defienden a su polic\u00eda cuando hay agresiones externas. La CRAC est\u00e1 para velar por la justicia en las comunidades. Ambas instituciones apoyan al pueblo para construir su gobierno comunitario.<\/li>\n<\/ol>\n<ol start=\"16\">\n<li>Las movilizaciones las realizar\u00e1n los pueblos cuando lo decidan a trav\u00e9s de sus asambleas comunitarias y de la asamblea regional. No se acepta que personas o grupos convoquen a nombre de la CRAC sin acuerdo de la Asamblea Regional.<\/li>\n<\/ol>\n<ol start=\"17\">\n<li>Los coordinadores de la CRAC debe dejar de recibir dinero del gobierno del estado directamente. Que se forme una comision de finanzas comunitaria que se encargue de recibir el recurso del estado, o busque formas de financiamiento para equipar al sistema comunitario, pues est\u00e1 claro que \u00e9sto corrompi\u00f3 y subordin\u00f3 los principios del Sistema Comunitario. El acuerdo de nuestra Asamblea Regional es volver al esp\u00edritu de servicio al pueblo y solamente acceder al dinero que por derecho nos corresponde de las partidas municipales para gasto corriente, pues somos los comunitarios quienes durante 19 a\u00f1os hemos garantizado la seguridad p\u00fablica de nuestra regi\u00f3n.<\/li>\n<\/ol>\n<p>Despues de 5 a\u00f1os de destrucci\u00f3n del sistema comunitario, a 20 a\u00f1os de la fundaci\u00f3n de la Polic\u00eda Comunitaria, a 20 a\u00f1os de lucha por restitucion del derecho colectivo, es necesario iniciar un proceso de reorganizaci\u00f3n y reconstituci\u00f3n del Sistema Comunitario, los pueblos y autoridades que se dejaron enga\u00f1ar por personas ajenas al Sistema Comunitario, o que se dejaron llevar por falta de informaci\u00f3n o por conveniencia necesitan reflexionar que los resultados de esta divisi\u00f3n tuvieron un costo muy negativo, el resentimiento del grupo que dividi\u00f3 al Sistema Comunitario y que despu\u00e9s se dividieron entre ellos, deben de superar esa debilidad\u00a0 priorizando el bien de la comunidad otros deben dejar el Sistema Comunitario y regresar a los grupos de donde vinieron. A final de cuentas son los pueblos y comunidades que tiene la esperanza de tener seguridad y vivir en paz, las que crearon su sistema hace 20 a\u00f1os, si hay personas que se oponen a la reunificacion del sistema, los pueblos los tienen que identificar y analizar cu\u00e1l es el proyecto que defienden, a qui\u00e9n representan, de d\u00f3nde son, a qu\u00e9 comunidad representan. Si son mestizos los que se oponen que se le explique que este proyecto es de los pueblos originarios, que les dimos un espacio para que nos apoyaran pero no para nos vengar a chingar<\/p>\n<p>Nosotros luchamos poniendo en pr\u00e1ctica los acuerdos de San Andr\u00e9s sobre derechos y cultura ind\u00edgena. Nuestro derecho a la autonom\u00eda y libre determinaci\u00f3n como pueblos originarios y no para que grupos de inter\u00e9s vengan a montarse en el Sistema Comunitario y quieran usarlo para tener control sobre nuestros territorios, negociar a espadas de nuestras comunidades y sacar provecho personal de una lucha y sacrificio colectivo que se mantiene a pesar de todos los intentos de destruirlo, cooptarlo o utilizarlo.<\/p>\n<p style=\"text-align: right;\">Territorio Comunitario, 12 de octubre de 2015<\/p>\n<p style=\"text-align: center;\">Atentamente<\/p>\n<p style=\"text-align: center;\">Consejo Ind\u00edgena y Popular de Guerrero \u2013 Emiliano Zapata<\/p>\n<p>http:\/\/subversiones.org\/archivos\/11935<\/p>\n","protected":false},"excerpt":{"rendered":"<p>Jos\u00e9 Luis Santill\u00e1n Subversiones Un\u00a0equipo de periodistas de SubVersiones recorrimos recientemente la zona Norte, Centro y Costa Chica de Guerrero, en el contexto de los 20 a\u00f1os de la fundaci\u00f3n &hellip; <a href=\"http:\/\/www.grieta.org.mx\/index.php\/2015\/10\/21\/para-reconstituir-la-crac-pc-hacen-falta-valores-y-principios-cipog-ez\/\" class=\"more-link\">Leer m\u00e1s<\/a><\/p>\n","protected":false},"author":2,"featured_media":21928,"comment_status":"closed","ping_status":"open","sticky":false,"template":"","format":"standard","meta":{"ngg_post_thumbnail":0,"_jetpack_newsletter_access":"","_jetpack_dont_email_post_to_subs":false,"_jetpack_newsletter_tier_id":0,"_jetpack_memberships_contains_paywalled_content":false,"_jetpack_memberships_contains_paid_content":false,"footnotes":""},"categories":[80,320],"tags":[564,558],"class_list":["post-9175","post","type-post","status-publish","format-standard","has-post-thumbnail","hentry","category-cintillo","category-guerrero","tag-cipog-ez","tag-crac-pc","entry"],"jetpack_featured_media_url":"http:\/\/www.grieta.org.mx\/wp-content\/uploads\/2018\/03\/14524434_1106112876131411_958039263622046936_o.jpg","jetpack_sharing_enabled":true,"jetpack_shortlink":"https:\/\/wp.me\/p7ZJR4-2nZ","jetpack_likes_enabled":false,"jetpack-related-posts":[{"id":9171,"url":"http:\/\/www.grieta.org.mx\/index.php\/2016\/04\/21\/la-crac-pc-de-chilapa-realiza-recorridos-para-frenar-la-entrada-de-grupos-delictivos\/","url_meta":{"origin":9175,"position":0},"title":"Seguridad y justicia comunitaria en Guerrero","author":"grieta","date":"21 abril, 2016","format":false,"excerpt":"21\/04\/16 Mando \u00fanico para reprimir: Cirino Pl\u00e1cido El Faro 21\/10\/15 Para reconstituir la CRAC-PC hacen falta valores y principios: CIPOG-EZ Subversiones 13\/10\/15 La seguridad comunitaria en Guerrero cumple 20 a\u00f1os Subversiones 24\/08\/15 \u201cRechazamos cualquier intento para oficializarnos, no nos subordinaremos al Estado\u201d, pueblos fundadores de la polic\u00eda comunitaria de Guerrero.\u2026","rel":"","context":"En &quot;Guerrero&quot;","block_context":{"text":"Guerrero","link":"http:\/\/www.grieta.org.mx\/index.php\/category\/noticias-nacionales\/guerrero\/"},"img":{"alt_text":"","src":"https:\/\/i0.wp.com\/www.grieta.org.mx\/wp-content\/uploads\/2018\/03\/14524434_1106112876131411_958039263622046936_o.jpg?resize=350%2C200","width":350,"height":200,"srcset":"https:\/\/i0.wp.com\/www.grieta.org.mx\/wp-content\/uploads\/2018\/03\/14524434_1106112876131411_958039263622046936_o.jpg?resize=350%2C200 1x, https:\/\/i0.wp.com\/www.grieta.org.mx\/wp-content\/uploads\/2018\/03\/14524434_1106112876131411_958039263622046936_o.jpg?resize=525%2C300 1.5x, https:\/\/i0.wp.com\/www.grieta.org.mx\/wp-content\/uploads\/2018\/03\/14524434_1106112876131411_958039263622046936_o.jpg?resize=700%2C400 2x"},"classes":[]},{"id":36763,"url":"http:\/\/www.grieta.org.mx\/index.php\/2019\/07\/21\/sitiaron-y-atacaron-a-balazos-a-comunidad-indigena-de-chilapa-denuncian-guerrero\/","url_meta":{"origin":9175,"position":1},"title":"Sitiaron y atacaron a balazos a comunidad ind\u00edgena de Chilapa, denuncian (Guerrero)","author":"Admin","date":"21 julio, 2019","format":false,"excerpt":"Francisca Meza Carranza \/ Quadrat\u00edn CHILPANCINGO, Gro., 21 de julio de 2019.-Integrantes del Concejo Ind\u00edgena y Popular de Guerrero-Emiliano Zapata (Cipog-EZ) denunciaron un ataque armado contra la comunidad nahua de Tula, municipio de Chilapa, durante la tarde-noche del s\u00e1bado, con saldo de al menos un herido, y solicitaron la intervenci\u00f3n\u2026","rel":"","context":"En &quot;CINTILLO&quot;","block_context":{"text":"CINTILLO","link":"http:\/\/www.grieta.org.mx\/index.php\/category\/cintillo\/"},"img":{"alt_text":"","src":"https:\/\/i0.wp.com\/www.grieta.org.mx\/wp-content\/uploads\/2019\/07\/Crimen-Violencia-M%C3%A9xico03-1160x700.png?resize=350%2C200","width":350,"height":200,"srcset":"https:\/\/i0.wp.com\/www.grieta.org.mx\/wp-content\/uploads\/2019\/07\/Crimen-Violencia-M%C3%A9xico03-1160x700.png?resize=350%2C200 1x, https:\/\/i0.wp.com\/www.grieta.org.mx\/wp-content\/uploads\/2019\/07\/Crimen-Violencia-M%C3%A9xico03-1160x700.png?resize=525%2C300 1.5x, https:\/\/i0.wp.com\/www.grieta.org.mx\/wp-content\/uploads\/2019\/07\/Crimen-Violencia-M%C3%A9xico03-1160x700.png?resize=700%2C400 2x, https:\/\/i0.wp.com\/www.grieta.org.mx\/wp-content\/uploads\/2019\/07\/Crimen-Violencia-M%C3%A9xico03-1160x700.png?resize=1050%2C600 3x"},"classes":[]},{"id":34008,"url":"http:\/\/www.grieta.org.mx\/index.php\/2019\/05\/29\/gobernacion-y-chilapa-guerrero\/","url_meta":{"origin":9175,"position":2},"title":"Gobernaci\u00f3n y Chilapa, Guerrero","author":"Admin","date":"29 mayo, 2019","format":false,"excerpt":"Z\u00f3simo Camacho \/ Contral\u00ednea Los cuerpos fueron encontrados, descuartizados, el 24 de mayo pasado. Quienes los secuestraron un d\u00eda antes, en las inmediaciones de la cabecera municipal de Chilapa de \u00c1lvarez, Guerrero, se saben impunes. No s\u00f3lo se conformaron con asesinarlos. Enviaron su mensaje de terror contra quienes les estorban\u2026","rel":"","context":"En &quot;CINTILLO&quot;","block_context":{"text":"CINTILLO","link":"http:\/\/www.grieta.org.mx\/index.php\/category\/cintillo\/"},"img":{"alt_text":"","src":"https:\/\/i0.wp.com\/www.grieta.org.mx\/wp-content\/uploads\/2019\/05\/03-Bartolo-Hilario-Morales.jpg?resize=350%2C200","width":350,"height":200,"srcset":"https:\/\/i0.wp.com\/www.grieta.org.mx\/wp-content\/uploads\/2019\/05\/03-Bartolo-Hilario-Morales.jpg?resize=350%2C200 1x, https:\/\/i0.wp.com\/www.grieta.org.mx\/wp-content\/uploads\/2019\/05\/03-Bartolo-Hilario-Morales.jpg?resize=525%2C300 1.5x"},"classes":[]},{"id":72430,"url":"http:\/\/www.grieta.org.mx\/index.php\/2025\/11\/15\/comunicado-conjunto-del-congreso-nacional-indigena-y-el-ejercito-zapatista-de-liberacion-nacional-con-relacion-al-violento-ataque-en-contra-de-los-companeros-del-consejo-indigena-y-popular-de-guerrero\/","url_meta":{"origin":9175,"position":3},"title":"Comunicado conjunto del Congreso Nacional Ind\u00edgena y el Ej\u00e9rcito Zapatista de Liberaci\u00f3n Nacional con relaci\u00f3n al violento ataque en contra de los compa\u00f1eros del Consejo Ind\u00edgena y Popular de Guerrero-Emiliano Zapata y de la Coordinadora Regional de Autoridades Comunitarias-Polic\u00eda Comunitaria-Pueblos Fundadores","author":"grieta","date":"15 noviembre, 2025","format":false,"excerpt":"Comunicado conjunto del Congreso Nacional Ind\u00edgena y el Ej\u00e9rcito Zapatista de Liberaci\u00f3n Nacional con relaci\u00f3n al violento ataque en contra de los compa\u00f1eros del Consejo Ind\u00edgena y Popular de Guerrero-Emiliano Zapata y de la Coordinadora Regional de Autoridades Comunitarias-Polic\u00eda Comunitaria-Pueblos Fundadores\u00a0 \u00a0 A los pueblos de M\u00e9xico y del mundo,\u2026","rel":"","context":"En &quot;CINTILLO&quot;","block_context":{"text":"CINTILLO","link":"http:\/\/www.grieta.org.mx\/index.php\/category\/cintillo\/"},"img":{"alt_text":"","src":"https:\/\/i0.wp.com\/www.grieta.org.mx\/wp-content\/uploads\/2025\/11\/Captura-de-pantalla-2025-11-15-174312.png?resize=350%2C200","width":350,"height":200,"srcset":"https:\/\/i0.wp.com\/www.grieta.org.mx\/wp-content\/uploads\/2025\/11\/Captura-de-pantalla-2025-11-15-174312.png?resize=350%2C200 1x, https:\/\/i0.wp.com\/www.grieta.org.mx\/wp-content\/uploads\/2025\/11\/Captura-de-pantalla-2025-11-15-174312.png?resize=525%2C300 1.5x, https:\/\/i0.wp.com\/www.grieta.org.mx\/wp-content\/uploads\/2025\/11\/Captura-de-pantalla-2025-11-15-174312.png?resize=700%2C400 2x"},"classes":[]},{"id":34881,"url":"http:\/\/www.grieta.org.mx\/index.php\/2019\/06\/17\/necesitamos-un-alto-a-la-guerra-cipog-ez-guerrero\/","url_meta":{"origin":9175,"position":4},"title":"\u00abNecesitamos un alto a la guerra\u00bb: CIPOG-EZ (Guerrero)","author":"Admin","date":"17 junio, 2019","format":false,"excerpt":"Agencia Subversiones \u00abNo es cosa de otro mundo lo que nosotros hacemos\u00bb, dicen dos compa\u00f1eros del Concejo Ind\u00edgena y Popular de Guerrero \u2013 Emiliano Zapata (CIPOG-EZ). \u00abEs la forma en que vivimos, como viven los pueblos\u00bb. Tranquilos a pesar del hostigamiento, las amenazas y el dolor por sus cuatro compa\u00f1eros\u2026","rel":"","context":"En &quot;CINTILLO&quot;","block_context":{"text":"CINTILLO","link":"http:\/\/www.grieta.org.mx\/index.php\/category\/cintillo\/"},"img":{"alt_text":"","src":"https:\/\/i0.wp.com\/www.grieta.org.mx\/wp-content\/uploads\/2019\/06\/IMG_7796.jpg?resize=350%2C200","width":350,"height":200,"srcset":"https:\/\/i0.wp.com\/www.grieta.org.mx\/wp-content\/uploads\/2019\/06\/IMG_7796.jpg?resize=350%2C200 1x, https:\/\/i0.wp.com\/www.grieta.org.mx\/wp-content\/uploads\/2019\/06\/IMG_7796.jpg?resize=525%2C300 1.5x, https:\/\/i0.wp.com\/www.grieta.org.mx\/wp-content\/uploads\/2019\/06\/IMG_7796.jpg?resize=700%2C400 2x, https:\/\/i0.wp.com\/www.grieta.org.mx\/wp-content\/uploads\/2019\/06\/IMG_7796.jpg?resize=1050%2C600 3x"},"classes":[]},{"id":13584,"url":"http:\/\/www.grieta.org.mx\/index.php\/2016\/05\/31\/radio-zapata-abriendo-monte\/","url_meta":{"origin":9175,"position":5},"title":"Noticias sobre radios comunitarias en Guerrero","author":"grieta","date":"31 mayo, 2016","format":false,"excerpt":"Noticias sobre Radio Zapata 31\/05\/16. Compartici\u00f3n Radio Zapata y Radio Tlanixco, en el marco de la Red Contra la Repres\u00edon Subversiones 30\/04\/16 Radio Zapata, desde el coraz\u00f3n del Territorio Comunitario Comune info 16\/04\/15 Reabrir el monte con la palabra: Radio Zapata Subversiones 16\/04\/15 \u00a1La lucha sigue, Radio Zapata 94.1 VIVE!\u2026","rel":"","context":"En &quot;Guerrero&quot;","block_context":{"text":"Guerrero","link":"http:\/\/www.grieta.org.mx\/index.php\/category\/noticias-nacionales\/guerrero\/"},"img":{"alt_text":"","src":"https:\/\/i0.wp.com\/www.grieta.org.mx\/wp-content\/uploads\/2018\/03\/14524434_1106112876131411_958039263622046936_o.jpg?resize=350%2C200","width":350,"height":200,"srcset":"https:\/\/i0.wp.com\/www.grieta.org.mx\/wp-content\/uploads\/2018\/03\/14524434_1106112876131411_958039263622046936_o.jpg?resize=350%2C200 1x, https:\/\/i0.wp.com\/www.grieta.org.mx\/wp-content\/uploads\/2018\/03\/14524434_1106112876131411_958039263622046936_o.jpg?resize=525%2C300 1.5x, https:\/\/i0.wp.com\/www.grieta.org.mx\/wp-content\/uploads\/2018\/03\/14524434_1106112876131411_958039263622046936_o.jpg?resize=700%2C400 2x"},"classes":[]}],"_links":{"self":[{"href":"http:\/\/www.grieta.org.mx\/index.php\/wp-json\/wp\/v2\/posts\/9175","targetHints":{"allow":["GET"]}}],"collection":[{"href":"http:\/\/www.grieta.org.mx\/index.php\/wp-json\/wp\/v2\/posts"}],"about":[{"href":"http:\/\/www.grieta.org.mx\/index.php\/wp-json\/wp\/v2\/types\/post"}],"author":[{"embeddable":true,"href":"http:\/\/www.grieta.org.mx\/index.php\/wp-json\/wp\/v2\/users\/2"}],"replies":[{"embeddable":true,"href":"http:\/\/www.grieta.org.mx\/index.php\/wp-json\/wp\/v2\/comments?post=9175"}],"version-history":[{"count":1,"href":"http:\/\/www.grieta.org.mx\/index.php\/wp-json\/wp\/v2\/posts\/9175\/revisions"}],"predecessor-version":[{"id":13084,"href":"http:\/\/www.grieta.org.mx\/index.php\/wp-json\/wp\/v2\/posts\/9175\/revisions\/13084"}],"wp:featuredmedia":[{"embeddable":true,"href":"http:\/\/www.grieta.org.mx\/index.php\/wp-json\/wp\/v2\/media\/21928"}],"wp:attachment":[{"href":"http:\/\/www.grieta.org.mx\/index.php\/wp-json\/wp\/v2\/media?parent=9175"}],"wp:term":[{"taxonomy":"category","embeddable":true,"href":"http:\/\/www.grieta.org.mx\/index.php\/wp-json\/wp\/v2\/categories?post=9175"},{"taxonomy":"post_tag","embeddable":true,"href":"http:\/\/www.grieta.org.mx\/index.php\/wp-json\/wp\/v2\/tags?post=9175"}],"curies":[{"name":"wp","href":"https:\/\/api.w.org\/{rel}","templated":true}]}}