{"id":9172,"date":"2016-02-03T22:04:23","date_gmt":"2016-02-03T22:04:23","guid":{"rendered":"http:\/\/www.grieta.org.mx\/?p=9172"},"modified":"2016-03-31T22:14:06","modified_gmt":"2016-03-31T22:14:06","slug":"buscan-comunitarios-a-rojos-y-ardillos-en-chilapa","status":"publish","type":"post","link":"http:\/\/www.grieta.org.mx\/index.php\/2016\/02\/03\/buscan-comunitarios-a-rojos-y-ardillos-en-chilapa\/","title":{"rendered":"Buscan comunitarios a Rojos y Ardillos en Chilapa"},"content":{"rendered":"<p>Quadratin<\/p>\n<p>CHILAPA, Gro., 3 de febrero de 2016.- La Polic\u00eda Comunitaria de Rinc\u00f3n de Chautla del municipio de Chilapa perteneciente a la Coordinadora Regional de Autoridades Comunitarias- Polic\u00eda Comunitaria de los Pueblos Fundadores (CRAC-PC-PF), ha emprendido una serie de recorridos en poblaciones y cerros de las 18 comunidades de Chilapa y Jos\u00e9 Joaqu\u00edn de Herrera que conforman este proyecto, para evitar la introducci\u00f3n o refugio de grupos delictivos de Los Rojos y Los Ardillos, en esta zona ind\u00edgena nahua. Esta agrupaci\u00f3n se localiza justo en medio del territorio disputado entre Los Rojos y Los Ardillos en La Monta\u00f1a baja de Guerrero; al sur, limitan con el municipio de Jos\u00e9 Joaqu\u00edn de Herrera y atribuyen que es zona controlada por Los Ardillos, al norte con Chilapa donde creen que es terreno de Los Rojos. La tarde de este mi\u00e9rcoles, en conferencia de prensa la Polic\u00eda Comunitaria de Rinc\u00f3n de Chautla, luego de terminar su recorrido, dio a conocer que el pasado 31 de enero en asamblea regional, los pueblos adscritos a la CRAC-PC-PF determinaron que este 3 de febrero del presente a\u00f1o, iniciar\u00edan recorridos en diversas comunidades a fin de asegurarse que en su territorio comunitario no se filtren grupos delictivos, ante la persecuci\u00f3n que est\u00e1 realizando el gobierno federal con el Operativo Chilapa. La Polic\u00eda Comunitaria de Chilapa inici\u00f3 el recorrido a las 6:00 horas y vigilaron los pueblos de Ayahualtempa y Tlachimaltepec de Jos\u00e9 Joaquim de Herrera, mientras que de Chilapa fueron las comunidades de Apozonalco, Rinc\u00f3n de Chautla, Zacapexco, Tula, Xicotl\u00e1n, Alcozac\u00e1n, San Jer\u00f3nimo Palantla, Zompeltepec, Xochitempa, El Terrero 2, Xilotepec, Papaxtla, Ahuixtla y Monte Emperador. Los coordinadores son Bernardino S\u00e1nchez Luna, Daniel Luna Mart\u00ednez, Domingo Francisco Santos, Escol\u00e1stica Luna Gaspar, Margarito Gonz\u00e1lez Nava as\u00ed como el Comit\u00e9 Ejecutivo integrado por Eugenio M\u00e1ximo Hilario y Jord\u00e1n Luna Virge\u00f1o. Los comunitarios pidieron a la poblaci\u00f3n civil a que no confundan a la Polic\u00eda Comunitaria de Rinc\u00f3n de Chautla con la agrupaci\u00f3n denominada comunitarios por la Paz y la Justica, agrupaci\u00f3n que acusaron de estar ligados a Los Ardillos, hombres armados que irrumpieron en la cabecera municipal de Chilapa, el pasado 9 de mayo de 2015. Denunciaron que en la comunidad de Alcozac\u00e1n, el comisario Ad\u00e1n Linares est\u00e1 operando para que habitantes de esa poblaci\u00f3n apoyen al grupo de Polic\u00edas por la Paz y la Justicia. Aseguraron que el pr\u00f3ximo 8 de febrero, hombres armados provenientes de Buena Vista del R\u00edo y Zelocotitl\u00e1n acudir\u00e1n a Alcozac\u00e1n para realizar una asamblea y convencer a la poblaci\u00f3n de integrarse a este proyecto que se les vincula con Los Ardillos. La CRAC-PC-PF anunci\u00f3 que vigilar\u00e1 esta asamblea a fin de que el grupo armado de la Paz y la Justicia no cometa irregularidades como lo hizo en Chilapa en mayo del 2015. Tambi\u00e9n llamaron al gobierno federal y estatal a que el Operativo Chilapa, que es integrada por agentes del Ej\u00e9rcito, Polic\u00eda Federal, Gendarmer\u00eda, Polic\u00eda Ministerial y Polic\u00eda Estatal, los respete en el sentido que la CRAC-PC-PF se encuentra respaldada en los art\u00edculos 1,2 y 39 de la Constituci\u00f3n Pol\u00edtica y en la Ley Libre Soberana de Guerrero en los art\u00edculos 8, 9, 10, 11, 14 as\u00ed como la Ley 701 de Reconocimiento, Derechos y Cultura de los Pueblos y Comunidades Ind\u00edgenas del Estado. Anunciaron que sus recorridos continuar\u00e1n en los siguientes d\u00edas y detendr\u00e1n a toda persona sospechosa que incursione en su territorio comunitario. En este recorrido participan m\u00e1s de 200 personas entre hombres y mujeres ind\u00edgenas, armados con escopetas, machetes y rifles que se trasladan a pie por los caminos que conectan a estas comunidades. La Polic\u00eda comunitaria de Chilapa y Jos\u00e9 Joaqu\u00edn de Herrera, se constituyo en agosto de 2014 en la comunidad de Rinc\u00f3n de Chautla, durante este tiempo se han enfrentaron a grupos de la delincuencia organizada que se disputan la zona, y han perdido a su compa\u00f1ero Isaac Xochitempa Chautla, ca\u00eddo en noviembre de 2015 por hombres armados que lo asesinaron junto con tres mujeres en la comunidad de Atzacualoya.<\/p>\n<p>&nbsp;<\/p>\n<p><a href=\"https:\/\/guerrero.quadratin.com.mx\/Buscan-comunitarios-a-Rojos-y-Ardillos-en-Chilapa\/\">https:\/\/guerrero.quadratin.com.mx\/Buscan-comunitarios-a-Rojos-y-Ardillos-en-Chilapa\/<\/a><\/p>\n","protected":false},"excerpt":{"rendered":"<p>Quadratin CHILAPA, Gro., 3 de febrero de 2016.- La Polic\u00eda Comunitaria de Rinc\u00f3n de Chautla del municipio de Chilapa perteneciente a la Coordinadora Regional de Autoridades Comunitarias- Polic\u00eda Comunitaria de &hellip; <a href=\"http:\/\/www.grieta.org.mx\/index.php\/2016\/02\/03\/buscan-comunitarios-a-rojos-y-ardillos-en-chilapa\/\" class=\"more-link\">Leer m\u00e1s<\/a><\/p>\n","protected":false},"author":2,"featured_media":21928,"comment_status":"closed","ping_status":"open","sticky":false,"template":"","format":"standard","meta":{"ngg_post_thumbnail":0,"_jetpack_newsletter_access":"","_jetpack_dont_email_post_to_subs":false,"_jetpack_newsletter_tier_id":0,"_jetpack_memberships_contains_paywalled_content":false,"_jetpack_memberships_contains_paid_content":false,"footnotes":""},"categories":[80,320],"tags":[558,222],"class_list":["post-9172","post","type-post","status-publish","format-standard","has-post-thumbnail","hentry","category-cintillo","category-guerrero","tag-crac-pc","tag-policia-comunitaria","entry"],"jetpack_featured_media_url":"http:\/\/www.grieta.org.mx\/wp-content\/uploads\/2018\/03\/14524434_1106112876131411_958039263622046936_o.jpg","jetpack_sharing_enabled":true,"jetpack_shortlink":"https:\/\/wp.me\/p7ZJR4-2nW","jetpack_likes_enabled":false,"jetpack-related-posts":[{"id":34623,"url":"http:\/\/www.grieta.org.mx\/index.php\/2019\/06\/03\/responsabilizan-al-gobierno-por-posible-enfrentamiento-en-hueycantenango-guerrero\/","url_meta":{"origin":9172,"position":0},"title":"Responsabilizan al gobierno por posible enfrentamiento en Hueycantenango (Guerrero)","author":"Admin","date":"3 junio, 2019","format":false,"excerpt":"Eduardo Yener Santos \/ Quadrat\u00edn CHILPANCINGO, Gro., 3 de junio de 2019.- Integrantes de la Coordinadora Regional de Autoridades Comunitarias-Polic\u00eda Comunitaria de los Pueblos Fundadores (CRAC-PC- PF) de Rinc\u00f3n de Chautla, Chilapa, responsabilizaron a los tres \u00f3rdenes de gobierno de cualquier enfrentamiento armado que se pueda originar este martes en\u2026","rel":"","context":"En &quot;CINTILLO&quot;","block_context":{"text":"CINTILLO","link":"http:\/\/www.grieta.org.mx\/index.php\/category\/cintillo\/"},"img":{"alt_text":"","src":"https:\/\/i0.wp.com\/www.grieta.org.mx\/wp-content\/uploads\/2019\/06\/CRACPCPF-1160x700.jpg?resize=350%2C200","width":350,"height":200,"srcset":"https:\/\/i0.wp.com\/www.grieta.org.mx\/wp-content\/uploads\/2019\/06\/CRACPCPF-1160x700.jpg?resize=350%2C200 1x, https:\/\/i0.wp.com\/www.grieta.org.mx\/wp-content\/uploads\/2019\/06\/CRACPCPF-1160x700.jpg?resize=525%2C300 1.5x, https:\/\/i0.wp.com\/www.grieta.org.mx\/wp-content\/uploads\/2019\/06\/CRACPCPF-1160x700.jpg?resize=700%2C400 2x, https:\/\/i0.wp.com\/www.grieta.org.mx\/wp-content\/uploads\/2019\/06\/CRACPCPF-1160x700.jpg?resize=1050%2C600 3x"},"classes":[]},{"id":51861,"url":"http:\/\/www.grieta.org.mx\/index.php\/2020\/06\/17\/bloquea-crac-pf-en-chilapa-para-impedir-entrada-de-la-guardia-nacional-guerrero\/","url_meta":{"origin":9172,"position":1},"title":"Bloquea CRAC-PF en Chilapa para impedir entrada de la Guardia Nacional  (Guerrero)","author":"Admin","date":"17 junio, 2020","format":false,"excerpt":"Eduardo Y\u00e9ner \/ Quadrat\u00edn CHILPANCINGO, Gro., 17 de junio de 2020.- Integrantes de la Coordinadora Regional de Autoridades Comunitarias-Pueblos Fundadores (CRAC-PF) de Chilapa bloquean la carretera que conduce a Hueycantenango en el crucero de la comunidad de Alcozac\u00e1n. El bloqueo que se instal\u00f3 esta tarde y en el cual participan\u2026","rel":"","context":"En &quot;CINTILLO&quot;","block_context":{"text":"CINTILLO","link":"http:\/\/www.grieta.org.mx\/index.php\/category\/cintillo\/"},"img":{"alt_text":"","src":"https:\/\/i0.wp.com\/www.grieta.org.mx\/wp-content\/uploads\/2020\/07\/bloqueoCRAC-PF-1160x700.jpeg?resize=350%2C200","width":350,"height":200,"srcset":"https:\/\/i0.wp.com\/www.grieta.org.mx\/wp-content\/uploads\/2020\/07\/bloqueoCRAC-PF-1160x700.jpeg?resize=350%2C200 1x, https:\/\/i0.wp.com\/www.grieta.org.mx\/wp-content\/uploads\/2020\/07\/bloqueoCRAC-PF-1160x700.jpeg?resize=525%2C300 1.5x, https:\/\/i0.wp.com\/www.grieta.org.mx\/wp-content\/uploads\/2020\/07\/bloqueoCRAC-PF-1160x700.jpeg?resize=700%2C400 2x, https:\/\/i0.wp.com\/www.grieta.org.mx\/wp-content\/uploads\/2020\/07\/bloqueoCRAC-PF-1160x700.jpeg?resize=1050%2C600 3x"},"classes":[]},{"id":51737,"url":"http:\/\/www.grieta.org.mx\/index.php\/2020\/07\/12\/grupo-narco-paramilitar-los-ardillos-amenaza-seguridad-de-indigenas-de-chilapa-guerrero\/","url_meta":{"origin":9172,"position":2},"title":"Grupo narco- paramilitar \u201cLos Ardillos\u201d amenaza seguridad de ind\u00edgenas de Chilapa, Guerrero","author":"Admin","date":"12 julio, 2020","format":false,"excerpt":"Redacci\u00f3n \/ Por Esto La ma\u00f1ana del domingo 12 de julio fue violenta para los pobladores de la comunidad de Tula, municipio de Chilapa, pues desde las 08:00 horas se escucharon disparos, hecho que deriv\u00f3 en la presencia de las fuerzas armadas a fin de apaciguar los \u00e1nimos y de\u2026","rel":"","context":"En &quot;Desplazados por violencia en Guerrero&quot;","block_context":{"text":"Desplazados por violencia en Guerrero","link":"http:\/\/www.grieta.org.mx\/index.php\/category\/noticias-nacionales\/guerrero\/desplazados-por-violencia-en-guerrero\/"},"img":{"alt_text":"","src":"https:\/\/i0.wp.com\/www.grieta.org.mx\/wp-content\/uploads\/2020\/07\/Captura-de-Pantalla-2020-07-12-a-las-21.52.42.png?resize=350%2C200","width":350,"height":200,"srcset":"https:\/\/i0.wp.com\/www.grieta.org.mx\/wp-content\/uploads\/2020\/07\/Captura-de-Pantalla-2020-07-12-a-las-21.52.42.png?resize=350%2C200 1x, https:\/\/i0.wp.com\/www.grieta.org.mx\/wp-content\/uploads\/2020\/07\/Captura-de-Pantalla-2020-07-12-a-las-21.52.42.png?resize=525%2C300 1.5x"},"classes":[]},{"id":34008,"url":"http:\/\/www.grieta.org.mx\/index.php\/2019\/05\/29\/gobernacion-y-chilapa-guerrero\/","url_meta":{"origin":9172,"position":3},"title":"Gobernaci\u00f3n y Chilapa, Guerrero","author":"Admin","date":"29 mayo, 2019","format":false,"excerpt":"Z\u00f3simo Camacho \/ Contral\u00ednea Los cuerpos fueron encontrados, descuartizados, el 24 de mayo pasado. Quienes los secuestraron un d\u00eda antes, en las inmediaciones de la cabecera municipal de Chilapa de \u00c1lvarez, Guerrero, se saben impunes. No s\u00f3lo se conformaron con asesinarlos. Enviaron su mensaje de terror contra quienes les estorban\u2026","rel":"","context":"En &quot;CINTILLO&quot;","block_context":{"text":"CINTILLO","link":"http:\/\/www.grieta.org.mx\/index.php\/category\/cintillo\/"},"img":{"alt_text":"","src":"https:\/\/i0.wp.com\/www.grieta.org.mx\/wp-content\/uploads\/2019\/05\/03-Bartolo-Hilario-Morales.jpg?resize=350%2C200","width":350,"height":200,"srcset":"https:\/\/i0.wp.com\/www.grieta.org.mx\/wp-content\/uploads\/2019\/05\/03-Bartolo-Hilario-Morales.jpg?resize=350%2C200 1x, https:\/\/i0.wp.com\/www.grieta.org.mx\/wp-content\/uploads\/2019\/05\/03-Bartolo-Hilario-Morales.jpg?resize=525%2C300 1.5x"},"classes":[]},{"id":36763,"url":"http:\/\/www.grieta.org.mx\/index.php\/2019\/07\/21\/sitiaron-y-atacaron-a-balazos-a-comunidad-indigena-de-chilapa-denuncian-guerrero\/","url_meta":{"origin":9172,"position":4},"title":"Sitiaron y atacaron a balazos a comunidad ind\u00edgena de Chilapa, denuncian (Guerrero)","author":"Admin","date":"21 julio, 2019","format":false,"excerpt":"Francisca Meza Carranza \/ Quadrat\u00edn CHILPANCINGO, Gro., 21 de julio de 2019.-Integrantes del Concejo Ind\u00edgena y Popular de Guerrero-Emiliano Zapata (Cipog-EZ) denunciaron un ataque armado contra la comunidad nahua de Tula, municipio de Chilapa, durante la tarde-noche del s\u00e1bado, con saldo de al menos un herido, y solicitaron la intervenci\u00f3n\u2026","rel":"","context":"En &quot;CINTILLO&quot;","block_context":{"text":"CINTILLO","link":"http:\/\/www.grieta.org.mx\/index.php\/category\/cintillo\/"},"img":{"alt_text":"","src":"https:\/\/i0.wp.com\/www.grieta.org.mx\/wp-content\/uploads\/2019\/07\/Crimen-Violencia-M%C3%A9xico03-1160x700.png?resize=350%2C200","width":350,"height":200,"srcset":"https:\/\/i0.wp.com\/www.grieta.org.mx\/wp-content\/uploads\/2019\/07\/Crimen-Violencia-M%C3%A9xico03-1160x700.png?resize=350%2C200 1x, https:\/\/i0.wp.com\/www.grieta.org.mx\/wp-content\/uploads\/2019\/07\/Crimen-Violencia-M%C3%A9xico03-1160x700.png?resize=525%2C300 1.5x, https:\/\/i0.wp.com\/www.grieta.org.mx\/wp-content\/uploads\/2019\/07\/Crimen-Violencia-M%C3%A9xico03-1160x700.png?resize=700%2C400 2x, https:\/\/i0.wp.com\/www.grieta.org.mx\/wp-content\/uploads\/2019\/07\/Crimen-Violencia-M%C3%A9xico03-1160x700.png?resize=1050%2C600 3x"},"classes":[]},{"id":12659,"url":"http:\/\/www.grieta.org.mx\/index.php\/2015\/06\/19\/desaparecidos-de-chilapa-fueron-entregados-a-la-gendarmeria-y-policia-estatal-comisarios\/","url_meta":{"origin":9172,"position":5},"title":"Desaparecidos de Chilapa fueron entregados a la Gendarmer\u00eda y polic\u00eda estatal: Comisarios","author":"grieta","date":"19 junio, 2015","format":false,"excerpt":"Proceso CHILPANCINGO, Gro. (apro).- Comisarios municipales de Chilapa se presentaron a la Fiscal\u00eda General del estado (FGE), para declarar sobre el caso de la irrupci\u00f3n del grupo delictivo \u201cLos Ardillos\u201d en la cabecera y reiteraron que las personas retenidas por los civiles armados fueron entregados a la Polic\u00eda Federal (PF)\u2026","rel":"","context":"En &quot;CINTILLO&quot;","block_context":{"text":"CINTILLO","link":"http:\/\/www.grieta.org.mx\/index.php\/category\/cintillo\/"},"img":{"alt_text":"","src":"https:\/\/i0.wp.com\/www.grieta.org.mx\/wp-content\/uploads\/2018\/03\/14524434_1106112876131411_958039263622046936_o.jpg?resize=350%2C200","width":350,"height":200,"srcset":"https:\/\/i0.wp.com\/www.grieta.org.mx\/wp-content\/uploads\/2018\/03\/14524434_1106112876131411_958039263622046936_o.jpg?resize=350%2C200 1x, https:\/\/i0.wp.com\/www.grieta.org.mx\/wp-content\/uploads\/2018\/03\/14524434_1106112876131411_958039263622046936_o.jpg?resize=525%2C300 1.5x, https:\/\/i0.wp.com\/www.grieta.org.mx\/wp-content\/uploads\/2018\/03\/14524434_1106112876131411_958039263622046936_o.jpg?resize=700%2C400 2x"},"classes":[]}],"_links":{"self":[{"href":"http:\/\/www.grieta.org.mx\/index.php\/wp-json\/wp\/v2\/posts\/9172","targetHints":{"allow":["GET"]}}],"collection":[{"href":"http:\/\/www.grieta.org.mx\/index.php\/wp-json\/wp\/v2\/posts"}],"about":[{"href":"http:\/\/www.grieta.org.mx\/index.php\/wp-json\/wp\/v2\/types\/post"}],"author":[{"embeddable":true,"href":"http:\/\/www.grieta.org.mx\/index.php\/wp-json\/wp\/v2\/users\/2"}],"replies":[{"embeddable":true,"href":"http:\/\/www.grieta.org.mx\/index.php\/wp-json\/wp\/v2\/comments?post=9172"}],"version-history":[{"count":1,"href":"http:\/\/www.grieta.org.mx\/index.php\/wp-json\/wp\/v2\/posts\/9172\/revisions"}],"predecessor-version":[{"id":9173,"href":"http:\/\/www.grieta.org.mx\/index.php\/wp-json\/wp\/v2\/posts\/9172\/revisions\/9173"}],"wp:featuredmedia":[{"embeddable":true,"href":"http:\/\/www.grieta.org.mx\/index.php\/wp-json\/wp\/v2\/media\/21928"}],"wp:attachment":[{"href":"http:\/\/www.grieta.org.mx\/index.php\/wp-json\/wp\/v2\/media?parent=9172"}],"wp:term":[{"taxonomy":"category","embeddable":true,"href":"http:\/\/www.grieta.org.mx\/index.php\/wp-json\/wp\/v2\/categories?post=9172"},{"taxonomy":"post_tag","embeddable":true,"href":"http:\/\/www.grieta.org.mx\/index.php\/wp-json\/wp\/v2\/tags?post=9172"}],"curies":[{"name":"wp","href":"https:\/\/api.w.org\/{rel}","templated":true}]}}