{"id":9149,"date":"2014-03-04T19:14:48","date_gmt":"2014-03-04T19:14:48","guid":{"rendered":"http:\/\/50.22.11.12\/~grietaor\/?p=9149"},"modified":"2018-09-26T23:56:33","modified_gmt":"2018-09-27T04:56:33","slug":"otra-protesta-contra-la-cfe-ahora-por-el-incremento-en-las-tarifas","status":"publish","type":"post","link":"http:\/\/www.grieta.org.mx\/index.php\/2014\/03\/04\/otra-protesta-contra-la-cfe-ahora-por-el-incremento-en-las-tarifas\/","title":{"rendered":"Otra protesta contra la CFE; ahora, por el incremento en las tarifas"},"content":{"rendered":"<p>La Uni\u00f3n de Morelos<br \/>\nUn grupo de al menos 50 personas bloquearon ayer la avenida Vicente Guerrero, justo frente a las instalaciones de la Comisi\u00f3n Federal de Electricidad (CFE), para exigir el cese a los aumentos a las tarifas de energ\u00eda el\u00e9ctrica.<br \/>\nLos manifestantes forman parte de la Asamblea Nacional de Usuarios de la Energ\u00eda El\u00e9ctrica (ANUEE) e iniciaron su movilizaci\u00f3n alrededor de las siete de la ma\u00f1ana de este jueves, en espera de ser atendidos por autoridades de la paraestatal.<br \/>\nEntrevistado sobre la movilizaci\u00f3n, el subsecretario de Educaci\u00f3n y Propaganda del Sindicato Mexicano de Electricistas (SME), Benito Rold\u00e1n Cuevas, inform\u00f3 que contin\u00faan los abusos por parte de la CFE y su personal. Explic\u00f3 que existe inconformidad por parte de los usuarios, toda vez que han detectado aumentos en las tarifas y adem\u00e1s superintendencia de esta empresa no ha cumplido los acuerdos que han firmado en la Procuradur\u00eda Federal del Consumidor (Profeco).<br \/>\nPuntualizaron que han firmado varias minutas para garantizar el respeto de sus derechos como usuarios buscando que se acaten dos puntos: el cese al alza a la tarifa y la suspensi\u00f3n de las intimidaciones en contra de los consumidores, quienes han sido amenazados e incluso agredidos por personal de la paraestatal.<br \/>\nFinalmente recordaron que s\u00f3lo en Cuernavaca fueron presentadas m\u00e1s de 150 mil quejas ante la Profeco, mismas que no han tenido ning\u00fan avance, sin embargo aseguraron que dar\u00e1n seguimiento y exigir\u00e1n el cumplimiento total de los acuerdos.<\/p>\n<p><a href=\"http:\/\/www.launion.com.mx\/morelos\/politica\/noticias\/81952-otra-protesta-contra-la-cfe-ahora,-por-el-incremento-en-las-tarifas.html\">http:\/\/www.launion.com.mx\/morelos\/politica\/noticias\/81952-otra-protesta-contra-la-cfe-ahora,-por-el-incremento-en-las-tarifas.html<\/a><\/p>\n","protected":false},"excerpt":{"rendered":"<p>La Uni\u00f3n de Morelos Un grupo de al menos 50 personas bloquearon ayer la avenida Vicente Guerrero, justo frente a las instalaciones de la Comisi\u00f3n Federal de Electricidad (CFE), para &hellip; <a href=\"http:\/\/www.grieta.org.mx\/index.php\/2014\/03\/04\/otra-protesta-contra-la-cfe-ahora-por-el-incremento-en-las-tarifas\/\" class=\"more-link\">Leer m\u00e1s<\/a><\/p>\n","protected":false},"author":2,"featured_media":21928,"comment_status":"closed","ping_status":"open","sticky":false,"template":"","format":"standard","meta":{"ngg_post_thumbnail":0,"_jetpack_newsletter_access":"","_jetpack_dont_email_post_to_subs":false,"_jetpack_newsletter_tier_id":0,"_jetpack_memberships_contains_paywalled_content":false,"_jetpack_memberships_contains_paid_content":false,"footnotes":""},"categories":[80,22,482,1767,2],"tags":[291],"class_list":{"0":"post-9149","1":"post","2":"type-post","3":"status-publish","4":"format-standard","5":"has-post-thumbnail","6":"hentry","7":"category-cintillo","8":"category-morelos","10":"category-movilizaciones-contra-la-cfe-y-las-altas-tarifas-de-luz-en-morelos","11":"category-noticias-nacionales","12":"tag-cfe","13":"entry"},"jetpack_featured_media_url":"http:\/\/www.grieta.org.mx\/wp-content\/uploads\/2018\/03\/14524434_1106112876131411_958039263622046936_o.jpg","jetpack_sharing_enabled":true,"jetpack_shortlink":"https:\/\/wp.me\/p7ZJR4-2nz","jetpack_likes_enabled":false,"jetpack-related-posts":[{"id":9152,"url":"http:\/\/www.grieta.org.mx\/index.php\/2015\/07\/16\/protestan-usuarios-de-cfe-en-morelos-contra-altos-cobros\/","url_meta":{"origin":9149,"position":0},"title":"Protestan usuarios de CFE en Morelos contra altos cobros","author":"grieta","date":"16 julio, 2015","format":false,"excerpt":"La Jornada Cuernavaca, Mor. Un centenar de usuarios de la Comisi\u00f3n Federal de Electricidad (CFE) protestaron durante cuatro horas frente a las instalaciones de esta paraestatal para rechazar los altos cobros de energ\u00eda, y para exigir que los usuarios que se han quejado ante la Profeco (por altas tarifas o\u2026","rel":"","context":"En &quot;CINTILLO&quot;","block_context":{"text":"CINTILLO","link":"http:\/\/www.grieta.org.mx\/index.php\/category\/cintillo\/"},"img":{"alt_text":"","src":"https:\/\/i0.wp.com\/www.grieta.org.mx\/wp-content\/uploads\/2018\/03\/14524434_1106112876131411_958039263622046936_o.jpg?resize=350%2C200","width":350,"height":200,"srcset":"https:\/\/i0.wp.com\/www.grieta.org.mx\/wp-content\/uploads\/2018\/03\/14524434_1106112876131411_958039263622046936_o.jpg?resize=350%2C200 1x, https:\/\/i0.wp.com\/www.grieta.org.mx\/wp-content\/uploads\/2018\/03\/14524434_1106112876131411_958039263622046936_o.jpg?resize=525%2C300 1.5x, https:\/\/i0.wp.com\/www.grieta.org.mx\/wp-content\/uploads\/2018\/03\/14524434_1106112876131411_958039263622046936_o.jpg?resize=700%2C400 2x"},"classes":[]},{"id":9148,"url":"http:\/\/www.grieta.org.mx\/index.php\/2016\/07\/13\/movilizaciones-contra-la-cfe-y-las-altas-tarifas-de-luz-en-morelos\/","url_meta":{"origin":9149,"position":1},"title":"Movilizaciones contra la CFE y las altas tarifas de luz en Morelos","author":"grieta","date":"13 julio, 2016","format":false,"excerpt":"13\/07\/16. Asesinan en Morelos a ex l\u00edder del SME Morelos Diario 04\/12\/15. Otra protesta contra la CFE; ahora, por el incremento en las tarifas La uni\u00f3n de Morelos 16\/07\/15. Protestan usuarios de CFE en Morelos contra altos cobros La Jornada","rel":"","context":"En &quot;Morelos&quot;","block_context":{"text":"Morelos","link":"http:\/\/www.grieta.org.mx\/index.php\/category\/noticias-nacionales\/morelos\/"},"img":{"alt_text":"","src":"https:\/\/i0.wp.com\/www.grieta.org.mx\/wp-content\/uploads\/2018\/03\/14524434_1106112876131411_958039263622046936_o.jpg?resize=350%2C200","width":350,"height":200,"srcset":"https:\/\/i0.wp.com\/www.grieta.org.mx\/wp-content\/uploads\/2018\/03\/14524434_1106112876131411_958039263622046936_o.jpg?resize=350%2C200 1x, https:\/\/i0.wp.com\/www.grieta.org.mx\/wp-content\/uploads\/2018\/03\/14524434_1106112876131411_958039263622046936_o.jpg?resize=525%2C300 1.5x, https:\/\/i0.wp.com\/www.grieta.org.mx\/wp-content\/uploads\/2018\/03\/14524434_1106112876131411_958039263622046936_o.jpg?resize=700%2C400 2x"},"classes":[]},{"id":5518,"url":"http:\/\/www.grieta.org.mx\/index.php\/2014\/07\/09\/exigen-frenar-megaproyectos-de-cfe-y-liberar-a-opositores-presos\/","url_meta":{"origin":9149,"position":2},"title":"Exigen frenar megaproyectos de CFE y liberar a opositores presos","author":"grieta","date":"9 julio, 2014","format":false,"excerpt":"(M. Breach, R. Villalpando, R. Morelos y D. Manzo, corresponsales; Y. Llav\u00e9n \/ La Jornada de Oriente; F. Camacho y R. Rojas, reporteros) Cientos de integrantes de organizaciones se manifestaron ayer en Puebla, Morelos, Chihuahua y Oaxaca, as\u00ed como en el Distrito Federal, para exigir al presidente Enrique Pe\u00f1a Nieto\u2026","rel":"","context":"En &quot;CINTILLO&quot;","block_context":{"text":"CINTILLO","link":"http:\/\/www.grieta.org.mx\/index.php\/category\/cintillo\/"},"img":{"alt_text":"","src":"https:\/\/i0.wp.com\/www.grieta.org.mx\/wp-content\/uploads\/2018\/03\/14524434_1106112876131411_958039263622046936_o.jpg?resize=350%2C200","width":350,"height":200,"srcset":"https:\/\/i0.wp.com\/www.grieta.org.mx\/wp-content\/uploads\/2018\/03\/14524434_1106112876131411_958039263622046936_o.jpg?resize=350%2C200 1x, https:\/\/i0.wp.com\/www.grieta.org.mx\/wp-content\/uploads\/2018\/03\/14524434_1106112876131411_958039263622046936_o.jpg?resize=525%2C300 1.5x, https:\/\/i0.wp.com\/www.grieta.org.mx\/wp-content\/uploads\/2018\/03\/14524434_1106112876131411_958039263622046936_o.jpg?resize=700%2C400 2x"},"classes":[]},{"id":2963,"url":"http:\/\/www.grieta.org.mx\/index.php\/2016\/09\/06\/lucha-contra-la-cfe-en-campeche-cfe-se-queja-de-perdidas-millonarias-en-la-peninsula\/","url_meta":{"origin":9149,"position":3},"title":"Lucha contra la CFE en Campeche","author":"grieta","date":"6 septiembre, 2016","format":false,"excerpt":"06\/09\/16. Se manifiestan contra CFE con mu\u00f1ecos y pancartas (Campeche) Tribuna 02\/04\/16. Hostigan CFE y gobiernos a Movimiento de Resistencia Civil en Candelaria P\u00e1gin@bierta 26\/10\/15. P\u00e9rdidas de $1,000 millones por robo de electricidad en Yucat\u00e1n, Campeche y QR La Jornada 20\/04\/15. Hostigamiento, provocaci\u00f3n y amenazas de la Comisi\u00f3n Federal de\u2026","rel":"","context":"En &quot;16. Pueblo Maya&quot;","block_context":{"text":"16. Pueblo Maya","link":"http:\/\/www.grieta.org.mx\/index.php\/category\/espejos-de-la-resistencia\/16-pueblo-maya\/"},"img":{"alt_text":"","src":"https:\/\/i0.wp.com\/www.grieta.org.mx\/wp-content\/uploads\/2018\/03\/14524434_1106112876131411_958039263622046936_o.jpg?resize=350%2C200","width":350,"height":200,"srcset":"https:\/\/i0.wp.com\/www.grieta.org.mx\/wp-content\/uploads\/2018\/03\/14524434_1106112876131411_958039263622046936_o.jpg?resize=350%2C200 1x, https:\/\/i0.wp.com\/www.grieta.org.mx\/wp-content\/uploads\/2018\/03\/14524434_1106112876131411_958039263622046936_o.jpg?resize=525%2C300 1.5x, https:\/\/i0.wp.com\/www.grieta.org.mx\/wp-content\/uploads\/2018\/03\/14524434_1106112876131411_958039263622046936_o.jpg?resize=700%2C400 2x"},"classes":[]},{"id":39078,"url":"http:\/\/www.grieta.org.mx\/index.php\/2019\/09\/10\/municipios-de-nayarit-se-manifiestan-por-altos-cobros-en-la-cfe\/","url_meta":{"origin":9149,"position":4},"title":"Municipios de Nayarit se manifiestan por altos cobros en la CFE","author":"grieta","date":"10 septiembre, 2019","format":false,"excerpt":"Foto: El Sol de Nayarit Redacci\u00f3n \/ El Sol de Nayarit Desde hace m\u00e1s de un a\u00f1o, un grupo de nayaritas cansados de los altos cobros de las tarifas el\u00e9ctricas, usos y arbitrariedades causadas por la Comisi\u00f3n Federal de Electricidad (CFE), iniciaron la lucha por poner un alto a estas\u2026","rel":"","context":"En &quot;CINTILLO&quot;","block_context":{"text":"CINTILLO","link":"http:\/\/www.grieta.org.mx\/index.php\/category\/cintillo\/"},"img":{"alt_text":"","src":"https:\/\/i0.wp.com\/www.grieta.org.mx\/wp-content\/uploads\/2019\/09\/temp_nota_01_67869__20190910190948_117whatsapp_image_2019-09-10_at_12.52.01_pm_1_.jpeg?resize=350%2C200","width":350,"height":200,"srcset":"https:\/\/i0.wp.com\/www.grieta.org.mx\/wp-content\/uploads\/2019\/09\/temp_nota_01_67869__20190910190948_117whatsapp_image_2019-09-10_at_12.52.01_pm_1_.jpeg?resize=350%2C200 1x, https:\/\/i0.wp.com\/www.grieta.org.mx\/wp-content\/uploads\/2019\/09\/temp_nota_01_67869__20190910190948_117whatsapp_image_2019-09-10_at_12.52.01_pm_1_.jpeg?resize=525%2C300 1.5x"},"classes":[]},{"id":5527,"url":"http:\/\/www.grieta.org.mx\/index.php\/2016\/02\/17\/continua-resistencia-en-zanatepec-ante-altas-tarifas-de-cfe\/","url_meta":{"origin":9149,"position":5},"title":"Contin\u00faa resistencia en Zanatepec ante altas tarifas de CFE","author":"grieta","date":"17 febrero, 2016","format":false,"excerpt":"Mart\u00edn Vargas, Oaxaca. #Zanatepec 17 feb (#Istmopress) .- Con una marcha pac\u00edfica, pobladores de Zanatepec se manifestaron en contra de la Comisi\u00f3n Federal de Electricidad (CFE) debido al incremento de la tarifa en el \u00faltimo bimestre. De acuerdo a los m\u00e1s de 800 casos documentados por la agrupaci\u00f3n denominada \u201cPueblo\u2026","rel":"","context":"En &quot;CINTILLO&quot;","block_context":{"text":"CINTILLO","link":"http:\/\/www.grieta.org.mx\/index.php\/category\/cintillo\/"},"img":{"alt_text":"","src":"https:\/\/i0.wp.com\/www.grieta.org.mx\/wp-content\/uploads\/2018\/03\/14524434_1106112876131411_958039263622046936_o.jpg?resize=350%2C200","width":350,"height":200,"srcset":"https:\/\/i0.wp.com\/www.grieta.org.mx\/wp-content\/uploads\/2018\/03\/14524434_1106112876131411_958039263622046936_o.jpg?resize=350%2C200 1x, https:\/\/i0.wp.com\/www.grieta.org.mx\/wp-content\/uploads\/2018\/03\/14524434_1106112876131411_958039263622046936_o.jpg?resize=525%2C300 1.5x, https:\/\/i0.wp.com\/www.grieta.org.mx\/wp-content\/uploads\/2018\/03\/14524434_1106112876131411_958039263622046936_o.jpg?resize=700%2C400 2x"},"classes":[]}],"_links":{"self":[{"href":"http:\/\/www.grieta.org.mx\/index.php\/wp-json\/wp\/v2\/posts\/9149","targetHints":{"allow":["GET"]}}],"collection":[{"href":"http:\/\/www.grieta.org.mx\/index.php\/wp-json\/wp\/v2\/posts"}],"about":[{"href":"http:\/\/www.grieta.org.mx\/index.php\/wp-json\/wp\/v2\/types\/post"}],"author":[{"embeddable":true,"href":"http:\/\/www.grieta.org.mx\/index.php\/wp-json\/wp\/v2\/users\/2"}],"replies":[{"embeddable":true,"href":"http:\/\/www.grieta.org.mx\/index.php\/wp-json\/wp\/v2\/comments?post=9149"}],"version-history":[{"count":1,"href":"http:\/\/www.grieta.org.mx\/index.php\/wp-json\/wp\/v2\/posts\/9149\/revisions"}],"predecessor-version":[{"id":9150,"href":"http:\/\/www.grieta.org.mx\/index.php\/wp-json\/wp\/v2\/posts\/9149\/revisions\/9150"}],"wp:featuredmedia":[{"embeddable":true,"href":"http:\/\/www.grieta.org.mx\/index.php\/wp-json\/wp\/v2\/media\/21928"}],"wp:attachment":[{"href":"http:\/\/www.grieta.org.mx\/index.php\/wp-json\/wp\/v2\/media?parent=9149"}],"wp:term":[{"taxonomy":"category","embeddable":true,"href":"http:\/\/www.grieta.org.mx\/index.php\/wp-json\/wp\/v2\/categories?post=9149"},{"taxonomy":"post_tag","embeddable":true,"href":"http:\/\/www.grieta.org.mx\/index.php\/wp-json\/wp\/v2\/tags?post=9149"}],"curies":[{"name":"wp","href":"https:\/\/api.w.org\/{rel}","templated":true}]}}