{"id":912,"date":"2016-09-13T05:37:44","date_gmt":"2016-09-13T10:37:44","guid":{"rendered":"http:\/\/50.22.11.12\/~grietaor\/?p=912"},"modified":"2020-03-18T12:19:05","modified_gmt":"2020-03-18T18:19:05","slug":"se-organizan-para-frenar-avance-de-transgenicos-en-yucatan-campeche-y-quintana-roo","status":"publish","type":"post","link":"http:\/\/www.grieta.org.mx\/index.php\/2016\/09\/13\/se-organizan-para-frenar-avance-de-transgenicos-en-yucatan-campeche-y-quintana-roo\/","title":{"rendered":"Se organizan para frenar avance de transg\u00e9nicos en Yucat\u00e1n, Campeche y Quintana Roo"},"content":{"rendered":"<p><strong>13\/04\/16. <\/strong><a href=\"http:\/\/www.grieta.org.mx\/index.php\/2016\/04\/13\/conformacion-de-la-mision-de-observacion-de-la-consulta-al-pueblo-maya-sobre-la-siembra-de-soya-geneticamente-modificada-de-la-empresa-monsanto\/\">Conformaci\u00f3n de la Misi\u00f3n de Observaci\u00f3n de la Consulta al pueblo Maya sobre la siembra de soya gen\u00e9ticamente modificada de la empresa Monsanto<\/a><br \/>\n<em>Cayacyucatan<\/em><\/p>\n<p><strong>01\/04\/16. <\/strong><a href=\"http:\/\/www.grieta.org.mx\/index.php\/2016\/04\/01\/irregularidades-en-consulta-indigena-sobre-la-siembra-de-soya-geneticamente-en-campeche\/\">Irregularidades en Consulta Ind\u00edgena sobre la siembra de soya gen\u00e9ticamente en Campeche<\/a><br \/>\n<em>Infolliteras<\/em><\/p>\n<p><strong>22\/02\/16. <\/strong><a href=\"http:\/\/grieta.org.mx\/index.php\/2016\/02\/22\/campeche-en-mapa-global-sobre-riesgos-ambientales-lo-catalogan-por-conflicto-de-soya-transgenica\/\">Campeche, en mapa global sobre Riesgos Ambientales. Lo catalogan por conflicto de soya transg\u00e9nica<\/a><br \/>\n<em>El Expreso de Campeche<\/em><\/p>\n<p><strong>09\/02\/16. <\/strong><a href=\"http:\/\/www.grieta.org.mx\/index.php\/2016\/02\/09\/sagarpa-se-adelanta-y-perjudicaria-consulta-sobre-transgenicos\/\">Sagarpa se adelanta y perjudicar\u00eda consulta sobre transg\u00e9nicos<\/a><br \/>\n<em>P\u00e1gin@bierta<\/em><\/p>\n<p><strong>20\/11\/15. <\/strong><a href=\"http:\/\/grieta.org.mx\/index.php\/2015\/11\/20\/campesinos-votaran-para-decidir-sobre-siembra-de-soya-transgenica\/\">Campesinos votar\u00e1n para decidir sobre siembra de soya transg\u00e9nica<\/a><br \/>\n<em>Libertad de Expresi\u00f3n Yucat\u00e1n<\/em><\/p>\n<p><strong>13\/11\/15. <\/strong><a href=\"http:\/\/grieta.org.mx\/index.php\/2015\/11\/13\/insisten-en-siembra-de-soya-transgenica-en-la-peninsula\/\">Insisten en siembra de soya transg\u00e9nica en la Pen\u00ednsula<\/a><br \/>\n<em>Tribuna Campeche<\/em><\/p>\n<p><strong>02\/11\/15. <\/strong><a href=\"http:\/\/grieta.org.mx\/index.php\/2015\/11\/02\/video-lucha-contra-monsanto-apicultor-de-campeche-llama-a-los-ministros-de-la-suprema-corte-a-votar-por-la-vida-y-no-por-la-muerte\/\">(VIDEO) Lucha contra Monsanto: Apicultor de Campeche llama a los ministros de la Suprema Corte a votar \u201cpor la vida y no por la muerte\u201d<\/a><br \/>\n<em>Hijos de la tierra<\/em><\/p>\n<p><strong>29\/10\/15. <\/strong><a href=\"http:\/\/grieta.org.mx\/index.php\/2015\/10\/29\/aplaza-corte-decision-sobre-siembra-de-soya-transgenica-en-yucatan-y-campeche\/\">Aplaza Corte decisi\u00f3n sobre siembra de soya transg\u00e9nica en Yucat\u00e1n y Campeche<\/a><br \/>\n<em>Aristegui Noticias<\/em><\/p>\n<p><strong>28\/10\/15. <\/strong><a href=\"http:\/\/grieta.org.mx\/index.php\/2015\/10\/28\/monsanto-se-enfrenta-a-apicultores-de-yucatan-en-la-suprema-corte-entrevistas-en-cnn\/\">Monsanto se enfrenta a apicultores de Yucat\u00e1n en la Suprema Corte (Entrevistas en CNN)<\/a><br \/>\n<em>Aristegui Noticias<\/em><\/p>\n<p><strong>26\/10\/15. <\/strong><a href=\"http:\/\/grieta.org.mx\/index.php\/2015\/10\/26\/entregaran-a-la-scjn-63-mil-firmas-contra-permisos-a-monsanto-en-yucatan\/\">Entregar\u00e1n a la SCJN 63 mil firmas contra permisos a Monsanto en Yucat\u00e1n<\/a><br \/>\n<em>Revoluci\u00f3n 3.0<\/em><\/p>\n<p><strong>22\/10\/15. <\/strong><a href=\"http:\/\/grieta.org.mx\/index.php\/2015\/10\/22\/selva-y-apicultura-de-yucatan-en-riesgo-por-soya-transgenica\/\">Selva y apicultura de Yucat\u00e1n, \u201cen riesgo\u201d por soya transg\u00e9nica<\/a><br \/>\n<em>La Jornada<\/em><\/p>\n<p><strong>08\/10\/15. <\/strong><a href=\"http:\/\/grieta.org.mx\/index.php\/2015\/10\/08\/autoridades-mayas-de-yucatan-y-campeche-congelan-avance-de-soya-transgenica-de-monsanto\/\">Autoridades mayas de Yucat\u00e1n y Campeche congelan avance de soya transg\u00e9nica de Monsanto<\/a><br \/>\n<em>Revoluci\u00f3n 3.0<\/em><\/p>\n","protected":false},"excerpt":{"rendered":"<p>13\/04\/16. Conformaci\u00f3n de la Misi\u00f3n de Observaci\u00f3n de la Consulta al pueblo Maya sobre la siembra de soya gen\u00e9ticamente modificada de la empresa Monsanto Cayacyucatan 01\/04\/16. Irregularidades en Consulta Ind\u00edgena &hellip; <a href=\"http:\/\/www.grieta.org.mx\/index.php\/2016\/09\/13\/se-organizan-para-frenar-avance-de-transgenicos-en-yucatan-campeche-y-quintana-roo\/\" class=\"more-link\">Leer m\u00e1s<\/a><\/p>\n","protected":false},"author":2,"featured_media":21928,"comment_status":"closed","ping_status":"open","sticky":false,"template":"","format":"standard","meta":{"ngg_post_thumbnail":0,"_jetpack_newsletter_access":"","_jetpack_dont_email_post_to_subs":false,"_jetpack_newsletter_tier_id":0,"_jetpack_memberships_contains_paywalled_content":false,"_jetpack_memberships_contains_paid_content":false,"footnotes":""},"categories":[60,11,2,28,36],"tags":[],"class_list":["post-912","post","type-post","status-publish","format-standard","has-post-thumbnail","hentry","category-16-pueblo-maya","category-campeche","category-noticias-nacionales","category-quintana-roo","category-yucatan","entry"],"jetpack_featured_media_url":"http:\/\/www.grieta.org.mx\/wp-content\/uploads\/2018\/03\/14524434_1106112876131411_958039263622046936_o.jpg","jetpack_sharing_enabled":true,"jetpack_shortlink":"https:\/\/wp.me\/p7ZJR4-eI","jetpack_likes_enabled":false,"jetpack-related-posts":[{"id":19190,"url":"http:\/\/www.grieta.org.mx\/index.php\/2016\/07\/31\/denuncian-irregularidades-en-la-consulta-sobre-la-soya\/","url_meta":{"origin":912,"position":0},"title":"Denuncian irregularidades en la consulta sobre la soya","author":"grieta","date":"31 julio, 2016","format":false,"excerpt":"En una carta abierta, el pueblo maya expres\u00f3 su inconformidad y desconfianza por la actuaci\u00f3n de las autoridades encargadas de organizar la consulta ind\u00edgena por la siembra de soya transg\u00e9nica. En el escrito dirigido a la Comisi\u00f3n Intersecretarial de Bioseguridad de los Organismos Gen\u00e9ticamente Modificados (Cibiogem); a la Comisi\u00f3n Nacional\u2026","rel":"","context":"En &quot;16. Pueblo Maya&quot;","block_context":{"text":"16. Pueblo Maya","link":"http:\/\/www.grieta.org.mx\/index.php\/category\/espejos-de-la-resistencia\/16-pueblo-maya\/"},"img":{"alt_text":"","src":"https:\/\/i0.wp.com\/www.grieta.org.mx\/wp-content\/uploads\/2018\/03\/14524434_1106112876131411_958039263622046936_o.jpg?resize=350%2C200","width":350,"height":200,"srcset":"https:\/\/i0.wp.com\/www.grieta.org.mx\/wp-content\/uploads\/2018\/03\/14524434_1106112876131411_958039263622046936_o.jpg?resize=350%2C200 1x, https:\/\/i0.wp.com\/www.grieta.org.mx\/wp-content\/uploads\/2018\/03\/14524434_1106112876131411_958039263622046936_o.jpg?resize=525%2C300 1.5x, https:\/\/i0.wp.com\/www.grieta.org.mx\/wp-content\/uploads\/2018\/03\/14524434_1106112876131411_958039263622046936_o.jpg?resize=700%2C400 2x"},"classes":[]},{"id":10411,"url":"http:\/\/www.grieta.org.mx\/index.php\/2016\/04\/13\/hoy-consulta-sobre-siembra-de-soya-transgenica\/","url_meta":{"origin":912,"position":1},"title":"Hoy, consulta sobre siembra de soya transg\u00e9nica","author":"grieta","date":"13 abril, 2016","format":false,"excerpt":"HOPELCHEN, Cam., 13 de abril.- Todo se encuentra listo para que hoy se lleve a cabo la consulta sobre la pertinencia de la siembra de soya gen\u00e9ticamente modificada, esto en acatamiento al mandato de la Suprema Corte de Justicia de la Naci\u00f3n, en el sentido de conocer la opini\u00f3n de\u2026","rel":"","context":"En &quot;16. Pueblo Maya&quot;","block_context":{"text":"16. Pueblo Maya","link":"http:\/\/www.grieta.org.mx\/index.php\/category\/espejos-de-la-resistencia\/16-pueblo-maya\/"},"img":{"alt_text":"","src":"https:\/\/i0.wp.com\/www.grieta.org.mx\/wp-content\/uploads\/2018\/03\/14524434_1106112876131411_958039263622046936_o.jpg?resize=350%2C200","width":350,"height":200,"srcset":"https:\/\/i0.wp.com\/www.grieta.org.mx\/wp-content\/uploads\/2018\/03\/14524434_1106112876131411_958039263622046936_o.jpg?resize=350%2C200 1x, https:\/\/i0.wp.com\/www.grieta.org.mx\/wp-content\/uploads\/2018\/03\/14524434_1106112876131411_958039263622046936_o.jpg?resize=525%2C300 1.5x, https:\/\/i0.wp.com\/www.grieta.org.mx\/wp-content\/uploads\/2018\/03\/14524434_1106112876131411_958039263622046936_o.jpg?resize=700%2C400 2x"},"classes":[]},{"id":17044,"url":"http:\/\/www.grieta.org.mx\/index.php\/2016\/07\/05\/dicen-no-a-transgenicos-campeche\/","url_meta":{"origin":912,"position":2},"title":"Dicen no a transg\u00e9nicos (Campeche)","author":"grieta","date":"5 julio, 2016","format":false,"excerpt":"Hopelch\u00e9n: En Iturbide no se sembrar\u00e1 ning\u00fan cent\u00edmetro de soya transg\u00e9nica, advirti\u00f3 el comisario ejidal Abelardo Brice\u00f1o Montoy, quien dijo que en asamblea, los ejidatarios acordaron que no se d\u00e9 lugar a cultivos con semillas gen\u00e9ticamente modificadas, pues ponen en riesgo al sector ap\u00edcola. En entrevista con TRIBUNA la autoridad\u2026","rel":"","context":"En &quot;16. Pueblo Maya&quot;","block_context":{"text":"16. Pueblo Maya","link":"http:\/\/www.grieta.org.mx\/index.php\/category\/espejos-de-la-resistencia\/16-pueblo-maya\/"},"img":{"alt_text":"","src":"https:\/\/i0.wp.com\/www.grieta.org.mx\/wp-content\/uploads\/2018\/03\/14524434_1106112876131411_958039263622046936_o.jpg?resize=350%2C200","width":350,"height":200,"srcset":"https:\/\/i0.wp.com\/www.grieta.org.mx\/wp-content\/uploads\/2018\/03\/14524434_1106112876131411_958039263622046936_o.jpg?resize=350%2C200 1x, https:\/\/i0.wp.com\/www.grieta.org.mx\/wp-content\/uploads\/2018\/03\/14524434_1106112876131411_958039263622046936_o.jpg?resize=525%2C300 1.5x, https:\/\/i0.wp.com\/www.grieta.org.mx\/wp-content\/uploads\/2018\/03\/14524434_1106112876131411_958039263622046936_o.jpg?resize=700%2C400 2x"},"classes":[]},{"id":15367,"url":"http:\/\/www.grieta.org.mx\/index.php\/2016\/06\/19\/suspenden-a-monsanto-permiso-de-siembra-de-soya-modificada-en-yucatan\/","url_meta":{"origin":912,"position":3},"title":"Suspenden a Monsanto permiso de siembra de soya modificada en Yucat\u00e1n","author":"grieta","date":"19 junio, 2016","format":false,"excerpt":"La trasnacional recibi\u00f3 el aviso de parte del sector agropecuario el pasado martes 14 de junio, luego de una resoluci\u00f3n de un juzgado con sede en Yucat\u00e1n; estim\u00f3 que habr\u00eda alrededor de 6 mil agricultores afectados. La empresa productora de semillas Monsanto inform\u00f3 que el pasado martes recibi\u00f3 una notificaci\u00f3n\u2026","rel":"","context":"En &quot;16. Pueblo Maya&quot;","block_context":{"text":"16. Pueblo Maya","link":"http:\/\/www.grieta.org.mx\/index.php\/category\/espejos-de-la-resistencia\/16-pueblo-maya\/"},"img":{"alt_text":"","src":"https:\/\/i0.wp.com\/www.grieta.org.mx\/wp-content\/uploads\/2018\/03\/14524434_1106112876131411_958039263622046936_o.jpg?resize=350%2C200","width":350,"height":200,"srcset":"https:\/\/i0.wp.com\/www.grieta.org.mx\/wp-content\/uploads\/2018\/03\/14524434_1106112876131411_958039263622046936_o.jpg?resize=350%2C200 1x, https:\/\/i0.wp.com\/www.grieta.org.mx\/wp-content\/uploads\/2018\/03\/14524434_1106112876131411_958039263622046936_o.jpg?resize=525%2C300 1.5x, https:\/\/i0.wp.com\/www.grieta.org.mx\/wp-content\/uploads\/2018\/03\/14524434_1106112876131411_958039263622046936_o.jpg?resize=700%2C400 2x"},"classes":[]},{"id":10185,"url":"http:\/\/www.grieta.org.mx\/index.php\/2016\/04\/01\/irregularidades-en-consulta-indigena-sobre-la-siembra-de-soya-geneticamente-en-campeche\/","url_meta":{"origin":912,"position":4},"title":"Irregularidades en Consulta Ind\u00edgena sobre la siembra de soya gen\u00e9ticamente en Campeche","author":"grieta","date":"1 abril, 2016","format":false,"excerpt":"Con la ausencia del delegado de la CDI hacen p\u00fablica la convocatoria de la Consulta Ind\u00edgena sobre la siembra de soya gen\u00e9ticamente modificada en Campeche. El abogado Jorge Fern\u00e1ndez Mendiburo, representante legal de las comunidades que interpusieron el juicio de amparo ante la Suprema Corte de Justicia, alert\u00f3 sobre posibles\u2026","rel":"","context":"En &quot;16. Pueblo Maya&quot;","block_context":{"text":"16. Pueblo Maya","link":"http:\/\/www.grieta.org.mx\/index.php\/category\/espejos-de-la-resistencia\/16-pueblo-maya\/"},"img":{"alt_text":"","src":"https:\/\/i0.wp.com\/www.grieta.org.mx\/wp-content\/uploads\/2018\/03\/14524434_1106112876131411_958039263622046936_o.jpg?resize=350%2C200","width":350,"height":200,"srcset":"https:\/\/i0.wp.com\/www.grieta.org.mx\/wp-content\/uploads\/2018\/03\/14524434_1106112876131411_958039263622046936_o.jpg?resize=350%2C200 1x, https:\/\/i0.wp.com\/www.grieta.org.mx\/wp-content\/uploads\/2018\/03\/14524434_1106112876131411_958039263622046936_o.jpg?resize=525%2C300 1.5x, https:\/\/i0.wp.com\/www.grieta.org.mx\/wp-content\/uploads\/2018\/03\/14524434_1106112876131411_958039263622046936_o.jpg?resize=700%2C400 2x"},"classes":[]},{"id":15975,"url":"http:\/\/www.grieta.org.mx\/index.php\/2016\/06\/22\/sagarpa-quiere-abrir-siembra-de-soya-transgenica-en-zonas-donde-no-hay-suspension-judicial-al-cultivo\/","url_meta":{"origin":912,"position":5},"title":"Sagarpa quiere abrir siembra de soya transg\u00e9nica en zonas donde no hay suspensi\u00f3n judicial al cultivo","author":"grieta","date":"22 junio, 2016","format":false,"excerpt":"La Sagarpa inform\u00f3 que mantiene conversaciones con el Servicio Nacional de Sanidad, Inocuidad y Calidad Agroalimentaria (Senasica) y los productores de soya para abrir la siembra de soya gen\u00e9ticamente modificada en aquellos lugares que no est\u00e1n incluidos en la orden de suspensi\u00f3n al cultivo determinada por la Suprema Corte. El\u2026","rel":"","context":"En &quot;16. Pueblo Maya&quot;","block_context":{"text":"16. Pueblo Maya","link":"http:\/\/www.grieta.org.mx\/index.php\/category\/espejos-de-la-resistencia\/16-pueblo-maya\/"},"img":{"alt_text":"","src":"https:\/\/i0.wp.com\/www.grieta.org.mx\/wp-content\/uploads\/2018\/03\/14524434_1106112876131411_958039263622046936_o.jpg?resize=350%2C200","width":350,"height":200,"srcset":"https:\/\/i0.wp.com\/www.grieta.org.mx\/wp-content\/uploads\/2018\/03\/14524434_1106112876131411_958039263622046936_o.jpg?resize=350%2C200 1x, https:\/\/i0.wp.com\/www.grieta.org.mx\/wp-content\/uploads\/2018\/03\/14524434_1106112876131411_958039263622046936_o.jpg?resize=525%2C300 1.5x, https:\/\/i0.wp.com\/www.grieta.org.mx\/wp-content\/uploads\/2018\/03\/14524434_1106112876131411_958039263622046936_o.jpg?resize=700%2C400 2x"},"classes":[]}],"_links":{"self":[{"href":"http:\/\/www.grieta.org.mx\/index.php\/wp-json\/wp\/v2\/posts\/912","targetHints":{"allow":["GET"]}}],"collection":[{"href":"http:\/\/www.grieta.org.mx\/index.php\/wp-json\/wp\/v2\/posts"}],"about":[{"href":"http:\/\/www.grieta.org.mx\/index.php\/wp-json\/wp\/v2\/types\/post"}],"author":[{"embeddable":true,"href":"http:\/\/www.grieta.org.mx\/index.php\/wp-json\/wp\/v2\/users\/2"}],"replies":[{"embeddable":true,"href":"http:\/\/www.grieta.org.mx\/index.php\/wp-json\/wp\/v2\/comments?post=912"}],"version-history":[{"count":1,"href":"http:\/\/www.grieta.org.mx\/index.php\/wp-json\/wp\/v2\/posts\/912\/revisions"}],"predecessor-version":[{"id":46310,"href":"http:\/\/www.grieta.org.mx\/index.php\/wp-json\/wp\/v2\/posts\/912\/revisions\/46310"}],"wp:featuredmedia":[{"embeddable":true,"href":"http:\/\/www.grieta.org.mx\/index.php\/wp-json\/wp\/v2\/media\/21928"}],"wp:attachment":[{"href":"http:\/\/www.grieta.org.mx\/index.php\/wp-json\/wp\/v2\/media?parent=912"}],"wp:term":[{"taxonomy":"category","embeddable":true,"href":"http:\/\/www.grieta.org.mx\/index.php\/wp-json\/wp\/v2\/categories?post=912"},{"taxonomy":"post_tag","embeddable":true,"href":"http:\/\/www.grieta.org.mx\/index.php\/wp-json\/wp\/v2\/tags?post=912"}],"curies":[{"name":"wp","href":"https:\/\/api.w.org\/{rel}","templated":true}]}}