{"id":9110,"date":"2015-02-19T18:00:29","date_gmt":"2015-02-19T18:00:29","guid":{"rendered":"http:\/\/50.22.11.12\/~grietaor\/?p=9110"},"modified":"2016-03-31T18:14:20","modified_gmt":"2016-03-31T18:14:20","slug":"invaden-con-turbinas-la-rumorosa","status":"publish","type":"post","link":"http:\/\/www.grieta.org.mx\/index.php\/2015\/02\/19\/invaden-con-turbinas-la-rumorosa\/","title":{"rendered":"Invaden con turbinas La Rumorosa"},"content":{"rendered":"<p><img loading=\"lazy\" decoding=\"async\" data-attachment-id=\"9115\" data-permalink=\"http:\/\/www.grieta.org.mx\/index.php\/2015\/02\/19\/invaden-con-turbinas-la-rumorosa\/energia_eolica_mxli_8-750x309\/\" data-orig-file=\"http:\/\/www.grieta.org.mx\/wp-content\/uploads\/2016\/03\/energia_eolica_mxli_8-750x309.jpg\" data-orig-size=\"750,309\" data-comments-opened=\"0\" data-image-meta=\"{&quot;aperture&quot;:&quot;0&quot;,&quot;credit&quot;:&quot;&quot;,&quot;camera&quot;:&quot;&quot;,&quot;caption&quot;:&quot;&quot;,&quot;created_timestamp&quot;:&quot;0&quot;,&quot;copyright&quot;:&quot;&quot;,&quot;focal_length&quot;:&quot;0&quot;,&quot;iso&quot;:&quot;0&quot;,&quot;shutter_speed&quot;:&quot;0&quot;,&quot;title&quot;:&quot;&quot;,&quot;orientation&quot;:&quot;0&quot;}\" data-image-title=\"energia_eolica_mxli_8-750&amp;#215;309\" data-image-description=\"\" data-image-caption=\"\" data-medium-file=\"http:\/\/www.grieta.org.mx\/wp-content\/uploads\/2016\/03\/energia_eolica_mxli_8-750x309-300x124.jpg\" data-large-file=\"http:\/\/www.grieta.org.mx\/wp-content\/uploads\/2016\/03\/energia_eolica_mxli_8-750x309.jpg\" class=\"alignnone size-full wp-image-9115\" src=\"http:\/\/grieta.org.mx\/wp-content\/uploads\/2016\/03\/energia_eolica_mxli_8-750x309.jpg\" alt=\"energia_eolica_mxli_8-750x309\" width=\"750\" height=\"309\" srcset=\"http:\/\/www.grieta.org.mx\/wp-content\/uploads\/2016\/03\/energia_eolica_mxli_8-750x309.jpg 750w, http:\/\/www.grieta.org.mx\/wp-content\/uploads\/2016\/03\/energia_eolica_mxli_8-750x309-300x124.jpg 300w\" sizes=\"auto, (max-width: 750px) 100vw, 750px\" \/><br \/>\nEl paisaje de la Sierra de la Rumorosa es \u00fanico en el pa\u00eds. Exuberante, piedras y plantas nativas se unen en un entorno arm\u00f3nico y la sinuosa carretera a\u00f1ade un toque m\u00e1gico, postal obligada de la geograf\u00eda bajacaliforniana. Pero quienes circulan por la carretera Mexicali-Tijuana, exactamente en la parte alta de la sierra, llegando al poblado, han notado desde hace meses un nuevo elemento que rompe con la tradicional estampa: Entre lo agreste de las rocas sobresalen ahora enormes torres de cuya punta se sostienen h\u00e9lices met\u00e1licas. Popularmente les llaman turbinas, molinos, torres, o abanicos, pero t\u00e9cnicamente se trata de aerogeneradores de energ\u00eda el\u00e9ctrica que desde el pasado mes de septiembre empezaron a ser instalados en la parte norte del poblado, en la zona del Ejido Jacum\u00e9.<\/p>\n<p>En total hay 47 aparatos de ese tipo y en abril se calcula que ya estar\u00e1n haciendo pruebas para el funcionamiento. Se trata de la primera parte de un ambicioso proyecto de la transnacional Sempra Energy para generar 155 mega watts de electricidad que ser\u00e1 conectada a una subestaci\u00f3n del lado norteamericano para trasladar toda esa energ\u00eda hasta la ciudad de San Diego. Pero es apenas la primera de cuatro fases \u2013de 47 aerogeneradores cada una\u2013 de un proyecto que concluir\u00e1 con 188 turbinas de ese tipo. Parten en la zona sur del poblado, en el Ejido Aubanel Vallejo hay otro proyecto para levantar m\u00e1s de 700 aerogeneradores. Y parece que es solo el arranque de inversiones multinacionales que apuntan hacia la Sierra de Ju\u00e1rez en la parte de La Rumorosa. Del lado norteamericano hay al menos dos campos e\u00f3licos, uno en la zona ind\u00edgena kumiai \u2013Kumeyaay, en ingl\u00e9s\u2013 y otro en la parte de Ocotillo, aunque residentes de toda esa zona encabezan una protesta contra la instalaci\u00f3n de esos aparatos por las repercusiones que representan \u2013ambientales, de salud, contra la fauna local y la salud de quienes habitan en esa \u00e1rea de descanso\u2013 mientras que del lado mexicano los riesgos parecen minimizarse. Tanto el director de la Comisi\u00f3n de Energ\u00eda en el Estado Javier Ordu\u00f1o como el Secretario de Desarrollo Econ\u00f3mico, Carlo Bonfante, resaltan las bondades del proyecto, minimizan las repercusiones medioambientales y aseguran que estos significaran una derrama econ\u00f3mica para la entidad. Para los ambientalistas se trata de un evidente riesgo para la fauna local, adem\u00e1s que con la apertura de los accesos a las torres se propiciar\u00e1 la furtiva intrusi\u00f3n en zonas que hab\u00edan permanecido completamente naturales. Especies como el \u00e1guila calva o el borrego cimarr\u00f3n correr\u00edan m\u00e1s peligro que el que ya tienen y sobre todo, se estar\u00eda destruyendo uno de los espacios naturales m\u00e1s importantes del continente. Aparte \u2013sostiene Baltasar Mac\u00edas, ambientalista\u2013 se estar\u00eda modificando dr\u00e1sticamente el extraordinario paisaje de la regi\u00f3n. Por su parte los ejidatarios ven en la instalaci\u00f3n de esos parques e\u00f3licos un respiro a la deteriorada econom\u00eda, parecen recelosos del actuar de las transnacionales, pero por lo pronto han firmado contratos por 30 a\u00f1os, primero con el pago de una renta mensual, luego con la entrega de un porcentaje de la energ\u00eda generada. Aunque m\u00e1s bien los acuerdos parecen cheques en blanco, no hay m\u00ednimos de turbinas a instalar, en al caso de Sempra ped\u00edan exclusividad en los proyectos de ese tipo en la zona y los empleos generados m\u00e1s bien tienen que ver con la construcci\u00f3n y el desarrollo de los accesos a la zona, a la que desde hace meses ya no tienen libre tr\u00e1nsito. Sobre el posible riesgo, los ejidatarios guardan silencio, interiorizan la pregunta y al soltar la respuesta suena incierta. \u201cPues hasta ahorita no\u2026\u201d.<\/p>\n<p>Comisi\u00f3n, no problema<\/p>\n<p>El titular de la Comisi\u00f3n Estatal de Energ\u00eda, el ex diputado federal panista Javier Ordu\u00f1o explica que en el mes de enero del 2014 sostuvieron una reuni\u00f3n con Carlos Ruiz Sacrist\u00e1n \u2013Director de Pemex en el gobierno de Salinas y Secretario de SCT con Zedillo\u2013, quien ahora funge como Director General de Ienova en M\u00e9xico y Latinoam\u00e9rica. Posteriormente tuvieron otra reuni\u00f3n con los representantes de Intergen, un conglomerado internacional con plantas de generaci\u00f3n de electricidad en el Reino Unido, los Pa\u00edses Bajos, Australia y M\u00e9xico, con capital canadiense \u2013Ontario Teachers Pensi\u00f3n Plan\u2013 y la china Huaneng Group. Pero los datos se cruzan ya que en ese proyecto tambi\u00e9n est\u00e1 involucrada Sempra Energy, la cual en junio del 2007 compr\u00f3 los derechos del proyecto a la sandieguina Cannon Power Group. Todo este conglomerado tra\u00eda la idea de desarrollar en proyecto en la entidad, lo anunciaron en febrero durante la feria de Baja California en M\u00e9xico. \u201cEs un proyecto donde se iban a instalar 47 aerogeneradores, est\u00e1n entrando a prueba en el mes de abril\u201d, dijo el funcionario calculando que se pretende con esa fase generar en conjunto 155 megawatts de energ\u00eda el\u00e9ctrica la cual ser\u00e1 enviada hacia el sur de California, hacia San Diego. Se calcula una inversi\u00f3n inicial de 300 millones de d\u00f3lares. \u201cLa derrama ahora es de los empleos son de la construcci\u00f3n\u201d, refiere Ordu\u00f1o y aclara que se busc\u00f3 que las empresas que construyeran el proyecto fueran regionales, en este caso las dos instaladas en Tijuana: Macro con la obra civil y la de la parte el\u00e9ctrica. Los permisos se distribuyen entre Semarnat, la Comisi\u00f3n de Energ\u00eda, el Municipio de Tecate \u2013el uso de suelo\u2013 y la Comisi\u00f3n Reguladora de Energ\u00eda. Ordu\u00f1o explica que ya est\u00e1n en pl\u00e1ticas con otra empresa \u2013ah\u00ed mismo en el Jacum\u00e9\u2013, pero prefiere no dar m\u00e1s datos; esa compa\u00f1\u00eda busca instalar 45 aerogeneradores. Hay otra en tr\u00e1mites con los permisos para solo 10 aerogeneradores que producir\u00e1n 30 megas y estar\u00e1n instalados en el Ca\u00f1\u00f3n de San Mat\u00edas, donde inicia la Sierra de San pedro M\u00e1rtir.<\/p>\n<p>El otro proyecto en la zona es el del Ejido Aubanel Vallejo, aunque seg\u00fan Ordu\u00f1o a ese grupo se le venci\u00f3 en diciembre pasado el plazo del permiso de la Comisi\u00f3n de Energ\u00eda. Se trata de M\u00e9xico Power Group \u2013que encabeza John Prock\u2013 con un proyecto de 72 megas y 36 aerogeneradores. \u201cLo que pasa es que ellos se iban a asociar con Gamesa y parece ser que no hubo buen acuerdo y pararon el proyecto, para poder iniciar necesitan otra vez el permiso de la CRE. Se trataba de una inversi\u00f3n de casi 200 millones de d\u00f3lares\u201d. En cuanto a las cr\u00edticas de los ecologistas, el funcionario expone: \u201cEl estudio de Impacto Ambiental que emite la Semarnat \u2013ellos hacen los estudios, los an\u00e1lisis\u2013, ellos determinan que afectar\u00eda. S\u00ed hay que pedirles ah\u00ed que se conserve la flora, la fauna, todo eso. Creo que es la \u00fanica forma de generarles algo a los habitantes de ah\u00ed. \u00bfQu\u00e9 puedes desarrollar ah\u00ed si no es eso?\u201d, pregunta el funcionario. \u2014 \u00bfY el paisaje?, se le pregunta y revira: \u201cPues hasta le da m\u00e1s vida al paisaje\u2026\u201d. El titular de la Comisi\u00f3n de Energ\u00eda comenta que en Jacum\u00e9 es apenas la primera etapa de una inversi\u00f3n que calculan en mil 200 millones de d\u00f3lares en instalar 188 aerogeneradores. Por su parte el Secretario de Desarrollo Econ\u00f3mico Carlo Bonfante refiere que hay a la fecha un total de ocho proyectos que han caminado a trav\u00e9s de la Mesa T\u00e9cnica de Apertura donde participan la Secretar\u00eda de Infraestructura y la de Desarrollo Econ\u00f3mico. Ah\u00ed incluye proyectos para generar electricidad por ciclo combinado, e\u00f3lica, solar y una parte hidr\u00e1ulica. En el caso de la zona de La Rumorosa Bonfante coincide que hay dos proyectos presentados, uno el de Sempra a trav\u00e9s de si filial mexicana \u2013Ienova\u2013 dirigido a la exportaci\u00f3n de energ\u00eda. Las otras empresas son M\u00e9xico Power y recientemente Wind Power present\u00f3 un proyecto de tres m\u00f3dulos de 80 megawatts cada uno. \u201cLa ventaja es que son energ\u00edas totalmente renovables, genera bonos de carb\u00f3n a favor de la comunidad asimismo derrama en los ayuntamientos que colindan un porcentaje de mejora en el ambiente social, cultural y desarrollo econ\u00f3mico. Tambi\u00e9n permite trasladar el costo (m\u00e1s bajo) al sector industrial, a precio muy competitivo\u201d, refiere Carlo Bonfante Olache, quien acepta que de acuerdo a los proyectos y c\u00e1lculos de generaci\u00f3n s\u00ed podr\u00edan instalarse m\u00e1s de mil aerogeneradores y en el caso del ya listo, iniciar operaciones, comenta que es un proyecto binacional donde se genera en M\u00e9xico y se comercializa en Estados Unidos. En cuanto a los cuestionamientos de los ambientalistas contra este tipo de proyectos, Bonfante piensa en sentido contrario: \u201cAl momento que estamos vertiendo la atenci\u00f3n hacia las energ\u00edas renovables, se produce un bono de carb\u00f3n (un mecanismo internacional para descontaminar el medio ambiente) que nos posiciona a un estado verde, un estado que busca mejorar el medio ambiente. Trae derrama econ\u00f3mica en su construcci\u00f3n, trae mejora competitiva en cuanto a los precios. Creo que esto tiene que simpatizar a todo el sector ambientalista, d\u00e1ndoles la raz\u00f3n en cuanto a que tenemos que mejorar el medio ambiente\u201d.<\/p>\n<p>\u201cM\u00e1s bonito con los papalotes\u201d<\/p>\n<p>El Ejido Jacum\u00e9 se alarga desde el poblado La Rumorosa hasta El Hongo en un \u00e1rea de 25 mil hect\u00e1reas, comparte 12 kil\u00f3metros de frontera y hasta hace unos a\u00f1os, para los cerca de 600 habitantes era m\u00e1s f\u00e1cil cruzar la frontera \u2013a\u00fan sin pasaporte\u2013 para acudir al mercado en el lado norteamericano, en Jacumba. El ejido muestra un trazo ordenado, tiene un acceso pavimentado desde la carretera Tecate-Tijuana, cuenta con todos los servicios \u2013excepci\u00f3n de tel\u00e9fono fijo\u2013 preescolar, primaria, telesecundaria y para la prepa tienen que acudir hasta el poblado Luis Echeverr\u00eda. Para estudios universitarios deben viajar a Tecate o Mexicali. Se dedican a la ganader\u00eda, al trabajo av\u00edcola, y venden materiales p\u00e9treos y algunos laboran en el lado americano. Un tiempo la zona fue utilizada para el cruce de indocumentados, pero desde hace meses se instal\u00f3 una base militar. Desde cualquier parte del ejido se advierten sobre la franja monta\u00f1osa, hacia el este, la hilera de turbinas de los aerogeneradores. Jos\u00e9 V\u00e1zquez, comisariado del Ejido comenta que hace ocho a\u00f1os se presentaron un grupo de norteamericanos quienes buscaban rentar terrenos para un proyecto e\u00f3lico. Antes de eso, 15 a\u00f1os atr\u00e1s. Ya hab\u00edan tenido contratos de renta para realizar estudios del flujo del viento, pero luego se cancelaron. El contrato de hace siete a\u00f1os \u2013Rumorosa Wind, ligada a Cannon Power Group\u2013 fue vendido a Ienova \u2013ligada a Sempra\u2013, quienes empezaron a construir desde noviembre del 2013 y calculan empezar a hacer pruebas en abril de este a\u00f1o con los 47 aerogeneradores y ya est\u00e1n conectados con una estaci\u00f3n del lado americano, de donde enviar\u00e1n la energ\u00eda a San Diego. El contrato de renta es por 5 mil hect\u00e1reas y a 30 a\u00f1os pero una cl\u00e1usula incluye que al finalizar ese periodo estar\u00eda la opci\u00f3n de renovarlo. \u201cMientras que ellos no est\u00e1n generando electricidad nos est\u00e1n pagando una renta mensual, en d\u00f3lares\u201d, explica V\u00e1zquez, quien prefiere no hablar de cantidades, aunque aclara que ya que est\u00e9n generado electricidad pagaran un 4 por ciento sobre la utilidad generada y que cubrir\u00e1n al ejido. V\u00e1zquez comenta que en la zona de Oaxaca \u2013La Ventosa, Juchit\u00e1n\u2013 el pago porcentual va entre 1.6 y 1.8 sobre utilidades. V\u00e1zquez dice desconocer la dimensi\u00f3n del proyecto, pero menciona que la misma compa\u00f1\u00eda ya tiene contratos con otras zonas ejidales, como Cordillera de Molina y el Sierra de Ju\u00e1rez, ah\u00ed en la misma zona serrana pero hacia el sur. El comisariado ejidal refiere que ya tienen contratos firmados con otras dos empresas, Aeroflash Wind por 30 a\u00f1os y otras 5 mil hect\u00e1reas, quienes buscan producir 300 megawatts con 180 aerogeneradores. Aparte hay otro contrato m\u00e1s con Wind Power para generar otros 200 megas, otros 150 aerogeneradores. El presidente del Comisariado Ejidal acepta que en los contratos no est\u00e1 estipulado el n\u00famero de aerogeneradores a instalar, no hay limitante num\u00e9rico expl\u00edcito. \u201cEs un \u00e1rea que nunca pens\u00e1bamos utilizar, nunca la vimos un beneficio, se nos hizo muy atractivo (en el ejido) a todo el mundo le gust\u00f3 la idea\u201d, comenta V\u00e1zquez en alusi\u00f3n a las ofertas recibidas. Refiere que hay venados en la regi\u00f3n \u2013\u201cno les han afectado\u201d\u2013, que es zona de cruce, un corredor natural del borrego cimarr\u00f3n y acepta que ahora se ven menos y sobre la afectaci\u00f3n al paisaje, suelta: \u201cA m\u00ed se me hace m\u00e1s bonito, ahora con los papalotes\u2026\u201d.<\/p>\n<p>Aubanel, promesa de venta<\/p>\n<p>El Ejido Aubanel Vallejo se ubica en la parte sur del poblado de La Rumorosa \u2013la carretera divide con el Jacum\u00e9\u2013 incluye a 69 ejidatarios y abarca 37 mil hect\u00e1reas, explica Refugio Ayala Lara, quien menciona c\u00f3mo desde principios de los 90 empezaron a negociar con compa\u00f1\u00edas que buscaban instalar proyectos e\u00f3licos. Recuerda que desde 1992 tuvieron contratos donde los inversionistas realizaban estudios para constatar el flujo e\u00f3lico. \u201cEn el 2007 lleg\u00f3 Sempra, lleg\u00f3 Rumorosa Wind y nosotros nos apegamos a Rumorosa Wind\u201d, explica el ejidatario. Dice que hasta hace dos a\u00f1os ya verificaron la intensidad e\u00f3lica, por lo que empezaron a tramitar los permisos correspondientes. \u201cEn el proyecto de ellos era para iniciar con 750 aerogeneradores\u201d, dice Ayala en alusi\u00f3n a una franja de 7, 8 mil hect\u00e1reas. Comenta que inicialmente el contrato era por 8 mil d\u00f3lares mensuales, pero ahora subi\u00f3 a 12 mil por 30 a\u00f1os, es un contrato con promesa de venta Refiere que la idea era iniciar la construcci\u00f3n desde el a\u00f1o pasado, \u201cpero no s\u00e9 qu\u00e9 problemas hubo, no salieron los permisos\u201d, dice el ejidatario en alusi\u00f3n al moment\u00e1neo retraso.<\/p>\n<p>La energ\u00eda para all\u00e1, el da\u00f1o para ac\u00e1<\/p>\n<p>Para el ambientalista bajacaliforniano Baltasar Mac\u00edas s\u00ed es claro que hay repercusiones para el medio ambiente en la regi\u00f3n. De entrada menciona que para instalar esos aparatos se deben construir caminos de acceso, lo que significa abrir la v\u00eda a cazadores furtivos, a la basura, a los recolectores de le\u00f1a, m\u00e1s tr\u00e1fico y la llamada urbanizaci\u00f3n, la llegada de gente a esos lugares que anteriormente estaban deshabitados. \u201cEl otro impacto es a las aves, a los murci\u00e9lagos y al paisaje\u201d. Como ejemplo menciona que en Baja California se extingui\u00f3 en 1933 el c\u00f3ndor de California, el ave voladora m\u00e1s grande del continente \u2013cerca de dos metros de envergadura\u2013 y despu\u00e9s de 80 a\u00f1os regresa ese tipo de c\u00f3ndor tras una iniciativa del gobierno norteamericano para salvarlo de la extinci\u00f3n, capturaron los \u00faltimos 30 animales y los reproducen en cautiverio. Eso signific\u00f3 una inversi\u00f3n de cerca de 25 millones de d\u00f3lares anuales. Ahora reci\u00e9n han logrado soltar varios animales en California, Arizona y en Baja California en la zona de San Pedro M\u00e1rtir y la Sierra de Ju\u00e1rez. \u201cUn proyecto de instalar miles de turbinas e\u00f3licas, corre un serio peligro ese c\u00f3ndor\u201d, sostiene Mac\u00edas, quien menciona c\u00f3mo se ha documentado el impacto entre aves y turbinas e\u00f3licas en varias partes del mundo. El ecologista se pregunta sobre el Manifiesto de Impacto Ambiental, la existencia de \u00e9ste y la no publicaci\u00f3n de los resultados, lo que implica que estos proyectos sean poco transparentes, ignorando las posibles discusiones p\u00fablicas, las asambleas abiertas y la discusi\u00f3n con la comunidad bajacaliforniana en general. \u201cNo hay nada de transparencia, y eso es muy preocupante\u201d, considera Mac\u00edas. Entre otros factores menciona el caso del borrego cimarr\u00f3n, ya que al abrirse v\u00edas de acceso se abren caminos para cazadores furtivos, ya que en estos momentos este animal est\u00e1 protegido \u2013en parte\u2013 por su aislamiento, por protecci\u00f3n natural. Menciona lo que se llama \u201cfauna carism\u00e1tica\u201d \u2013como el caso del cimarr\u00f3n\u2013, donde al protegerlo hay que proteger el medio ambiente donde vive, ca\u00f1ones, sierras, abrevaderos y al proteger al cimarr\u00f3n de paso se est\u00e1 protegiendo a la micro fauna del lugar \u201cCon este desarrollo irresponsable y no sustentable se va a venir abajo y va a degradar y va colapsarse uno de los \u00faltimos lugares silvestres y realmente salvajes en el continente americano\u201d, asegura Mac\u00edas. Donna Tisdale, quien reside en Boulevard, California y participa activamente en el grupo Backcountry Against Dumps, menciona algunas repercusiones.<\/p>\n<p>\u201cLas turbinas de aire pueden impactar negativamente en la salud y el bienestar de la gente, el ganado, mascotas y la vida silvestre a trav\u00e9s de la generaci\u00f3n de ruido, vibraciones de baja frecuencia, infrasonido, contaminaci\u00f3n el\u00e9ctrica, disfunci\u00f3n del sue\u00f1o y quebranto del medio ambiente\u201d, asegura la ambientalista, quien considera que las turbinas pueden colapsar y arrojar las navajas a varios cientos de metros y pueden causar flamas que provoquen incendios. Adem\u00e1s impactan por el elevado consumo de agua durante la construcci\u00f3n. Igual menciona que existe peligro para especies como el borrego cimarr\u00f3n, \u00e1guilas reales, c\u00f3ndor y otras especies. Dice que todo esto puede afectar a ambos lados de la frontera, ya que no hay fronteras f\u00edsicas y la contaminaci\u00f3n visual y el\u00e9ctrica. \u201cHay la percepci\u00f3n de que hay menos pol\u00edticas restrictivas para esos proyectos construidos en M\u00e9xico comparados con lo que sucede en el lado americano\u201d, refiere Tisdale y menciona que de ambos lados hay preferencia para las llamadas \u201cenerg\u00edas verdes\u201d, los cuales \u00e9stos realmente no lo son. Comenta que cuando se instalaron las primeras turbinas en la zona kumiai no hubo oposici\u00f3n de la comunidad porque pensaron que realmente eran proyectos limpios y verdes, sin peligro para los habitantes de esas comunidades ubicadas en zonas silvestres, pero una vez que empezaron a funcionar la gente empez\u00f3 a quejarse de impactos en la salud, insomnio, estr\u00e9s. Por eso cuando empez\u00f3 el proyecto en Ocotillo la gente se opuso y empezaron a interponer demandas las cuales a\u00fan no se resuelven. \u201cNada detuvo esa demencia pol\u00edtica y el apoyo a ese proyecto que nunca ha producido la energ\u00eda que prometieron pero si ha resultado en impactos significativos para los residentes locales, para la vida silvestre y las fuentes de recreaci\u00f3n\u201d, sostuvo la activista. Volviendo con Baltasar Mac\u00edas se aborda el tema del paisaje, comentando que la gente en la regi\u00f3n, est\u00e1n acostumbrados a estos paisajes bajacalifornianos, pero para otras personas son de naturaleza \u00fanica, de importancia mundial. \u201cEl 100 por ciento de la energ\u00eda se va a Estados Unidos, y el 100 por ciento del da\u00f1o se va a M\u00e9xico\u201d, sintetiza Baltasar.<\/p>\n<p><a href=\"http:\/\/zetatijuana.com\/2015\/02\/19\/invaden-con-turbinas-la-rumorosa\/\" target=\"_blank\">http:\/\/zetatijuana.com\/2015\/02\/19\/invaden-con-turbinas-la-rumorosa\/<\/a><\/p>\n","protected":false},"excerpt":{"rendered":"<p>El paisaje de la Sierra de la Rumorosa es \u00fanico en el pa\u00eds. Exuberante, piedras y plantas nativas se unen en un entorno arm\u00f3nico y la sinuosa carretera a\u00f1ade un &hellip; <a href=\"http:\/\/www.grieta.org.mx\/index.php\/2015\/02\/19\/invaden-con-turbinas-la-rumorosa\/\" class=\"more-link\">Leer m\u00e1s<\/a><\/p>\n","protected":false},"author":2,"featured_media":21928,"comment_status":"closed","ping_status":"open","sticky":false,"template":"","format":"standard","meta":{"ngg_post_thumbnail":0,"_jetpack_newsletter_access":"","_jetpack_dont_email_post_to_subs":false,"_jetpack_newsletter_tier_id":0,"_jetpack_memberships_contains_paywalled_content":false,"_jetpack_memberships_contains_paid_content":false,"footnotes":""},"categories":[80],"tags":[516],"class_list":["post-9110","post","type-post","status-publish","format-standard","has-post-thumbnail","hentry","category-cintillo","tag-parques-eolicos","entry"],"jetpack_featured_media_url":"http:\/\/www.grieta.org.mx\/wp-content\/uploads\/2018\/03\/14524434_1106112876131411_958039263622046936_o.jpg","jetpack_sharing_enabled":true,"jetpack_shortlink":"https:\/\/wp.me\/p7ZJR4-2mW","jetpack_likes_enabled":false,"jetpack-related-posts":[{"id":9108,"url":"http:\/\/www.grieta.org.mx\/index.php\/2015\/08\/23\/parques-eolicos-en-bc\/","url_meta":{"origin":9110,"position":0},"title":"Parques e\u00f3licos en BC","author":"grieta","date":"23 agosto, 2015","format":false,"excerpt":"23\/08\/15. Industria e\u00f3lica, el despojo a ind\u00edgenas La Jornada BC 19\/02\/15. Invaden con turbinas La Rumorosa Zeta","rel":"","context":"En &quot;Baja California&quot;","block_context":{"text":"Baja California","link":"http:\/\/www.grieta.org.mx\/index.php\/category\/noticias-nacionales\/baja-california\/"},"img":{"alt_text":"","src":"https:\/\/i0.wp.com\/www.grieta.org.mx\/wp-content\/uploads\/2018\/03\/14524434_1106112876131411_958039263622046936_o.jpg?resize=350%2C200","width":350,"height":200,"srcset":"https:\/\/i0.wp.com\/www.grieta.org.mx\/wp-content\/uploads\/2018\/03\/14524434_1106112876131411_958039263622046936_o.jpg?resize=350%2C200 1x, https:\/\/i0.wp.com\/www.grieta.org.mx\/wp-content\/uploads\/2018\/03\/14524434_1106112876131411_958039263622046936_o.jpg?resize=525%2C300 1.5x, https:\/\/i0.wp.com\/www.grieta.org.mx\/wp-content\/uploads\/2018\/03\/14524434_1106112876131411_958039263622046936_o.jpg?resize=700%2C400 2x"},"classes":[]},{"id":51446,"url":"http:\/\/www.grieta.org.mx\/index.php\/2020\/06\/17\/bloquean-carretera-por-la-falta-de-agua-potable-en-viesca-coahuila\/","url_meta":{"origin":9110,"position":1},"title":"Bloquean carretera por la falta de agua potable en Viesca (Coahuila)","author":"grieta","date":"17 junio, 2020","format":false,"excerpt":"Bloquean carretera por la falta de agua potable en Viesca Primitivo Gonz\u00e1lez\/ EL SIGLO DE TORRE\u00d3N Desesperados por la falta de agua potable, habitantes del poblado Bilbao, perteneciente a este municipio, bloquearon la carretera Zapata-Viesca, en demanda del vital servicio. La ma\u00f1ana del pasado martes, alrededor de las 09:00 horas,\u2026","rel":"","context":"En &quot;CINTILLO&quot;","block_context":{"text":"CINTILLO","link":"http:\/\/www.grieta.org.mx\/index.php\/category\/cintillo\/"},"img":{"alt_text":"","src":"https:\/\/i0.wp.com\/www.grieta.org.mx\/wp-content\/uploads\/2020\/06\/1318055.jpeg?resize=350%2C200","width":350,"height":200,"srcset":"https:\/\/i0.wp.com\/www.grieta.org.mx\/wp-content\/uploads\/2020\/06\/1318055.jpeg?resize=350%2C200 1x, https:\/\/i0.wp.com\/www.grieta.org.mx\/wp-content\/uploads\/2020\/06\/1318055.jpeg?resize=525%2C300 1.5x, https:\/\/i0.wp.com\/www.grieta.org.mx\/wp-content\/uploads\/2020\/06\/1318055.jpeg?resize=700%2C400 2x"},"classes":[]},{"id":27645,"url":"http:\/\/www.grieta.org.mx\/index.php\/2018\/11\/19\/llegan-mil-500-integrantes-de-la-caravana-del-migrante-al-centro-de-mexicali-baja-california\/","url_meta":{"origin":9110,"position":2},"title":"Llegan mil 500 integrantes de la caravana del migrante al centro de Mexicali (Baja California)","author":"grieta","date":"19 noviembre, 2018","format":false,"excerpt":"Antonio Heras Mexicali.-Un contingente de mil 500 migrantes, la mayoria hondure\u00f1os, llegaron al centro de Mexicali donde anunciaron que permaneceran dos dias. Integrantes de la Caravana del Migrante arribaron a esta frontera durante el domingo donde permanecieron en un albergue improvisado en la colonia Abasolo en el Valle de Mexicali.\u2026","rel":"","context":"En &quot;Baja California&quot;","block_context":{"text":"Baja California","link":"http:\/\/www.grieta.org.mx\/index.php\/category\/noticias-nacionales\/baja-california\/"},"img":{"alt_text":"","src":"https:\/\/i0.wp.com\/www.grieta.org.mx\/wp-content\/uploads\/2018\/11\/img-20181119-wa00227479176288765151818.jpg?resize=350%2C200","width":350,"height":200,"srcset":"https:\/\/i0.wp.com\/www.grieta.org.mx\/wp-content\/uploads\/2018\/11\/img-20181119-wa00227479176288765151818.jpg?resize=350%2C200 1x, https:\/\/i0.wp.com\/www.grieta.org.mx\/wp-content\/uploads\/2018\/11\/img-20181119-wa00227479176288765151818.jpg?resize=525%2C300 1.5x"},"classes":[]},{"id":22267,"url":"http:\/\/www.grieta.org.mx\/index.php\/2018\/03\/25\/cucapas-ultimo-escollo-de-sempra-y-gobierno-para-imponer-patio-de-energia-solar-en-bc\/","url_meta":{"origin":9110,"position":3},"title":"Cucap\u00e1s, \u00faltimo escollo de Sempra y gobierno para imponer patio de energ\u00eda solar en BC","author":"grieta","date":"25 marzo, 2018","format":false,"excerpt":"4 Vientos. Javier Cruz Aguirre, Sempra Energy lo hace de nuevo. En menos de un a\u00f1o, la transnacional californiana recibi\u00f3 del gobierno federal mexicano el T\u00edtulo de Permiso para la generaci\u00f3n de energ\u00eda el\u00e9ctrica a trav\u00e9s de una central fotovoltaica que se asentar\u00e1 en Laguna Salada, Mexicali, as\u00ed como el\u2026","rel":"","context":"En &quot;Baja California&quot;","block_context":{"text":"Baja California","link":"http:\/\/www.grieta.org.mx\/index.php\/category\/noticias-nacionales\/baja-california\/"},"img":{"alt_text":"","src":"https:\/\/i0.wp.com\/www.grieta.org.mx\/wp-content\/uploads\/2018\/03\/PANELES-SOLARES.jpg?resize=350%2C200","width":350,"height":200,"srcset":"https:\/\/i0.wp.com\/www.grieta.org.mx\/wp-content\/uploads\/2018\/03\/PANELES-SOLARES.jpg?resize=350%2C200 1x, https:\/\/i0.wp.com\/www.grieta.org.mx\/wp-content\/uploads\/2018\/03\/PANELES-SOLARES.jpg?resize=525%2C300 1.5x, https:\/\/i0.wp.com\/www.grieta.org.mx\/wp-content\/uploads\/2018\/03\/PANELES-SOLARES.jpg?resize=700%2C400 2x"},"classes":[]},{"id":6541,"url":"http:\/\/www.grieta.org.mx\/index.php\/2015\/12\/23\/habitantes-de-la-col-revolucion-cierran-carretera-villahermosa-jalapa\/","url_meta":{"origin":9110,"position":4},"title":"Habitantes de la col. Revoluci\u00f3n cierran carretera Villahermosa-Jalapa","author":"grieta","date":"23 diciembre, 2015","format":false,"excerpt":"V\u00edctor Contreras | Habitantes de la col. Revoluci\u00f3n bloquearon la carretera Villahermosa-Jalapa dejando varados a varios transportistas desde las 8 de la ma\u00f1ana. Los manifestantes molestos por la deficiencia en el suministro de agua potable cerraron con piedras, palos y sogas la carretera Villahermosa-Jalapa desde las 8 de la ma\u00f1ana\u2026","rel":"","context":"En &quot;CINTILLO&quot;","block_context":{"text":"CINTILLO","link":"http:\/\/www.grieta.org.mx\/index.php\/category\/cintillo\/"},"img":{"alt_text":"","src":"https:\/\/i0.wp.com\/www.grieta.org.mx\/wp-content\/uploads\/2018\/03\/14524434_1106112876131411_958039263622046936_o.jpg?resize=350%2C200","width":350,"height":200,"srcset":"https:\/\/i0.wp.com\/www.grieta.org.mx\/wp-content\/uploads\/2018\/03\/14524434_1106112876131411_958039263622046936_o.jpg?resize=350%2C200 1x, https:\/\/i0.wp.com\/www.grieta.org.mx\/wp-content\/uploads\/2018\/03\/14524434_1106112876131411_958039263622046936_o.jpg?resize=525%2C300 1.5x, https:\/\/i0.wp.com\/www.grieta.org.mx\/wp-content\/uploads\/2018\/03\/14524434_1106112876131411_958039263622046936_o.jpg?resize=700%2C400 2x"},"classes":[]},{"id":6524,"url":"http:\/\/www.grieta.org.mx\/index.php\/2015\/10\/13\/avanza-sin-freno-el-deterioro-de-la-sierra-fria-ortega\/","url_meta":{"origin":9110,"position":5},"title":"Avanza sin freno el deterioro de la Sierra Fr\u00eda: Ortega","author":"grieta","date":"13 octubre, 2015","format":false,"excerpt":"Redacci\u00f3n InfoRural La urbanizaci\u00f3n de la Sierra Fr\u00eda, a trav\u00e9s de proyectos como la pavimentaci\u00f3n de una carretera que conduce a La Congoja, es consecuencia de haber permitido fraccionar esta \u00e1rea natural protegida mediante la atomizaci\u00f3n de los predios, lo cual ha tra\u00eddo consigo el flujo de mayor cantidad de\u2026","rel":"","context":"En &quot;aguascalientes&quot;","block_context":{"text":"aguascalientes","link":"http:\/\/www.grieta.org.mx\/index.php\/category\/aguascalientes\/"},"img":{"alt_text":"","src":"https:\/\/i0.wp.com\/www.grieta.org.mx\/wp-content\/uploads\/2018\/03\/14524434_1106112876131411_958039263622046936_o.jpg?resize=350%2C200","width":350,"height":200,"srcset":"https:\/\/i0.wp.com\/www.grieta.org.mx\/wp-content\/uploads\/2018\/03\/14524434_1106112876131411_958039263622046936_o.jpg?resize=350%2C200 1x, https:\/\/i0.wp.com\/www.grieta.org.mx\/wp-content\/uploads\/2018\/03\/14524434_1106112876131411_958039263622046936_o.jpg?resize=525%2C300 1.5x, https:\/\/i0.wp.com\/www.grieta.org.mx\/wp-content\/uploads\/2018\/03\/14524434_1106112876131411_958039263622046936_o.jpg?resize=700%2C400 2x"},"classes":[]}],"_links":{"self":[{"href":"http:\/\/www.grieta.org.mx\/index.php\/wp-json\/wp\/v2\/posts\/9110","targetHints":{"allow":["GET"]}}],"collection":[{"href":"http:\/\/www.grieta.org.mx\/index.php\/wp-json\/wp\/v2\/posts"}],"about":[{"href":"http:\/\/www.grieta.org.mx\/index.php\/wp-json\/wp\/v2\/types\/post"}],"author":[{"embeddable":true,"href":"http:\/\/www.grieta.org.mx\/index.php\/wp-json\/wp\/v2\/users\/2"}],"replies":[{"embeddable":true,"href":"http:\/\/www.grieta.org.mx\/index.php\/wp-json\/wp\/v2\/comments?post=9110"}],"version-history":[{"count":1,"href":"http:\/\/www.grieta.org.mx\/index.php\/wp-json\/wp\/v2\/posts\/9110\/revisions"}],"predecessor-version":[{"id":9117,"href":"http:\/\/www.grieta.org.mx\/index.php\/wp-json\/wp\/v2\/posts\/9110\/revisions\/9117"}],"wp:featuredmedia":[{"embeddable":true,"href":"http:\/\/www.grieta.org.mx\/index.php\/wp-json\/wp\/v2\/media\/21928"}],"wp:attachment":[{"href":"http:\/\/www.grieta.org.mx\/index.php\/wp-json\/wp\/v2\/media?parent=9110"}],"wp:term":[{"taxonomy":"category","embeddable":true,"href":"http:\/\/www.grieta.org.mx\/index.php\/wp-json\/wp\/v2\/categories?post=9110"},{"taxonomy":"post_tag","embeddable":true,"href":"http:\/\/www.grieta.org.mx\/index.php\/wp-json\/wp\/v2\/tags?post=9110"}],"curies":[{"name":"wp","href":"https:\/\/api.w.org\/{rel}","templated":true}]}}