{"id":9078,"date":"2016-03-30T09:34:26","date_gmt":"2016-03-30T09:34:26","guid":{"rendered":"http:\/\/50.22.11.12\/~grietaor\/?p=9078"},"modified":"2016-03-31T09:46:28","modified_gmt":"2016-03-31T09:46:28","slug":"desaparecidos-en-sonora","status":"publish","type":"post","link":"http:\/\/www.grieta.org.mx\/index.php\/2016\/03\/30\/desaparecidos-en-sonora\/","title":{"rendered":"Desaparecidos en Sonora"},"content":{"rendered":"<hr \/>\n<p><subtit>Familiares de 11 jornaleros desaparecidos en Sonora piden se reactive la b\u00fasqueda de los j\u00f3venes<\/subtit><\/p>\n<hr \/>\n<p><strong>30\/03\/16. <\/strong><a href=\"http:\/\/grieta.org.mx\/index.php\/2016\/03\/30\/sigue-busqueda-de-los-11-jornaleros-desaparecidos-de-choix\/\">Sigue b\u00fasqueda de los 11 jornaleros desaparecidos de Choix<\/a><br \/>\n<em>L\u00ednea Directa<\/em><\/p>\n<p><strong>30\/10\/15. <\/strong><a href=\"http:\/\/grieta.org.mx\/index.php\/2015\/10\/30\/toman-muestras-de-adn-a-familiares-de-11-jornaleros-desaparecidos-en-sonora\/\">Toman muestras de ADN a familiares de 11 jornaleros desaparecidos en Sonora<\/a><br \/>\n<em>Proceso<\/em><\/p>\n<hr \/>\n<p><subtit>Persiste el silencio oficial sobre el ataque y desaparici\u00f3n de migrantes en Sonora\/subtit><\/p>\n<hr \/>\n<p><strong>02\/07\/15. <\/strong><a href=\"http:\/\/grieta.org.mx\/index.php\/2015\/07\/02\/mas-de-100-migrantes-desaparecidos-tras-ataque-de-grupo-armado\/\" >M\u00e1s de 100 migrantes desaparecidos tras ataque de grupo armado<\/a><br \/>\n<em>Cimacnoticias<\/em><\/p>\n<p><strong>14\/06\/15. <\/strong><a href=\"http:\/\/grieta.org.mx\/index.php\/2015\/06\/14\/indignacion-de-ong-por-la-posible-masacre-de-migrantes-en-sonora-preocupa-la-ausencia-de-respuesta-de-cndh\/\" >Indignaci\u00f3n de ONG por la posible masacre de migrantes en Sonora; preocupa la ausencia de respuesta de CNDH<\/a><br \/>\n<em>K\u00e9Huelga<\/em><\/p>\n","protected":false},"excerpt":{"rendered":"<p>Familiares de 11 jornaleros desaparecidos en Sonora piden se reactive la b\u00fasqueda de los j\u00f3venes 30\/03\/16. Sigue b\u00fasqueda de los 11 jornaleros desaparecidos de Choix L\u00ednea Directa 30\/10\/15. Toman muestras &hellip; <a href=\"http:\/\/www.grieta.org.mx\/index.php\/2016\/03\/30\/desaparecidos-en-sonora\/\" class=\"more-link\">Leer m\u00e1s<\/a><\/p>\n","protected":false},"author":1,"featured_media":21928,"comment_status":"closed","ping_status":"open","sticky":false,"template":"","format":"standard","meta":{"ngg_post_thumbnail":0,"_jetpack_newsletter_access":"","_jetpack_dont_email_post_to_subs":false,"_jetpack_newsletter_tier_id":0,"_jetpack_memberships_contains_paywalled_content":false,"_jetpack_memberships_contains_paid_content":false,"footnotes":""},"categories":[87,2,31,456],"tags":[121],"class_list":{"0":"post-9078","1":"post","2":"type-post","3":"status-publish","4":"format-standard","5":"has-post-thumbnail","6":"hentry","7":"category-desaparecidos","8":"category-noticias-nacionales","9":"category-sonora","11":"tag-desaparecidos","12":"entry"},"jetpack_featured_media_url":"http:\/\/www.grieta.org.mx\/wp-content\/uploads\/2018\/03\/14524434_1106112876131411_958039263622046936_o.jpg","jetpack_sharing_enabled":true,"jetpack_shortlink":"https:\/\/wp.me\/p7ZJR4-2mq","jetpack_likes_enabled":false,"jetpack-related-posts":[{"id":9079,"url":"http:\/\/www.grieta.org.mx\/index.php\/2016\/03\/30\/sigue-busqueda-de-los-11-jornaleros-desaparecidos-de-choix\/","url_meta":{"origin":9078,"position":0},"title":"Sigue b\u00fasqueda de los 11 jornaleros desaparecidos de Choix","author":"Admin","date":"30 marzo, 2016","format":false,"excerpt":"Nunca se ha dejado de buscar a los 11 jornaleros desaparecidos de Choix cuando se dirig\u00edan al corte de la uva al vecino estado de Sonora, asegur\u00f3 el alcalde de ese municipio, Juan Ra\u00fal Acosta Salas. El presidente municipal del serrano municipio dijo que desde que ocurrieron los hechos, de\u2026","rel":"","context":"En &quot;CINTILLO&quot;","block_context":{"text":"CINTILLO","link":"http:\/\/www.grieta.org.mx\/index.php\/category\/cintillo\/"},"img":{"alt_text":"","src":"https:\/\/i0.wp.com\/www.grieta.org.mx\/wp-content\/uploads\/2018\/03\/14524434_1106112876131411_958039263622046936_o.jpg?resize=350%2C200","width":350,"height":200,"srcset":"https:\/\/i0.wp.com\/www.grieta.org.mx\/wp-content\/uploads\/2018\/03\/14524434_1106112876131411_958039263622046936_o.jpg?resize=350%2C200 1x, https:\/\/i0.wp.com\/www.grieta.org.mx\/wp-content\/uploads\/2018\/03\/14524434_1106112876131411_958039263622046936_o.jpg?resize=525%2C300 1.5x, https:\/\/i0.wp.com\/www.grieta.org.mx\/wp-content\/uploads\/2018\/03\/14524434_1106112876131411_958039263622046936_o.jpg?resize=700%2C400 2x"},"classes":[]},{"id":7977,"url":"http:\/\/www.grieta.org.mx\/index.php\/2015\/10\/30\/toman-muestras-de-adn-a-familiares-de-11-jornaleros-desaparecidos-en-sonora\/","url_meta":{"origin":9078,"position":1},"title":"Toman muestras de ADN a familiares de 11 jornaleros desaparecidos en Sonora","author":"grieta","date":"30 octubre, 2015","format":false,"excerpt":"Proceso MILTON MART\u00cdNEZ HERMOSILLO, Son. (apro).- La Procuradur\u00eda General de Justicia en el estado tom\u00f3 muestras de ADN a los familiares de los 11 jornaleros originarios de Sinaloa desparecidos el pasado 3 de mayo en esta entidad. Las muestras se confrontar\u00e1n con la base de datos del departamento de Servicios\u2026","rel":"","context":"En &quot;CINTILLO&quot;","block_context":{"text":"CINTILLO","link":"http:\/\/www.grieta.org.mx\/index.php\/category\/cintillo\/"},"img":{"alt_text":"","src":"https:\/\/i0.wp.com\/www.grieta.org.mx\/wp-content\/uploads\/2018\/03\/14524434_1106112876131411_958039263622046936_o.jpg?resize=350%2C200","width":350,"height":200,"srcset":"https:\/\/i0.wp.com\/www.grieta.org.mx\/wp-content\/uploads\/2018\/03\/14524434_1106112876131411_958039263622046936_o.jpg?resize=350%2C200 1x, https:\/\/i0.wp.com\/www.grieta.org.mx\/wp-content\/uploads\/2018\/03\/14524434_1106112876131411_958039263622046936_o.jpg?resize=525%2C300 1.5x, https:\/\/i0.wp.com\/www.grieta.org.mx\/wp-content\/uploads\/2018\/03\/14524434_1106112876131411_958039263622046936_o.jpg?resize=700%2C400 2x"},"classes":[]},{"id":63227,"url":"http:\/\/www.grieta.org.mx\/index.php\/2022\/01\/23\/en-sonora-forman-colectivo-juvenil-de-busqueda-de-desaparecidos\/","url_meta":{"origin":9078,"position":2},"title":"En Sonora forman colectivo juvenil de b\u00fasqueda de desaparecidos","author":"grieta","date":"23 enero, 2022","format":false,"excerpt":"Por\u00a0MAYRA ECHEVERR\u00cdA, GAMALIEL GONZ\u00c1LEZ Y JES\u00daS PALOMARES El imparcial Un colectivo de b\u00fasqueda de desaparecidos integrado por j\u00f3venes se conform\u00f3 en Sonora\u00a0y aunque de momento solamente cuenta con integrantes de Hermosillo y Nogales, pretende extenderse a otros municipios, inform\u00f3\u00a0Milagros Valenzuela Flores. La\u00a0fundadora del colectivo J\u00f3venes Buscadores de Sonora\u00a0explic\u00f3 que de\u2026","rel":"","context":"En &quot;Desaparecidos en Sonora&quot;","block_context":{"text":"Desaparecidos en Sonora","link":"http:\/\/www.grieta.org.mx\/index.php\/category\/noticias-nacionales\/sonora\/desaparecidos-en-sonora\/"},"img":{"alt_text":"","src":"https:\/\/i0.wp.com\/www.grieta.org.mx\/wp-content\/uploads\/2022\/01\/vv.jpg?resize=350%2C200","width":350,"height":200,"srcset":"https:\/\/i0.wp.com\/www.grieta.org.mx\/wp-content\/uploads\/2022\/01\/vv.jpg?resize=350%2C200 1x, https:\/\/i0.wp.com\/www.grieta.org.mx\/wp-content\/uploads\/2022\/01\/vv.jpg?resize=525%2C300 1.5x, https:\/\/i0.wp.com\/www.grieta.org.mx\/wp-content\/uploads\/2022\/01\/vv.jpg?resize=700%2C400 2x"},"classes":[]},{"id":64105,"url":"http:\/\/www.grieta.org.mx\/index.php\/2022\/04\/25\/madres-buscadoras-de-sonora-y-jalisco-retomaron-por-tercera-ocasion-la-busqueda-de-desaparecidos-en-chulavista-jalisco\/","url_meta":{"origin":9078,"position":3},"title":"Madres buscadoras de Sonora y Jalisco retomaron por tercera ocasi\u00f3n la b\u00fasqueda de desaparecidos en Chulavista  (Jalisco)","author":"grieta","date":"25 abril, 2022","format":false,"excerpt":"Foto: Rom\u00e1n Ortega Rom\u00e1n Ortega \/ El Occidental En esta ocasi\u00f3n lo hicieron en cuatro fincas abandonadas de la etapa 3 del mencionado desarrollo habitacional. En una de las fincas, ubicada en la calle Silao al cruce con Tula, localizaron restos humanos. El hallazgo se dio en el patio trasero\u2026","rel":"","context":"En &quot;CINTILLO&quot;","block_context":{"text":"CINTILLO","link":"http:\/\/www.grieta.org.mx\/index.php\/category\/cintillo\/"},"img":{"alt_text":"","src":"https:\/\/i0.wp.com\/www.grieta.org.mx\/wp-content\/uploads\/2022\/05\/Madres-buscadoras-encuentran-cuerpos-en-Chulavista.jpg?resize=350%2C200","width":350,"height":200,"srcset":"https:\/\/i0.wp.com\/www.grieta.org.mx\/wp-content\/uploads\/2022\/05\/Madres-buscadoras-encuentran-cuerpos-en-Chulavista.jpg?resize=350%2C200 1x, https:\/\/i0.wp.com\/www.grieta.org.mx\/wp-content\/uploads\/2022\/05\/Madres-buscadoras-encuentran-cuerpos-en-Chulavista.jpg?resize=525%2C300 1.5x, https:\/\/i0.wp.com\/www.grieta.org.mx\/wp-content\/uploads\/2022\/05\/Madres-buscadoras-encuentran-cuerpos-en-Chulavista.jpg?resize=700%2C400 2x"},"classes":[]},{"id":65443,"url":"http:\/\/www.grieta.org.mx\/index.php\/2022\/10\/07\/gobierno-de-jalisco-rechaza-a-buscadoras-por-localizar-fosas-clandestinas-jalisco-sonora\/","url_meta":{"origin":9078,"position":4},"title":"Gobierno de Jalisco rechaza a buscadoras por localizar fosas clandestinas (Jalisco, Sonora)","author":"grieta","date":"7 octubre, 2022","format":false,"excerpt":"Imagen; Lauro Rodr\u00edguez Redacci\u00f3n \/ El Diario NTR Las autoridades del estado rechazan a las Madres Buscadoras de Sonora porque les quitan el protagonismo, visibilizan las fosas clandestinas y les impiden ocultar que Jalisco es un pante\u00f3n, consider\u00f3 Ceci Flores, lideresa del colectivo sonorense. Aunque siempre hab\u00eda sido amenazada por\u2026","rel":"","context":"En &quot;CINTILLO&quot;","block_context":{"text":"CINTILLO","link":"http:\/\/www.grieta.org.mx\/index.php\/category\/cintillo\/"},"img":{"alt_text":"","src":"https:\/\/i0.wp.com\/www.grieta.org.mx\/wp-content\/uploads\/2022\/10\/2022-10-07_06-10-59___8441.jpg?resize=350%2C200","width":350,"height":200,"srcset":"https:\/\/i0.wp.com\/www.grieta.org.mx\/wp-content\/uploads\/2022\/10\/2022-10-07_06-10-59___8441.jpg?resize=350%2C200 1x, https:\/\/i0.wp.com\/www.grieta.org.mx\/wp-content\/uploads\/2022\/10\/2022-10-07_06-10-59___8441.jpg?resize=525%2C300 1.5x, https:\/\/i0.wp.com\/www.grieta.org.mx\/wp-content\/uploads\/2022\/10\/2022-10-07_06-10-59___8441.jpg?resize=700%2C400 2x"},"classes":[]},{"id":29627,"url":"http:\/\/www.grieta.org.mx\/index.php\/2019\/02\/23\/marchan-por-desaparecidos-en-obregon-y-se-unen-a-guerreras-buscadoras-de-sonora\/","url_meta":{"origin":9078,"position":5},"title":"Marchan por desaparecidos en Obreg\u00f3n y se unen a Guerreras Buscadoras de Sonora","author":"grieta","date":"23 febrero, 2019","format":false,"excerpt":"OPINI\u00d3N SONORA.COM Ciudad Obreg\u00f3n, Sonora.- Familiares que tienen alguna persona desaparecida en Cajeme y sus alrededores, se unieron al colectivo de Guerreras Buscadoras de Sonora que estaba conformado por hombres y mujeres de Guaymas y Empalme, quienes este tarde en punto de las 16:00 realizaron una marcha pac\u00edfica en Ciudad\u2026","rel":"","context":"En &quot;CINTILLO&quot;","block_context":{"text":"CINTILLO","link":"http:\/\/www.grieta.org.mx\/index.php\/category\/cintillo\/"},"img":{"alt_text":"","src":"https:\/\/i0.wp.com\/www.grieta.org.mx\/wp-content\/uploads\/2019\/02\/desaparecidas-sonora.jpg?resize=350%2C200","width":350,"height":200,"srcset":"https:\/\/i0.wp.com\/www.grieta.org.mx\/wp-content\/uploads\/2019\/02\/desaparecidas-sonora.jpg?resize=350%2C200 1x, https:\/\/i0.wp.com\/www.grieta.org.mx\/wp-content\/uploads\/2019\/02\/desaparecidas-sonora.jpg?resize=525%2C300 1.5x, https:\/\/i0.wp.com\/www.grieta.org.mx\/wp-content\/uploads\/2019\/02\/desaparecidas-sonora.jpg?resize=700%2C400 2x"},"classes":[]}],"_links":{"self":[{"href":"http:\/\/www.grieta.org.mx\/index.php\/wp-json\/wp\/v2\/posts\/9078","targetHints":{"allow":["GET"]}}],"collection":[{"href":"http:\/\/www.grieta.org.mx\/index.php\/wp-json\/wp\/v2\/posts"}],"about":[{"href":"http:\/\/www.grieta.org.mx\/index.php\/wp-json\/wp\/v2\/types\/post"}],"author":[{"embeddable":true,"href":"http:\/\/www.grieta.org.mx\/index.php\/wp-json\/wp\/v2\/users\/1"}],"replies":[{"embeddable":true,"href":"http:\/\/www.grieta.org.mx\/index.php\/wp-json\/wp\/v2\/comments?post=9078"}],"version-history":[{"count":1,"href":"http:\/\/www.grieta.org.mx\/index.php\/wp-json\/wp\/v2\/posts\/9078\/revisions"}],"predecessor-version":[{"id":9082,"href":"http:\/\/www.grieta.org.mx\/index.php\/wp-json\/wp\/v2\/posts\/9078\/revisions\/9082"}],"wp:featuredmedia":[{"embeddable":true,"href":"http:\/\/www.grieta.org.mx\/index.php\/wp-json\/wp\/v2\/media\/21928"}],"wp:attachment":[{"href":"http:\/\/www.grieta.org.mx\/index.php\/wp-json\/wp\/v2\/media?parent=9078"}],"wp:term":[{"taxonomy":"category","embeddable":true,"href":"http:\/\/www.grieta.org.mx\/index.php\/wp-json\/wp\/v2\/categories?post=9078"},{"taxonomy":"post_tag","embeddable":true,"href":"http:\/\/www.grieta.org.mx\/index.php\/wp-json\/wp\/v2\/tags?post=9078"}],"curies":[{"name":"wp","href":"https:\/\/api.w.org\/{rel}","templated":true}]}}