{"id":9017,"date":"2015-08-26T07:12:54","date_gmt":"2015-08-26T07:12:54","guid":{"rendered":"http:\/\/50.22.11.12\/~grietaor\/?p=9017"},"modified":"2016-03-31T07:13:57","modified_gmt":"2016-03-31T07:13:57","slug":"pide-mcdl-a-profepa-cancelar-segunda-etapa-del-libramiento-sur-tramo-ramal-camelinas","status":"publish","type":"post","link":"http:\/\/www.grieta.org.mx\/index.php\/2015\/08\/26\/pide-mcdl-a-profepa-cancelar-segunda-etapa-del-libramiento-sur-tramo-ramal-camelinas\/","title":{"rendered":"Pide MCDL a Profepa cancelar Segunda Etapa del Libramiento Sur, Tramo Ramal Camelinas"},"content":{"rendered":"<p>Morelia, Mich., a 26 de agosto de 2014.- El Movimiento Ciudadano en Defensa de la Loma (MCDL) pidi\u00f3 hoy a la delegada en Michoac\u00e1n de la Procuradur\u00eda Federal de Protecci\u00f3n al Ambiente (PROFEPA), Tal\u00eda Coria Mendoza, cancelar el proyecto Segunda Etapa del Libramiento Sur, tramo Ramal Camelinas debido a que la obra viola la Ley General del Equilibrio Ecol\u00f3gico y la Protecci\u00f3n al Ambiente.<\/p>\n<p>De acuerdo con un comunicado, en una misiva firmada por Carlos Olivares Ledezma y Hugo Salas Fontana, el MCDL pide a la delegada de la Profepa \u201cresponda con puntualidad la denuncia presentada y se actu\u00e9 conforme a derecho\u201d.<\/p>\n<p>En la misiva se indica que el MCDL present\u00f3 \u201cdenuncias formales ante esta Procuradur\u00eda, las cuales no han sido debidamente investigadas, adem\u00e1s de la nuestra, se sum\u00f3 la denuncia del secretario de Urbanismo y Medio Ambiente con n\u00famero de procedimiento administrativo PFPA\/22.3\/2C.27.5\/00028-15, instaurado a la Secretaria de Comunicaciones y Transportes, correspondiente a la obra civil que se ejecuta en la Loma de Santa Mar\u00eda, obra Ramal Camelinas del Libramiento Sur, en el Municipio de Morelia\u201d.<\/p>\n<p>Seg\u00fan el texto, la obra invade actualmente el poligono del \u00c1rea Natural Protegida de la loma de Santa Mar\u00eda y Depresiones Aleda\u00f1as violando la Ley General del Eequilibrio Ecologico y la Proteccion al Ambiente, que establece claramente la cancelaci\u00f3n \u201cde cualquier obra que invada un pol\u00edgono protegido\u201d.<\/p>\n<p>El MCDL record\u00f3 en el oficio que en la zona habitan m\u00e1s de mil 100 especies de flora y fauna, de las cuales 2 se encuentran amenazadas y en peligro de extinci\u00f3n, como la Tilia mexicana (Sirimo).<\/p>\n<p>\u201cEn el grupo de las aves el Melanerpes formicivorus y Buteo jamaicensis se encuentran en la categor\u00eda de protecci\u00f3n especial, el Bubo virginianus se encuentra amenazado. Entre las especies que nos preocupa m\u00e1s se encuentra la salamandra de arroyo michoacana (Ambystoma ordinarium) end\u00e9mica y con car\u00e1cter de especie protegida en peligro de extinci\u00f3n, con un poco m\u00e1s de 100 ejemplares viviendo en el Rio Chiquito\u201d, agreg\u00f3 el MCDL.<\/p>\n<p>\u201cLa loma de Santa Mar\u00eda en Morelia es una zona de importancia, con historia y vestigios de la misma, con riqueza natural, regula el clima, dota al manto acu\u00edfero de la ciudad en un 40%, una flora y fauna diversa, con hermosos paisajes, espacio de recreo y esparcimiento social. Los grupos de desarrolladores urbanos, llevan a\u00f1os de colaboraci\u00f3n gubernamental, en su intento de destruir o como ellos le llaman \u201cdesarrollar\u201d la zona. Es evidente la manera como se ve la zona desde la perspectiva de la sociedad, contrariamente a como lo ven los inversionistas, esto ha generado un conflicto\u201d, reiter\u00f3 el MCDL en su misiva.<\/p>\n<p>\u201cSin otro particular, reciba un cordial saludo esperando que la naturaleza y los ciudadanos de Morelia reciban el cobijo de la justicia, confiamos en que su defensa a los animales contin\u00fae como delegada de PROFEPA\u201d, concluy\u00f3 el MCDL.<\/p>\n<p>Salva la Loma no se opone al desarrollo o a la construcci\u00f3n de nuevas vialidades que conecten a la Loma de Santa Mar\u00eda; con lo que no est\u00e1 de acuerdo es que en aras de un costoso proyecto, que solo responde al inter\u00e9s de unos cuantos, se afecten cientos de hect\u00e1reas naturales que representan el pulm\u00f3n y la fuente de recursos acu\u00edferos de miles de morelianos.<\/p>\n<p><a href=\"http:\/\/www.noventagrados.com.mx\/politica\/pide-mcdl-a-profepa-cancelar-segunda-etapa-del-libramiento-sur-tramo-ramal-camelinas.htm\" target=\"_blank\">http:\/\/www.noventagrados.com.mx\/politica\/pide-mcdl-a-profepa-cancelar-segunda-etapa-del-libramiento-sur-tramo-ramal-camelinas.htm<\/a><\/p>\n","protected":false},"excerpt":{"rendered":"<p>Morelia, Mich., a 26 de agosto de 2014.- El Movimiento Ciudadano en Defensa de la Loma (MCDL) pidi\u00f3 hoy a la delegada en Michoac\u00e1n de la Procuradur\u00eda Federal de Protecci\u00f3n &hellip; <a href=\"http:\/\/www.grieta.org.mx\/index.php\/2015\/08\/26\/pide-mcdl-a-profepa-cancelar-segunda-etapa-del-libramiento-sur-tramo-ramal-camelinas\/\" class=\"more-link\">Leer m\u00e1s<\/a><\/p>\n","protected":false},"author":1,"featured_media":21928,"comment_status":"closed","ping_status":"open","sticky":false,"template":"","format":"standard","meta":{"ngg_post_thumbnail":0,"_jetpack_newsletter_access":"","_jetpack_dont_email_post_to_subs":false,"_jetpack_newsletter_tier_id":0,"_jetpack_memberships_contains_paywalled_content":false,"_jetpack_memberships_contains_paid_content":false,"footnotes":""},"categories":[80,82],"tags":[532,533,535],"class_list":["post-9017","post","type-post","status-publish","format-standard","has-post-thumbnail","hentry","category-cintillo","category-michoacan","tag-libramiento-sur-morelia","tag-mcdl","tag-ramal-camelinas","entry"],"jetpack_featured_media_url":"http:\/\/www.grieta.org.mx\/wp-content\/uploads\/2018\/03\/14524434_1106112876131411_958039263622046936_o.jpg","jetpack_sharing_enabled":true,"jetpack_shortlink":"https:\/\/wp.me\/p7ZJR4-2lr","jetpack_likes_enabled":false,"jetpack-related-posts":[{"id":8995,"url":"http:\/\/www.grieta.org.mx\/index.php\/2016\/03\/24\/oposicion-al-libramiento-sur-morelia\/","url_meta":{"origin":9017,"position":0},"title":"Oposici\u00f3n al Libramiento Sur Morelia","author":"Admin","date":"24 marzo, 2016","format":false,"excerpt":"24\/03\/16. Pag\u00f3 SCT excedente de 3.454 millones de pesos a empresas constructoras de Ramal Camelinas?: MCDL Noventa Grados 12\/11\/15. Nuevos derrumbes en Santa Fe confirman lo que ocurrir\u00e1 en la Loma de Santa Mar\u00eda: MCDL Noventa Grados 03\/11\/15. Abrir\u00e1 MCDL Campa\u00f1a Nacional de Firmas contra proyecto Ramal Camelinas? Noventa Grados\u2026","rel":"","context":"En &quot;Libramiento Sur de la Ciudad de Morelia&quot;","block_context":{"text":"Libramiento Sur de la Ciudad de Morelia","link":"http:\/\/www.grieta.org.mx\/index.php\/category\/megaproyectos\/comunicaciones-y-transportes\/libramiento-sur-de-la-ciudad-de-morelia\/"},"img":{"alt_text":"","src":"https:\/\/i0.wp.com\/www.grieta.org.mx\/wp-content\/uploads\/2018\/03\/14524434_1106112876131411_958039263622046936_o.jpg?resize=350%2C200","width":350,"height":200,"srcset":"https:\/\/i0.wp.com\/www.grieta.org.mx\/wp-content\/uploads\/2018\/03\/14524434_1106112876131411_958039263622046936_o.jpg?resize=350%2C200 1x, https:\/\/i0.wp.com\/www.grieta.org.mx\/wp-content\/uploads\/2018\/03\/14524434_1106112876131411_958039263622046936_o.jpg?resize=525%2C300 1.5x, https:\/\/i0.wp.com\/www.grieta.org.mx\/wp-content\/uploads\/2018\/03\/14524434_1106112876131411_958039263622046936_o.jpg?resize=700%2C400 2x"},"classes":[]},{"id":9006,"url":"http:\/\/www.grieta.org.mx\/index.php\/2015\/10\/16\/pide-mcdl-cancelacion-de-puente-vial-en-el-libramiento-sur\/","url_meta":{"origin":9017,"position":1},"title":"Pide MCDL cancelaci\u00f3n de puente vial en el Libramiento Sur","author":"Admin","date":"16 octubre, 2015","format":false,"excerpt":"MORELIA, Mich., 16 de octubre de 2015.- El alcalde Alfonso Mart\u00ednez debe aplicar los mismos criterios que utiliz\u00f3 en la cancelaci\u00f3n del puente vehicular sobre las v\u00edas del tren, al sur de la ciudad, y cancelar definitivamente el proyecto Segunda Etapa del Libramiento Sur, tramo Ramal Camelinas, inform\u00f3 en un\u2026","rel":"","context":"En &quot;CINTILLO&quot;","block_context":{"text":"CINTILLO","link":"http:\/\/www.grieta.org.mx\/index.php\/category\/cintillo\/"},"img":{"alt_text":"","src":"https:\/\/i0.wp.com\/www.grieta.org.mx\/wp-content\/uploads\/2018\/03\/14524434_1106112876131411_958039263622046936_o.jpg?resize=350%2C200","width":350,"height":200,"srcset":"https:\/\/i0.wp.com\/www.grieta.org.mx\/wp-content\/uploads\/2018\/03\/14524434_1106112876131411_958039263622046936_o.jpg?resize=350%2C200 1x, https:\/\/i0.wp.com\/www.grieta.org.mx\/wp-content\/uploads\/2018\/03\/14524434_1106112876131411_958039263622046936_o.jpg?resize=525%2C300 1.5x, https:\/\/i0.wp.com\/www.grieta.org.mx\/wp-content\/uploads\/2018\/03\/14524434_1106112876131411_958039263622046936_o.jpg?resize=700%2C400 2x"},"classes":[]},{"id":9021,"url":"http:\/\/www.grieta.org.mx\/index.php\/2015\/07\/23\/reservas-naturales-apocrifas-justifican-al-ramal-camelinas-mcdl\/","url_meta":{"origin":9017,"position":2},"title":"Reservas naturales ap\u00f3crifas justifican al Ramal Camelinas: MCDL","author":"Admin","date":"23 julio, 2015","format":false,"excerpt":"Morelia, Michoac\u00e1n.- La Secretar\u00eda de Comunicaciones y Transportes (SCT) emiti\u00f3 informaci\u00f3n falsa acerca de \u00c1reas de Reserva Ecol\u00f3gica inexistentes en zonas aleda\u00f1as a la Loma de Santa Mar\u00eda. Tambi\u00e9n mintieron al se\u00f1alar que tomaron en cuenta las recomendaciones del estudio de la UNAM, afirm\u00f3 en un comunicado el Movimiento Ciudadano\u2026","rel":"","context":"En &quot;CINTILLO&quot;","block_context":{"text":"CINTILLO","link":"http:\/\/www.grieta.org.mx\/index.php\/category\/cintillo\/"},"img":{"alt_text":"","src":"https:\/\/i0.wp.com\/www.grieta.org.mx\/wp-content\/uploads\/2018\/03\/14524434_1106112876131411_958039263622046936_o.jpg?resize=350%2C200","width":350,"height":200,"srcset":"https:\/\/i0.wp.com\/www.grieta.org.mx\/wp-content\/uploads\/2018\/03\/14524434_1106112876131411_958039263622046936_o.jpg?resize=350%2C200 1x, https:\/\/i0.wp.com\/www.grieta.org.mx\/wp-content\/uploads\/2018\/03\/14524434_1106112876131411_958039263622046936_o.jpg?resize=525%2C300 1.5x, https:\/\/i0.wp.com\/www.grieta.org.mx\/wp-content\/uploads\/2018\/03\/14524434_1106112876131411_958039263622046936_o.jpg?resize=700%2C400 2x"},"classes":[]},{"id":9025,"url":"http:\/\/www.grieta.org.mx\/index.php\/2015\/07\/03\/estudio-de-la-umsnh-no-definira-construccion-del-ramal-camelinas-mcdl\/","url_meta":{"origin":9017,"position":3},"title":"Estudio de la UMSNH no definir\u00e1 construcci\u00f3n del Ramal Camelinas: MCDL","author":"Admin","date":"3 julio, 2015","format":false,"excerpt":"Morelia, Mich., a 03 de julio de 2015.- El estudio que desarrollan en este momento acad\u00e9micos de la Facultad de Ingenier\u00eda Civil de la Universidad Michoacana de San Nicol\u00e1s de Hidalgo (UMSNH), no definir\u00e1 si se construye o no el proyecto Segunda Etapa del Libramiento Sur, tramo Ramal Camelinas, sino\u2026","rel":"","context":"En &quot;CINTILLO&quot;","block_context":{"text":"CINTILLO","link":"http:\/\/www.grieta.org.mx\/index.php\/category\/cintillo\/"},"img":{"alt_text":"","src":"https:\/\/i0.wp.com\/www.grieta.org.mx\/wp-content\/uploads\/2018\/03\/14524434_1106112876131411_958039263622046936_o.jpg?resize=350%2C200","width":350,"height":200,"srcset":"https:\/\/i0.wp.com\/www.grieta.org.mx\/wp-content\/uploads\/2018\/03\/14524434_1106112876131411_958039263622046936_o.jpg?resize=350%2C200 1x, https:\/\/i0.wp.com\/www.grieta.org.mx\/wp-content\/uploads\/2018\/03\/14524434_1106112876131411_958039263622046936_o.jpg?resize=525%2C300 1.5x, https:\/\/i0.wp.com\/www.grieta.org.mx\/wp-content\/uploads\/2018\/03\/14524434_1106112876131411_958039263622046936_o.jpg?resize=700%2C400 2x"},"classes":[]},{"id":9012,"url":"http:\/\/www.grieta.org.mx\/index.php\/2015\/09\/10\/dice-edil-desconocer-tema-de-la-loma-mcdl-envia-documento-para-ilustrar\/","url_meta":{"origin":9017,"position":4},"title":"Dice edil desconocer tema de la Loma, MCDL env\u00eda documento para ilustrar","author":"Admin","date":"10 septiembre, 2015","format":false,"excerpt":"Jos\u00e9 Antonio Castro Morelia, Michoac\u00e1n.- Los cuestionamientos sobre el Ramal Camelinas del Libramiento Sur ya han sido realizados al presidente municipal, Alfonso Mart\u00ednez Alc\u00e1zar, quien se ha mantenido al margen bajo un argumento que ha expuesto en otras tem\u00e1ticas: desconocimiento. En respuesta y para mostrar el contexto al nuevo mun\u00edcipe,\u2026","rel":"","context":"En &quot;CINTILLO&quot;","block_context":{"text":"CINTILLO","link":"http:\/\/www.grieta.org.mx\/index.php\/category\/cintillo\/"},"img":{"alt_text":"","src":"https:\/\/i0.wp.com\/www.grieta.org.mx\/wp-content\/uploads\/2018\/03\/14524434_1106112876131411_958039263622046936_o.jpg?resize=350%2C200","width":350,"height":200,"srcset":"https:\/\/i0.wp.com\/www.grieta.org.mx\/wp-content\/uploads\/2018\/03\/14524434_1106112876131411_958039263622046936_o.jpg?resize=350%2C200 1x, https:\/\/i0.wp.com\/www.grieta.org.mx\/wp-content\/uploads\/2018\/03\/14524434_1106112876131411_958039263622046936_o.jpg?resize=525%2C300 1.5x, https:\/\/i0.wp.com\/www.grieta.org.mx\/wp-content\/uploads\/2018\/03\/14524434_1106112876131411_958039263622046936_o.jpg?resize=700%2C400 2x"},"classes":[]},{"id":9002,"url":"http:\/\/www.grieta.org.mx\/index.php\/2015\/10\/22\/envia-mcdl-carta-al-cardenal-alberto-suarez-inda\/","url_meta":{"origin":9017,"position":5},"title":"Env\u00eda MCDL carta al cardenal Alberto Su\u00e1rez Inda","author":"Admin","date":"22 octubre, 2015","format":false,"excerpt":"Solicitando su apoyo con motivo de la encl\u00edtica \u201cLaudato Si\u201d Morelia, Michoac\u00e1n.- La intervenci\u00f3n del cardenal Alberto Su\u00e1rez Inda ante representantes de los poderes pol\u00edticos y econ\u00f3micos que impulsan la construcci\u00f3n en Morelia de la segunda etapa del Libramiento Sur Ramal Camelinas, solicit\u00f3 mediante una carta abierta el Movimiento Ciudadano\u2026","rel":"","context":"En &quot;CINTILLO&quot;","block_context":{"text":"CINTILLO","link":"http:\/\/www.grieta.org.mx\/index.php\/category\/cintillo\/"},"img":{"alt_text":"","src":"https:\/\/i0.wp.com\/www.grieta.org.mx\/wp-content\/uploads\/2018\/03\/14524434_1106112876131411_958039263622046936_o.jpg?resize=350%2C200","width":350,"height":200,"srcset":"https:\/\/i0.wp.com\/www.grieta.org.mx\/wp-content\/uploads\/2018\/03\/14524434_1106112876131411_958039263622046936_o.jpg?resize=350%2C200 1x, https:\/\/i0.wp.com\/www.grieta.org.mx\/wp-content\/uploads\/2018\/03\/14524434_1106112876131411_958039263622046936_o.jpg?resize=525%2C300 1.5x, https:\/\/i0.wp.com\/www.grieta.org.mx\/wp-content\/uploads\/2018\/03\/14524434_1106112876131411_958039263622046936_o.jpg?resize=700%2C400 2x"},"classes":[]}],"_links":{"self":[{"href":"http:\/\/www.grieta.org.mx\/index.php\/wp-json\/wp\/v2\/posts\/9017","targetHints":{"allow":["GET"]}}],"collection":[{"href":"http:\/\/www.grieta.org.mx\/index.php\/wp-json\/wp\/v2\/posts"}],"about":[{"href":"http:\/\/www.grieta.org.mx\/index.php\/wp-json\/wp\/v2\/types\/post"}],"author":[{"embeddable":true,"href":"http:\/\/www.grieta.org.mx\/index.php\/wp-json\/wp\/v2\/users\/1"}],"replies":[{"embeddable":true,"href":"http:\/\/www.grieta.org.mx\/index.php\/wp-json\/wp\/v2\/comments?post=9017"}],"version-history":[{"count":1,"href":"http:\/\/www.grieta.org.mx\/index.php\/wp-json\/wp\/v2\/posts\/9017\/revisions"}],"predecessor-version":[{"id":9018,"href":"http:\/\/www.grieta.org.mx\/index.php\/wp-json\/wp\/v2\/posts\/9017\/revisions\/9018"}],"wp:featuredmedia":[{"embeddable":true,"href":"http:\/\/www.grieta.org.mx\/index.php\/wp-json\/wp\/v2\/media\/21928"}],"wp:attachment":[{"href":"http:\/\/www.grieta.org.mx\/index.php\/wp-json\/wp\/v2\/media?parent=9017"}],"wp:term":[{"taxonomy":"category","embeddable":true,"href":"http:\/\/www.grieta.org.mx\/index.php\/wp-json\/wp\/v2\/categories?post=9017"},{"taxonomy":"post_tag","embeddable":true,"href":"http:\/\/www.grieta.org.mx\/index.php\/wp-json\/wp\/v2\/tags?post=9017"}],"curies":[{"name":"wp","href":"https:\/\/api.w.org\/{rel}","templated":true}]}}