{"id":899,"date":"2015-03-10T20:57:33","date_gmt":"2015-03-10T20:57:33","guid":{"rendered":"http:\/\/50.22.11.12\/~grietaor\/?p=899"},"modified":"2016-03-02T20:58:57","modified_gmt":"2016-03-02T20:58:57","slug":"vecinos-de-coyotepec-exigen-a-cfe-reconexion-de-pozos","status":"publish","type":"post","link":"http:\/\/www.grieta.org.mx\/index.php\/2015\/03\/10\/vecinos-de-coyotepec-exigen-a-cfe-reconexion-de-pozos\/","title":{"rendered":"Vecinos de Coyotepec exigen a CFE reconexi\u00f3n de pozos"},"content":{"rendered":"<p>Juan Manuel Barrera Aguirre, Coyotepec<\/p>\n<p>Colonos se manifestaron frente a la subestaci\u00f3n La Victoria; pozos de agua potable dejaron de funcionar desde octubre, afectando a unas 70 mil personas Habitantes de este municipio pidieron a la Comisi\u00f3n Federal de Electricidad (CFE) reconectar la energ\u00eda el\u00e9ctrica a los pozos de agua potable de la localidad, cuyo suministro fue suspendido por la paraestatal desde octubre pasado para reclamar el pago de adeudos. Unos 50 colonos se manifestaron frente a la subestaci\u00f3n La Victoria, de la CFE, ubicada en la colonia Las Conchitas, en Cuautitl\u00e1n Izcalli, donde se entrevistaron con el superintendente Francisco Mart\u00ednez Ram\u00edrez, al que pidieron la reconexi\u00f3n de los pozos de agua potable de Coyotepec.<\/p>\n<p>\u201cEl pueblo de Coyotepec exige la reconexi\u00f3n de luz de pozos de agua\u201d, dec\u00eda una pancarta que portaban los inconformes. Los colonos aseguraron que desde octubre pasado la CFE cort\u00f3 el suministro de energ\u00eda el\u00e9ctrica a tres pozos de agua potable de la demarcaci\u00f3n, lo que afecta a unos 70 mil pobladores, quienes tienen que comprar el l\u00edquido en pipas. Habitantes y autoridades municipales del lugar disputan el control de los pozos de agua potable del municipio, actualmente a cargo de una comisi\u00f3n de colonos, cuyos integrantes acusan al gobierno local de pretender municipalizar los mismos. Fuentes municipales aseguraron que no tratan de municipalizar los pozos de agua, sino que se cre\u00f3 una comisi\u00f3n de transici\u00f3n para el pago de la deuda a la CFE, donde las autoridades locales aportar\u00edan cinco millones de pesos para abonar a la paraestatal y lograr la reconexi\u00f3n de la energ\u00eda el\u00e9ctrica. Antonio Lara Duque, presidente del Centro de Derechos Humanos Zeferino Ladrillero, afirm\u00f3 que el objetivo del gobierno municipal es municipalizar los pozos de agua, que siempre han sido<br \/>\nmanejados por usos y costumbres de la localidad, que elige a una comisi\u00f3n que se encarga de su administraci\u00f3n. Mencion\u00f3 que en la zona se construyen desarrollos habitacionales y los pozos ser\u00e1n utilizados para abastecer de agua potable a los nuevos colonos, a lo que se opone la ciudadan\u00eda. En octubre pasado la CFE cort\u00f3 el suministro de energ\u00eda el\u00e9ctrica de los tres pozos municipales para exigir el pago de 26 millones de pesos de deuda hist\u00f3rica. Los pobladores incluso han recurrido a amparos para que la CFE les reconecte los pozos de agua potable, sin \u00e9xito hasta el momento, as\u00ed como una queja ante la Comisi\u00f3n Nacional de Derechos Humanos (CNDH). Los colonos tambi\u00e9n adquirieron plantas generadoras de electricidad para la operaci\u00f3n de los pozos, aunque no son suficientes.<\/p>\n<p><a href=\"http:\/\/www.eluniversal.com.mx\/ciudad-metropoli\/2015\/coyotepec-exige-a-cfe-la-reconexion-de-pozos-de-agua-potable-1083521.html\" target=\"_blank\">www.eluniversal.com.mx\/ciudad-metropoli\/2015\/coyotepec-exige-a-cfe-la-reconexion-de-pozos-de-agua-potable-1083521.html<\/a><\/p>\n","protected":false},"excerpt":{"rendered":"<p>Juan Manuel Barrera Aguirre, Coyotepec Colonos se manifestaron frente a la subestaci\u00f3n La Victoria; pozos de agua potable dejaron de funcionar desde octubre, afectando a unas 70 mil personas Habitantes &hellip; <a href=\"http:\/\/www.grieta.org.mx\/index.php\/2015\/03\/10\/vecinos-de-coyotepec-exigen-a-cfe-reconexion-de-pozos\/\" class=\"more-link\">Leer m\u00e1s<\/a><\/p>\n","protected":false},"author":2,"featured_media":21928,"comment_status":"closed","ping_status":"open","sticky":false,"template":"","format":"standard","meta":{"ngg_post_thumbnail":0,"_jetpack_newsletter_access":"","_jetpack_dont_email_post_to_subs":false,"_jetpack_newsletter_tier_id":0,"_jetpack_memberships_contains_paywalled_content":false,"_jetpack_memberships_contains_paid_content":false,"footnotes":""},"categories":[80],"tags":[92],"class_list":["post-899","post","type-post","status-publish","format-standard","has-post-thumbnail","hentry","category-cintillo","tag-estado-de-mexico","entry"],"jetpack_featured_media_url":"http:\/\/www.grieta.org.mx\/wp-content\/uploads\/2018\/03\/14524434_1106112876131411_958039263622046936_o.jpg","jetpack_sharing_enabled":true,"jetpack_shortlink":"https:\/\/wp.me\/p7ZJR4-ev","jetpack_likes_enabled":false,"jetpack-related-posts":[{"id":761,"url":"http:\/\/www.grieta.org.mx\/index.php\/2015\/11\/13\/coyotepec-logra-mantener-autonomia-de-sistema-local-de-agua-en-el-edomex\/","url_meta":{"origin":899,"position":0},"title":"Coyotepec logra mantener autonom\u00eda de sistema local de agua, en el Edom\u00e9x","author":"grieta","date":"13 noviembre, 2015","format":false,"excerpt":"* Debido a la organizaci\u00f3n y autonom\u00eda del pueblo la CFE tuvo que reconectar los pozos; se logra mantener la independencia del ?agua? y su administraci\u00f3n Coyotepec, M\u00e9x. (Red TDT). A pesar del hostigamiento polic\u00edaco que desde las primeras horas del d\u00eda 11 de noviembre sufri\u00f3 el pueblo de Coyotepec,\u2026","rel":"","context":"En &quot;CINTILLO&quot;","block_context":{"text":"CINTILLO","link":"http:\/\/www.grieta.org.mx\/index.php\/category\/cintillo\/"},"img":{"alt_text":"","src":"https:\/\/i0.wp.com\/www.grieta.org.mx\/wp-content\/uploads\/2018\/03\/14524434_1106112876131411_958039263622046936_o.jpg?resize=350%2C200","width":350,"height":200,"srcset":"https:\/\/i0.wp.com\/www.grieta.org.mx\/wp-content\/uploads\/2018\/03\/14524434_1106112876131411_958039263622046936_o.jpg?resize=350%2C200 1x, https:\/\/i0.wp.com\/www.grieta.org.mx\/wp-content\/uploads\/2018\/03\/14524434_1106112876131411_958039263622046936_o.jpg?resize=525%2C300 1.5x, https:\/\/i0.wp.com\/www.grieta.org.mx\/wp-content\/uploads\/2018\/03\/14524434_1106112876131411_958039263622046936_o.jpg?resize=700%2C400 2x"},"classes":[]},{"id":765,"url":"http:\/\/www.grieta.org.mx\/index.php\/2015\/11\/05\/coyotepec-gana-otra-batalla-comunitaria-pero-la-presion-y-la-lucha-siguen\/","url_meta":{"origin":899,"position":1},"title":"Coyotepec gana otra batalla comunitaria pero la presi\u00f3n y la lucha siguen","author":"grieta","date":"5 noviembre, 2015","format":false,"excerpt":"Informamos que el d\u00eda de hoy mi\u00e9rcoles 4 de noviembre la comunidad y particularmente el Frente 9 de junio impidi\u00f3 que se realizara la fraudulenta reconexi\u00f3n de energ\u00eda electrica a uno de los pozos principales, el del barrio de Chautongo, pues la CFE lo har\u00eda para beneficio del intervencionismo ilegal\u2026","rel":"","context":"En &quot;CINTILLO&quot;","block_context":{"text":"CINTILLO","link":"http:\/\/www.grieta.org.mx\/index.php\/category\/cintillo\/"},"img":{"alt_text":"","src":"https:\/\/i0.wp.com\/www.grieta.org.mx\/wp-content\/uploads\/2018\/03\/14524434_1106112876131411_958039263622046936_o.jpg?resize=350%2C200","width":350,"height":200,"srcset":"https:\/\/i0.wp.com\/www.grieta.org.mx\/wp-content\/uploads\/2018\/03\/14524434_1106112876131411_958039263622046936_o.jpg?resize=350%2C200 1x, https:\/\/i0.wp.com\/www.grieta.org.mx\/wp-content\/uploads\/2018\/03\/14524434_1106112876131411_958039263622046936_o.jpg?resize=525%2C300 1.5x, https:\/\/i0.wp.com\/www.grieta.org.mx\/wp-content\/uploads\/2018\/03\/14524434_1106112876131411_958039263622046936_o.jpg?resize=700%2C400 2x"},"classes":[]},{"id":909,"url":"http:\/\/www.grieta.org.mx\/index.php\/2016\/08\/13\/despojo-de-agua-en-coyotepec\/","url_meta":{"origin":899,"position":2},"title":"Despojo de agua en Coyotepec","author":"grieta","date":"13 agosto, 2016","format":false,"excerpt":"13\/08\/16. \u201cSalte del movimiento del agua o se los va a cargar la chingada\u201d, agreden a defensores; Organizaci\u00f3n Mundial Contra la Tortura se pronunciaRevoluci\u00f3n 3.0 23\/06\/16. Defend\u00edan su agua, fueron a prisi\u00f3n y salieron. Pero su libertad est\u00e1 en riesgo.Sin Embargo 11\/06\/16. Contin\u00faa la defensa del agua en Coyotepec contra\u2026","rel":"","context":"En &quot;Estado de M\u00e9xico&quot;","block_context":{"text":"Estado de M\u00e9xico","link":"http:\/\/www.grieta.org.mx\/index.php\/category\/noticias-nacionales\/estado-de-mexico\/"},"img":{"alt_text":"","src":"https:\/\/i0.wp.com\/www.grieta.org.mx\/wp-content\/uploads\/2018\/03\/14524434_1106112876131411_958039263622046936_o.jpg?resize=350%2C200","width":350,"height":200,"srcset":"https:\/\/i0.wp.com\/www.grieta.org.mx\/wp-content\/uploads\/2018\/03\/14524434_1106112876131411_958039263622046936_o.jpg?resize=350%2C200 1x, https:\/\/i0.wp.com\/www.grieta.org.mx\/wp-content\/uploads\/2018\/03\/14524434_1106112876131411_958039263622046936_o.jpg?resize=525%2C300 1.5x, https:\/\/i0.wp.com\/www.grieta.org.mx\/wp-content\/uploads\/2018\/03\/14524434_1106112876131411_958039263622046936_o.jpg?resize=700%2C400 2x"},"classes":[]},{"id":785,"url":"http:\/\/www.grieta.org.mx\/index.php\/2015\/10\/26\/denuncian-mas-agresiones-contra-pobladores-de-coyotepec-que-se-oponen-a-privatizacion-del-agua\/","url_meta":{"origin":899,"position":3},"title":"Denuncian m\u00e1s agresiones contra pobladores de Coyotepec que se oponen a privatizaci\u00f3n del agua","author":"grieta","date":"26 octubre, 2015","format":false,"excerpt":"M\u00e9xico, 26 de octubre 2015 (NOTIGOD\u00cdNEZ).- El Centro de Derechos Humanos Zeferino Ladrillero (CDHZL), emiti\u00f3 a trav\u00e9s de su blog en Internet un comunicado para denunciar que se preparan nuevas agresiones contra pobladores de Coyotepec, Estado de M\u00e9xico, luego de varios meses de f\u00e9rrea resistencia contra la municipalizaci\u00f3n del servicio\u2026","rel":"","context":"En &quot;CINTILLO&quot;","block_context":{"text":"CINTILLO","link":"http:\/\/www.grieta.org.mx\/index.php\/category\/cintillo\/"},"img":{"alt_text":"","src":"https:\/\/i0.wp.com\/www.grieta.org.mx\/wp-content\/uploads\/2018\/03\/14524434_1106112876131411_958039263622046936_o.jpg?resize=350%2C200","width":350,"height":200,"srcset":"https:\/\/i0.wp.com\/www.grieta.org.mx\/wp-content\/uploads\/2018\/03\/14524434_1106112876131411_958039263622046936_o.jpg?resize=350%2C200 1x, https:\/\/i0.wp.com\/www.grieta.org.mx\/wp-content\/uploads\/2018\/03\/14524434_1106112876131411_958039263622046936_o.jpg?resize=525%2C300 1.5x, https:\/\/i0.wp.com\/www.grieta.org.mx\/wp-content\/uploads\/2018\/03\/14524434_1106112876131411_958039263622046936_o.jpg?resize=700%2C400 2x"},"classes":[]},{"id":786,"url":"http:\/\/www.grieta.org.mx\/index.php\/2015\/10\/25\/continua-disputa-por-control-de-agua-en-coyotepec\/","url_meta":{"origin":899,"position":4},"title":"Contin\u00faa disputa por control de agua en Coyotepec","author":"grieta","date":"25 octubre, 2015","format":false,"excerpt":"Rebeca Jim\u00e9nez Jacinto Habitantes del Barrio Chautonco, reiteraron su rechazo a la municipalizaci\u00f3n del pozo de agua potable, que es administrado por la comunidad de origen n\u00e1huatll, luego de que la Comisi\u00f3n Federal de Electricidad cort\u00f3 el suministro de energ\u00eda el\u00e9ctrica para reclamar adeudos y la pretensi\u00f3n del ayuntamiento de\u2026","rel":"","context":"En &quot;CINTILLO&quot;","block_context":{"text":"CINTILLO","link":"http:\/\/www.grieta.org.mx\/index.php\/category\/cintillo\/"},"img":{"alt_text":"","src":"https:\/\/i0.wp.com\/www.grieta.org.mx\/wp-content\/uploads\/2018\/03\/14524434_1106112876131411_958039263622046936_o.jpg?resize=350%2C200","width":350,"height":200,"srcset":"https:\/\/i0.wp.com\/www.grieta.org.mx\/wp-content\/uploads\/2018\/03\/14524434_1106112876131411_958039263622046936_o.jpg?resize=350%2C200 1x, https:\/\/i0.wp.com\/www.grieta.org.mx\/wp-content\/uploads\/2018\/03\/14524434_1106112876131411_958039263622046936_o.jpg?resize=525%2C300 1.5x, https:\/\/i0.wp.com\/www.grieta.org.mx\/wp-content\/uploads\/2018\/03\/14524434_1106112876131411_958039263622046936_o.jpg?resize=700%2C400 2x"},"classes":[]},{"id":894,"url":"http:\/\/www.grieta.org.mx\/index.php\/2015\/04\/23\/asesinan-a-otro-defensor-de-coyotepec-lo-encuentran-en-deposito-de-agua-potable\/","url_meta":{"origin":899,"position":5},"title":"Asesinan a otro defensor de Coyotepec; lo encuentran en dep\u00f3sito de agua potable","author":"grieta","date":"23 abril, 2015","format":false,"excerpt":"ALDABI OLVERA (Ciudad de M\u00e9xico).- Jos\u00e9 Ignacio Cervantes \u00c1ngeles de 47 a\u00f1os, era uno de los integrantes de la Administraci\u00f3n del Agua Potable Aut\u00f3noma que los pobladores de Coyotepec \u2014municipio ubicado en el norte del Estado de M\u00e9xico\u2014 mantienen para defenderse de los intentos de \u201cmunicipalizaci\u00f3n\u201d del agua desde el\u2026","rel":"","context":"En &quot;CINTILLO&quot;","block_context":{"text":"CINTILLO","link":"http:\/\/www.grieta.org.mx\/index.php\/category\/cintillo\/"},"img":{"alt_text":"","src":"https:\/\/i0.wp.com\/www.grieta.org.mx\/wp-content\/uploads\/2018\/03\/14524434_1106112876131411_958039263622046936_o.jpg?resize=350%2C200","width":350,"height":200,"srcset":"https:\/\/i0.wp.com\/www.grieta.org.mx\/wp-content\/uploads\/2018\/03\/14524434_1106112876131411_958039263622046936_o.jpg?resize=350%2C200 1x, https:\/\/i0.wp.com\/www.grieta.org.mx\/wp-content\/uploads\/2018\/03\/14524434_1106112876131411_958039263622046936_o.jpg?resize=525%2C300 1.5x, https:\/\/i0.wp.com\/www.grieta.org.mx\/wp-content\/uploads\/2018\/03\/14524434_1106112876131411_958039263622046936_o.jpg?resize=700%2C400 2x"},"classes":[]}],"_links":{"self":[{"href":"http:\/\/www.grieta.org.mx\/index.php\/wp-json\/wp\/v2\/posts\/899","targetHints":{"allow":["GET"]}}],"collection":[{"href":"http:\/\/www.grieta.org.mx\/index.php\/wp-json\/wp\/v2\/posts"}],"about":[{"href":"http:\/\/www.grieta.org.mx\/index.php\/wp-json\/wp\/v2\/types\/post"}],"author":[{"embeddable":true,"href":"http:\/\/www.grieta.org.mx\/index.php\/wp-json\/wp\/v2\/users\/2"}],"replies":[{"embeddable":true,"href":"http:\/\/www.grieta.org.mx\/index.php\/wp-json\/wp\/v2\/comments?post=899"}],"version-history":[{"count":1,"href":"http:\/\/www.grieta.org.mx\/index.php\/wp-json\/wp\/v2\/posts\/899\/revisions"}],"predecessor-version":[{"id":901,"href":"http:\/\/www.grieta.org.mx\/index.php\/wp-json\/wp\/v2\/posts\/899\/revisions\/901"}],"wp:featuredmedia":[{"embeddable":true,"href":"http:\/\/www.grieta.org.mx\/index.php\/wp-json\/wp\/v2\/media\/21928"}],"wp:attachment":[{"href":"http:\/\/www.grieta.org.mx\/index.php\/wp-json\/wp\/v2\/media?parent=899"}],"wp:term":[{"taxonomy":"category","embeddable":true,"href":"http:\/\/www.grieta.org.mx\/index.php\/wp-json\/wp\/v2\/categories?post=899"},{"taxonomy":"post_tag","embeddable":true,"href":"http:\/\/www.grieta.org.mx\/index.php\/wp-json\/wp\/v2\/tags?post=899"}],"curies":[{"name":"wp","href":"https:\/\/api.w.org\/{rel}","templated":true}]}}