{"id":8955,"date":"2015-09-26T06:12:06","date_gmt":"2015-09-26T06:12:06","guid":{"rendered":"http:\/\/50.22.11.12\/~grietaor\/?p=8955"},"modified":"2016-03-31T06:13:00","modified_gmt":"2016-03-31T06:13:00","slug":"se-suman-normalistas-de-michoacan-a-marcha-por-ayotzinapa","status":"publish","type":"post","link":"http:\/\/www.grieta.org.mx\/index.php\/2015\/09\/26\/se-suman-normalistas-de-michoacan-a-marcha-por-ayotzinapa\/","title":{"rendered":"Se suman normalistas de Michoac\u00e1n a marcha por Ayotzinapa"},"content":{"rendered":"<blockquote><p>En el marco de la marcha por el aniversario de los hechos ocurridos en Iguala, estudiantes de los ocho planteles normales de Michoac\u00e1n se organizaron frente a la casa de gobierno de ese estado y se dirigen hacia el centro hist\u00f3rico de esa entidad.\n<\/p><\/blockquote>\n<p>Morelia, Mich.- Portando en su mayor\u00eda prendas blancas y negras, los cientos de normalistas de los ocho planteles de Michoac\u00e1n se organizaron frente a Casa de Gobierno y ya se dirigen al Centro Hist\u00f3rico.<\/p>\n<p>Tras la llegada de 15 autobuses que transportaban a m\u00e1s normalistas se reforz\u00f3 el grupo inicial y ya suman miles de estudiantes en este movimiento en exigencia de justicia para los familiares de los 43 estudiantes desaparecidos hace ya un a\u00f1o en Iguala, Guerrero.<\/p>\n<p>A su llegada a Casa de Gobierno colocaron una lona en la entrada principal con el mensaje: \u201cEn memoria de nuestros compa\u00f1eros ca\u00eddos y desaparecidos el 26 y 27 de septiembre. Ayotzinapa Vive\u201d.<\/p>\n<p>Los j\u00f3venes llevan pancartas en las que se leen frases como \u201cBuscamos a 43 y miles m\u00e1s. Se derrumb\u00f3 su farsa hist\u00f3rica, \u00a1que se derrumbe ahora este gobierno de traidores criminales y asesinos!\u201d.<\/p>\n<p>A su paso por el Libramiento y las avenidas por las que transitan lanzas consignas contra el gobierno federal encabezado por Enrique Pe\u00f1a Nieto, a quien califican de represor y mal gobernante.<\/p>\n<p><a href=\"http:\/\/www.elfinanciero.com.mx\/nacional\/se-suman-normalistas-de-michoacan-a-marcha-ayotzinapa.html\" target=\"_blank\">http:\/\/www.elfinanciero.com.mx\/nacional\/se-suman-normalistas-de-michoacan-a-marcha-ayotzinapa.html<\/a><\/p>\n","protected":false},"excerpt":{"rendered":"<p>En el marco de la marcha por el aniversario de los hechos ocurridos en Iguala, estudiantes de los ocho planteles normales de Michoac\u00e1n se organizaron frente a la casa de &hellip; <a href=\"http:\/\/www.grieta.org.mx\/index.php\/2015\/09\/26\/se-suman-normalistas-de-michoacan-a-marcha-por-ayotzinapa\/\" class=\"more-link\">Leer m\u00e1s<\/a><\/p>\n","protected":false},"author":1,"featured_media":21928,"comment_status":"closed","ping_status":"open","sticky":false,"template":"","format":"standard","meta":{"ngg_post_thumbnail":0,"_jetpack_newsletter_access":"","_jetpack_dont_email_post_to_subs":false,"_jetpack_newsletter_tier_id":0,"_jetpack_memberships_contains_paywalled_content":false,"_jetpack_memberships_contains_paid_content":false,"footnotes":""},"categories":[80,82],"tags":[229],"class_list":["post-8955","post","type-post","status-publish","format-standard","has-post-thumbnail","hentry","category-cintillo","category-michoacan","tag-solidaridad-con-ayotzinapa","entry"],"jetpack_featured_media_url":"http:\/\/www.grieta.org.mx\/wp-content\/uploads\/2018\/03\/14524434_1106112876131411_958039263622046936_o.jpg","jetpack_sharing_enabled":true,"jetpack_shortlink":"https:\/\/wp.me\/p7ZJR4-2kr","jetpack_likes_enabled":false,"jetpack-related-posts":[{"id":8936,"url":"http:\/\/www.grieta.org.mx\/index.php\/2015\/04\/27\/tras-arribo-movilizacion-por-ayotzinapa-realiza-mitin-en-el-centro-historico\/","url_meta":{"origin":8955,"position":0},"title":"Tras arribo, movilizaci\u00f3n por Ayotzinapa realiza mitin en el Centro Hist\u00f3rico","author":"Admin","date":"27 abril, 2015","format":false,"excerpt":"Morelia, Michoac\u00e1n.- Arrib\u00f3 al Centro Hist\u00f3rico la movilizaci\u00f3n que padres de familia de los 43 estudiantes normalistas desaparecidos en septiembre del 2014 en Iguala, Guerrero realizan como parte de la Acci\u00f3n Global por Ayotzinapa. Con alrededor de 500 manifestantes, la manifestaci\u00f3n parti\u00f3 de Casa de Gobierno con direcci\u00f3n hacia el\u2026","rel":"","context":"En &quot;CINTILLO&quot;","block_context":{"text":"CINTILLO","link":"http:\/\/www.grieta.org.mx\/index.php\/category\/cintillo\/"},"img":{"alt_text":"","src":"https:\/\/i0.wp.com\/www.grieta.org.mx\/wp-content\/uploads\/2018\/03\/14524434_1106112876131411_958039263622046936_o.jpg?resize=350%2C200","width":350,"height":200,"srcset":"https:\/\/i0.wp.com\/www.grieta.org.mx\/wp-content\/uploads\/2018\/03\/14524434_1106112876131411_958039263622046936_o.jpg?resize=350%2C200 1x, https:\/\/i0.wp.com\/www.grieta.org.mx\/wp-content\/uploads\/2018\/03\/14524434_1106112876131411_958039263622046936_o.jpg?resize=525%2C300 1.5x, https:\/\/i0.wp.com\/www.grieta.org.mx\/wp-content\/uploads\/2018\/03\/14524434_1106112876131411_958039263622046936_o.jpg?resize=700%2C400 2x"},"classes":[]},{"id":8959,"url":"http:\/\/www.grieta.org.mx\/index.php\/2015\/09\/26\/inicia-marcha-de-normalistas-por-los-43-desaparecidos-de-ayotzinapa\/","url_meta":{"origin":8955,"position":1},"title":"Inicia marcha de normalistas por los 43 desaparecidos de Ayotzinapa","author":"Admin","date":"26 septiembre, 2015","format":false,"excerpt":"Jos\u00e9 Antonio Castro Morelia, Michoac\u00e1n.- Inicia la marcha de los normalistas por los 43 desaparecidos de Ayotzinapa en la capital michoacana. Las autoridades de tr\u00e1nsito ya cortaron los accesos a Casa de Gobierno, mientras los normalistas s\u00f3lo se dispersan afuera de las instalaciones. Llegaron al lugar alrededor de 12 autobuses\u2026","rel":"","context":"En &quot;CINTILLO&quot;","block_context":{"text":"CINTILLO","link":"http:\/\/www.grieta.org.mx\/index.php\/category\/cintillo\/"},"img":{"alt_text":"","src":"https:\/\/i0.wp.com\/www.grieta.org.mx\/wp-content\/uploads\/2018\/03\/14524434_1106112876131411_958039263622046936_o.jpg?resize=350%2C200","width":350,"height":200,"srcset":"https:\/\/i0.wp.com\/www.grieta.org.mx\/wp-content\/uploads\/2018\/03\/14524434_1106112876131411_958039263622046936_o.jpg?resize=350%2C200 1x, https:\/\/i0.wp.com\/www.grieta.org.mx\/wp-content\/uploads\/2018\/03\/14524434_1106112876131411_958039263622046936_o.jpg?resize=525%2C300 1.5x, https:\/\/i0.wp.com\/www.grieta.org.mx\/wp-content\/uploads\/2018\/03\/14524434_1106112876131411_958039263622046936_o.jpg?resize=700%2C400 2x"},"classes":[]},{"id":7431,"url":"http:\/\/www.grieta.org.mx\/index.php\/2015\/11\/27\/normalistas-marchan-en-michoacan-e-inician-planton-indefinido\/","url_meta":{"origin":8955,"position":2},"title":"Normalistas marchan en Michoac\u00e1n e inician plant\u00f3n indefinido","author":"Admin","date":"27 noviembre, 2015","format":false,"excerpt":"FRANCISCO CASTELLANOS J. MORELIA, Mich., (apro).- Integrantes de los diferentes planteles de la Organizaci\u00f3n de Normales Oficiales del Estado de Michoac\u00e1n (ONOEM), respaldados por docentes y habitantes de comunidades ind\u00edgenas, marcharon este viernes a Casa de Gobierno y al centro de la capital michoacana, donde iniciaron un \u201cun plant\u00f3n\u201d indefinido.\u2026","rel":"","context":"En &quot;CINTILLO&quot;","block_context":{"text":"CINTILLO","link":"http:\/\/www.grieta.org.mx\/index.php\/category\/cintillo\/"},"img":{"alt_text":"","src":"https:\/\/i0.wp.com\/www.grieta.org.mx\/wp-content\/uploads\/2018\/03\/14524434_1106112876131411_958039263622046936_o.jpg?resize=350%2C200","width":350,"height":200,"srcset":"https:\/\/i0.wp.com\/www.grieta.org.mx\/wp-content\/uploads\/2018\/03\/14524434_1106112876131411_958039263622046936_o.jpg?resize=350%2C200 1x, https:\/\/i0.wp.com\/www.grieta.org.mx\/wp-content\/uploads\/2018\/03\/14524434_1106112876131411_958039263622046936_o.jpg?resize=525%2C300 1.5x, https:\/\/i0.wp.com\/www.grieta.org.mx\/wp-content\/uploads\/2018\/03\/14524434_1106112876131411_958039263622046936_o.jpg?resize=700%2C400 2x"},"classes":[]},{"id":8931,"url":"http:\/\/www.grieta.org.mx\/index.php\/2015\/09\/26\/movilizaciones-por-ayotzinapa-en-michoacan\/","url_meta":{"origin":8955,"position":3},"title":"Movilizaciones por Ayotzinapa en Michoac\u00e1n","author":"Admin","date":"26 septiembre, 2015","format":false,"excerpt":"26\/09\/15. Video de la movilizaci\u00f3n ne Morelia a un a\u00f1o de la desaparici\u00f3n de normalistas de Ayotzinapa Cooperativa de Cine 26\/09\/15. Se suman normalistas de Michoac\u00e1n a marcha por Ayotzinapa El Financiero 26\/09\/15. Culminan acciones por Ayotzinapa, tras 8 horas de movilizaciones Cambio de Michoac\u00e1n 26\/09\/15. Inicia marcha de normalistas\u2026","rel":"","context":"En &quot;Michoac\u00e1n&quot;","block_context":{"text":"Michoac\u00e1n","link":"http:\/\/www.grieta.org.mx\/index.php\/category\/noticias-nacionales\/michoacan\/"},"img":{"alt_text":"","src":"https:\/\/i0.wp.com\/www.grieta.org.mx\/wp-content\/uploads\/2018\/03\/14524434_1106112876131411_958039263622046936_o.jpg?resize=350%2C200","width":350,"height":200,"srcset":"https:\/\/i0.wp.com\/www.grieta.org.mx\/wp-content\/uploads\/2018\/03\/14524434_1106112876131411_958039263622046936_o.jpg?resize=350%2C200 1x, https:\/\/i0.wp.com\/www.grieta.org.mx\/wp-content\/uploads\/2018\/03\/14524434_1106112876131411_958039263622046936_o.jpg?resize=525%2C300 1.5x, https:\/\/i0.wp.com\/www.grieta.org.mx\/wp-content\/uploads\/2018\/03\/14524434_1106112876131411_958039263622046936_o.jpg?resize=700%2C400 2x"},"classes":[]},{"id":8951,"url":"http:\/\/www.grieta.org.mx\/index.php\/2015\/02\/01\/normalistas-de-michoacan-alertas-a-caso-ayotzinapa\/","url_meta":{"origin":8955,"position":4},"title":"Normalistas de Michoac\u00e1n, alertas a caso Ayotzinapa","author":"Admin","date":"1 febrero, 2015","format":false,"excerpt":"MORELIA, Mich., 1 de febrero de 2015.- Luego de continuas movilizaciones y acciones donde se exig\u00eda la aparici\u00f3n con vida de los 43 normalistas de Ayotzinapa Guerrero, y tras las declaraciones hechas por Jes\u00fas Murillo Karam, procurador General de la Rep\u00fablica, en torno al caso, estudiantes normalistas de la entidad\u2026","rel":"","context":"En &quot;CINTILLO&quot;","block_context":{"text":"CINTILLO","link":"http:\/\/www.grieta.org.mx\/index.php\/category\/cintillo\/"},"img":{"alt_text":"","src":"https:\/\/i0.wp.com\/www.grieta.org.mx\/wp-content\/uploads\/2018\/03\/14524434_1106112876131411_958039263622046936_o.jpg?resize=350%2C200","width":350,"height":200,"srcset":"https:\/\/i0.wp.com\/www.grieta.org.mx\/wp-content\/uploads\/2018\/03\/14524434_1106112876131411_958039263622046936_o.jpg?resize=350%2C200 1x, https:\/\/i0.wp.com\/www.grieta.org.mx\/wp-content\/uploads\/2018\/03\/14524434_1106112876131411_958039263622046936_o.jpg?resize=525%2C300 1.5x, https:\/\/i0.wp.com\/www.grieta.org.mx\/wp-content\/uploads\/2018\/03\/14524434_1106112876131411_958039263622046936_o.jpg?resize=700%2C400 2x"},"classes":[]},{"id":20755,"url":"http:\/\/www.grieta.org.mx\/index.php\/2016\/08\/31\/normalistas-en-planton-frente-a-secretaria-de-finanzas-de-michoacan\/","url_meta":{"origin":8955,"position":5},"title":"Normalistas en plant\u00f3n frente a Secretar\u00eda de Finanzas de Michoac\u00e1n","author":"grieta","date":"31 agosto, 2016","format":false,"excerpt":"Morelia, Mich. Unos 200 integrantes de la Organizaci\u00f3n de Normales Oficiales del Estado (Onem) se plantaron frente a la Secretar\u00eda de Finanzas del gobierno estatal, sobre la avenida Ventura Puente para exigir el pago de becas y apoyo para el mantenimiento de las ocho escuelas formadoras de maestros en Michoac\u00e1n.\u2026","rel":"","context":"En &quot;CINTILLO&quot;","block_context":{"text":"CINTILLO","link":"http:\/\/www.grieta.org.mx\/index.php\/category\/cintillo\/"},"img":{"alt_text":"","src":"https:\/\/i0.wp.com\/www.grieta.org.mx\/wp-content\/uploads\/2018\/03\/14524434_1106112876131411_958039263622046936_o.jpg?resize=350%2C200","width":350,"height":200,"srcset":"https:\/\/i0.wp.com\/www.grieta.org.mx\/wp-content\/uploads\/2018\/03\/14524434_1106112876131411_958039263622046936_o.jpg?resize=350%2C200 1x, https:\/\/i0.wp.com\/www.grieta.org.mx\/wp-content\/uploads\/2018\/03\/14524434_1106112876131411_958039263622046936_o.jpg?resize=525%2C300 1.5x, https:\/\/i0.wp.com\/www.grieta.org.mx\/wp-content\/uploads\/2018\/03\/14524434_1106112876131411_958039263622046936_o.jpg?resize=700%2C400 2x"},"classes":[]}],"_links":{"self":[{"href":"http:\/\/www.grieta.org.mx\/index.php\/wp-json\/wp\/v2\/posts\/8955","targetHints":{"allow":["GET"]}}],"collection":[{"href":"http:\/\/www.grieta.org.mx\/index.php\/wp-json\/wp\/v2\/posts"}],"about":[{"href":"http:\/\/www.grieta.org.mx\/index.php\/wp-json\/wp\/v2\/types\/post"}],"author":[{"embeddable":true,"href":"http:\/\/www.grieta.org.mx\/index.php\/wp-json\/wp\/v2\/users\/1"}],"replies":[{"embeddable":true,"href":"http:\/\/www.grieta.org.mx\/index.php\/wp-json\/wp\/v2\/comments?post=8955"}],"version-history":[{"count":1,"href":"http:\/\/www.grieta.org.mx\/index.php\/wp-json\/wp\/v2\/posts\/8955\/revisions"}],"predecessor-version":[{"id":8956,"href":"http:\/\/www.grieta.org.mx\/index.php\/wp-json\/wp\/v2\/posts\/8955\/revisions\/8956"}],"wp:featuredmedia":[{"embeddable":true,"href":"http:\/\/www.grieta.org.mx\/index.php\/wp-json\/wp\/v2\/media\/21928"}],"wp:attachment":[{"href":"http:\/\/www.grieta.org.mx\/index.php\/wp-json\/wp\/v2\/media?parent=8955"}],"wp:term":[{"taxonomy":"category","embeddable":true,"href":"http:\/\/www.grieta.org.mx\/index.php\/wp-json\/wp\/v2\/categories?post=8955"},{"taxonomy":"post_tag","embeddable":true,"href":"http:\/\/www.grieta.org.mx\/index.php\/wp-json\/wp\/v2\/tags?post=8955"}],"curies":[{"name":"wp","href":"https:\/\/api.w.org\/{rel}","templated":true}]}}