{"id":8949,"date":"2015-02-04T06:05:30","date_gmt":"2015-02-04T06:05:30","guid":{"rendered":"http:\/\/50.22.11.12\/~grietaor\/?p=8949"},"modified":"2016-03-31T06:06:40","modified_gmt":"2016-03-31T06:06:40","slug":"se-unen-autodefensas-de-michoacan-y-ayotzinapa","status":"publish","type":"post","link":"http:\/\/www.grieta.org.mx\/index.php\/2015\/02\/04\/se-unen-autodefensas-de-michoacan-y-ayotzinapa\/","title":{"rendered":"Se unen autodefensas de Michoac\u00e1n y Ayotzinapa"},"content":{"rendered":"<p>El Movimiento Nacional por las Autodefensas de la Rep\u00fablica y la Normal Rural Isidro Burgos de Ayotzinapa, a trav\u00e9s del estudiante Omar Garc\u00eda, anunciaron el inicio de actividades conjuntas como mesas de trabajo y convenciones para la \u201ctransformaci\u00f3n pac\u00edfica del pa\u00eds\u201d.<\/p>\n<p>\u201cLa lucha de Ayotzinapa se va a hermanar con todas las luchas del pueblo que tengan como fin, transformar a este pa\u00eds, a excepci\u00f3n de los partidos pol\u00edticos\u201d, declar\u00f3 Omar Garc\u00eda en conferencia de prensa, la ma\u00f1ana de este 4 de febrero.<\/p>\n<p>Alfredo S\u00e1nchez, quien se present\u00f3 como enlace entre ambos movimientos, explic\u00f3 que no hay ning\u00fan acuerdo ni convenio pactado entre los normalistas guerrerenses y las autodefensas.<\/p>\n<p>\u201cNos unimos solidariamente a ellos para trabajar en acuerdos mutuos y mesas de trabajo. Estamos empezando una nueva fase de lucha y hermandad\u201d, dijo en las instalaciones del Centro Nacional de Comunicaci\u00f3n Social (Cencos) en la Ciudad de M\u00e9xico.<\/p>\n<p>Acerca de la Convenci\u00f3n Nacional Popular, a realizarse el 5 y 6 de febrero, en Ayotzinapa, el normalista explic\u00f3 que es responsabilidad del Movimiento \u201cabrir los espacios para impulsar referentes para el cambio de M\u00e9xico\u201d, aunque reconoci\u00f3 \u201cser\u00e1 dif\u00edcil ponernos de acuerdo entre todos\u201d.<\/p>\n<p>Si bien, los trabajos de esta Convenci\u00f3n no podr\u00edan concluir en planes de trabajo concreto, confi\u00f3 que este primer \u201cesbozo\u201d permita establecer un organismo que llame a una Convenci\u00f3n m\u00e1s grande.<\/p>\n<p>Mientras que el Movimiento por las Autodefensas de la Rep\u00fablica, lanz\u00f3 una convocatoria a una Convenci\u00f3n de Autodefensas en Michoac\u00e1n, el 21 y 22 de febrero.<br \/>\nAntonio Maga\u00f1a, representante del Movimiento, detall\u00f3 se trata del primer ejercicio de reunir a los m\u00e1s de 3 mil integrantes de autodefensas, contabilizados en 35 municipios de Michoac\u00e1n.<\/p>\n<p>La invitaci\u00f3n fue extendida a pol\u00edticos como los senadores Layda Sansores, Javier Corral, Manuel Bartlet y Alejandro Encinas \u2013 por su apoyo expreso a las autodefensas \u2013 y l\u00edderes sociales como el padre Alejandro Solalinde, Javier Sicilia y el padre Gregorio L\u00f3pez.<\/p>\n<p>Durante esta Convenci\u00f3n, se har\u00e1 la entrega del premio nacional Carlos Montemayor, el cual fue dedicado a Jos\u00e9 Manuel Mireles y las utodefensas.<\/p>\n<p>Mireles, quien contin\u00faa preso en un prisi\u00f3n federal en Hermosillo, Sonora, por los delitos de portaci\u00f3n de arma de fuego de uso exclusivo del Ej\u00e9rcito y contra la salud por posesi\u00f3n simple de marihuana y coca\u00edna, ya fue informado del reconocimiento.<br \/>\nAunque el proceso en su contra, se encuentra en la etapa de desahogo de pruebas, Antonio Maga\u00f1a, asegur\u00f3 que la comunicaci\u00f3n ha sido restringida y solo su familia y defensa, han logrado visitarlo en prisi\u00f3n.<\/p>\n<p>Maga\u00f1a record\u00f3 los 411 presos pol\u00edticos, miembros de autodefendas, que han sido detenidos en Michoac\u00e1n, mientras que l\u00edderes del narcotr\u00e1fico siguen libres.<\/p>\n<p>De acuerdo a la convocatoria lanzada, la asamblea surge como una reacci\u00f3n a \u201cla clase gobernante en Michoac\u00e1n y en M\u00e9xico, quienes se han rebelado contra los principios establecidos en la Constituci\u00f3n Pol\u00edtica de los Estados Unidos Mexicanos\u201d.<\/p>\n<p>En espec\u00edfico, debido a la aprobaci\u00f3n de \u201creformas neoliberales\u2026 creando, por medio de sus pol\u00edticas, mayor inseguridad en el pa\u00eds\u201d.<\/p>\n<p>Acerca de la salida de Alfredo Castillo como Comisionado de Seguridad en Michoac\u00e1n, el representante de las autodefensas dijo \u201caplaudimos el hecho de que sali\u00f3 una persona tan nefasta, representante de un gobierno criminal\u201d.<\/p>\n<p><a href=\"http:\/\/zetatijuana.com\/noticias\/generalez\/17834\/se-unen-autodefensas-de-michoacan-y-ayotzinapa\" target=\"_blank\">http:\/\/zetatijuana.com\/noticias\/generalez\/17834\/se-unen-autodefensas-de-michoacan-y-ayotzinapa<\/a><\/p>\n","protected":false},"excerpt":{"rendered":"<p>El Movimiento Nacional por las Autodefensas de la Rep\u00fablica y la Normal Rural Isidro Burgos de Ayotzinapa, a trav\u00e9s del estudiante Omar Garc\u00eda, anunciaron el inicio de actividades conjuntas como &hellip; <a href=\"http:\/\/www.grieta.org.mx\/index.php\/2015\/02\/04\/se-unen-autodefensas-de-michoacan-y-ayotzinapa\/\" class=\"more-link\">Leer m\u00e1s<\/a><\/p>\n","protected":false},"author":1,"featured_media":21928,"comment_status":"closed","ping_status":"open","sticky":false,"template":"","format":"standard","meta":{"ngg_post_thumbnail":0,"_jetpack_newsletter_access":"","_jetpack_dont_email_post_to_subs":false,"_jetpack_newsletter_tier_id":0,"_jetpack_memberships_contains_paywalled_content":false,"_jetpack_memberships_contains_paid_content":false,"footnotes":""},"categories":[80,82],"tags":[465,229],"class_list":["post-8949","post","type-post","status-publish","format-standard","has-post-thumbnail","hentry","category-cintillo","category-michoacan","tag-autodefensas","tag-solidaridad-con-ayotzinapa","entry"],"jetpack_featured_media_url":"http:\/\/www.grieta.org.mx\/wp-content\/uploads\/2018\/03\/14524434_1106112876131411_958039263622046936_o.jpg","jetpack_sharing_enabled":true,"jetpack_shortlink":"https:\/\/wp.me\/p7ZJR4-2kl","jetpack_likes_enabled":false,"jetpack-related-posts":[{"id":8931,"url":"http:\/\/www.grieta.org.mx\/index.php\/2015\/09\/26\/movilizaciones-por-ayotzinapa-en-michoacan\/","url_meta":{"origin":8949,"position":0},"title":"Movilizaciones por Ayotzinapa en Michoac\u00e1n","author":"Admin","date":"26 septiembre, 2015","format":false,"excerpt":"26\/09\/15. Video de la movilizaci\u00f3n ne Morelia a un a\u00f1o de la desaparici\u00f3n de normalistas de Ayotzinapa Cooperativa de Cine 26\/09\/15. Se suman normalistas de Michoac\u00e1n a marcha por Ayotzinapa El Financiero 26\/09\/15. Culminan acciones por Ayotzinapa, tras 8 horas de movilizaciones Cambio de Michoac\u00e1n 26\/09\/15. Inicia marcha de normalistas\u2026","rel":"","context":"En &quot;michoacan&quot;","block_context":{"text":"michoacan","link":"http:\/\/www.grieta.org.mx\/index.php\/category\/michoacan\/"},"img":{"alt_text":"","src":"https:\/\/i0.wp.com\/www.grieta.org.mx\/wp-content\/uploads\/2018\/03\/14524434_1106112876131411_958039263622046936_o.jpg?resize=350%2C200","width":350,"height":200,"srcset":"https:\/\/i0.wp.com\/www.grieta.org.mx\/wp-content\/uploads\/2018\/03\/14524434_1106112876131411_958039263622046936_o.jpg?resize=350%2C200 1x, https:\/\/i0.wp.com\/www.grieta.org.mx\/wp-content\/uploads\/2018\/03\/14524434_1106112876131411_958039263622046936_o.jpg?resize=525%2C300 1.5x, https:\/\/i0.wp.com\/www.grieta.org.mx\/wp-content\/uploads\/2018\/03\/14524434_1106112876131411_958039263622046936_o.jpg?resize=700%2C400 2x"},"classes":[]},{"id":7757,"url":"http:\/\/www.grieta.org.mx\/index.php\/2015\/07\/19\/detienen-a-semei-verdi-comandante-de-los-autodefensas-de-ostula-michoacan\/","url_meta":{"origin":8949,"position":1},"title":"Detienen a Seme\u00ed Verd\u00ed comandante de los autodefensas de Ostula, Michoac\u00e1n","author":"Admin","date":"19 julio, 2015","format":false,"excerpt":"Un ni\u00f1o muerto y al menos dos menores heridos por el ej\u00e9rcito mexicano Un ni\u00f1o muerto, dos menores heridos, un autodefensa muerto y varios m\u00e1s heridos, as\u00ed como la detenci\u00f3n de Seme\u00ed Verd\u00ed, comandante de las ??autodefensas? del pueblo n\u00e1huatl de Ostula, municipio de Aquila, fueron el resultado del operativo\u2026","rel":"","context":"En &quot;CINTILLO&quot;","block_context":{"text":"CINTILLO","link":"http:\/\/www.grieta.org.mx\/index.php\/category\/cintillo\/"},"img":{"alt_text":"","src":"https:\/\/i0.wp.com\/www.grieta.org.mx\/wp-content\/uploads\/2018\/03\/14524434_1106112876131411_958039263622046936_o.jpg?resize=350%2C200","width":350,"height":200,"srcset":"https:\/\/i0.wp.com\/www.grieta.org.mx\/wp-content\/uploads\/2018\/03\/14524434_1106112876131411_958039263622046936_o.jpg?resize=350%2C200 1x, https:\/\/i0.wp.com\/www.grieta.org.mx\/wp-content\/uploads\/2018\/03\/14524434_1106112876131411_958039263622046936_o.jpg?resize=525%2C300 1.5x, https:\/\/i0.wp.com\/www.grieta.org.mx\/wp-content\/uploads\/2018\/03\/14524434_1106112876131411_958039263622046936_o.jpg?resize=700%2C400 2x"},"classes":[]},{"id":7597,"url":"http:\/\/www.grieta.org.mx\/index.php\/2015\/12\/24\/dictan-libertad-a-cemei-verdia-exlider-de-las-autodefensas-de-michoacan-por-falta-de-pruebas\/","url_meta":{"origin":8949,"position":2},"title":"Dictan libertad a Ceme\u00ed Verd\u00eda, exl\u00edder de las autodefensas de Michoac\u00e1n, por falta de pruebas","author":"Admin","date":"24 diciembre, 2015","format":false,"excerpt":"De acuerdo con la resoluci\u00f3n del juez, no hay pruebas suficientes para determinar que Ceme\u00ed Verd\u00eda, exl\u00edder de las autodefensas de Michoac\u00e1n, hubiese participado en el homicidio de Argel Mej\u00eda Valdovinos. Por falta de pruebas para procesar, el Juzgado Tercero de lo Penal con sede en Morelia, dict\u00f3 Auto de\u2026","rel":"","context":"En &quot;CINTILLO&quot;","block_context":{"text":"CINTILLO","link":"http:\/\/www.grieta.org.mx\/index.php\/category\/cintillo\/"},"img":{"alt_text":"","src":"https:\/\/i0.wp.com\/www.grieta.org.mx\/wp-content\/uploads\/2018\/03\/14524434_1106112876131411_958039263622046936_o.jpg?resize=350%2C200","width":350,"height":200,"srcset":"https:\/\/i0.wp.com\/www.grieta.org.mx\/wp-content\/uploads\/2018\/03\/14524434_1106112876131411_958039263622046936_o.jpg?resize=350%2C200 1x, https:\/\/i0.wp.com\/www.grieta.org.mx\/wp-content\/uploads\/2018\/03\/14524434_1106112876131411_958039263622046936_o.jpg?resize=525%2C300 1.5x, https:\/\/i0.wp.com\/www.grieta.org.mx\/wp-content\/uploads\/2018\/03\/14524434_1106112876131411_958039263622046936_o.jpg?resize=700%2C400 2x"},"classes":[]},{"id":7613,"url":"http:\/\/www.grieta.org.mx\/index.php\/2015\/09\/24\/juez-absuelve-de-delitos-electorales-a-cemei-verdia\/","url_meta":{"origin":8949,"position":3},"title":"Juez absuelve de delitos electorales a Ceme\u00ed Verd\u00eda","author":"Admin","date":"24 septiembre, 2015","format":false,"excerpt":"El exl\u00edder de los grupos de autodefensas en el municipio de Aquila, Ceme\u00ed Verd\u00eda Zepeda, dijo que tambi\u00e9n otro juez ya lo liber\u00f3 del delito de homicidio calificado. MORELIA.- El juez tercero menor de lo penal en el estado de Michoac\u00e1n inform\u00f3 que no se acredit\u00f3 la responsabilidad de robo\u2026","rel":"","context":"En &quot;CINTILLO&quot;","block_context":{"text":"CINTILLO","link":"http:\/\/www.grieta.org.mx\/index.php\/category\/cintillo\/"},"img":{"alt_text":"","src":"https:\/\/i0.wp.com\/www.grieta.org.mx\/wp-content\/uploads\/2018\/03\/14524434_1106112876131411_958039263622046936_o.jpg?resize=350%2C200","width":350,"height":200,"srcset":"https:\/\/i0.wp.com\/www.grieta.org.mx\/wp-content\/uploads\/2018\/03\/14524434_1106112876131411_958039263622046936_o.jpg?resize=350%2C200 1x, https:\/\/i0.wp.com\/www.grieta.org.mx\/wp-content\/uploads\/2018\/03\/14524434_1106112876131411_958039263622046936_o.jpg?resize=525%2C300 1.5x, https:\/\/i0.wp.com\/www.grieta.org.mx\/wp-content\/uploads\/2018\/03\/14524434_1106112876131411_958039263622046936_o.jpg?resize=700%2C400 2x"},"classes":[]},{"id":7618,"url":"http:\/\/www.grieta.org.mx\/index.php\/2015\/09\/11\/autodefensas-de-ostula-advierten-que-no-se-dejaran-desarmar\/","url_meta":{"origin":8949,"position":4},"title":"Autodefensas de Ostula advierten que no se dejar\u00e1n desarmar","author":"Admin","date":"11 septiembre, 2015","format":false,"excerpt":"El comandante Germ\u00e1n Ram\u00edrez dijo que a pesar de auto de formal prisi\u00f3n contra Ceme\u00ed Verd\u00eda, su lucha no cesar\u00e1 e impedir\u00e1n que las autoridades federales los desarmen ni que detengan a otros de sus compa\u00f1eros. Entrevistado por El Financiero, el l\u00edder de estos grupos de autodefensa dijo lamentar el\u2026","rel":"","context":"En &quot;CINTILLO&quot;","block_context":{"text":"CINTILLO","link":"http:\/\/www.grieta.org.mx\/index.php\/category\/cintillo\/"},"img":{"alt_text":"","src":"https:\/\/i0.wp.com\/www.grieta.org.mx\/wp-content\/uploads\/2018\/03\/14524434_1106112876131411_958039263622046936_o.jpg?resize=350%2C200","width":350,"height":200,"srcset":"https:\/\/i0.wp.com\/www.grieta.org.mx\/wp-content\/uploads\/2018\/03\/14524434_1106112876131411_958039263622046936_o.jpg?resize=350%2C200 1x, https:\/\/i0.wp.com\/www.grieta.org.mx\/wp-content\/uploads\/2018\/03\/14524434_1106112876131411_958039263622046936_o.jpg?resize=525%2C300 1.5x, https:\/\/i0.wp.com\/www.grieta.org.mx\/wp-content\/uploads\/2018\/03\/14524434_1106112876131411_958039263622046936_o.jpg?resize=700%2C400 2x"},"classes":[]},{"id":8841,"url":"http:\/\/www.grieta.org.mx\/index.php\/2016\/05\/20\/resistencia-de-las-autodefensas-rurales-en-michoacan\/","url_meta":{"origin":8949,"position":5},"title":"Resistencia y construcci\u00f3n de autonom\u00eda de las comunidades rurales en Michoac\u00e1n","author":"Admin","date":"20 mayo, 2016","format":false,"excerpt":"Lucha de la comunidad ind\u00edgena de Pich\u00e1taro por su autonom\u00eda financiera 20\/05\/16. Pich\u00e1taro tendr\u00e1 gobierno comunal, ordena TEPJF La Voz de Michoac\u00e1n 05\/05\/16. La resistencia en v\u00edas de expandirse en la meseta El Despertar 26\/04\/16. Pich\u00e1taro escribir\u00e1 historia como Cher\u00e1n de obtener fallo favorable del TEPJF Michoac\u00e1n 3.0 El Consejo\u2026","rel":"","context":"En &quot;Michoac\u00e1n&quot;","block_context":{"text":"Michoac\u00e1n","link":"http:\/\/www.grieta.org.mx\/index.php\/category\/noticias-nacionales\/michoacan\/"},"img":{"alt_text":"","src":"https:\/\/i0.wp.com\/www.grieta.org.mx\/wp-content\/uploads\/2018\/03\/14524434_1106112876131411_958039263622046936_o.jpg?resize=350%2C200","width":350,"height":200,"srcset":"https:\/\/i0.wp.com\/www.grieta.org.mx\/wp-content\/uploads\/2018\/03\/14524434_1106112876131411_958039263622046936_o.jpg?resize=350%2C200 1x, https:\/\/i0.wp.com\/www.grieta.org.mx\/wp-content\/uploads\/2018\/03\/14524434_1106112876131411_958039263622046936_o.jpg?resize=525%2C300 1.5x, https:\/\/i0.wp.com\/www.grieta.org.mx\/wp-content\/uploads\/2018\/03\/14524434_1106112876131411_958039263622046936_o.jpg?resize=700%2C400 2x"},"classes":[]}],"_links":{"self":[{"href":"http:\/\/www.grieta.org.mx\/index.php\/wp-json\/wp\/v2\/posts\/8949","targetHints":{"allow":["GET"]}}],"collection":[{"href":"http:\/\/www.grieta.org.mx\/index.php\/wp-json\/wp\/v2\/posts"}],"about":[{"href":"http:\/\/www.grieta.org.mx\/index.php\/wp-json\/wp\/v2\/types\/post"}],"author":[{"embeddable":true,"href":"http:\/\/www.grieta.org.mx\/index.php\/wp-json\/wp\/v2\/users\/1"}],"replies":[{"embeddable":true,"href":"http:\/\/www.grieta.org.mx\/index.php\/wp-json\/wp\/v2\/comments?post=8949"}],"version-history":[{"count":1,"href":"http:\/\/www.grieta.org.mx\/index.php\/wp-json\/wp\/v2\/posts\/8949\/revisions"}],"predecessor-version":[{"id":8950,"href":"http:\/\/www.grieta.org.mx\/index.php\/wp-json\/wp\/v2\/posts\/8949\/revisions\/8950"}],"wp:featuredmedia":[{"embeddable":true,"href":"http:\/\/www.grieta.org.mx\/index.php\/wp-json\/wp\/v2\/media\/21928"}],"wp:attachment":[{"href":"http:\/\/www.grieta.org.mx\/index.php\/wp-json\/wp\/v2\/media?parent=8949"}],"wp:term":[{"taxonomy":"category","embeddable":true,"href":"http:\/\/www.grieta.org.mx\/index.php\/wp-json\/wp\/v2\/categories?post=8949"},{"taxonomy":"post_tag","embeddable":true,"href":"http:\/\/www.grieta.org.mx\/index.php\/wp-json\/wp\/v2\/tags?post=8949"}],"curies":[{"name":"wp","href":"https:\/\/api.w.org\/{rel}","templated":true}]}}