{"id":8947,"date":"2015-02-26T06:03:07","date_gmt":"2015-02-26T06:03:07","guid":{"rendered":"http:\/\/50.22.11.12\/~grietaor\/?p=8947"},"modified":"2016-03-31T06:04:48","modified_gmt":"2016-03-31T06:04:48","slug":"cnte-toma-presidencias-municipales-en-michoacan-por-accion-ayotzinapa","status":"publish","type":"post","link":"http:\/\/www.grieta.org.mx\/index.php\/2015\/02\/26\/cnte-toma-presidencias-municipales-en-michoacan-por-accion-ayotzinapa\/","title":{"rendered":"CNTE toma presidencias municipales en Michoac\u00e1n por acci\u00f3n Ayotzinapa"},"content":{"rendered":"<blockquote><p>Seg\u00fan dirigentes de la secci\u00f3n XVIII, para este mediod\u00eda se reportaba cerrados m\u00e1s del 80% de los ayuntamientos de la entidad<\/p><\/blockquote>\n<p>MORELIA, 26 de febrero.- Profesores adheridos a la Coordinadora Nacional de Trabajadores de la Educaci\u00f3n (CNTE), se sumaron a la novena acci\u00f3n global por los normalistas de Ayotzinapa, al cumplirse 5 meses de los hechos ocurridos en Iguala, Guerrero.<\/p>\n<p>Desde las 8:00 horas de este jueves, tomaron las 113 presidencias municipales de Michoac\u00e1n en se\u00f1al de protesta.<\/p>\n<p>Para el mediod\u00eda, seg\u00fan dirigentes de la secci\u00f3n XVIII, se reportaba m\u00e1s del 80 por ciento de los ayuntamientos de la entidad cerrados.<\/p>\n<p>En Morelia, fueron maestros de la Regi\u00f3n Centro quienes acudieron al Ayuntamiento donde lanzaron consignas para exigir el regreso con vida de los normalistas de Ayotzinapa y reprobar los actos ocurridos en los \u00faltimos d\u00edas en Guerrero.<\/p>\n<p>Las casetas de Panind\u00edcuaro, en la autopista M\u00e9xico-Guadalajara, y la de Taretan en la Autopista Siglo XXI, fueron tomadas por los docentes quienes abrieron el paso sin pagar peaje a los automovilistas que circulan por estas v\u00edas.<\/p>\n<p>Se calcula que las protestas concluyan a las 15:00 horas, para por la tarde integrarse a una marcha organizada por los estudiantes normalistas en la capital michoacana.<\/p>\n<p><a href=\"http:\/\/www.excelsior.com.mx\/nacional\/2015\/02\/26\/1010518\" target=\"_blank\">http:\/\/www.excelsior.com.mx\/nacional\/2015\/02\/26\/1010518<\/a><\/p>\n","protected":false},"excerpt":{"rendered":"<p>Seg\u00fan dirigentes de la secci\u00f3n XVIII, para este mediod\u00eda se reportaba cerrados m\u00e1s del 80% de los ayuntamientos de la entidad MORELIA, 26 de febrero.- Profesores adheridos a la Coordinadora &hellip; <a href=\"http:\/\/www.grieta.org.mx\/index.php\/2015\/02\/26\/cnte-toma-presidencias-municipales-en-michoacan-por-accion-ayotzinapa\/\" class=\"more-link\">Leer m\u00e1s<\/a><\/p>\n","protected":false},"author":1,"featured_media":21928,"comment_status":"closed","ping_status":"open","sticky":false,"template":"","format":"standard","meta":{"ngg_post_thumbnail":0,"_jetpack_newsletter_access":"","_jetpack_dont_email_post_to_subs":false,"_jetpack_newsletter_tier_id":0,"_jetpack_memberships_contains_paywalled_content":false,"_jetpack_memberships_contains_paid_content":false,"footnotes":""},"categories":[80,82],"tags":[119,229],"class_list":["post-8947","post","type-post","status-publish","format-standard","has-post-thumbnail","hentry","category-cintillo","category-michoacan","tag-ayotzinapa","tag-solidaridad-con-ayotzinapa","entry"],"jetpack_featured_media_url":"http:\/\/www.grieta.org.mx\/wp-content\/uploads\/2018\/03\/14524434_1106112876131411_958039263622046936_o.jpg","jetpack_sharing_enabled":true,"jetpack_shortlink":"https:\/\/wp.me\/p7ZJR4-2kj","jetpack_likes_enabled":false,"jetpack-related-posts":[{"id":8931,"url":"http:\/\/www.grieta.org.mx\/index.php\/2015\/09\/26\/movilizaciones-por-ayotzinapa-en-michoacan\/","url_meta":{"origin":8947,"position":0},"title":"Movilizaciones por Ayotzinapa en Michoac\u00e1n","author":"Admin","date":"26 septiembre, 2015","format":false,"excerpt":"26\/09\/15. Video de la movilizaci\u00f3n ne Morelia a un a\u00f1o de la desaparici\u00f3n de normalistas de Ayotzinapa Cooperativa de Cine 26\/09\/15. Se suman normalistas de Michoac\u00e1n a marcha por Ayotzinapa El Financiero 26\/09\/15. Culminan acciones por Ayotzinapa, tras 8 horas de movilizaciones Cambio de Michoac\u00e1n 26\/09\/15. Inicia marcha de normalistas\u2026","rel":"","context":"En &quot;michoacan&quot;","block_context":{"text":"michoacan","link":"http:\/\/www.grieta.org.mx\/index.php\/category\/michoacan\/"},"img":{"alt_text":"","src":"https:\/\/i0.wp.com\/www.grieta.org.mx\/wp-content\/uploads\/2018\/03\/14524434_1106112876131411_958039263622046936_o.jpg?resize=350%2C200","width":350,"height":200,"srcset":"https:\/\/i0.wp.com\/www.grieta.org.mx\/wp-content\/uploads\/2018\/03\/14524434_1106112876131411_958039263622046936_o.jpg?resize=350%2C200 1x, https:\/\/i0.wp.com\/www.grieta.org.mx\/wp-content\/uploads\/2018\/03\/14524434_1106112876131411_958039263622046936_o.jpg?resize=525%2C300 1.5x, https:\/\/i0.wp.com\/www.grieta.org.mx\/wp-content\/uploads\/2018\/03\/14524434_1106112876131411_958039263622046936_o.jpg?resize=700%2C400 2x"},"classes":[]},{"id":13695,"url":"http:\/\/www.grieta.org.mx\/index.php\/2016\/05\/31\/cnte-toma-70-alcaldias-en-michoacan\/","url_meta":{"origin":8947,"position":1},"title":"CNTE toma 70 alcald\u00edas en Michoac\u00e1n","author":"grieta","date":"31 mayo, 2016","format":false,"excerpt":"La CNTE inform\u00f3 que entre las instalaciones que tomaron est\u00e1 Morelia, Zacapu, Zamora, Zit\u00e1cuaro, Puru\u00e1ndiro, P\u00e1tzcuaro, Uruapan, Maravat\u00edo, La Piedad, Cher\u00e1n, L\u00e1zaro C\u00e1rdenas, entre otras. PUERTO L\u00c1ZARO C\u00c1RDENAS.- La Coordinadora Nacional de Trabajadores de la Educaci\u00f3n (CNTE) en Michoac\u00e1n inform\u00f3 que fueron tomadas 70 presidencias municipales de las 113 del\u2026","rel":"","context":"En &quot;CINTILLO&quot;","block_context":{"text":"CINTILLO","link":"http:\/\/www.grieta.org.mx\/index.php\/category\/cintillo\/"},"img":{"alt_text":"","src":"https:\/\/i0.wp.com\/www.grieta.org.mx\/wp-content\/uploads\/2018\/03\/14524434_1106112876131411_958039263622046936_o.jpg?resize=350%2C200","width":350,"height":200,"srcset":"https:\/\/i0.wp.com\/www.grieta.org.mx\/wp-content\/uploads\/2018\/03\/14524434_1106112876131411_958039263622046936_o.jpg?resize=350%2C200 1x, https:\/\/i0.wp.com\/www.grieta.org.mx\/wp-content\/uploads\/2018\/03\/14524434_1106112876131411_958039263622046936_o.jpg?resize=525%2C300 1.5x, https:\/\/i0.wp.com\/www.grieta.org.mx\/wp-content\/uploads\/2018\/03\/14524434_1106112876131411_958039263622046936_o.jpg?resize=700%2C400 2x"},"classes":[]},{"id":8988,"url":"http:\/\/www.grieta.org.mx\/index.php\/2015\/08\/23\/integrantes-de-la-cnte-protestan-contra-la-evaluacion-docente-en-morelia\/","url_meta":{"origin":8947,"position":2},"title":"Integrantes de la CNTE protestan contra la evaluaci\u00f3n docente en Morelia","author":"Admin","date":"23 agosto, 2015","format":false,"excerpt":"Gritando consignas como \u201cen Michoac\u00e1n, la reforma no pasar\u00e1\u201d y \u201cesta lucha va a llegar a la huelga nacional\u201d, maestros de la Coordinadora Nacional de Trabajadores de la Educaci\u00f3n (CNTE) realizaron este mi\u00e9rcoles en Morelia una marcha desde la Plaza Morelos hasta el Congreso del Estado, frente a donde efectuaron\u2026","rel":"","context":"En &quot;CINTILLO&quot;","block_context":{"text":"CINTILLO","link":"http:\/\/www.grieta.org.mx\/index.php\/category\/cintillo\/"},"img":{"alt_text":"","src":"https:\/\/i0.wp.com\/www.grieta.org.mx\/wp-content\/uploads\/2018\/03\/14524434_1106112876131411_958039263622046936_o.jpg?resize=350%2C200","width":350,"height":200,"srcset":"https:\/\/i0.wp.com\/www.grieta.org.mx\/wp-content\/uploads\/2018\/03\/14524434_1106112876131411_958039263622046936_o.jpg?resize=350%2C200 1x, https:\/\/i0.wp.com\/www.grieta.org.mx\/wp-content\/uploads\/2018\/03\/14524434_1106112876131411_958039263622046936_o.jpg?resize=525%2C300 1.5x, https:\/\/i0.wp.com\/www.grieta.org.mx\/wp-content\/uploads\/2018\/03\/14524434_1106112876131411_958039263622046936_o.jpg?resize=700%2C400 2x"},"classes":[]},{"id":8940,"url":"http:\/\/www.grieta.org.mx\/index.php\/2015\/03\/26\/en-uruapan-maestros-marcharon-hacia-el-ine-por-ayotzinapa\/","url_meta":{"origin":8947,"position":3},"title":"En Uruapan, maestros marcharon hacia el INE por Ayotzinapa","author":"Admin","date":"26 marzo, 2015","format":false,"excerpt":"Grecia Ponce Uruapan, Michoac\u00e1n. En lo que llaman su D\u00e9cima Acci\u00f3n Global por Ayotzinapa, integrantes del magisterio democr\u00e1tico arribaron en marcha a las instalaciones de la 9 Junta Distrital Electoral del Instituto Nacional Electoral (INE). Durante la marcha que parti\u00f3 del centro de la ciudad manifestaron su rechazo a las\u2026","rel":"","context":"En &quot;CINTILLO&quot;","block_context":{"text":"CINTILLO","link":"http:\/\/www.grieta.org.mx\/index.php\/category\/cintillo\/"},"img":{"alt_text":"","src":"https:\/\/i0.wp.com\/www.grieta.org.mx\/wp-content\/uploads\/2018\/03\/14524434_1106112876131411_958039263622046936_o.jpg?resize=350%2C200","width":350,"height":200,"srcset":"https:\/\/i0.wp.com\/www.grieta.org.mx\/wp-content\/uploads\/2018\/03\/14524434_1106112876131411_958039263622046936_o.jpg?resize=350%2C200 1x, https:\/\/i0.wp.com\/www.grieta.org.mx\/wp-content\/uploads\/2018\/03\/14524434_1106112876131411_958039263622046936_o.jpg?resize=525%2C300 1.5x, https:\/\/i0.wp.com\/www.grieta.org.mx\/wp-content\/uploads\/2018\/03\/14524434_1106112876131411_958039263622046936_o.jpg?resize=700%2C400 2x"},"classes":[]},{"id":38865,"url":"http:\/\/www.grieta.org.mx\/index.php\/2019\/09\/06\/cnte-marcha-en-morelia-por-atraso-de-pagos\/","url_meta":{"origin":8947,"position":4},"title":"CNTE marcha en Morelia por atraso de pagos","author":"grieta","date":"6 septiembre, 2019","format":false,"excerpt":"Los docentes aseguraron que no regalar\u00e1n ni un d\u00eda de salario ni ninguna de sus prestaciones; prev\u00e9n que el paro permanezca hasta el pr\u00f3ximo mi\u00e9rcoles Miguel Garc\u00eda Tinoco \/Exc\u00e9lsior, 06 de septiembre de 2019 MICHOAC\u00c1N.- La Secci\u00f3n XVIII de la CNTE en Michoac\u00e1n convoc\u00f3 a los m\u00e1s de 32 mil\u2026","rel":"","context":"En &quot;CINTILLO&quot;","block_context":{"text":"CINTILLO","link":"http:\/\/www.grieta.org.mx\/index.php\/category\/cintillo\/"},"img":{"alt_text":"","src":"https:\/\/i0.wp.com\/www.grieta.org.mx\/wp-content\/uploads\/2019\/09\/2214380.jpg?resize=350%2C200","width":350,"height":200,"srcset":"https:\/\/i0.wp.com\/www.grieta.org.mx\/wp-content\/uploads\/2019\/09\/2214380.jpg?resize=350%2C200 1x, https:\/\/i0.wp.com\/www.grieta.org.mx\/wp-content\/uploads\/2019\/09\/2214380.jpg?resize=525%2C300 1.5x"},"classes":[]},{"id":12922,"url":"http:\/\/www.grieta.org.mx\/index.php\/2016\/05\/23\/marcha-cnte-al-grito-de-michoacan-no-se-vende\/","url_meta":{"origin":8947,"position":5},"title":"Marcha CNTE al grito de \u00a1Michoac\u00e1n no se vende!","author":"grieta","date":"23 mayo, 2016","format":false,"excerpt":"Uriel Morales P\u00e9rez MORELIA, Mich., 23 de mayo de 2016.- La serie de contingentes de profesores de la Secci\u00f3n XVIII de la Coordinadora Nacional de Trabajadores de la Educaci\u00f3n (CNTE) inici\u00f3 su andar hacia el primer cuadro de la capital michoacana. Organizados por regiones, los profesores conocidos como democr\u00e1ticos avanzaron\u2026","rel":"","context":"En &quot;CINTILLO&quot;","block_context":{"text":"CINTILLO","link":"http:\/\/www.grieta.org.mx\/index.php\/category\/cintillo\/"},"img":{"alt_text":"","src":"https:\/\/i0.wp.com\/www.grieta.org.mx\/wp-content\/uploads\/2018\/03\/14524434_1106112876131411_958039263622046936_o.jpg?resize=350%2C200","width":350,"height":200,"srcset":"https:\/\/i0.wp.com\/www.grieta.org.mx\/wp-content\/uploads\/2018\/03\/14524434_1106112876131411_958039263622046936_o.jpg?resize=350%2C200 1x, https:\/\/i0.wp.com\/www.grieta.org.mx\/wp-content\/uploads\/2018\/03\/14524434_1106112876131411_958039263622046936_o.jpg?resize=525%2C300 1.5x, https:\/\/i0.wp.com\/www.grieta.org.mx\/wp-content\/uploads\/2018\/03\/14524434_1106112876131411_958039263622046936_o.jpg?resize=700%2C400 2x"},"classes":[]}],"_links":{"self":[{"href":"http:\/\/www.grieta.org.mx\/index.php\/wp-json\/wp\/v2\/posts\/8947","targetHints":{"allow":["GET"]}}],"collection":[{"href":"http:\/\/www.grieta.org.mx\/index.php\/wp-json\/wp\/v2\/posts"}],"about":[{"href":"http:\/\/www.grieta.org.mx\/index.php\/wp-json\/wp\/v2\/types\/post"}],"author":[{"embeddable":true,"href":"http:\/\/www.grieta.org.mx\/index.php\/wp-json\/wp\/v2\/users\/1"}],"replies":[{"embeddable":true,"href":"http:\/\/www.grieta.org.mx\/index.php\/wp-json\/wp\/v2\/comments?post=8947"}],"version-history":[{"count":1,"href":"http:\/\/www.grieta.org.mx\/index.php\/wp-json\/wp\/v2\/posts\/8947\/revisions"}],"predecessor-version":[{"id":8948,"href":"http:\/\/www.grieta.org.mx\/index.php\/wp-json\/wp\/v2\/posts\/8947\/revisions\/8948"}],"wp:featuredmedia":[{"embeddable":true,"href":"http:\/\/www.grieta.org.mx\/index.php\/wp-json\/wp\/v2\/media\/21928"}],"wp:attachment":[{"href":"http:\/\/www.grieta.org.mx\/index.php\/wp-json\/wp\/v2\/media?parent=8947"}],"wp:term":[{"taxonomy":"category","embeddable":true,"href":"http:\/\/www.grieta.org.mx\/index.php\/wp-json\/wp\/v2\/categories?post=8947"},{"taxonomy":"post_tag","embeddable":true,"href":"http:\/\/www.grieta.org.mx\/index.php\/wp-json\/wp\/v2\/tags?post=8947"}],"curies":[{"name":"wp","href":"https:\/\/api.w.org\/{rel}","templated":true}]}}