{"id":8943,"date":"2015-03-25T06:00:06","date_gmt":"2015-03-25T06:00:06","guid":{"rendered":"http:\/\/50.22.11.12\/~grietaor\/?p=8943"},"modified":"2016-03-31T06:01:01","modified_gmt":"2016-03-31T06:01:01","slug":"a-medio-ano-de-la-desaparicion-de-normalistas-organizaciones-protestaran-en-morelia-este-jueves","status":"publish","type":"post","link":"http:\/\/www.grieta.org.mx\/index.php\/2015\/03\/25\/a-medio-ano-de-la-desaparicion-de-normalistas-organizaciones-protestaran-en-morelia-este-jueves\/","title":{"rendered":"A medio a\u00f1o de la desaparici\u00f3n de normalistas, organizaciones protestar\u00e1n en Morelia este jueves"},"content":{"rendered":"<p>El Frente Contra la Represi\u00f3n y el Terrorismo de Estado en Michoac\u00e1n se sumar\u00e1 a la d\u00e9cima jornada en apoyo a los padres de los estudiantes desaparecidos de Ayotzinapa, al cumplirse ya medio a\u00f1o del crimen orquestado por el Estado Mexicano.<\/p>\n<p>Como protesta, tienen planeado hacer una toma de las instalaciones del Instituto Electoral de Michoac\u00e1n (IEM), ello como una intenci\u00f3n de boicotear las pr\u00f3ximas elecciones estatales y exhibir que no hay compromiso por parte de los gobiernos en turno para atender demandas ciudadanas vitales, como lo es la seguridad p\u00fablica.<\/p>\n<p>Con este motivo los estudiantes normalistas y organizaciones civiles tienen programada una serie de actividades pol\u00edticas y culturales para seguir manteniendo la atenci\u00f3n de la gente sobre el tema y as\u00ed evitar que caiga en el olvido.<\/p>\n<p>Ser\u00e1 este 26 de marzo cuando se cumplan los seis meses de la desaparici\u00f3n forzada de estudiantes de la Escuela Normal de Ayotzinapa, tiempo en el que la Procuradur\u00eda General de la Rep\u00fablica (PGR) s\u00f3lo busc\u00f3 alternativas para desgastar el movimiento y nunca entregar resultados ni responsables por tan lamentable suceso.<\/p>\n<p>\u201cAl cumplirse medio a\u00f1o sin respuestas, incluso con el expediente cerrado porque se le dio carpetazo, los normalistas no olvidan, se suman a una lucha nacional e internacional para exigir responsabilidad al Gobierno de Enrique Pe\u00f1a Nieto, quien ha buscado callar el movimiento, primero cerrando el expediente de las investigaciones, y luego haciendo cambios en la PGR para apostarle al olvido\u201d, refiri\u00f3 Eva Ferrer\u00eda, una de las integrantes de este movimiento.<\/p>\n<p>Despu\u00e9s de cerrar las oficinas del IEM, parte de la caravana marchar\u00e1 hasta el centro de la capital michoacana, donde se tiene programado hacer un mitin frente al Palacio de Gobierno, el cual se tiene programado para que dure todo el d\u00eda.<\/p>\n<p>De acuerdo a los representantes del Frente contra la Represi\u00f3n y el Terrorismo de Estado, a nivel nacional se realizar\u00e1n diversas acciones, que junto con lo que ocurra en Michoac\u00e1n, est\u00e1n encaminadas a exigir justicia por los estudiantes desaparecidos.<br \/>\nPor \u00faltimo, fijaron que D\u00e9cima Jornada de Acci\u00f3n Global por Ayotzinapa busca continuar con la exigencia de justicia para las v\u00edctimas de este crimen de Estado, aseverando que casos como los de Ayotzinapa y Tlatlaya no son hechos aislados, como hasta ahora han mantenido en el discurso las autoridades federales, \u201ces muestra del car\u00e1cter estructural de la violencia, en un pa\u00eds donde ya no es posible diferenciar al crimen organizado de la clase pol\u00edtica\u201d.<\/p>\n<p><a href=\"http:\/\/michoacantrespuntocero.com\/a-medio-ano-de-la-desaparicion-de-normalistas-organizaciones-protestaran-en-morelia-este-jueves\/\" target=\"_blank\">http:\/\/michoacantrespuntocero.com\/a-medio-ano-de-la-desaparicion-de-normalistas-organizaciones-protestaran-en-morelia-este-jueves\/<\/a><\/p>\n","protected":false},"excerpt":{"rendered":"<p>El Frente Contra la Represi\u00f3n y el Terrorismo de Estado en Michoac\u00e1n se sumar\u00e1 a la d\u00e9cima jornada en apoyo a los padres de los estudiantes desaparecidos de Ayotzinapa, al &hellip; <a href=\"http:\/\/www.grieta.org.mx\/index.php\/2015\/03\/25\/a-medio-ano-de-la-desaparicion-de-normalistas-organizaciones-protestaran-en-morelia-este-jueves\/\" class=\"more-link\">Leer m\u00e1s<\/a><\/p>\n","protected":false},"author":1,"featured_media":21928,"comment_status":"closed","ping_status":"open","sticky":false,"template":"","format":"standard","meta":{"ngg_post_thumbnail":0,"_jetpack_newsletter_access":"","_jetpack_dont_email_post_to_subs":false,"_jetpack_newsletter_tier_id":0,"_jetpack_memberships_contains_paywalled_content":false,"_jetpack_memberships_contains_paid_content":false,"footnotes":""},"categories":[80,82],"tags":[119,229],"class_list":["post-8943","post","type-post","status-publish","format-standard","has-post-thumbnail","hentry","category-cintillo","category-michoacan","tag-ayotzinapa","tag-solidaridad-con-ayotzinapa","entry"],"jetpack_featured_media_url":"http:\/\/www.grieta.org.mx\/wp-content\/uploads\/2018\/03\/14524434_1106112876131411_958039263622046936_o.jpg","jetpack_sharing_enabled":true,"jetpack_shortlink":"https:\/\/wp.me\/p7ZJR4-2kf","jetpack_likes_enabled":false,"jetpack-related-posts":[{"id":8931,"url":"http:\/\/www.grieta.org.mx\/index.php\/2015\/09\/26\/movilizaciones-por-ayotzinapa-en-michoacan\/","url_meta":{"origin":8943,"position":0},"title":"Movilizaciones por Ayotzinapa en Michoac\u00e1n","author":"Admin","date":"26 septiembre, 2015","format":false,"excerpt":"26\/09\/15. Video de la movilizaci\u00f3n ne Morelia a un a\u00f1o de la desaparici\u00f3n de normalistas de Ayotzinapa Cooperativa de Cine 26\/09\/15. Se suman normalistas de Michoac\u00e1n a marcha por Ayotzinapa El Financiero 26\/09\/15. Culminan acciones por Ayotzinapa, tras 8 horas de movilizaciones Cambio de Michoac\u00e1n 26\/09\/15. Inicia marcha de normalistas\u2026","rel":"","context":"En &quot;Michoac\u00e1n&quot;","block_context":{"text":"Michoac\u00e1n","link":"http:\/\/www.grieta.org.mx\/index.php\/category\/noticias-nacionales\/michoacan\/"},"img":{"alt_text":"","src":"https:\/\/i0.wp.com\/www.grieta.org.mx\/wp-content\/uploads\/2018\/03\/14524434_1106112876131411_958039263622046936_o.jpg?resize=350%2C200","width":350,"height":200,"srcset":"https:\/\/i0.wp.com\/www.grieta.org.mx\/wp-content\/uploads\/2018\/03\/14524434_1106112876131411_958039263622046936_o.jpg?resize=350%2C200 1x, https:\/\/i0.wp.com\/www.grieta.org.mx\/wp-content\/uploads\/2018\/03\/14524434_1106112876131411_958039263622046936_o.jpg?resize=525%2C300 1.5x, https:\/\/i0.wp.com\/www.grieta.org.mx\/wp-content\/uploads\/2018\/03\/14524434_1106112876131411_958039263622046936_o.jpg?resize=700%2C400 2x"},"classes":[]},{"id":8951,"url":"http:\/\/www.grieta.org.mx\/index.php\/2015\/02\/01\/normalistas-de-michoacan-alertas-a-caso-ayotzinapa\/","url_meta":{"origin":8943,"position":1},"title":"Normalistas de Michoac\u00e1n, alertas a caso Ayotzinapa","author":"Admin","date":"1 febrero, 2015","format":false,"excerpt":"MORELIA, Mich., 1 de febrero de 2015.- Luego de continuas movilizaciones y acciones donde se exig\u00eda la aparici\u00f3n con vida de los 43 normalistas de Ayotzinapa Guerrero, y tras las declaraciones hechas por Jes\u00fas Murillo Karam, procurador General de la Rep\u00fablica, en torno al caso, estudiantes normalistas de la entidad\u2026","rel":"","context":"En &quot;CINTILLO&quot;","block_context":{"text":"CINTILLO","link":"http:\/\/www.grieta.org.mx\/index.php\/category\/cintillo\/"},"img":{"alt_text":"","src":"https:\/\/i0.wp.com\/www.grieta.org.mx\/wp-content\/uploads\/2018\/03\/14524434_1106112876131411_958039263622046936_o.jpg?resize=350%2C200","width":350,"height":200,"srcset":"https:\/\/i0.wp.com\/www.grieta.org.mx\/wp-content\/uploads\/2018\/03\/14524434_1106112876131411_958039263622046936_o.jpg?resize=350%2C200 1x, https:\/\/i0.wp.com\/www.grieta.org.mx\/wp-content\/uploads\/2018\/03\/14524434_1106112876131411_958039263622046936_o.jpg?resize=525%2C300 1.5x, https:\/\/i0.wp.com\/www.grieta.org.mx\/wp-content\/uploads\/2018\/03\/14524434_1106112876131411_958039263622046936_o.jpg?resize=700%2C400 2x"},"classes":[]},{"id":8955,"url":"http:\/\/www.grieta.org.mx\/index.php\/2015\/09\/26\/se-suman-normalistas-de-michoacan-a-marcha-por-ayotzinapa\/","url_meta":{"origin":8943,"position":2},"title":"Se suman normalistas de Michoac\u00e1n a marcha por Ayotzinapa","author":"Admin","date":"26 septiembre, 2015","format":false,"excerpt":"En el marco de la marcha por el aniversario de los hechos ocurridos en Iguala, estudiantes de los ocho planteles normales de Michoac\u00e1n se organizaron frente a la casa de gobierno de ese estado y se dirigen hacia el centro hist\u00f3rico de esa entidad. Morelia, Mich.- Portando en su mayor\u00eda\u2026","rel":"","context":"En &quot;CINTILLO&quot;","block_context":{"text":"CINTILLO","link":"http:\/\/www.grieta.org.mx\/index.php\/category\/cintillo\/"},"img":{"alt_text":"","src":"https:\/\/i0.wp.com\/www.grieta.org.mx\/wp-content\/uploads\/2018\/03\/14524434_1106112876131411_958039263622046936_o.jpg?resize=350%2C200","width":350,"height":200,"srcset":"https:\/\/i0.wp.com\/www.grieta.org.mx\/wp-content\/uploads\/2018\/03\/14524434_1106112876131411_958039263622046936_o.jpg?resize=350%2C200 1x, https:\/\/i0.wp.com\/www.grieta.org.mx\/wp-content\/uploads\/2018\/03\/14524434_1106112876131411_958039263622046936_o.jpg?resize=525%2C300 1.5x, https:\/\/i0.wp.com\/www.grieta.org.mx\/wp-content\/uploads\/2018\/03\/14524434_1106112876131411_958039263622046936_o.jpg?resize=700%2C400 2x"},"classes":[]},{"id":8957,"url":"http:\/\/www.grieta.org.mx\/index.php\/2015\/09\/26\/culminan-acciones-por-ayotzinapa-tras-8-horas-de-movilizaciones\/","url_meta":{"origin":8943,"position":3},"title":"Culminan acciones por Ayotzinapa, tras 8 horas de movilizaciones","author":"Admin","date":"26 septiembre, 2015","format":false,"excerpt":"Jos\u00e9 Antonio Castro Morelia, Michoac\u00e1n.- Tras poco m\u00e1s de ocho horas de movilizaci\u00f3n contin\u00faa en la ciudad, han culminado las acciones de solidaridad a un a\u00f1o de la desaparici\u00f3n de los 43 normalistas de Ayotzinapa Guerrero. Los manifestantes que se encuentran a las afueras del Palacio de Gobierno empiezan a\u2026","rel":"","context":"En &quot;CINTILLO&quot;","block_context":{"text":"CINTILLO","link":"http:\/\/www.grieta.org.mx\/index.php\/category\/cintillo\/"},"img":{"alt_text":"","src":"https:\/\/i0.wp.com\/www.grieta.org.mx\/wp-content\/uploads\/2018\/03\/14524434_1106112876131411_958039263622046936_o.jpg?resize=350%2C200","width":350,"height":200,"srcset":"https:\/\/i0.wp.com\/www.grieta.org.mx\/wp-content\/uploads\/2018\/03\/14524434_1106112876131411_958039263622046936_o.jpg?resize=350%2C200 1x, https:\/\/i0.wp.com\/www.grieta.org.mx\/wp-content\/uploads\/2018\/03\/14524434_1106112876131411_958039263622046936_o.jpg?resize=525%2C300 1.5x, https:\/\/i0.wp.com\/www.grieta.org.mx\/wp-content\/uploads\/2018\/03\/14524434_1106112876131411_958039263622046936_o.jpg?resize=700%2C400 2x"},"classes":[]},{"id":8947,"url":"http:\/\/www.grieta.org.mx\/index.php\/2015\/02\/26\/cnte-toma-presidencias-municipales-en-michoacan-por-accion-ayotzinapa\/","url_meta":{"origin":8943,"position":4},"title":"CNTE toma presidencias municipales en Michoac\u00e1n por acci\u00f3n Ayotzinapa","author":"Admin","date":"26 febrero, 2015","format":false,"excerpt":"Seg\u00fan dirigentes de la secci\u00f3n XVIII, para este mediod\u00eda se reportaba cerrados m\u00e1s del 80% de los ayuntamientos de la entidad MORELIA, 26 de febrero.- Profesores adheridos a la Coordinadora Nacional de Trabajadores de la Educaci\u00f3n (CNTE), se sumaron a la novena acci\u00f3n global por los normalistas de Ayotzinapa, al\u2026","rel":"","context":"En &quot;CINTILLO&quot;","block_context":{"text":"CINTILLO","link":"http:\/\/www.grieta.org.mx\/index.php\/category\/cintillo\/"},"img":{"alt_text":"","src":"https:\/\/i0.wp.com\/www.grieta.org.mx\/wp-content\/uploads\/2018\/03\/14524434_1106112876131411_958039263622046936_o.jpg?resize=350%2C200","width":350,"height":200,"srcset":"https:\/\/i0.wp.com\/www.grieta.org.mx\/wp-content\/uploads\/2018\/03\/14524434_1106112876131411_958039263622046936_o.jpg?resize=350%2C200 1x, https:\/\/i0.wp.com\/www.grieta.org.mx\/wp-content\/uploads\/2018\/03\/14524434_1106112876131411_958039263622046936_o.jpg?resize=525%2C300 1.5x, https:\/\/i0.wp.com\/www.grieta.org.mx\/wp-content\/uploads\/2018\/03\/14524434_1106112876131411_958039263622046936_o.jpg?resize=700%2C400 2x"},"classes":[]},{"id":8959,"url":"http:\/\/www.grieta.org.mx\/index.php\/2015\/09\/26\/inicia-marcha-de-normalistas-por-los-43-desaparecidos-de-ayotzinapa\/","url_meta":{"origin":8943,"position":5},"title":"Inicia marcha de normalistas por los 43 desaparecidos de Ayotzinapa","author":"Admin","date":"26 septiembre, 2015","format":false,"excerpt":"Jos\u00e9 Antonio Castro Morelia, Michoac\u00e1n.- Inicia la marcha de los normalistas por los 43 desaparecidos de Ayotzinapa en la capital michoacana. Las autoridades de tr\u00e1nsito ya cortaron los accesos a Casa de Gobierno, mientras los normalistas s\u00f3lo se dispersan afuera de las instalaciones. Llegaron al lugar alrededor de 12 autobuses\u2026","rel":"","context":"En &quot;CINTILLO&quot;","block_context":{"text":"CINTILLO","link":"http:\/\/www.grieta.org.mx\/index.php\/category\/cintillo\/"},"img":{"alt_text":"","src":"https:\/\/i0.wp.com\/www.grieta.org.mx\/wp-content\/uploads\/2018\/03\/14524434_1106112876131411_958039263622046936_o.jpg?resize=350%2C200","width":350,"height":200,"srcset":"https:\/\/i0.wp.com\/www.grieta.org.mx\/wp-content\/uploads\/2018\/03\/14524434_1106112876131411_958039263622046936_o.jpg?resize=350%2C200 1x, https:\/\/i0.wp.com\/www.grieta.org.mx\/wp-content\/uploads\/2018\/03\/14524434_1106112876131411_958039263622046936_o.jpg?resize=525%2C300 1.5x, https:\/\/i0.wp.com\/www.grieta.org.mx\/wp-content\/uploads\/2018\/03\/14524434_1106112876131411_958039263622046936_o.jpg?resize=700%2C400 2x"},"classes":[]}],"_links":{"self":[{"href":"http:\/\/www.grieta.org.mx\/index.php\/wp-json\/wp\/v2\/posts\/8943","targetHints":{"allow":["GET"]}}],"collection":[{"href":"http:\/\/www.grieta.org.mx\/index.php\/wp-json\/wp\/v2\/posts"}],"about":[{"href":"http:\/\/www.grieta.org.mx\/index.php\/wp-json\/wp\/v2\/types\/post"}],"author":[{"embeddable":true,"href":"http:\/\/www.grieta.org.mx\/index.php\/wp-json\/wp\/v2\/users\/1"}],"replies":[{"embeddable":true,"href":"http:\/\/www.grieta.org.mx\/index.php\/wp-json\/wp\/v2\/comments?post=8943"}],"version-history":[{"count":1,"href":"http:\/\/www.grieta.org.mx\/index.php\/wp-json\/wp\/v2\/posts\/8943\/revisions"}],"predecessor-version":[{"id":8944,"href":"http:\/\/www.grieta.org.mx\/index.php\/wp-json\/wp\/v2\/posts\/8943\/revisions\/8944"}],"wp:featuredmedia":[{"embeddable":true,"href":"http:\/\/www.grieta.org.mx\/index.php\/wp-json\/wp\/v2\/media\/21928"}],"wp:attachment":[{"href":"http:\/\/www.grieta.org.mx\/index.php\/wp-json\/wp\/v2\/media?parent=8943"}],"wp:term":[{"taxonomy":"category","embeddable":true,"href":"http:\/\/www.grieta.org.mx\/index.php\/wp-json\/wp\/v2\/categories?post=8943"},{"taxonomy":"post_tag","embeddable":true,"href":"http:\/\/www.grieta.org.mx\/index.php\/wp-json\/wp\/v2\/tags?post=8943"}],"curies":[{"name":"wp","href":"https:\/\/api.w.org\/{rel}","templated":true}]}}