{"id":8938,"date":"2015-03-30T05:55:56","date_gmt":"2015-03-30T05:55:56","guid":{"rendered":"http:\/\/50.22.11.12\/~grietaor\/?p=8938"},"modified":"2016-03-31T05:57:37","modified_gmt":"2016-03-31T05:57:37","slug":"padres-de-ayotzinapa-convocan-a-cheran-y-ostula-a-alianza-de-pueblos","status":"publish","type":"post","link":"http:\/\/www.grieta.org.mx\/index.php\/2015\/03\/30\/padres-de-ayotzinapa-convocan-a-cheran-y-ostula-a-alianza-de-pueblos\/","title":{"rendered":"Padres de Ayotzinapa, convocan a Cher\u00e1n y Ostula a alianza de pueblos"},"content":{"rendered":"<p>Por: Cesar V\u00e1zquez<br \/>\nMorelia, Michoac\u00e1n.- Enrique Pe\u00f1a Nieto es el enemigo com\u00fan y junto con \u00e9l todos los gobiernos que se ha dedicado a atacar a los grupos sociales, esa, fue la conclusi\u00f3n de este domingo en Cher\u00e1n donde miembros de la comunidad ind\u00edgena se reunieron con padres de los estudiantes desaparecidos de Ayotzinapa, Guerrero.<\/p>\n<p>All\u00ed se habl\u00f3 de una alianza entre los pueblos y de no sucumbir ante el desgaste y la divisi\u00f3n a los que le apuesta el gobierno Pe\u00f1ista.<\/p>\n<p>\u201cEstamos convocando a los pueblos a que no se dejen dividir, porque el gobierno est\u00e1 centrando todas sus fuerzas y recursos en desgastar las luchas sociales (\u2026) y pareciera que lo est\u00e1n logrando\u201d, explic\u00f3 Jos\u00e9 Adolfo De la Cruz Vel\u00e1zquez, uno de los estudiantes de la normal de Ayotzinapa.<\/p>\n<p>Adem\u00e1s, ante el cierre de espacios en los medios de comunicaci\u00f3n, los padres de los estudiantes desaparecidos han optado por otras v\u00edas como visitar a las comunidades y a los pueblos ind\u00edgenas para informar que contin\u00faan en pie de lucha construyendo una alianza nacional.<\/p>\n<p>Antes de hacer una parada en Cher\u00e1n, la caravana visit\u00f3 la comunidad de Ostula, en la costa michoacana, donde tambi\u00e9n pidieron que se sumen a la alianza de pueblos contra los que se han cometido los peores abusos.<\/p>\n<p>\u201cHemos recorrido muchas comunidades en todo M\u00e9xico y hemos visto que los abusos se repiten, por ejemplo en Chiapas el Ej\u00e9rcito arrasa con pueblos enteros, les destruyen sus chozas, pero la gente tiene suficiente para volver a levantarse, con estos pueblos es con los que estamos haciendo alianzas\u201d, explic\u00f3 Bertha Nava Mart\u00ednez, madre de Julio C\u00e9sar Ram\u00edrez Nava.<\/p>\n<p>Junto con ella viajan otras dos madres de normalistas desaparecidos, la se\u00f1ora Hilda Legide\u00f1o Vargas y Mar\u00eda In\u00e9s Abraj\u00e1n; que desde el 26 de septiembre del 2014 abandonaron sus hogares en cuanto supieron de la tragedia, y que ahora son parte activa de la lucha.<\/p>\n<p>Desde la noche de la tragedia, apenas tuvieron oportunidad de sepultar a los primeros muertos, y desde entonces comenz\u00f3 su peregrinar y marchan por todo el pa\u00eds pidiendo justicia y la presentaci\u00f3n con vida de los 43 normalistas desparecidos.<br \/>\nSon campesinas, lo han perdido todo, est\u00e1n dispuestas a enfrentar lo que sea y no dar\u00e1n tregua a su lucha hasta que el gobierno de Pe\u00f1a Nieto regrese a los 43 estudiantes.<\/p>\n<p>\u201cNos han ofrecido mucho dinero, muchas veces nos han visitado para que ya dejemos de luchar, a algunas madres y padres de familia les han ofrecido un mill\u00f3n y medio de pesos, una casa y un carro; pero nuestros hijos no tienen precio, no sabemos cu\u00e1nto es ese dinero que nos ofrecen, nosotros lo que sentimos es que no est\u00e1n nuestros hijos con nosotros, eso es lo que queremos que nos entreguen, no dinero\u201d, explic\u00f3 la se\u00f1ora Mar\u00eda In\u00e9s Abraj\u00e1n.<\/p>\n<p>Sobre las respuestas que ofreci\u00f3 la Procuradur\u00eda General de la Rep\u00fablica (PGR), los normalistas no creen nada, no se sustenta y hay suficientes argumentos para no creer en sus respuestas.<\/p>\n<p>\u201cHay infinidad de cient\u00edficos que han demostrado que no se sustenta la teor\u00eda de que los incineraron, no hay grasa ni residuos de carb\u00f3n, incluso donde dicen que los quemaron ya sali\u00f3 pasto, si los hubieran incinerado all\u00ed la grasa no permitir\u00eda que tan r\u00e1pido creciera algo\u201d, sostuvo Hilda Legide\u00f1o.<\/p>\n<p>Eso es entre las pruebas m\u00e1s superficiales, pero tambi\u00e9n hay otros vicios en el caso, como que el Gobierno Federal no quiso intervenir en las investigaciones hasta muchos d\u00edas despu\u00e9s, cuando ya era m\u00e1s dif\u00edcil recabar evidencias.<\/p>\n<p>Otra prueba de que el Gobierno Federal estuvo coludido con el gobierno estatal de \u00c1ngel Aguirre y el municipal de Iguala, Jos\u00e9 Luis Abarca, es que nunca permitieron a los abogados revisar los expedientes que llevaban en la supuesta investigaci\u00f3n. Fue hasta mucho tiempo despu\u00e9s de que el ex titular de la PGR, Jes\u00fas Murillo Karam, cerr\u00f3 el caso y lo dio por finalizado cuando les permitieron revisar los expedientes.<\/p>\n<p>\u201cPero para nosotros el caso no est\u00e1 cerrado, sigue abierto, para nosotros no ha transcurrido medio a\u00f1o como dicen, para nosotros es un d\u00eda eterno que no finaliza, no vamos a olvidar y no estamos dispuestos a ceder, vamos a continuar en la lucha hasta aparezcan los 43\u201d, asegur\u00f3.<\/p>\n<p>Por su parte, Mar\u00eda In\u00e9s explic\u00f3 que el gobierno federal est\u00e1 introduciendo a muchos infiltrados entre los padres como entre los maestros, pero nada va a lograr que dejen de luchar, \u201cy al imb\u00e9cil de Vicente Fox, le exigimos que se calle, que deje de decir idioteces no queremos saber nada\u201d.<\/p>\n<p>Finalmente, establecieron que en Guerrero no permitir\u00e1n que haya elecciones a ning\u00fan cargo, ni municipales, ni a gobernador ni a diputados\u201d, ya no queremos un gobierno que se dedica a matar a su pueblo\u201d, explic\u00f3 el normalista Francisco S\u00e1nchez.<\/p>\n<p><a href=\"http:\/\/michoacantrespuntocero.com\/padres-de-ayotzinapa-convocan-a-cheran-y-ostula-a-un-frente-nacional\/\" target=\"_blank\">http:\/\/michoacantrespuntocero.com\/padres-de-ayotzinapa-convocan-a-cheran-y-ostula-a-un-frente-nacional\/<\/a><\/p>\n","protected":false},"excerpt":{"rendered":"<p>Por: Cesar V\u00e1zquez Morelia, Michoac\u00e1n.- Enrique Pe\u00f1a Nieto es el enemigo com\u00fan y junto con \u00e9l todos los gobiernos que se ha dedicado a atacar a los grupos sociales, esa, &hellip; <a href=\"http:\/\/www.grieta.org.mx\/index.php\/2015\/03\/30\/padres-de-ayotzinapa-convocan-a-cheran-y-ostula-a-alianza-de-pueblos\/\" class=\"more-link\">Leer m\u00e1s<\/a><\/p>\n","protected":false},"author":1,"featured_media":21928,"comment_status":"closed","ping_status":"open","sticky":false,"template":"","format":"standard","meta":{"ngg_post_thumbnail":0,"_jetpack_newsletter_access":"","_jetpack_dont_email_post_to_subs":false,"_jetpack_newsletter_tier_id":0,"_jetpack_memberships_contains_paywalled_content":false,"_jetpack_memberships_contains_paid_content":false,"footnotes":""},"categories":[80,82],"tags":[119,229],"class_list":["post-8938","post","type-post","status-publish","format-standard","has-post-thumbnail","hentry","category-cintillo","category-michoacan","tag-ayotzinapa","tag-solidaridad-con-ayotzinapa","entry"],"jetpack_featured_media_url":"http:\/\/www.grieta.org.mx\/wp-content\/uploads\/2018\/03\/14524434_1106112876131411_958039263622046936_o.jpg","jetpack_sharing_enabled":true,"jetpack_shortlink":"https:\/\/wp.me\/p7ZJR4-2ka","jetpack_likes_enabled":false,"jetpack-related-posts":[{"id":8931,"url":"http:\/\/www.grieta.org.mx\/index.php\/2015\/09\/26\/movilizaciones-por-ayotzinapa-en-michoacan\/","url_meta":{"origin":8938,"position":0},"title":"Movilizaciones por Ayotzinapa en Michoac\u00e1n","author":"Admin","date":"26 septiembre, 2015","format":false,"excerpt":"26\/09\/15. Video de la movilizaci\u00f3n ne Morelia a un a\u00f1o de la desaparici\u00f3n de normalistas de Ayotzinapa Cooperativa de Cine 26\/09\/15. Se suman normalistas de Michoac\u00e1n a marcha por Ayotzinapa El Financiero 26\/09\/15. Culminan acciones por Ayotzinapa, tras 8 horas de movilizaciones Cambio de Michoac\u00e1n 26\/09\/15. Inicia marcha de normalistas\u2026","rel":"","context":"En &quot;Michoac\u00e1n&quot;","block_context":{"text":"Michoac\u00e1n","link":"http:\/\/www.grieta.org.mx\/index.php\/category\/noticias-nacionales\/michoacan\/"},"img":{"alt_text":"","src":"https:\/\/i0.wp.com\/www.grieta.org.mx\/wp-content\/uploads\/2018\/03\/14524434_1106112876131411_958039263622046936_o.jpg?resize=350%2C200","width":350,"height":200,"srcset":"https:\/\/i0.wp.com\/www.grieta.org.mx\/wp-content\/uploads\/2018\/03\/14524434_1106112876131411_958039263622046936_o.jpg?resize=350%2C200 1x, https:\/\/i0.wp.com\/www.grieta.org.mx\/wp-content\/uploads\/2018\/03\/14524434_1106112876131411_958039263622046936_o.jpg?resize=525%2C300 1.5x, https:\/\/i0.wp.com\/www.grieta.org.mx\/wp-content\/uploads\/2018\/03\/14524434_1106112876131411_958039263622046936_o.jpg?resize=700%2C400 2x"},"classes":[]},{"id":5705,"url":"http:\/\/www.grieta.org.mx\/index.php\/2015\/03\/24\/normalistas-y-madres-de-ayotzinapa-marcharan-en-guadalajara\/","url_meta":{"origin":8938,"position":1},"title":"Normalistas y madres de Ayotzinapa marchar\u00e1n en Guadalajara","author":"grieta","date":"24 marzo, 2015","format":false,"excerpt":"Redacci\u00f3nN\u00f3mada.- Los estudiantes de la Normal Rural Isidro Burgos subrayan la importancia de unificar las luchas y no dejar a los padres de familia solos con su dolor. Invitan a participar en la marcha del jueves 26 de marzo que conmemora seis meses del asesinato de tres estudiantes y la\u2026","rel":"","context":"En &quot;CINTILLO&quot;","block_context":{"text":"CINTILLO","link":"http:\/\/www.grieta.org.mx\/index.php\/category\/cintillo\/"},"img":{"alt_text":"","src":"https:\/\/i0.wp.com\/www.grieta.org.mx\/wp-content\/uploads\/2018\/03\/14524434_1106112876131411_958039263622046936_o.jpg?resize=350%2C200","width":350,"height":200,"srcset":"https:\/\/i0.wp.com\/www.grieta.org.mx\/wp-content\/uploads\/2018\/03\/14524434_1106112876131411_958039263622046936_o.jpg?resize=350%2C200 1x, https:\/\/i0.wp.com\/www.grieta.org.mx\/wp-content\/uploads\/2018\/03\/14524434_1106112876131411_958039263622046936_o.jpg?resize=525%2C300 1.5x, https:\/\/i0.wp.com\/www.grieta.org.mx\/wp-content\/uploads\/2018\/03\/14524434_1106112876131411_958039263622046936_o.jpg?resize=700%2C400 2x"},"classes":[]},{"id":8936,"url":"http:\/\/www.grieta.org.mx\/index.php\/2015\/04\/27\/tras-arribo-movilizacion-por-ayotzinapa-realiza-mitin-en-el-centro-historico\/","url_meta":{"origin":8938,"position":2},"title":"Tras arribo, movilizaci\u00f3n por Ayotzinapa realiza mitin en el Centro Hist\u00f3rico","author":"Admin","date":"27 abril, 2015","format":false,"excerpt":"Morelia, Michoac\u00e1n.- Arrib\u00f3 al Centro Hist\u00f3rico la movilizaci\u00f3n que padres de familia de los 43 estudiantes normalistas desaparecidos en septiembre del 2014 en Iguala, Guerrero realizan como parte de la Acci\u00f3n Global por Ayotzinapa. Con alrededor de 500 manifestantes, la manifestaci\u00f3n parti\u00f3 de Casa de Gobierno con direcci\u00f3n hacia el\u2026","rel":"","context":"En &quot;CINTILLO&quot;","block_context":{"text":"CINTILLO","link":"http:\/\/www.grieta.org.mx\/index.php\/category\/cintillo\/"},"img":{"alt_text":"","src":"https:\/\/i0.wp.com\/www.grieta.org.mx\/wp-content\/uploads\/2018\/03\/14524434_1106112876131411_958039263622046936_o.jpg?resize=350%2C200","width":350,"height":200,"srcset":"https:\/\/i0.wp.com\/www.grieta.org.mx\/wp-content\/uploads\/2018\/03\/14524434_1106112876131411_958039263622046936_o.jpg?resize=350%2C200 1x, https:\/\/i0.wp.com\/www.grieta.org.mx\/wp-content\/uploads\/2018\/03\/14524434_1106112876131411_958039263622046936_o.jpg?resize=525%2C300 1.5x, https:\/\/i0.wp.com\/www.grieta.org.mx\/wp-content\/uploads\/2018\/03\/14524434_1106112876131411_958039263622046936_o.jpg?resize=700%2C400 2x"},"classes":[]},{"id":8951,"url":"http:\/\/www.grieta.org.mx\/index.php\/2015\/02\/01\/normalistas-de-michoacan-alertas-a-caso-ayotzinapa\/","url_meta":{"origin":8938,"position":3},"title":"Normalistas de Michoac\u00e1n, alertas a caso Ayotzinapa","author":"Admin","date":"1 febrero, 2015","format":false,"excerpt":"MORELIA, Mich., 1 de febrero de 2015.- Luego de continuas movilizaciones y acciones donde se exig\u00eda la aparici\u00f3n con vida de los 43 normalistas de Ayotzinapa Guerrero, y tras las declaraciones hechas por Jes\u00fas Murillo Karam, procurador General de la Rep\u00fablica, en torno al caso, estudiantes normalistas de la entidad\u2026","rel":"","context":"En &quot;CINTILLO&quot;","block_context":{"text":"CINTILLO","link":"http:\/\/www.grieta.org.mx\/index.php\/category\/cintillo\/"},"img":{"alt_text":"","src":"https:\/\/i0.wp.com\/www.grieta.org.mx\/wp-content\/uploads\/2018\/03\/14524434_1106112876131411_958039263622046936_o.jpg?resize=350%2C200","width":350,"height":200,"srcset":"https:\/\/i0.wp.com\/www.grieta.org.mx\/wp-content\/uploads\/2018\/03\/14524434_1106112876131411_958039263622046936_o.jpg?resize=350%2C200 1x, https:\/\/i0.wp.com\/www.grieta.org.mx\/wp-content\/uploads\/2018\/03\/14524434_1106112876131411_958039263622046936_o.jpg?resize=525%2C300 1.5x, https:\/\/i0.wp.com\/www.grieta.org.mx\/wp-content\/uploads\/2018\/03\/14524434_1106112876131411_958039263622046936_o.jpg?resize=700%2C400 2x"},"classes":[]},{"id":4207,"url":"http:\/\/www.grieta.org.mx\/index.php\/2015\/02\/26\/marchan-en-tepic-para-exigir-justicia-por-ayotzinapa-y-la-no-construccion-de-la-presa-las-cruces\/","url_meta":{"origin":8938,"position":4},"title":"Marchan en Tepic para exigir justicia por Ayotzinapa y la no construcci\u00f3n de la Presa Las Cruces","author":"grieta","date":"26 febrero, 2015","format":false,"excerpt":"Gustavo Vargas\/Nayarit en L\u00ednea Tepic.- Cientos de personas pertenecientes a diversas agrupaciones sociales como el Frente en Defensa de Wirikuta, Consejo Nayeri, colectivos locales y la presencia de un normalista sobreviviente, as\u00ed como padres del estudiante desaparecido Jorge \u00c1lvarez Nava, marcharon para exigir justicia tras cinco meses de la desaparici\u00f3n\u2026","rel":"","context":"En &quot;CINTILLO&quot;","block_context":{"text":"CINTILLO","link":"http:\/\/www.grieta.org.mx\/index.php\/category\/cintillo\/"},"img":{"alt_text":"","src":"https:\/\/i0.wp.com\/www.grieta.org.mx\/wp-content\/uploads\/2018\/03\/14524434_1106112876131411_958039263622046936_o.jpg?resize=350%2C200","width":350,"height":200,"srcset":"https:\/\/i0.wp.com\/www.grieta.org.mx\/wp-content\/uploads\/2018\/03\/14524434_1106112876131411_958039263622046936_o.jpg?resize=350%2C200 1x, https:\/\/i0.wp.com\/www.grieta.org.mx\/wp-content\/uploads\/2018\/03\/14524434_1106112876131411_958039263622046936_o.jpg?resize=525%2C300 1.5x, https:\/\/i0.wp.com\/www.grieta.org.mx\/wp-content\/uploads\/2018\/03\/14524434_1106112876131411_958039263622046936_o.jpg?resize=700%2C400 2x"},"classes":[]},{"id":26939,"url":"http:\/\/www.grieta.org.mx\/index.php\/2018\/09\/26\/comunicado-del-cni-cig-a-4-anos-de-la-desaparicion-de-los-43-estudiantes-ayotzinapa\/","url_meta":{"origin":8938,"position":5},"title":"COMUNICADO DEL CNI-CIG A 4 A\u00d1OS DE LA DESAPARICI\u00d3N DE LOS 43 ESTUDIANTES AYOTZINAPA","author":"grieta","date":"26 septiembre, 2018","format":false,"excerpt":"A las madres y los padres de los 43 estudiantes desaparecidos de la Normal Rural \"Ra\u00fal Isidro Burgos\" de Ayotzinapa, Guerrero A l Pueblo de M\u00e9xico A las redes de apoyo al CIG A los medios de comunicaci\u00f3n. Para nosotros, el Concejo Ind\u00edgena de Gobierno y el Congreso Nacional Ind\u00edgena,\u2026","rel":"","context":"En &quot;Caso Ayotzinapa&quot;","block_context":{"text":"Caso Ayotzinapa","link":"http:\/\/www.grieta.org.mx\/index.php\/category\/noticias-nacionales\/guerrero\/caso-ayotzinapa\/"},"img":{"alt_text":"","src":"https:\/\/i0.wp.com\/www.grieta.org.mx\/wp-content\/uploads\/2018\/09\/logo-CNI-T.png?resize=350%2C200","width":350,"height":200,"srcset":"https:\/\/i0.wp.com\/www.grieta.org.mx\/wp-content\/uploads\/2018\/09\/logo-CNI-T.png?resize=350%2C200 1x, https:\/\/i0.wp.com\/www.grieta.org.mx\/wp-content\/uploads\/2018\/09\/logo-CNI-T.png?resize=525%2C300 1.5x"},"classes":[]}],"_links":{"self":[{"href":"http:\/\/www.grieta.org.mx\/index.php\/wp-json\/wp\/v2\/posts\/8938","targetHints":{"allow":["GET"]}}],"collection":[{"href":"http:\/\/www.grieta.org.mx\/index.php\/wp-json\/wp\/v2\/posts"}],"about":[{"href":"http:\/\/www.grieta.org.mx\/index.php\/wp-json\/wp\/v2\/types\/post"}],"author":[{"embeddable":true,"href":"http:\/\/www.grieta.org.mx\/index.php\/wp-json\/wp\/v2\/users\/1"}],"replies":[{"embeddable":true,"href":"http:\/\/www.grieta.org.mx\/index.php\/wp-json\/wp\/v2\/comments?post=8938"}],"version-history":[{"count":1,"href":"http:\/\/www.grieta.org.mx\/index.php\/wp-json\/wp\/v2\/posts\/8938\/revisions"}],"predecessor-version":[{"id":8939,"href":"http:\/\/www.grieta.org.mx\/index.php\/wp-json\/wp\/v2\/posts\/8938\/revisions\/8939"}],"wp:featuredmedia":[{"embeddable":true,"href":"http:\/\/www.grieta.org.mx\/index.php\/wp-json\/wp\/v2\/media\/21928"}],"wp:attachment":[{"href":"http:\/\/www.grieta.org.mx\/index.php\/wp-json\/wp\/v2\/media?parent=8938"}],"wp:term":[{"taxonomy":"category","embeddable":true,"href":"http:\/\/www.grieta.org.mx\/index.php\/wp-json\/wp\/v2\/categories?post=8938"},{"taxonomy":"post_tag","embeddable":true,"href":"http:\/\/www.grieta.org.mx\/index.php\/wp-json\/wp\/v2\/tags?post=8938"}],"curies":[{"name":"wp","href":"https:\/\/api.w.org\/{rel}","templated":true}]}}